{"id":171217,"date":"2025-09-02T10:50:20","date_gmt":"2025-09-02T08:50:20","guid":{"rendered":"https:\/\/president-ksgov.net\/?p=171217"},"modified":"2025-09-02T11:03:09","modified_gmt":"2025-09-02T09:03:09","slug":"president-vjosa-osmani-met-with-the-kfor-commander-major-general-enrico-barduani","status":"publish","type":"post","link":"https:\/\/president-ksgov.net\/en\/president-vjosa-osmani-met-with-the-kfor-commander-major-general-enrico-barduani\/","title":{"rendered":"President Vjosa Osmani met with the KFOR Commander, Major General Enrico Barduani"},"content":{"rendered":"<p>The President of the Republic of Kosovo, Vjosa Osmani, held a working dinner last night with the KFOR Commander, Major General Enrico Barduani, with whom she discussed the latest security developments in our country.<\/p>\n<p>In the continuation of regular meetings with the KFOR Commander, as well as on the eve of the conclusion of his mandate, President Osmani expressed her gratitude for his and KFOR soldiers\u2019 continued engagements to maintaining peace and security in Kosovo in cooperation with the security institutions in Kosovo.<\/p>\n<p>She reiterated the importance of continuing close cooperation between our security institutions and KFOR, as a guarantee for the stability and security of all citizens of the Republic of Kosovo.<\/p>\n","protected":false},"excerpt":{"rendered":"<p>The President of the Republic of Kosovo, Vjosa Osmani, held a working dinner last night with the KFOR Commander, Major General Enrico Barduani, with whom she discussed the latest security developments in our country. In the continuation of regular meetings with the KFOR Commander, as well as on the eve of the conclusion of his mandate, President Osmani expressed her gratitude for his and KFOR soldiers\u2019 continued engagements to maintaining peace and security in Kosovo in cooperation with the security institutions in Kosovo. She reiterated the importance of continuing close cooperation between our security institutions and KFOR, as a guarantee for the stability and security of all citizens of the Republic of Kosovo.<\/p>\n","protected":false},"author":9,"featured_media":171212,"comment_status":"closed","ping_status":"closed","sticky":false,"template":"","format":"standard","meta":{"_eb_attr":"","footnotes":""},"categories":[111],"tags":[],"class_list":["post-171217","post","type-post","status-publish","format-standard","has-post-thumbnail","hentry","category-news"],"yoast_head":"<!-- This site is optimized with the Yoast SEO plugin v23.5 - https:\/\/yoast.com\/wordpress\/plugins\/seo\/ -->\n<title>President Vjosa Osmani met with the KFOR Commander, Major General Enrico Barduani - President of the Republic of Kosovo - DR. VJOSA OSMANI - SADRIU<\/title>\n<meta name=\"description\" content=\"President Vjosa Osmani met with the KFOR Commander, Major General Enrico Barduani - President of the Republic of Kosovo - DR. VJOSA OSMANI - SADRIU -\" \/>\n<meta name=\"robots\" content=\"index, follow, max-snippet:-1, max-image-preview:large, max-video-preview:-1\" \/>\n<link rel=\"canonical\" href=\"https:\/\/president-ksgov.net\/sr\/?p=171225\" \/>\n<meta property=\"og:locale\" content=\"en_US\" \/>\n<meta property=\"og:type\" content=\"article\" \/>\n<meta property=\"og:title\" content=\"President Vjosa Osmani met with the KFOR Commander, Major General Enrico Barduani - President of the Republic of Kosovo - DR. VJOSA OSMANI - SADRIU\" \/>\n<meta property=\"og:description\" content=\"President Vjosa Osmani met with the KFOR Commander, Major General Enrico Barduani - President of the Republic of Kosovo - DR. VJOSA OSMANI - SADRIU -\" \/>\n<meta property=\"og:url\" content=\"https:\/\/president-ksgov.net\/sr\/?p=171225\" \/>\n<meta property=\"og:site_name\" content=\"President of the Republic of Kosovo - DR. VJOSA OSMANI - SADRIU\" \/>\n<meta property=\"article:published_time\" content=\"2025-09-02T08:50:20+00:00\" \/>\n<meta property=\"article:modified_time\" content=\"2025-09-02T09:03:09+00:00\" \/>\n<meta property=\"og:image\" content=\"https:\/\/president-ksgov.net\/wp-content\/uploads\/Presidentja-Vjosa-Osmani-takoi-komandantin-e-KFOR-it-gjeneralmajor-Enrico-Barduani-1111-1.jpeg\" \/>\n\t<meta property=\"og:image:width\" content=\"2502\" \/>\n\t<meta property=\"og:image:height\" content=\"2476\" \/>\n\t<meta property=\"og:image:type\" content=\"image\/jpeg\" \/>\n<meta name=\"author\" content=\"Florent Rrahmani\" \/>\n<meta name=\"twitter:card\" content=\"summary_large_image\" \/>\n<meta name=\"twitter:label1\" content=\"Written by\" \/>\n\t<meta name=\"twitter:data1\" content=\"Florent Rrahmani\" \/>\n\t<meta name=\"twitter:label2\" content=\"Est. reading time\" \/>\n\t<meta name=\"twitter:data2\" content=\"1 minute\" \/>\n<script type=\"application\/ld+json\" class=\"yoast-schema-graph\">{\"@context\":\"https:\/\/schema.org\",\"@graph\":[{\"@type\":\"WebPage\",\"@id\":\"https:\/\/president-ksgov.net\/sr\/?p=171225\",\"url\":\"https:\/\/president-ksgov.net\/sr\/?p=171225\",\"name\":\"President Vjosa Osmani met with the KFOR Commander, Major General Enrico Barduani - President of the Republic of Kosovo - DR. VJOSA OSMANI - SADRIU\",\"isPartOf\":{\"@id\":\"https:\/\/president-ksgov.net\/#website\"},\"primaryImageOfPage\":{\"@id\":\"https:\/\/president-ksgov.net\/sr\/?p=171225#primaryimage\"},\"image\":{\"@id\":\"https:\/\/president-ksgov.net\/sr\/?p=171225#primaryimage\"},\"thumbnailUrl\":\"https:\/\/president-ksgov.net\/wp-content\/uploads\/Presidentja-Vjosa-Osmani-takoi-komandantin-e-KFOR-it-gjeneralmajor-Enrico-Barduani-1111-1.jpeg\",\"datePublished\":\"2025-09-02T08:50:20+00:00\",\"dateModified\":\"2025-09-02T09:03:09+00:00\",\"author\":{\"@id\":\"https:\/\/president-ksgov.net\/#\/schema\/person\/7c46f744a99d3f1616b92658282aa934\"},\"description\":\"President Vjosa Osmani met with the KFOR Commander, Major General Enrico Barduani - President of the Republic of Kosovo - DR. VJOSA OSMANI - SADRIU -\",\"breadcrumb\":{\"@id\":\"https:\/\/president-ksgov.net\/sr\/?p=171225#breadcrumb\"},\"inLanguage\":\"en-US\",\"potentialAction\":[{\"@type\":\"ReadAction\",\"target\":[\"https:\/\/president-ksgov.net\/sr\/?p=171225\"]}]},{\"@type\":\"ImageObject\",\"inLanguage\":\"en-US\",\"@id\":\"https:\/\/president-ksgov.net\/sr\/?p=171225#primaryimage\",\"url\":\"https:\/\/president-ksgov.net\/wp-content\/uploads\/Presidentja-Vjosa-Osmani-takoi-komandantin-e-KFOR-it-gjeneralmajor-Enrico-Barduani-1111-1.jpeg\",\"contentUrl\":\"https:\/\/president-ksgov.net\/wp-content\/uploads\/Presidentja-Vjosa-Osmani-takoi-komandantin-e-KFOR-it-gjeneralmajor-Enrico-Barduani-1111-1.jpeg\",\"width\":2502,\"height\":2476},{\"@type\":\"BreadcrumbList\",\"@id\":\"https:\/\/president-ksgov.net\/sr\/?p=171225#breadcrumb\",\"itemListElement\":[{\"@type\":\"ListItem\",\"position\":1,\"name\":\"Home\",\"item\":\"https:\/\/president-ksgov.net\/en\/\"},{\"@type\":\"ListItem\",\"position\":2,\"name\":\"President Vjosa Osmani met with the KFOR Commander, Major General Enrico Barduani\"}]},{\"@type\":\"WebSite\",\"@id\":\"https:\/\/president-ksgov.net\/#website\",\"url\":\"https:\/\/president-ksgov.net\/\",\"name\":\"Presidente e Republik\u00ebs s\u00eb Kosov\u00ebs\",\"description\":\"Presidente e Republik\u00ebs s\u00eb Kosov\u00ebs\",\"alternateName\":\"DR. VJOSA OSMANI - SADRIU\",\"potentialAction\":[{\"@type\":\"SearchAction\",\"target\":{\"@type\":\"EntryPoint\",\"urlTemplate\":\"https:\/\/president-ksgov.net\/?s={search_term_string}\"},\"query-input\":{\"@type\":\"PropertyValueSpecification\",\"valueRequired\":true,\"valueName\":\"search_term_string\"}}],\"inLanguage\":\"en-US\"},{\"@type\":\"Person\",\"@id\":\"https:\/\/president-ksgov.net\/#\/schema\/person\/7c46f744a99d3f1616b92658282aa934\",\"name\":\"Florent Rrahmani\",\"image\":{\"@type\":\"ImageObject\",\"inLanguage\":\"en-US\",\"@id\":\"https:\/\/president-ksgov.net\/#\/schema\/person\/image\/\",\"url\":\"https:\/\/secure.gravatar.com\/avatar\/2545924aa250de68ac8368367a79b663e59571cd131611f54c89b0613a94e230?s=96&d=mm&r=g\",\"contentUrl\":\"https:\/\/secure.gravatar.com\/avatar\/2545924aa250de68ac8368367a79b663e59571cd131611f54c89b0613a94e230?s=96&d=mm&r=g\",\"caption\":\"Florent Rrahmani\"}}]}<\/script>\n<!-- \/ Yoast SEO plugin. -->","yoast_head_json":{"title":"President Vjosa Osmani met with the KFOR Commander, Major General Enrico Barduani - President of the Republic of Kosovo - DR. VJOSA OSMANI - SADRIU","description":"President Vjosa Osmani met with the KFOR Commander, Major General Enrico Barduani - President of the Republic of Kosovo - DR. VJOSA OSMANI - SADRIU -","robots":{"index":"index","follow":"follow","max-snippet":"max-snippet:-1","max-image-preview":"max-image-preview:large","max-video-preview":"max-video-preview:-1"},"canonical":"https:\/\/president-ksgov.net\/sr\/?p=171225","og_locale":"en_US","og_type":"article","og_title":"President Vjosa Osmani met with the KFOR Commander, Major General Enrico Barduani - President of the Republic of Kosovo - DR. VJOSA OSMANI - SADRIU","og_description":"President Vjosa Osmani met with the KFOR Commander, Major General Enrico Barduani - President of the Republic of Kosovo - DR. VJOSA OSMANI - SADRIU -","og_url":"https:\/\/president-ksgov.net\/sr\/?p=171225","og_site_name":"President of the Republic of Kosovo - DR. VJOSA OSMANI - SADRIU","article_published_time":"2025-09-02T08:50:20+00:00","article_modified_time":"2025-09-02T09:03:09+00:00","og_image":[{"width":2502,"height":2476,"url":"https:\/\/president-ksgov.net\/wp-content\/uploads\/Presidentja-Vjosa-Osmani-takoi-komandantin-e-KFOR-it-gjeneralmajor-Enrico-Barduani-1111-1.jpeg","type":"image\/jpeg"}],"author":"Florent Rrahmani","twitter_card":"summary_large_image","twitter_misc":{"Written by":"Florent Rrahmani","Est. reading time":"1 minute"},"schema":{"@context":"https:\/\/schema.org","@graph":[{"@type":"WebPage","@id":"https:\/\/president-ksgov.net\/sr\/?p=171225","url":"https:\/\/president-ksgov.net\/sr\/?p=171225","name":"President Vjosa Osmani met with the KFOR Commander, Major General Enrico Barduani - President of the Republic of Kosovo - DR. VJOSA OSMANI - SADRIU","isPartOf":{"@id":"https:\/\/president-ksgov.net\/#website"},"primaryImageOfPage":{"@id":"https:\/\/president-ksgov.net\/sr\/?p=171225#primaryimage"},"image":{"@id":"https:\/\/president-ksgov.net\/sr\/?p=171225#primaryimage"},"thumbnailUrl":"https:\/\/president-ksgov.net\/wp-content\/uploads\/Presidentja-Vjosa-Osmani-takoi-komandantin-e-KFOR-it-gjeneralmajor-Enrico-Barduani-1111-1.jpeg","datePublished":"2025-09-02T08:50:20+00:00","dateModified":"2025-09-02T09:03:09+00:00","author":{"@id":"https:\/\/president-ksgov.net\/#\/schema\/person\/7c46f744a99d3f1616b92658282aa934"},"description":"President Vjosa Osmani met with the KFOR Commander, Major General Enrico Barduani - President of the Republic of Kosovo - DR. VJOSA OSMANI - SADRIU -","breadcrumb":{"@id":"https:\/\/president-ksgov.net\/sr\/?p=171225#breadcrumb"},"inLanguage":"en-US","potentialAction":[{"@type":"ReadAction","target":["https:\/\/president-ksgov.net\/sr\/?p=171225"]}]},{"@type":"ImageObject","inLanguage":"en-US","@id":"https:\/\/president-ksgov.net\/sr\/?p=171225#primaryimage","url":"https:\/\/president-ksgov.net\/wp-content\/uploads\/Presidentja-Vjosa-Osmani-takoi-komandantin-e-KFOR-it-gjeneralmajor-Enrico-Barduani-1111-1.jpeg","contentUrl":"https:\/\/president-ksgov.net\/wp-content\/uploads\/Presidentja-Vjosa-Osmani-takoi-komandantin-e-KFOR-it-gjeneralmajor-Enrico-Barduani-1111-1.jpeg","width":2502,"height":2476},{"@type":"BreadcrumbList","@id":"https:\/\/president-ksgov.net\/sr\/?p=171225#breadcrumb","itemListElement":[{"@type":"ListItem","position":1,"name":"Home","item":"https:\/\/president-ksgov.net\/en\/"},{"@type":"ListItem","position":2,"name":"President Vjosa Osmani met with the KFOR Commander, Major General Enrico Barduani"}]},{"@type":"WebSite","@id":"https:\/\/president-ksgov.net\/#website","url":"https:\/\/president-ksgov.net\/","name":"Presidente e Republik\u00ebs s\u00eb Kosov\u00ebs","description":"Presidente e Republik\u00ebs s\u00eb Kosov\u00ebs","alternateName":"DR. VJOSA OSMANI - SADRIU","potentialAction":[{"@type":"SearchAction","target":{"@type":"EntryPoint","urlTemplate":"https:\/\/president-ksgov.net\/?s={search_term_string}"},"query-input":{"@type":"PropertyValueSpecification","valueRequired":true,"valueName":"search_term_string"}}],"inLanguage":"en-US"},{"@type":"Person","@id":"https:\/\/president-ksgov.net\/#\/schema\/person\/7c46f744a99d3f1616b92658282aa934","name":"Florent Rrahmani","image":{"@type":"ImageObject","inLanguage":"en-US","@id":"https:\/\/president-ksgov.net\/#\/schema\/person\/image\/","url":"https:\/\/secure.gravatar.com\/avatar\/2545924aa250de68ac8368367a79b663e59571cd131611f54c89b0613a94e230?s=96&d=mm&r=g","contentUrl":"https:\/\/secure.gravatar.com\/avatar\/2545924aa250de68ac8368367a79b663e59571cd131611f54c89b0613a94e230?s=96&d=mm&r=g","caption":"Florent Rrahmani"}}]}},"_links":{"self":[{"href":"https:\/\/president-ksgov.net\/en\/wp-json\/wp\/v2\/posts\/171217","targetHints":{"allow":["GET"]}}],"collection":[{"href":"https:\/\/president-ksgov.net\/en\/wp-json\/wp\/v2\/posts"}],"about":[{"href":"https:\/\/president-ksgov.net\/en\/wp-json\/wp\/v2\/types\/post"}],"author":[{"embeddable":true,"href":"https:\/\/president-ksgov.net\/en\/wp-json\/wp\/v2\/users\/9"}],"replies":[{"embeddable":true,"href":"https:\/\/president-ksgov.net\/en\/wp-json\/wp\/v2\/comments?post=171217"}],"version-history":[{"count":1,"href":"https:\/\/president-ksgov.net\/en\/wp-json\/wp\/v2\/posts\/171217\/revisions"}],"predecessor-version":[{"id":171218,"href":"https:\/\/president-ksgov.net\/en\/wp-json\/wp\/v2\/posts\/171217\/revisions\/171218"}],"wp:featuredmedia":[{"embeddable":true,"href":"https:\/\/president-ksgov.net\/en\/wp-json\/wp\/v2\/media\/171212"}],"wp:attachment":[{"href":"https:\/\/president-ksgov.net\/en\/wp-json\/wp\/v2\/media?parent=171217"}],"wp:term":[{"taxonomy":"category","embeddable":true,"href":"https:\/\/president-ksgov.net\/en\/wp-json\/wp\/v2\/categories?post=171217"},{"taxonomy":"post_tag","embeddable":true,"href":"https:\/\/president-ksgov.net\/en\/wp-json\/wp\/v2\/tags?post=171217"}],"curies":[{"name":"wp","href":"https:\/\/api.w.org\/{rel}","templated":true}]}}