{"id":171193,"date":"2025-09-01T18:49:54","date_gmt":"2025-09-01T16:49:54","guid":{"rendered":"https:\/\/president-ksgov.net\/?p=171193"},"modified":"2025-09-02T09:27:32","modified_gmt":"2025-09-02T07:27:32","slug":"on-the-first-day-of-school-president-osmani-visited-the-school-for-children-with-special-needs-the-perparimi-center","status":"publish","type":"post","link":"https:\/\/president-ksgov.net\/en\/on-the-first-day-of-school-president-osmani-visited-the-school-for-children-with-special-needs-the-perparimi-center\/","title":{"rendered":"On the first day of school, President Osmani visited the school for children with special needs, the &#8220;P\u00ebrparimi&#8221; Center"},"content":{"rendered":"<p>The President of the Republic of Kosovo, Vjosa Osmani, on the occasion of the commencement of the new school year, visited the school for children with special needs, the &#8220;P\u00ebrparimi&#8221; Center.<\/p>\n<p>President Osmani wrote:<\/p>\n<p>Today, on the day when thousands of children throughout Kosovo return to the desks of knowledge with eyes full of dreams and hearts full of joy, I visited the school for children with special needs, the &#8220;P\u00ebrparimi&#8221; Resource Center in Prishtina.<\/p>\n<p>Every smile of these children reminds us that true strength lies in love, dedication and inclusiveness.<\/p>\n<p>Thank you to the teachers, the everyday heroines of this journey, who with patience, knowledge and heart illuminate the path of future generations, despite the daily challenges that children with special needs and their families face.<\/p>\n","protected":false},"excerpt":{"rendered":"<p>The President of the Republic of Kosovo, Vjosa Osmani, on the occasion of the commencement of the new school year, visited the school for children with special needs, the &#8220;P\u00ebrparimi&#8221; Center. President Osmani wrote: Today, on the day when thousands of children throughout Kosovo return to the desks of knowledge with eyes full of dreams and hearts full of joy, I visited the school for children with special needs, the &#8220;P\u00ebrparimi&#8221; Resource Center in Prishtina. Every smile of these children reminds us that true strength lies in love, dedication and inclusiveness. Thank you to the teachers, the everyday heroines of this journey, who with patience, knowledge and heart illuminate the path of future generations, despite the daily challenges that children with special needs and their families face.<\/p>\n","protected":false},"author":9,"featured_media":171105,"comment_status":"closed","ping_status":"closed","sticky":false,"template":"","format":"standard","meta":{"_eb_attr":"","footnotes":""},"categories":[111],"tags":[],"class_list":["post-171193","post","type-post","status-publish","format-standard","has-post-thumbnail","hentry","category-news"],"yoast_head":"<!-- This site is optimized with the Yoast SEO plugin v23.5 - https:\/\/yoast.com\/wordpress\/plugins\/seo\/ -->\n<title>On the first day of school, President Osmani visited the school for children with special needs, the &quot;P\u00ebrparimi&quot; Center - President of the Republic of Kosovo - DR. VJOSA OSMANI - SADRIU<\/title>\n<meta name=\"description\" content=\"On the first day of school, President Osmani visited the school for children with special needs, the &quot;P\u00ebrparimi&quot; Center - President of the Republic of Kosovo - DR. VJOSA OSMANI - SADRIU -\" \/>\n<meta name=\"robots\" content=\"index, follow, max-snippet:-1, max-image-preview:large, max-video-preview:-1\" \/>\n<link rel=\"canonical\" href=\"https:\/\/president-ksgov.net\/sr\/?p=171195\" \/>\n<meta property=\"og:locale\" content=\"en_US\" \/>\n<meta property=\"og:type\" content=\"article\" \/>\n<meta property=\"og:title\" content=\"On the first day of school, President Osmani visited the school for children with special needs, the &quot;P\u00ebrparimi&quot; Center - President of the Republic of Kosovo - DR. VJOSA OSMANI - SADRIU\" \/>\n<meta property=\"og:description\" content=\"On the first day of school, President Osmani visited the school for children with special needs, the &quot;P\u00ebrparimi&quot; Center - President of the Republic of Kosovo - DR. VJOSA OSMANI - SADRIU -\" \/>\n<meta property=\"og:url\" content=\"https:\/\/president-ksgov.net\/sr\/?p=171195\" \/>\n<meta property=\"og:site_name\" content=\"President of the Republic of Kosovo - DR. VJOSA OSMANI - SADRIU\" \/>\n<meta property=\"article:published_time\" content=\"2025-09-01T16:49:54+00:00\" \/>\n<meta property=\"article:modified_time\" content=\"2025-09-02T07:27:32+00:00\" \/>\n<meta property=\"og:image\" content=\"https:\/\/president-ksgov.net\/wp-content\/uploads\/1.9.25-1.jpg\" \/>\n\t<meta property=\"og:image:width\" content=\"2048\" \/>\n\t<meta property=\"og:image:height\" content=\"1364\" \/>\n\t<meta property=\"og:image:type\" content=\"image\/jpeg\" \/>\n<meta name=\"author\" content=\"Florent Rrahmani\" \/>\n<meta name=\"twitter:card\" content=\"summary_large_image\" \/>\n<meta name=\"twitter:label1\" content=\"Written by\" \/>\n\t<meta name=\"twitter:data1\" content=\"Florent Rrahmani\" \/>\n\t<meta name=\"twitter:label2\" content=\"Est. reading time\" \/>\n\t<meta name=\"twitter:data2\" content=\"1 minute\" \/>\n<script type=\"application\/ld+json\" class=\"yoast-schema-graph\">{\"@context\":\"https:\/\/schema.org\",\"@graph\":[{\"@type\":\"WebPage\",\"@id\":\"https:\/\/president-ksgov.net\/sr\/?p=171195\",\"url\":\"https:\/\/president-ksgov.net\/sr\/?p=171195\",\"name\":\"On the first day of school, President Osmani visited the school for children with special needs, the \\\"P\u00ebrparimi\\\" Center - President of the Republic of Kosovo - DR. VJOSA OSMANI - SADRIU\",\"isPartOf\":{\"@id\":\"https:\/\/president-ksgov.net\/#website\"},\"primaryImageOfPage\":{\"@id\":\"https:\/\/president-ksgov.net\/sr\/?p=171195#primaryimage\"},\"image\":{\"@id\":\"https:\/\/president-ksgov.net\/sr\/?p=171195#primaryimage\"},\"thumbnailUrl\":\"https:\/\/president-ksgov.net\/wp-content\/uploads\/1.9.25-1.jpg\",\"datePublished\":\"2025-09-01T16:49:54+00:00\",\"dateModified\":\"2025-09-02T07:27:32+00:00\",\"author\":{\"@id\":\"https:\/\/president-ksgov.net\/#\/schema\/person\/7c46f744a99d3f1616b92658282aa934\"},\"description\":\"On the first day of school, President Osmani visited the school for children with special needs, the \\\"P\u00ebrparimi\\\" Center - President of the Republic of Kosovo - DR. VJOSA OSMANI - SADRIU -\",\"breadcrumb\":{\"@id\":\"https:\/\/president-ksgov.net\/sr\/?p=171195#breadcrumb\"},\"inLanguage\":\"en-US\",\"potentialAction\":[{\"@type\":\"ReadAction\",\"target\":[\"https:\/\/president-ksgov.net\/sr\/?p=171195\"]}]},{\"@type\":\"ImageObject\",\"inLanguage\":\"en-US\",\"@id\":\"https:\/\/president-ksgov.net\/sr\/?p=171195#primaryimage\",\"url\":\"https:\/\/president-ksgov.net\/wp-content\/uploads\/1.9.25-1.jpg\",\"contentUrl\":\"https:\/\/president-ksgov.net\/wp-content\/uploads\/1.9.25-1.jpg\",\"width\":2048,\"height\":1364},{\"@type\":\"BreadcrumbList\",\"@id\":\"https:\/\/president-ksgov.net\/sr\/?p=171195#breadcrumb\",\"itemListElement\":[{\"@type\":\"ListItem\",\"position\":1,\"name\":\"Home\",\"item\":\"https:\/\/president-ksgov.net\/en\/\"},{\"@type\":\"ListItem\",\"position\":2,\"name\":\"On the first day of school, President Osmani visited the school for children with special needs, the &#8220;P\u00ebrparimi&#8221; Center\"}]},{\"@type\":\"WebSite\",\"@id\":\"https:\/\/president-ksgov.net\/#website\",\"url\":\"https:\/\/president-ksgov.net\/\",\"name\":\"Presidente e Republik\u00ebs s\u00eb Kosov\u00ebs\",\"description\":\"Presidente e Republik\u00ebs s\u00eb Kosov\u00ebs\",\"alternateName\":\"DR. VJOSA OSMANI - SADRIU\",\"potentialAction\":[{\"@type\":\"SearchAction\",\"target\":{\"@type\":\"EntryPoint\",\"urlTemplate\":\"https:\/\/president-ksgov.net\/?s={search_term_string}\"},\"query-input\":{\"@type\":\"PropertyValueSpecification\",\"valueRequired\":true,\"valueName\":\"search_term_string\"}}],\"inLanguage\":\"en-US\"},{\"@type\":\"Person\",\"@id\":\"https:\/\/president-ksgov.net\/#\/schema\/person\/7c46f744a99d3f1616b92658282aa934\",\"name\":\"Florent Rrahmani\",\"image\":{\"@type\":\"ImageObject\",\"inLanguage\":\"en-US\",\"@id\":\"https:\/\/president-ksgov.net\/#\/schema\/person\/image\/\",\"url\":\"https:\/\/secure.gravatar.com\/avatar\/2545924aa250de68ac8368367a79b663e59571cd131611f54c89b0613a94e230?s=96&d=mm&r=g\",\"contentUrl\":\"https:\/\/secure.gravatar.com\/avatar\/2545924aa250de68ac8368367a79b663e59571cd131611f54c89b0613a94e230?s=96&d=mm&r=g\",\"caption\":\"Florent Rrahmani\"}}]}<\/script>\n<!-- \/ Yoast SEO plugin. -->","yoast_head_json":{"title":"On the first day of school, President Osmani visited the school for children with special needs, the \"P\u00ebrparimi\" Center - President of the Republic of Kosovo - DR. VJOSA OSMANI - SADRIU","description":"On the first day of school, President Osmani visited the school for children with special needs, the \"P\u00ebrparimi\" Center - President of the Republic of Kosovo - DR. VJOSA OSMANI - SADRIU -","robots":{"index":"index","follow":"follow","max-snippet":"max-snippet:-1","max-image-preview":"max-image-preview:large","max-video-preview":"max-video-preview:-1"},"canonical":"https:\/\/president-ksgov.net\/sr\/?p=171195","og_locale":"en_US","og_type":"article","og_title":"On the first day of school, President Osmani visited the school for children with special needs, the \"P\u00ebrparimi\" Center - President of the Republic of Kosovo - DR. VJOSA OSMANI - SADRIU","og_description":"On the first day of school, President Osmani visited the school for children with special needs, the \"P\u00ebrparimi\" Center - President of the Republic of Kosovo - DR. VJOSA OSMANI - SADRIU -","og_url":"https:\/\/president-ksgov.net\/sr\/?p=171195","og_site_name":"President of the Republic of Kosovo - DR. VJOSA OSMANI - SADRIU","article_published_time":"2025-09-01T16:49:54+00:00","article_modified_time":"2025-09-02T07:27:32+00:00","og_image":[{"width":2048,"height":1364,"url":"https:\/\/president-ksgov.net\/wp-content\/uploads\/1.9.25-1.jpg","type":"image\/jpeg"}],"author":"Florent Rrahmani","twitter_card":"summary_large_image","twitter_misc":{"Written by":"Florent Rrahmani","Est. reading time":"1 minute"},"schema":{"@context":"https:\/\/schema.org","@graph":[{"@type":"WebPage","@id":"https:\/\/president-ksgov.net\/sr\/?p=171195","url":"https:\/\/president-ksgov.net\/sr\/?p=171195","name":"On the first day of school, President Osmani visited the school for children with special needs, the \"P\u00ebrparimi\" Center - President of the Republic of Kosovo - DR. VJOSA OSMANI - SADRIU","isPartOf":{"@id":"https:\/\/president-ksgov.net\/#website"},"primaryImageOfPage":{"@id":"https:\/\/president-ksgov.net\/sr\/?p=171195#primaryimage"},"image":{"@id":"https:\/\/president-ksgov.net\/sr\/?p=171195#primaryimage"},"thumbnailUrl":"https:\/\/president-ksgov.net\/wp-content\/uploads\/1.9.25-1.jpg","datePublished":"2025-09-01T16:49:54+00:00","dateModified":"2025-09-02T07:27:32+00:00","author":{"@id":"https:\/\/president-ksgov.net\/#\/schema\/person\/7c46f744a99d3f1616b92658282aa934"},"description":"On the first day of school, President Osmani visited the school for children with special needs, the \"P\u00ebrparimi\" Center - President of the Republic of Kosovo - DR. VJOSA OSMANI - SADRIU -","breadcrumb":{"@id":"https:\/\/president-ksgov.net\/sr\/?p=171195#breadcrumb"},"inLanguage":"en-US","potentialAction":[{"@type":"ReadAction","target":["https:\/\/president-ksgov.net\/sr\/?p=171195"]}]},{"@type":"ImageObject","inLanguage":"en-US","@id":"https:\/\/president-ksgov.net\/sr\/?p=171195#primaryimage","url":"https:\/\/president-ksgov.net\/wp-content\/uploads\/1.9.25-1.jpg","contentUrl":"https:\/\/president-ksgov.net\/wp-content\/uploads\/1.9.25-1.jpg","width":2048,"height":1364},{"@type":"BreadcrumbList","@id":"https:\/\/president-ksgov.net\/sr\/?p=171195#breadcrumb","itemListElement":[{"@type":"ListItem","position":1,"name":"Home","item":"https:\/\/president-ksgov.net\/en\/"},{"@type":"ListItem","position":2,"name":"On the first day of school, President Osmani visited the school for children with special needs, the &#8220;P\u00ebrparimi&#8221; Center"}]},{"@type":"WebSite","@id":"https:\/\/president-ksgov.net\/#website","url":"https:\/\/president-ksgov.net\/","name":"Presidente e Republik\u00ebs s\u00eb Kosov\u00ebs","description":"Presidente e Republik\u00ebs s\u00eb Kosov\u00ebs","alternateName":"DR. VJOSA OSMANI - SADRIU","potentialAction":[{"@type":"SearchAction","target":{"@type":"EntryPoint","urlTemplate":"https:\/\/president-ksgov.net\/?s={search_term_string}"},"query-input":{"@type":"PropertyValueSpecification","valueRequired":true,"valueName":"search_term_string"}}],"inLanguage":"en-US"},{"@type":"Person","@id":"https:\/\/president-ksgov.net\/#\/schema\/person\/7c46f744a99d3f1616b92658282aa934","name":"Florent Rrahmani","image":{"@type":"ImageObject","inLanguage":"en-US","@id":"https:\/\/president-ksgov.net\/#\/schema\/person\/image\/","url":"https:\/\/secure.gravatar.com\/avatar\/2545924aa250de68ac8368367a79b663e59571cd131611f54c89b0613a94e230?s=96&d=mm&r=g","contentUrl":"https:\/\/secure.gravatar.com\/avatar\/2545924aa250de68ac8368367a79b663e59571cd131611f54c89b0613a94e230?s=96&d=mm&r=g","caption":"Florent Rrahmani"}}]}},"_links":{"self":[{"href":"https:\/\/president-ksgov.net\/en\/wp-json\/wp\/v2\/posts\/171193","targetHints":{"allow":["GET"]}}],"collection":[{"href":"https:\/\/president-ksgov.net\/en\/wp-json\/wp\/v2\/posts"}],"about":[{"href":"https:\/\/president-ksgov.net\/en\/wp-json\/wp\/v2\/types\/post"}],"author":[{"embeddable":true,"href":"https:\/\/president-ksgov.net\/en\/wp-json\/wp\/v2\/users\/9"}],"replies":[{"embeddable":true,"href":"https:\/\/president-ksgov.net\/en\/wp-json\/wp\/v2\/comments?post=171193"}],"version-history":[{"count":1,"href":"https:\/\/president-ksgov.net\/en\/wp-json\/wp\/v2\/posts\/171193\/revisions"}],"predecessor-version":[{"id":171194,"href":"https:\/\/president-ksgov.net\/en\/wp-json\/wp\/v2\/posts\/171193\/revisions\/171194"}],"wp:featuredmedia":[{"embeddable":true,"href":"https:\/\/president-ksgov.net\/en\/wp-json\/wp\/v2\/media\/171105"}],"wp:attachment":[{"href":"https:\/\/president-ksgov.net\/en\/wp-json\/wp\/v2\/media?parent=171193"}],"wp:term":[{"taxonomy":"category","embeddable":true,"href":"https:\/\/president-ksgov.net\/en\/wp-json\/wp\/v2\/categories?post=171193"},{"taxonomy":"post_tag","embeddable":true,"href":"https:\/\/president-ksgov.net\/en\/wp-json\/wp\/v2\/tags?post=171193"}],"curies":[{"name":"wp","href":"https:\/\/api.w.org\/{rel}","templated":true}]}}