{"id":169658,"date":"2025-07-26T21:55:06","date_gmt":"2025-07-26T19:55:06","guid":{"rendered":"https:\/\/president-ksgov.net\/?p=169658"},"modified":"2025-07-28T13:03:17","modified_gmt":"2025-07-28T11:03:17","slug":"president-osmani-i-extend-my-profound-gratitude-to-our-firefighters-emergency-service-personnel-and-all-volunteers-who-with-courage-and-dedication-are-on-the-front-lines-battling-the-flames","status":"publish","type":"post","link":"https:\/\/president-ksgov.net\/en\/president-osmani-i-extend-my-profound-gratitude-to-our-firefighters-emergency-service-personnel-and-all-volunteers-who-with-courage-and-dedication-are-on-the-front-lines-battling-the-flames\/","title":{"rendered":"President Osmani: I extend my profound gratitude to our firefighters, emergency service personnel, and all volunteers who, with courage and dedication, are on the front lines battling the flames"},"content":{"rendered":"<p>Numerous municipalities across our country are facing multiple fire outbreaks, which are causing considerable material and environmental damages. This critical situation demands an immediate and well-coordinated response from all levels. In these trying times, I express my full solidarity with all affected citizens, particularly with the farmers who are losing the fruits of their hard work and sweat, and with the emergency teams who are working relentlessly to bring the fires under control.<\/p>\n<p>My deepest appreciation goes to the brave firefighters, emergency responders, and committed volunteers who continue to confront the flames head-on.<\/p>\n<p>The institutions of the Republic of Kosovo stand fully mobilized to provide all necessary assistance.<\/p>\n<p>The Kosovo Security Force is on high alert and ready to provide immediate support should municipal or central civil emergency authorities make a request.<\/p>\n<p>I urge all citizens to exercise heightened caution, to refrain from any actions that could ignite fires, and to promptly report any suspicious outbreaks to the competent authorities. Only through collective responsibility, we can prevent the further spread of these fires.<\/p>\n<p>The engagement and cooperation of each and every one of us is vital in confronting this situation.<\/p>\n<p>&nbsp;<\/p>\n","protected":false},"excerpt":{"rendered":"<p>Numerous municipalities across our country are facing multiple fire outbreaks, which are causing considerable material and environmental damages. This critical situation demands an immediate and well-coordinated response from all levels. In these trying times, I express my full solidarity with all affected citizens, particularly with the farmers who are losing the fruits of their hard work and sweat, and with the emergency teams who are working relentlessly to bring the fires under control. My deepest appreciation goes to the brave firefighters, emergency responders, and committed volunteers who continue to confront the flames head-on. The institutions of the Republic of Kosovo stand fully mobilized to provide all necessary assistance. The Kosovo Security Force is on high alert and ready to provide immediate support should municipal or central civil emergency authorities make a request. I urge all citizens to exercise heightened caution, to refrain from any actions that could ignite fires, and to promptly report any suspicious outbreaks to the competent authorities. Only through collective responsibility, we can prevent the further spread of these fires. The engagement and cooperation of each and every one of us is vital in confronting this situation. &nbsp;<\/p>\n","protected":false},"author":9,"featured_media":153756,"comment_status":"closed","ping_status":"closed","sticky":false,"template":"","format":"standard","meta":{"_eb_attr":"","footnotes":""},"categories":[111],"tags":[],"class_list":["post-169658","post","type-post","status-publish","format-standard","has-post-thumbnail","hentry","category-news"],"yoast_head":"<!-- This site is optimized with the Yoast SEO plugin v23.5 - https:\/\/yoast.com\/wordpress\/plugins\/seo\/ -->\n<title>President Osmani: I extend my profound gratitude to our firefighters, emergency service personnel, and all volunteers who, with courage and dedication, are on the front lines battling the flames - President of the Republic of Kosovo - DR. VJOSA OSMANI - SADRIU<\/title>\n<meta name=\"description\" content=\"President Osmani: I extend my profound gratitude to our firefighters, emergency service personnel, and all volunteers who, with courage and dedication, are on the front lines battling the flames - President of the Republic of Kosovo - DR. VJOSA OSMANI - SADRIU - News\" \/>\n<meta name=\"robots\" content=\"index, follow, max-snippet:-1, max-image-preview:large, max-video-preview:-1\" \/>\n<link rel=\"canonical\" href=\"https:\/\/president-ksgov.net\/en\/president-osmani-i-extend-my-profound-gratitude-to-our-firefighters-emergency-service-personnel-and-all-volunteers-who-with-courage-and-dedication-are-on-the-front-lines-battling-the-flames\/\" \/>\n<meta property=\"og:locale\" content=\"en_US\" \/>\n<meta property=\"og:type\" content=\"article\" \/>\n<meta property=\"og:title\" content=\"President Osmani: I extend my profound gratitude to our firefighters, emergency service personnel, and all volunteers who, with courage and dedication, are on the front lines battling the flames - President of the Republic of Kosovo - DR. VJOSA OSMANI - SADRIU\" \/>\n<meta property=\"og:description\" content=\"President Osmani: I extend my profound gratitude to our firefighters, emergency service personnel, and all volunteers who, with courage and dedication, are on the front lines battling the flames - President of the Republic of Kosovo - DR. VJOSA OSMANI - SADRIU - News\" \/>\n<meta property=\"og:url\" content=\"https:\/\/president-ksgov.net\/en\/president-osmani-i-extend-my-profound-gratitude-to-our-firefighters-emergency-service-personnel-and-all-volunteers-who-with-courage-and-dedication-are-on-the-front-lines-battling-the-flames\/\" \/>\n<meta property=\"og:site_name\" content=\"President of the Republic of Kosovo - DR. VJOSA OSMANI - SADRIU\" \/>\n<meta property=\"article:published_time\" content=\"2025-07-26T19:55:06+00:00\" \/>\n<meta property=\"article:modified_time\" content=\"2025-07-28T11:03:17+00:00\" \/>\n<meta property=\"og:image\" content=\"https:\/\/president-ksgov.net\/wp-content\/uploads\/ZPRK-17.jpg\" \/>\n\t<meta property=\"og:image:width\" content=\"2000\" \/>\n\t<meta property=\"og:image:height\" content=\"1000\" \/>\n\t<meta property=\"og:image:type\" content=\"image\/jpeg\" \/>\n<meta name=\"author\" content=\"Florent Rrahmani\" \/>\n<meta name=\"twitter:card\" content=\"summary_large_image\" \/>\n<meta name=\"twitter:label1\" content=\"Written by\" \/>\n\t<meta name=\"twitter:data1\" content=\"Florent Rrahmani\" \/>\n\t<meta name=\"twitter:label2\" content=\"Est. reading time\" \/>\n\t<meta name=\"twitter:data2\" content=\"2 minutes\" \/>\n<script type=\"application\/ld+json\" class=\"yoast-schema-graph\">{\"@context\":\"https:\/\/schema.org\",\"@graph\":[{\"@type\":\"WebPage\",\"@id\":\"https:\/\/president-ksgov.net\/en\/president-osmani-i-extend-my-profound-gratitude-to-our-firefighters-emergency-service-personnel-and-all-volunteers-who-with-courage-and-dedication-are-on-the-front-lines-battling-the-flames\/\",\"url\":\"https:\/\/president-ksgov.net\/en\/president-osmani-i-extend-my-profound-gratitude-to-our-firefighters-emergency-service-personnel-and-all-volunteers-who-with-courage-and-dedication-are-on-the-front-lines-battling-the-flames\/\",\"name\":\"President Osmani: I extend my profound gratitude to our firefighters, emergency service personnel, and all volunteers who, with courage and dedication, are on the front lines battling the flames - President of the Republic of Kosovo - DR. VJOSA OSMANI - SADRIU\",\"isPartOf\":{\"@id\":\"https:\/\/president-ksgov.net\/#website\"},\"primaryImageOfPage\":{\"@id\":\"https:\/\/president-ksgov.net\/en\/president-osmani-i-extend-my-profound-gratitude-to-our-firefighters-emergency-service-personnel-and-all-volunteers-who-with-courage-and-dedication-are-on-the-front-lines-battling-the-flames\/#primaryimage\"},\"image\":{\"@id\":\"https:\/\/president-ksgov.net\/en\/president-osmani-i-extend-my-profound-gratitude-to-our-firefighters-emergency-service-personnel-and-all-volunteers-who-with-courage-and-dedication-are-on-the-front-lines-battling-the-flames\/#primaryimage\"},\"thumbnailUrl\":\"https:\/\/president-ksgov.net\/wp-content\/uploads\/ZPRK-17.jpg\",\"datePublished\":\"2025-07-26T19:55:06+00:00\",\"dateModified\":\"2025-07-28T11:03:17+00:00\",\"author\":{\"@id\":\"https:\/\/president-ksgov.net\/#\/schema\/person\/7c46f744a99d3f1616b92658282aa934\"},\"description\":\"President Osmani: I extend my profound gratitude to our firefighters, emergency service personnel, and all volunteers who, with courage and dedication, are on the front lines battling the flames - President of the Republic of Kosovo - DR. VJOSA OSMANI - SADRIU - News\",\"breadcrumb\":{\"@id\":\"https:\/\/president-ksgov.net\/en\/president-osmani-i-extend-my-profound-gratitude-to-our-firefighters-emergency-service-personnel-and-all-volunteers-who-with-courage-and-dedication-are-on-the-front-lines-battling-the-flames\/#breadcrumb\"},\"inLanguage\":\"en-US\",\"potentialAction\":[{\"@type\":\"ReadAction\",\"target\":[\"https:\/\/president-ksgov.net\/en\/president-osmani-i-extend-my-profound-gratitude-to-our-firefighters-emergency-service-personnel-and-all-volunteers-who-with-courage-and-dedication-are-on-the-front-lines-battling-the-flames\/\"]}]},{\"@type\":\"ImageObject\",\"inLanguage\":\"en-US\",\"@id\":\"https:\/\/president-ksgov.net\/en\/president-osmani-i-extend-my-profound-gratitude-to-our-firefighters-emergency-service-personnel-and-all-volunteers-who-with-courage-and-dedication-are-on-the-front-lines-battling-the-flames\/#primaryimage\",\"url\":\"https:\/\/president-ksgov.net\/wp-content\/uploads\/ZPRK-17.jpg\",\"contentUrl\":\"https:\/\/president-ksgov.net\/wp-content\/uploads\/ZPRK-17.jpg\",\"width\":2000,\"height\":1000},{\"@type\":\"BreadcrumbList\",\"@id\":\"https:\/\/president-ksgov.net\/en\/president-osmani-i-extend-my-profound-gratitude-to-our-firefighters-emergency-service-personnel-and-all-volunteers-who-with-courage-and-dedication-are-on-the-front-lines-battling-the-flames\/#breadcrumb\",\"itemListElement\":[{\"@type\":\"ListItem\",\"position\":1,\"name\":\"Home\",\"item\":\"https:\/\/president-ksgov.net\/en\/\"},{\"@type\":\"ListItem\",\"position\":2,\"name\":\"President Osmani: I extend my profound gratitude to our firefighters, emergency service personnel, and all volunteers who, with courage and dedication, are on the front lines battling the flames\"}]},{\"@type\":\"WebSite\",\"@id\":\"https:\/\/president-ksgov.net\/#website\",\"url\":\"https:\/\/president-ksgov.net\/\",\"name\":\"Presidente e Republik\u00ebs s\u00eb Kosov\u00ebs\",\"description\":\"Presidente e Republik\u00ebs s\u00eb Kosov\u00ebs\",\"alternateName\":\"DR. VJOSA OSMANI - SADRIU\",\"potentialAction\":[{\"@type\":\"SearchAction\",\"target\":{\"@type\":\"EntryPoint\",\"urlTemplate\":\"https:\/\/president-ksgov.net\/?s={search_term_string}\"},\"query-input\":{\"@type\":\"PropertyValueSpecification\",\"valueRequired\":true,\"valueName\":\"search_term_string\"}}],\"inLanguage\":\"en-US\"},{\"@type\":\"Person\",\"@id\":\"https:\/\/president-ksgov.net\/#\/schema\/person\/7c46f744a99d3f1616b92658282aa934\",\"name\":\"Florent Rrahmani\",\"image\":{\"@type\":\"ImageObject\",\"inLanguage\":\"en-US\",\"@id\":\"https:\/\/president-ksgov.net\/#\/schema\/person\/image\/\",\"url\":\"https:\/\/secure.gravatar.com\/avatar\/2545924aa250de68ac8368367a79b663e59571cd131611f54c89b0613a94e230?s=96&d=mm&r=g\",\"contentUrl\":\"https:\/\/secure.gravatar.com\/avatar\/2545924aa250de68ac8368367a79b663e59571cd131611f54c89b0613a94e230?s=96&d=mm&r=g\",\"caption\":\"Florent Rrahmani\"}}]}<\/script>\n<!-- \/ Yoast SEO plugin. -->","yoast_head_json":{"title":"President Osmani: I extend my profound gratitude to our firefighters, emergency service personnel, and all volunteers who, with courage and dedication, are on the front lines battling the flames - President of the Republic of Kosovo - DR. VJOSA OSMANI - SADRIU","description":"President Osmani: I extend my profound gratitude to our firefighters, emergency service personnel, and all volunteers who, with courage and dedication, are on the front lines battling the flames - President of the Republic of Kosovo - DR. VJOSA OSMANI - SADRIU - News","robots":{"index":"index","follow":"follow","max-snippet":"max-snippet:-1","max-image-preview":"max-image-preview:large","max-video-preview":"max-video-preview:-1"},"canonical":"https:\/\/president-ksgov.net\/en\/president-osmani-i-extend-my-profound-gratitude-to-our-firefighters-emergency-service-personnel-and-all-volunteers-who-with-courage-and-dedication-are-on-the-front-lines-battling-the-flames\/","og_locale":"en_US","og_type":"article","og_title":"President Osmani: I extend my profound gratitude to our firefighters, emergency service personnel, and all volunteers who, with courage and dedication, are on the front lines battling the flames - President of the Republic of Kosovo - DR. VJOSA OSMANI - SADRIU","og_description":"President Osmani: I extend my profound gratitude to our firefighters, emergency service personnel, and all volunteers who, with courage and dedication, are on the front lines battling the flames - President of the Republic of Kosovo - DR. VJOSA OSMANI - SADRIU - News","og_url":"https:\/\/president-ksgov.net\/en\/president-osmani-i-extend-my-profound-gratitude-to-our-firefighters-emergency-service-personnel-and-all-volunteers-who-with-courage-and-dedication-are-on-the-front-lines-battling-the-flames\/","og_site_name":"President of the Republic of Kosovo - DR. VJOSA OSMANI - SADRIU","article_published_time":"2025-07-26T19:55:06+00:00","article_modified_time":"2025-07-28T11:03:17+00:00","og_image":[{"width":2000,"height":1000,"url":"https:\/\/president-ksgov.net\/wp-content\/uploads\/ZPRK-17.jpg","type":"image\/jpeg"}],"author":"Florent Rrahmani","twitter_card":"summary_large_image","twitter_misc":{"Written by":"Florent Rrahmani","Est. reading time":"2 minutes"},"schema":{"@context":"https:\/\/schema.org","@graph":[{"@type":"WebPage","@id":"https:\/\/president-ksgov.net\/en\/president-osmani-i-extend-my-profound-gratitude-to-our-firefighters-emergency-service-personnel-and-all-volunteers-who-with-courage-and-dedication-are-on-the-front-lines-battling-the-flames\/","url":"https:\/\/president-ksgov.net\/en\/president-osmani-i-extend-my-profound-gratitude-to-our-firefighters-emergency-service-personnel-and-all-volunteers-who-with-courage-and-dedication-are-on-the-front-lines-battling-the-flames\/","name":"President Osmani: I extend my profound gratitude to our firefighters, emergency service personnel, and all volunteers who, with courage and dedication, are on the front lines battling the flames - President of the Republic of Kosovo - DR. VJOSA OSMANI - SADRIU","isPartOf":{"@id":"https:\/\/president-ksgov.net\/#website"},"primaryImageOfPage":{"@id":"https:\/\/president-ksgov.net\/en\/president-osmani-i-extend-my-profound-gratitude-to-our-firefighters-emergency-service-personnel-and-all-volunteers-who-with-courage-and-dedication-are-on-the-front-lines-battling-the-flames\/#primaryimage"},"image":{"@id":"https:\/\/president-ksgov.net\/en\/president-osmani-i-extend-my-profound-gratitude-to-our-firefighters-emergency-service-personnel-and-all-volunteers-who-with-courage-and-dedication-are-on-the-front-lines-battling-the-flames\/#primaryimage"},"thumbnailUrl":"https:\/\/president-ksgov.net\/wp-content\/uploads\/ZPRK-17.jpg","datePublished":"2025-07-26T19:55:06+00:00","dateModified":"2025-07-28T11:03:17+00:00","author":{"@id":"https:\/\/president-ksgov.net\/#\/schema\/person\/7c46f744a99d3f1616b92658282aa934"},"description":"President Osmani: I extend my profound gratitude to our firefighters, emergency service personnel, and all volunteers who, with courage and dedication, are on the front lines battling the flames - President of the Republic of Kosovo - DR. VJOSA OSMANI - SADRIU - News","breadcrumb":{"@id":"https:\/\/president-ksgov.net\/en\/president-osmani-i-extend-my-profound-gratitude-to-our-firefighters-emergency-service-personnel-and-all-volunteers-who-with-courage-and-dedication-are-on-the-front-lines-battling-the-flames\/#breadcrumb"},"inLanguage":"en-US","potentialAction":[{"@type":"ReadAction","target":["https:\/\/president-ksgov.net\/en\/president-osmani-i-extend-my-profound-gratitude-to-our-firefighters-emergency-service-personnel-and-all-volunteers-who-with-courage-and-dedication-are-on-the-front-lines-battling-the-flames\/"]}]},{"@type":"ImageObject","inLanguage":"en-US","@id":"https:\/\/president-ksgov.net\/en\/president-osmani-i-extend-my-profound-gratitude-to-our-firefighters-emergency-service-personnel-and-all-volunteers-who-with-courage-and-dedication-are-on-the-front-lines-battling-the-flames\/#primaryimage","url":"https:\/\/president-ksgov.net\/wp-content\/uploads\/ZPRK-17.jpg","contentUrl":"https:\/\/president-ksgov.net\/wp-content\/uploads\/ZPRK-17.jpg","width":2000,"height":1000},{"@type":"BreadcrumbList","@id":"https:\/\/president-ksgov.net\/en\/president-osmani-i-extend-my-profound-gratitude-to-our-firefighters-emergency-service-personnel-and-all-volunteers-who-with-courage-and-dedication-are-on-the-front-lines-battling-the-flames\/#breadcrumb","itemListElement":[{"@type":"ListItem","position":1,"name":"Home","item":"https:\/\/president-ksgov.net\/en\/"},{"@type":"ListItem","position":2,"name":"President Osmani: I extend my profound gratitude to our firefighters, emergency service personnel, and all volunteers who, with courage and dedication, are on the front lines battling the flames"}]},{"@type":"WebSite","@id":"https:\/\/president-ksgov.net\/#website","url":"https:\/\/president-ksgov.net\/","name":"Presidente e Republik\u00ebs s\u00eb Kosov\u00ebs","description":"Presidente e Republik\u00ebs s\u00eb Kosov\u00ebs","alternateName":"DR. VJOSA OSMANI - SADRIU","potentialAction":[{"@type":"SearchAction","target":{"@type":"EntryPoint","urlTemplate":"https:\/\/president-ksgov.net\/?s={search_term_string}"},"query-input":{"@type":"PropertyValueSpecification","valueRequired":true,"valueName":"search_term_string"}}],"inLanguage":"en-US"},{"@type":"Person","@id":"https:\/\/president-ksgov.net\/#\/schema\/person\/7c46f744a99d3f1616b92658282aa934","name":"Florent Rrahmani","image":{"@type":"ImageObject","inLanguage":"en-US","@id":"https:\/\/president-ksgov.net\/#\/schema\/person\/image\/","url":"https:\/\/secure.gravatar.com\/avatar\/2545924aa250de68ac8368367a79b663e59571cd131611f54c89b0613a94e230?s=96&d=mm&r=g","contentUrl":"https:\/\/secure.gravatar.com\/avatar\/2545924aa250de68ac8368367a79b663e59571cd131611f54c89b0613a94e230?s=96&d=mm&r=g","caption":"Florent Rrahmani"}}]}},"_links":{"self":[{"href":"https:\/\/president-ksgov.net\/en\/wp-json\/wp\/v2\/posts\/169658","targetHints":{"allow":["GET"]}}],"collection":[{"href":"https:\/\/president-ksgov.net\/en\/wp-json\/wp\/v2\/posts"}],"about":[{"href":"https:\/\/president-ksgov.net\/en\/wp-json\/wp\/v2\/types\/post"}],"author":[{"embeddable":true,"href":"https:\/\/president-ksgov.net\/en\/wp-json\/wp\/v2\/users\/9"}],"replies":[{"embeddable":true,"href":"https:\/\/president-ksgov.net\/en\/wp-json\/wp\/v2\/comments?post=169658"}],"version-history":[{"count":1,"href":"https:\/\/president-ksgov.net\/en\/wp-json\/wp\/v2\/posts\/169658\/revisions"}],"predecessor-version":[{"id":169659,"href":"https:\/\/president-ksgov.net\/en\/wp-json\/wp\/v2\/posts\/169658\/revisions\/169659"}],"wp:featuredmedia":[{"embeddable":true,"href":"https:\/\/president-ksgov.net\/en\/wp-json\/wp\/v2\/media\/153756"}],"wp:attachment":[{"href":"https:\/\/president-ksgov.net\/en\/wp-json\/wp\/v2\/media?parent=169658"}],"wp:term":[{"taxonomy":"category","embeddable":true,"href":"https:\/\/president-ksgov.net\/en\/wp-json\/wp\/v2\/categories?post=169658"},{"taxonomy":"post_tag","embeddable":true,"href":"https:\/\/president-ksgov.net\/en\/wp-json\/wp\/v2\/tags?post=169658"}],"curies":[{"name":"wp","href":"https:\/\/api.w.org\/{rel}","templated":true}]}}