{"id":168246,"date":"2021-07-06T15:59:15","date_gmt":"2021-07-06T13:59:15","guid":{"rendered":"https:\/\/president-ksgov.net\/?p=168246"},"modified":"2025-07-07T09:23:51","modified_gmt":"2025-07-07T07:23:51","slug":"president-osmani-commemorated-the-battle-of-loxha","status":"publish","type":"post","link":"https:\/\/president-ksgov.net\/en\/president-osmani-commemorated-the-battle-of-loxha\/","title":{"rendered":"President Osmani commemorated the battle of Loxha"},"content":{"rendered":"<p>President Osmani said that 23 years ago one of the most important battles of the KLA against the Serbian occupier took place in Loxha.<\/p>\n<p>&#8220;This battle, led by Commander Tahir Zemaj, was militarily properly organized and despite the small number of our soldiers bravely withstood the Serbian onslaught,&#8221; the president said.<\/p>\n<p>Following is President Osmani&#8217;s entire post:<\/p>\n<p>23 years ago one of the most important battles of the KLA against the Serbian occupier took place in Loxha. This battle, led by Commander Tahir Zemaj, was militarily properly organized and despite the small number of our soldiers bravely withstood the Serbian invasion.<\/p>\n<p>Unfortunately, Rrustem Bruqi, Lumni Surdulli and Enver Alaj fell heroically in this battle. We will always remember their sacrifice and commitment to freedom.<\/p>\n<p>Such battles, led by determined war strategists and patriots, testify not only to the rebellious spirit but also to our perseverance in achieving freedom.<\/p>\n","protected":false},"excerpt":{"rendered":"<p>President Osmani said that 23 years ago one of the most important battles of the KLA against the Serbian occupier took place in Loxha. &#8220;This battle, led by Commander Tahir Zemaj, was militarily properly organized and despite the small number of our soldiers bravely withstood the Serbian onslaught,&#8221; the president said. Following is President Osmani&#8217;s entire post: 23 years ago one of the most important battles of the KLA against the Serbian occupier took place in Loxha. This battle, led by Commander Tahir Zemaj, was militarily properly organized and despite the small number of our soldiers bravely withstood the Serbian invasion. Unfortunately, Rrustem Bruqi, Lumni Surdulli and Enver Alaj fell heroically in this battle. We will always remember their sacrifice and commitment to freedom. Such battles, led by determined war strategists and patriots, testify not only to the rebellious spirit but also to our perseverance in achieving freedom.<\/p>\n","protected":false},"author":16,"featured_media":153756,"comment_status":"closed","ping_status":"closed","sticky":false,"template":"","format":"standard","meta":{"_eb_attr":"","footnotes":""},"categories":[111],"tags":[],"class_list":["post-168246","post","type-post","status-publish","format-standard","has-post-thumbnail","hentry","category-news"],"yoast_head":"<!-- This site is optimized with the Yoast SEO plugin v23.5 - https:\/\/yoast.com\/wordpress\/plugins\/seo\/ -->\n<title>President Osmani commemorated the battle of Loxha - President of the Republic of Kosovo - DR. VJOSA OSMANI - SADRIU<\/title>\n<meta name=\"description\" content=\"President Osmani commemorated the battle of Loxha - President of the Republic of Kosovo - DR. VJOSA OSMANI - SADRIU -\" \/>\n<meta name=\"robots\" content=\"index, follow, max-snippet:-1, max-image-preview:large, max-video-preview:-1\" \/>\n<link rel=\"canonical\" href=\"https:\/\/president-ksgov.net\/en\/president-osmani-commemorated-the-battle-of-loxha\/\" \/>\n<meta property=\"og:locale\" content=\"en_US\" \/>\n<meta property=\"og:type\" content=\"article\" \/>\n<meta property=\"og:title\" content=\"President Osmani commemorated the battle of Loxha - President of the Republic of Kosovo - DR. VJOSA OSMANI - SADRIU\" \/>\n<meta property=\"og:description\" content=\"President Osmani commemorated the battle of Loxha - President of the Republic of Kosovo - DR. VJOSA OSMANI - SADRIU -\" \/>\n<meta property=\"og:url\" content=\"https:\/\/president-ksgov.net\/en\/president-osmani-commemorated-the-battle-of-loxha\/\" \/>\n<meta property=\"og:site_name\" content=\"President of the Republic of Kosovo - DR. VJOSA OSMANI - SADRIU\" \/>\n<meta property=\"article:published_time\" content=\"2021-07-06T13:59:15+00:00\" \/>\n<meta property=\"article:modified_time\" content=\"2025-07-07T07:23:51+00:00\" \/>\n<meta property=\"og:image\" content=\"https:\/\/president-ksgov.net\/wp-content\/uploads\/ZPRK-17.jpg\" \/>\n\t<meta property=\"og:image:width\" content=\"2000\" \/>\n\t<meta property=\"og:image:height\" content=\"1000\" \/>\n\t<meta property=\"og:image:type\" content=\"image\/jpeg\" \/>\n<meta name=\"author\" content=\"Azim Rabby\" \/>\n<meta name=\"twitter:card\" content=\"summary_large_image\" \/>\n<meta name=\"twitter:label1\" content=\"Written by\" \/>\n\t<meta name=\"twitter:data1\" content=\"Azim Rabby\" \/>\n\t<meta name=\"twitter:label2\" content=\"Est. reading time\" \/>\n\t<meta name=\"twitter:data2\" content=\"2 minutes\" \/>\n<script type=\"application\/ld+json\" class=\"yoast-schema-graph\">{\"@context\":\"https:\/\/schema.org\",\"@graph\":[{\"@type\":\"WebPage\",\"@id\":\"https:\/\/president-ksgov.net\/en\/president-osmani-commemorated-the-battle-of-loxha\/\",\"url\":\"https:\/\/president-ksgov.net\/en\/president-osmani-commemorated-the-battle-of-loxha\/\",\"name\":\"President Osmani commemorated the battle of Loxha - President of the Republic of Kosovo - DR. VJOSA OSMANI - SADRIU\",\"isPartOf\":{\"@id\":\"https:\/\/president-ksgov.net\/#website\"},\"primaryImageOfPage\":{\"@id\":\"https:\/\/president-ksgov.net\/en\/president-osmani-commemorated-the-battle-of-loxha\/#primaryimage\"},\"image\":{\"@id\":\"https:\/\/president-ksgov.net\/en\/president-osmani-commemorated-the-battle-of-loxha\/#primaryimage\"},\"thumbnailUrl\":\"https:\/\/president-ksgov.net\/wp-content\/uploads\/ZPRK-17.jpg\",\"datePublished\":\"2021-07-06T13:59:15+00:00\",\"dateModified\":\"2025-07-07T07:23:51+00:00\",\"author\":{\"@id\":\"https:\/\/president-ksgov.net\/#\/schema\/person\/46897fdfb3a2c4637c66776b267b09f6\"},\"description\":\"President Osmani commemorated the battle of Loxha - President of the Republic of Kosovo - DR. VJOSA OSMANI - SADRIU -\",\"breadcrumb\":{\"@id\":\"https:\/\/president-ksgov.net\/en\/president-osmani-commemorated-the-battle-of-loxha\/#breadcrumb\"},\"inLanguage\":\"en-US\",\"potentialAction\":[{\"@type\":\"ReadAction\",\"target\":[\"https:\/\/president-ksgov.net\/en\/president-osmani-commemorated-the-battle-of-loxha\/\"]}]},{\"@type\":\"ImageObject\",\"inLanguage\":\"en-US\",\"@id\":\"https:\/\/president-ksgov.net\/en\/president-osmani-commemorated-the-battle-of-loxha\/#primaryimage\",\"url\":\"https:\/\/president-ksgov.net\/wp-content\/uploads\/ZPRK-17.jpg\",\"contentUrl\":\"https:\/\/president-ksgov.net\/wp-content\/uploads\/ZPRK-17.jpg\",\"width\":2000,\"height\":1000},{\"@type\":\"BreadcrumbList\",\"@id\":\"https:\/\/president-ksgov.net\/en\/president-osmani-commemorated-the-battle-of-loxha\/#breadcrumb\",\"itemListElement\":[{\"@type\":\"ListItem\",\"position\":1,\"name\":\"Home\",\"item\":\"https:\/\/president-ksgov.net\/en\/\"},{\"@type\":\"ListItem\",\"position\":2,\"name\":\"President Osmani commemorated the battle of Loxha\"}]},{\"@type\":\"WebSite\",\"@id\":\"https:\/\/president-ksgov.net\/#website\",\"url\":\"https:\/\/president-ksgov.net\/\",\"name\":\"Presidente e Republik\u00ebs s\u00eb Kosov\u00ebs\",\"description\":\"Presidente e Republik\u00ebs s\u00eb Kosov\u00ebs\",\"alternateName\":\"DR. VJOSA OSMANI - SADRIU\",\"potentialAction\":[{\"@type\":\"SearchAction\",\"target\":{\"@type\":\"EntryPoint\",\"urlTemplate\":\"https:\/\/president-ksgov.net\/?s={search_term_string}\"},\"query-input\":{\"@type\":\"PropertyValueSpecification\",\"valueRequired\":true,\"valueName\":\"search_term_string\"}}],\"inLanguage\":\"en-US\"},{\"@type\":\"Person\",\"@id\":\"https:\/\/president-ksgov.net\/#\/schema\/person\/46897fdfb3a2c4637c66776b267b09f6\",\"name\":\"Azim Rabby\",\"image\":{\"@type\":\"ImageObject\",\"inLanguage\":\"en-US\",\"@id\":\"https:\/\/president-ksgov.net\/#\/schema\/person\/image\/\",\"url\":\"https:\/\/secure.gravatar.com\/avatar\/2e869d6e696f88891afa5dab0768da91bb4d2f829b32699cfb894a221f3d336b?s=96&d=mm&r=g\",\"contentUrl\":\"https:\/\/secure.gravatar.com\/avatar\/2e869d6e696f88891afa5dab0768da91bb4d2f829b32699cfb894a221f3d336b?s=96&d=mm&r=g\",\"caption\":\"Azim Rabby\"}}]}<\/script>\n<!-- \/ Yoast SEO plugin. -->","yoast_head_json":{"title":"President Osmani commemorated the battle of Loxha - President of the Republic of Kosovo - DR. VJOSA OSMANI - SADRIU","description":"President Osmani commemorated the battle of Loxha - President of the Republic of Kosovo - DR. VJOSA OSMANI - SADRIU -","robots":{"index":"index","follow":"follow","max-snippet":"max-snippet:-1","max-image-preview":"max-image-preview:large","max-video-preview":"max-video-preview:-1"},"canonical":"https:\/\/president-ksgov.net\/en\/president-osmani-commemorated-the-battle-of-loxha\/","og_locale":"en_US","og_type":"article","og_title":"President Osmani commemorated the battle of Loxha - President of the Republic of Kosovo - DR. VJOSA OSMANI - SADRIU","og_description":"President Osmani commemorated the battle of Loxha - President of the Republic of Kosovo - DR. VJOSA OSMANI - SADRIU -","og_url":"https:\/\/president-ksgov.net\/en\/president-osmani-commemorated-the-battle-of-loxha\/","og_site_name":"President of the Republic of Kosovo - DR. VJOSA OSMANI - SADRIU","article_published_time":"2021-07-06T13:59:15+00:00","article_modified_time":"2025-07-07T07:23:51+00:00","og_image":[{"width":2000,"height":1000,"url":"https:\/\/president-ksgov.net\/wp-content\/uploads\/ZPRK-17.jpg","type":"image\/jpeg"}],"author":"Azim Rabby","twitter_card":"summary_large_image","twitter_misc":{"Written by":"Azim Rabby","Est. reading time":"2 minutes"},"schema":{"@context":"https:\/\/schema.org","@graph":[{"@type":"WebPage","@id":"https:\/\/president-ksgov.net\/en\/president-osmani-commemorated-the-battle-of-loxha\/","url":"https:\/\/president-ksgov.net\/en\/president-osmani-commemorated-the-battle-of-loxha\/","name":"President Osmani commemorated the battle of Loxha - President of the Republic of Kosovo - DR. VJOSA OSMANI - SADRIU","isPartOf":{"@id":"https:\/\/president-ksgov.net\/#website"},"primaryImageOfPage":{"@id":"https:\/\/president-ksgov.net\/en\/president-osmani-commemorated-the-battle-of-loxha\/#primaryimage"},"image":{"@id":"https:\/\/president-ksgov.net\/en\/president-osmani-commemorated-the-battle-of-loxha\/#primaryimage"},"thumbnailUrl":"https:\/\/president-ksgov.net\/wp-content\/uploads\/ZPRK-17.jpg","datePublished":"2021-07-06T13:59:15+00:00","dateModified":"2025-07-07T07:23:51+00:00","author":{"@id":"https:\/\/president-ksgov.net\/#\/schema\/person\/46897fdfb3a2c4637c66776b267b09f6"},"description":"President Osmani commemorated the battle of Loxha - President of the Republic of Kosovo - DR. VJOSA OSMANI - SADRIU -","breadcrumb":{"@id":"https:\/\/president-ksgov.net\/en\/president-osmani-commemorated-the-battle-of-loxha\/#breadcrumb"},"inLanguage":"en-US","potentialAction":[{"@type":"ReadAction","target":["https:\/\/president-ksgov.net\/en\/president-osmani-commemorated-the-battle-of-loxha\/"]}]},{"@type":"ImageObject","inLanguage":"en-US","@id":"https:\/\/president-ksgov.net\/en\/president-osmani-commemorated-the-battle-of-loxha\/#primaryimage","url":"https:\/\/president-ksgov.net\/wp-content\/uploads\/ZPRK-17.jpg","contentUrl":"https:\/\/president-ksgov.net\/wp-content\/uploads\/ZPRK-17.jpg","width":2000,"height":1000},{"@type":"BreadcrumbList","@id":"https:\/\/president-ksgov.net\/en\/president-osmani-commemorated-the-battle-of-loxha\/#breadcrumb","itemListElement":[{"@type":"ListItem","position":1,"name":"Home","item":"https:\/\/president-ksgov.net\/en\/"},{"@type":"ListItem","position":2,"name":"President Osmani commemorated the battle of Loxha"}]},{"@type":"WebSite","@id":"https:\/\/president-ksgov.net\/#website","url":"https:\/\/president-ksgov.net\/","name":"Presidente e Republik\u00ebs s\u00eb Kosov\u00ebs","description":"Presidente e Republik\u00ebs s\u00eb Kosov\u00ebs","alternateName":"DR. VJOSA OSMANI - SADRIU","potentialAction":[{"@type":"SearchAction","target":{"@type":"EntryPoint","urlTemplate":"https:\/\/president-ksgov.net\/?s={search_term_string}"},"query-input":{"@type":"PropertyValueSpecification","valueRequired":true,"valueName":"search_term_string"}}],"inLanguage":"en-US"},{"@type":"Person","@id":"https:\/\/president-ksgov.net\/#\/schema\/person\/46897fdfb3a2c4637c66776b267b09f6","name":"Azim Rabby","image":{"@type":"ImageObject","inLanguage":"en-US","@id":"https:\/\/president-ksgov.net\/#\/schema\/person\/image\/","url":"https:\/\/secure.gravatar.com\/avatar\/2e869d6e696f88891afa5dab0768da91bb4d2f829b32699cfb894a221f3d336b?s=96&d=mm&r=g","contentUrl":"https:\/\/secure.gravatar.com\/avatar\/2e869d6e696f88891afa5dab0768da91bb4d2f829b32699cfb894a221f3d336b?s=96&d=mm&r=g","caption":"Azim Rabby"}}]}},"_links":{"self":[{"href":"https:\/\/president-ksgov.net\/en\/wp-json\/wp\/v2\/posts\/168246","targetHints":{"allow":["GET"]}}],"collection":[{"href":"https:\/\/president-ksgov.net\/en\/wp-json\/wp\/v2\/posts"}],"about":[{"href":"https:\/\/president-ksgov.net\/en\/wp-json\/wp\/v2\/types\/post"}],"author":[{"embeddable":true,"href":"https:\/\/president-ksgov.net\/en\/wp-json\/wp\/v2\/users\/16"}],"replies":[{"embeddable":true,"href":"https:\/\/president-ksgov.net\/en\/wp-json\/wp\/v2\/comments?post=168246"}],"version-history":[{"count":1,"href":"https:\/\/president-ksgov.net\/en\/wp-json\/wp\/v2\/posts\/168246\/revisions"}],"predecessor-version":[{"id":168247,"href":"https:\/\/president-ksgov.net\/en\/wp-json\/wp\/v2\/posts\/168246\/revisions\/168247"}],"wp:featuredmedia":[{"embeddable":true,"href":"https:\/\/president-ksgov.net\/en\/wp-json\/wp\/v2\/media\/153756"}],"wp:attachment":[{"href":"https:\/\/president-ksgov.net\/en\/wp-json\/wp\/v2\/media?parent=168246"}],"wp:term":[{"taxonomy":"category","embeddable":true,"href":"https:\/\/president-ksgov.net\/en\/wp-json\/wp\/v2\/categories?post=168246"},{"taxonomy":"post_tag","embeddable":true,"href":"https:\/\/president-ksgov.net\/en\/wp-json\/wp\/v2\/tags?post=168246"}],"curies":[{"name":"wp","href":"https:\/\/api.w.org\/{rel}","templated":true}]}}