{"id":167286,"date":"2025-06-17T09:00:16","date_gmt":"2025-06-17T07:00:16","guid":{"rendered":"https:\/\/president-ksgov.net\/?p=167286"},"modified":"2025-06-26T10:12:25","modified_gmt":"2025-06-26T08:12:25","slug":"president-osmani-on-an-official-visit-to-hungary-at-the-invitation-of-president-sulyok","status":"publish","type":"post","link":"https:\/\/president-ksgov.net\/en\/president-osmani-on-an-official-visit-to-hungary-at-the-invitation-of-president-sulyok\/","title":{"rendered":"President Osmani on an official visit to Hungary at the invitation of President Sulyok"},"content":{"rendered":"<p>The President of the Republic of Kosovo, Vjosa Osmani, has departed on an official visit to Hungary, at the invitation of the Hungarian President, Tam\u00e1s Sulyok.<\/p>\n<p>The visit will begin with an official ceremony with military honours, organized at Kossuth Lajos Square in Budapest, following which the two presidents will hold a t\u00eate-\u00e0-t\u00eate meeting, continued with a meeting between the respective delegations of the two countries. As part of the visit, President Sulyok will host an official lunch for President Osmani and her delegation at the S\u00e1ndor Presidential Palace.<\/p>\n<p>President Osmani, during her visit to Hungary, will also be received by L\u00e1szl\u00f3 K\u00f6v\u00e9r, Speaker of the Hungarian Parliament.<\/p>\n<p>As part of the agenda, President Osmani will also address students and professors of E\u00f6tv\u00f6s Lor\u00e1nd University with a lecture and discussion on the topic \u201cKosovo and its European Future: Regional Cooperation, Global Engagement and the Way Forward\u201d, where she will outline the strategic priorities of the foreign policy of the Republic of Kosovo, including Euro-Atlantic integration.<\/p>\n<p>As part of this visit, President Osmani will also hold meetings with chambers of commerce in Hungary.<\/p>\n","protected":false},"excerpt":{"rendered":"<p>The President of the Republic of Kosovo, Vjosa Osmani, has departed on an official visit to Hungary, at the invitation of the Hungarian President, Tam\u00e1s Sulyok. The visit will begin with an official ceremony with military honours, organized at Kossuth Lajos Square in Budapest, following which the two presidents will hold a t\u00eate-\u00e0-t\u00eate meeting, continued with a meeting between the respective delegations of the two countries. As part of the visit, President Sulyok will host an official lunch for President Osmani and her delegation at the S\u00e1ndor Presidential Palace. President Osmani, during her visit to Hungary, will also be received by L\u00e1szl\u00f3 K\u00f6v\u00e9r, Speaker of the Hungarian Parliament. As part of the agenda, President Osmani will also address students and professors of E\u00f6tv\u00f6s Lor\u00e1nd University with a lecture and discussion on the topic \u201cKosovo and its European Future: Regional Cooperation, Global Engagement and the Way Forward\u201d, where she will outline the strategic priorities of the foreign policy of the Republic of Kosovo, including Euro-Atlantic integration. As part of this visit, President Osmani will also hold meetings with chambers of commerce in Hungary.<\/p>\n","protected":false},"author":16,"featured_media":166072,"comment_status":"closed","ping_status":"closed","sticky":false,"template":"","format":"standard","meta":{"_eb_attr":"","footnotes":""},"categories":[111],"tags":[],"class_list":["post-167286","post","type-post","status-publish","format-standard","has-post-thumbnail","hentry","category-news"],"yoast_head":"<!-- This site is optimized with the Yoast SEO plugin v23.5 - https:\/\/yoast.com\/wordpress\/plugins\/seo\/ -->\n<title>President Osmani on an official visit to Hungary at the invitation of President Sulyok - President of the Republic of Kosovo - DR. VJOSA OSMANI - SADRIU<\/title>\n<meta name=\"description\" content=\"President Osmani on an official visit to Hungary at the invitation of President Sulyok - President of the Republic of Kosovo - DR. VJOSA OSMANI - SADRIU - News\" \/>\n<meta name=\"robots\" content=\"index, follow, max-snippet:-1, max-image-preview:large, max-video-preview:-1\" \/>\n<link rel=\"canonical\" href=\"https:\/\/president-ksgov.net\/en\/president-osmani-on-an-official-visit-to-hungary-at-the-invitation-of-president-sulyok\/\" \/>\n<meta property=\"og:locale\" content=\"en_US\" \/>\n<meta property=\"og:type\" content=\"article\" \/>\n<meta property=\"og:title\" content=\"President Osmani on an official visit to Hungary at the invitation of President Sulyok - President of the Republic of Kosovo - DR. VJOSA OSMANI - SADRIU\" \/>\n<meta property=\"og:description\" content=\"President Osmani on an official visit to Hungary at the invitation of President Sulyok - President of the Republic of Kosovo - DR. VJOSA OSMANI - SADRIU - News\" \/>\n<meta property=\"og:url\" content=\"https:\/\/president-ksgov.net\/en\/president-osmani-on-an-official-visit-to-hungary-at-the-invitation-of-president-sulyok\/\" \/>\n<meta property=\"og:site_name\" content=\"President of the Republic of Kosovo - DR. VJOSA OSMANI - SADRIU\" \/>\n<meta property=\"article:published_time\" content=\"2025-06-17T07:00:16+00:00\" \/>\n<meta property=\"article:modified_time\" content=\"2025-06-26T08:12:25+00:00\" \/>\n<meta property=\"og:image\" content=\"https:\/\/president-ksgov.net\/wp-content\/uploads\/Presidentja-Osmani-ne-vizite-zyrtare-ne-Hungari-me-ftese-te-Presidentit-Sulyok-1.jpeg\" \/>\n\t<meta property=\"og:image:width\" content=\"2048\" \/>\n\t<meta property=\"og:image:height\" content=\"1368\" \/>\n\t<meta property=\"og:image:type\" content=\"image\/jpeg\" \/>\n<meta name=\"author\" content=\"Azim Rabby\" \/>\n<meta name=\"twitter:card\" content=\"summary_large_image\" \/>\n<meta name=\"twitter:label1\" content=\"Written by\" \/>\n\t<meta name=\"twitter:data1\" content=\"Azim Rabby\" \/>\n\t<meta name=\"twitter:label2\" content=\"Est. reading time\" \/>\n\t<meta name=\"twitter:data2\" content=\"1 minute\" \/>\n<script type=\"application\/ld+json\" class=\"yoast-schema-graph\">{\"@context\":\"https:\/\/schema.org\",\"@graph\":[{\"@type\":\"WebPage\",\"@id\":\"https:\/\/president-ksgov.net\/en\/president-osmani-on-an-official-visit-to-hungary-at-the-invitation-of-president-sulyok\/\",\"url\":\"https:\/\/president-ksgov.net\/en\/president-osmani-on-an-official-visit-to-hungary-at-the-invitation-of-president-sulyok\/\",\"name\":\"President Osmani on an official visit to Hungary at the invitation of President Sulyok - President of the Republic of Kosovo - DR. VJOSA OSMANI - SADRIU\",\"isPartOf\":{\"@id\":\"https:\/\/president-ksgov.net\/#website\"},\"primaryImageOfPage\":{\"@id\":\"https:\/\/president-ksgov.net\/en\/president-osmani-on-an-official-visit-to-hungary-at-the-invitation-of-president-sulyok\/#primaryimage\"},\"image\":{\"@id\":\"https:\/\/president-ksgov.net\/en\/president-osmani-on-an-official-visit-to-hungary-at-the-invitation-of-president-sulyok\/#primaryimage\"},\"thumbnailUrl\":\"https:\/\/president-ksgov.net\/wp-content\/uploads\/Presidentja-Osmani-ne-vizite-zyrtare-ne-Hungari-me-ftese-te-Presidentit-Sulyok-1.jpeg\",\"datePublished\":\"2025-06-17T07:00:16+00:00\",\"dateModified\":\"2025-06-26T08:12:25+00:00\",\"author\":{\"@id\":\"https:\/\/president-ksgov.net\/#\/schema\/person\/46897fdfb3a2c4637c66776b267b09f6\"},\"description\":\"President Osmani on an official visit to Hungary at the invitation of President Sulyok - President of the Republic of Kosovo - DR. VJOSA OSMANI - SADRIU - News\",\"breadcrumb\":{\"@id\":\"https:\/\/president-ksgov.net\/en\/president-osmani-on-an-official-visit-to-hungary-at-the-invitation-of-president-sulyok\/#breadcrumb\"},\"inLanguage\":\"en-US\",\"potentialAction\":[{\"@type\":\"ReadAction\",\"target\":[\"https:\/\/president-ksgov.net\/en\/president-osmani-on-an-official-visit-to-hungary-at-the-invitation-of-president-sulyok\/\"]}]},{\"@type\":\"ImageObject\",\"inLanguage\":\"en-US\",\"@id\":\"https:\/\/president-ksgov.net\/en\/president-osmani-on-an-official-visit-to-hungary-at-the-invitation-of-president-sulyok\/#primaryimage\",\"url\":\"https:\/\/president-ksgov.net\/wp-content\/uploads\/Presidentja-Osmani-ne-vizite-zyrtare-ne-Hungari-me-ftese-te-Presidentit-Sulyok-1.jpeg\",\"contentUrl\":\"https:\/\/president-ksgov.net\/wp-content\/uploads\/Presidentja-Osmani-ne-vizite-zyrtare-ne-Hungari-me-ftese-te-Presidentit-Sulyok-1.jpeg\",\"width\":2048,\"height\":1368},{\"@type\":\"BreadcrumbList\",\"@id\":\"https:\/\/president-ksgov.net\/en\/president-osmani-on-an-official-visit-to-hungary-at-the-invitation-of-president-sulyok\/#breadcrumb\",\"itemListElement\":[{\"@type\":\"ListItem\",\"position\":1,\"name\":\"Home\",\"item\":\"https:\/\/president-ksgov.net\/en\/\"},{\"@type\":\"ListItem\",\"position\":2,\"name\":\"President Osmani on an official visit to Hungary at the invitation of President Sulyok\"}]},{\"@type\":\"WebSite\",\"@id\":\"https:\/\/president-ksgov.net\/#website\",\"url\":\"https:\/\/president-ksgov.net\/\",\"name\":\"Presidente e Republik\u00ebs s\u00eb Kosov\u00ebs\",\"description\":\"Presidente e Republik\u00ebs s\u00eb Kosov\u00ebs\",\"alternateName\":\"DR. VJOSA OSMANI - SADRIU\",\"potentialAction\":[{\"@type\":\"SearchAction\",\"target\":{\"@type\":\"EntryPoint\",\"urlTemplate\":\"https:\/\/president-ksgov.net\/?s={search_term_string}\"},\"query-input\":{\"@type\":\"PropertyValueSpecification\",\"valueRequired\":true,\"valueName\":\"search_term_string\"}}],\"inLanguage\":\"en-US\"},{\"@type\":\"Person\",\"@id\":\"https:\/\/president-ksgov.net\/#\/schema\/person\/46897fdfb3a2c4637c66776b267b09f6\",\"name\":\"Azim Rabby\",\"image\":{\"@type\":\"ImageObject\",\"inLanguage\":\"en-US\",\"@id\":\"https:\/\/president-ksgov.net\/#\/schema\/person\/image\/\",\"url\":\"https:\/\/secure.gravatar.com\/avatar\/2e869d6e696f88891afa5dab0768da91bb4d2f829b32699cfb894a221f3d336b?s=96&d=mm&r=g\",\"contentUrl\":\"https:\/\/secure.gravatar.com\/avatar\/2e869d6e696f88891afa5dab0768da91bb4d2f829b32699cfb894a221f3d336b?s=96&d=mm&r=g\",\"caption\":\"Azim Rabby\"}}]}<\/script>\n<!-- \/ Yoast SEO plugin. -->","yoast_head_json":{"title":"President Osmani on an official visit to Hungary at the invitation of President Sulyok - President of the Republic of Kosovo - DR. VJOSA OSMANI - SADRIU","description":"President Osmani on an official visit to Hungary at the invitation of President Sulyok - President of the Republic of Kosovo - DR. VJOSA OSMANI - SADRIU - News","robots":{"index":"index","follow":"follow","max-snippet":"max-snippet:-1","max-image-preview":"max-image-preview:large","max-video-preview":"max-video-preview:-1"},"canonical":"https:\/\/president-ksgov.net\/en\/president-osmani-on-an-official-visit-to-hungary-at-the-invitation-of-president-sulyok\/","og_locale":"en_US","og_type":"article","og_title":"President Osmani on an official visit to Hungary at the invitation of President Sulyok - President of the Republic of Kosovo - DR. VJOSA OSMANI - SADRIU","og_description":"President Osmani on an official visit to Hungary at the invitation of President Sulyok - President of the Republic of Kosovo - DR. VJOSA OSMANI - SADRIU - News","og_url":"https:\/\/president-ksgov.net\/en\/president-osmani-on-an-official-visit-to-hungary-at-the-invitation-of-president-sulyok\/","og_site_name":"President of the Republic of Kosovo - DR. VJOSA OSMANI - SADRIU","article_published_time":"2025-06-17T07:00:16+00:00","article_modified_time":"2025-06-26T08:12:25+00:00","og_image":[{"width":2048,"height":1368,"url":"https:\/\/president-ksgov.net\/wp-content\/uploads\/Presidentja-Osmani-ne-vizite-zyrtare-ne-Hungari-me-ftese-te-Presidentit-Sulyok-1.jpeg","type":"image\/jpeg"}],"author":"Azim Rabby","twitter_card":"summary_large_image","twitter_misc":{"Written by":"Azim Rabby","Est. reading time":"1 minute"},"schema":{"@context":"https:\/\/schema.org","@graph":[{"@type":"WebPage","@id":"https:\/\/president-ksgov.net\/en\/president-osmani-on-an-official-visit-to-hungary-at-the-invitation-of-president-sulyok\/","url":"https:\/\/president-ksgov.net\/en\/president-osmani-on-an-official-visit-to-hungary-at-the-invitation-of-president-sulyok\/","name":"President Osmani on an official visit to Hungary at the invitation of President Sulyok - President of the Republic of Kosovo - DR. VJOSA OSMANI - SADRIU","isPartOf":{"@id":"https:\/\/president-ksgov.net\/#website"},"primaryImageOfPage":{"@id":"https:\/\/president-ksgov.net\/en\/president-osmani-on-an-official-visit-to-hungary-at-the-invitation-of-president-sulyok\/#primaryimage"},"image":{"@id":"https:\/\/president-ksgov.net\/en\/president-osmani-on-an-official-visit-to-hungary-at-the-invitation-of-president-sulyok\/#primaryimage"},"thumbnailUrl":"https:\/\/president-ksgov.net\/wp-content\/uploads\/Presidentja-Osmani-ne-vizite-zyrtare-ne-Hungari-me-ftese-te-Presidentit-Sulyok-1.jpeg","datePublished":"2025-06-17T07:00:16+00:00","dateModified":"2025-06-26T08:12:25+00:00","author":{"@id":"https:\/\/president-ksgov.net\/#\/schema\/person\/46897fdfb3a2c4637c66776b267b09f6"},"description":"President Osmani on an official visit to Hungary at the invitation of President Sulyok - President of the Republic of Kosovo - DR. VJOSA OSMANI - SADRIU - News","breadcrumb":{"@id":"https:\/\/president-ksgov.net\/en\/president-osmani-on-an-official-visit-to-hungary-at-the-invitation-of-president-sulyok\/#breadcrumb"},"inLanguage":"en-US","potentialAction":[{"@type":"ReadAction","target":["https:\/\/president-ksgov.net\/en\/president-osmani-on-an-official-visit-to-hungary-at-the-invitation-of-president-sulyok\/"]}]},{"@type":"ImageObject","inLanguage":"en-US","@id":"https:\/\/president-ksgov.net\/en\/president-osmani-on-an-official-visit-to-hungary-at-the-invitation-of-president-sulyok\/#primaryimage","url":"https:\/\/president-ksgov.net\/wp-content\/uploads\/Presidentja-Osmani-ne-vizite-zyrtare-ne-Hungari-me-ftese-te-Presidentit-Sulyok-1.jpeg","contentUrl":"https:\/\/president-ksgov.net\/wp-content\/uploads\/Presidentja-Osmani-ne-vizite-zyrtare-ne-Hungari-me-ftese-te-Presidentit-Sulyok-1.jpeg","width":2048,"height":1368},{"@type":"BreadcrumbList","@id":"https:\/\/president-ksgov.net\/en\/president-osmani-on-an-official-visit-to-hungary-at-the-invitation-of-president-sulyok\/#breadcrumb","itemListElement":[{"@type":"ListItem","position":1,"name":"Home","item":"https:\/\/president-ksgov.net\/en\/"},{"@type":"ListItem","position":2,"name":"President Osmani on an official visit to Hungary at the invitation of President Sulyok"}]},{"@type":"WebSite","@id":"https:\/\/president-ksgov.net\/#website","url":"https:\/\/president-ksgov.net\/","name":"Presidente e Republik\u00ebs s\u00eb Kosov\u00ebs","description":"Presidente e Republik\u00ebs s\u00eb Kosov\u00ebs","alternateName":"DR. VJOSA OSMANI - SADRIU","potentialAction":[{"@type":"SearchAction","target":{"@type":"EntryPoint","urlTemplate":"https:\/\/president-ksgov.net\/?s={search_term_string}"},"query-input":{"@type":"PropertyValueSpecification","valueRequired":true,"valueName":"search_term_string"}}],"inLanguage":"en-US"},{"@type":"Person","@id":"https:\/\/president-ksgov.net\/#\/schema\/person\/46897fdfb3a2c4637c66776b267b09f6","name":"Azim Rabby","image":{"@type":"ImageObject","inLanguage":"en-US","@id":"https:\/\/president-ksgov.net\/#\/schema\/person\/image\/","url":"https:\/\/secure.gravatar.com\/avatar\/2e869d6e696f88891afa5dab0768da91bb4d2f829b32699cfb894a221f3d336b?s=96&d=mm&r=g","contentUrl":"https:\/\/secure.gravatar.com\/avatar\/2e869d6e696f88891afa5dab0768da91bb4d2f829b32699cfb894a221f3d336b?s=96&d=mm&r=g","caption":"Azim Rabby"}}]}},"_links":{"self":[{"href":"https:\/\/president-ksgov.net\/en\/wp-json\/wp\/v2\/posts\/167286","targetHints":{"allow":["GET"]}}],"collection":[{"href":"https:\/\/president-ksgov.net\/en\/wp-json\/wp\/v2\/posts"}],"about":[{"href":"https:\/\/president-ksgov.net\/en\/wp-json\/wp\/v2\/types\/post"}],"author":[{"embeddable":true,"href":"https:\/\/president-ksgov.net\/en\/wp-json\/wp\/v2\/users\/16"}],"replies":[{"embeddable":true,"href":"https:\/\/president-ksgov.net\/en\/wp-json\/wp\/v2\/comments?post=167286"}],"version-history":[{"count":1,"href":"https:\/\/president-ksgov.net\/en\/wp-json\/wp\/v2\/posts\/167286\/revisions"}],"predecessor-version":[{"id":167287,"href":"https:\/\/president-ksgov.net\/en\/wp-json\/wp\/v2\/posts\/167286\/revisions\/167287"}],"wp:featuredmedia":[{"embeddable":true,"href":"https:\/\/president-ksgov.net\/en\/wp-json\/wp\/v2\/media\/166072"}],"wp:attachment":[{"href":"https:\/\/president-ksgov.net\/en\/wp-json\/wp\/v2\/media?parent=167286"}],"wp:term":[{"taxonomy":"category","embeddable":true,"href":"https:\/\/president-ksgov.net\/en\/wp-json\/wp\/v2\/categories?post=167286"},{"taxonomy":"post_tag","embeddable":true,"href":"https:\/\/president-ksgov.net\/en\/wp-json\/wp\/v2\/tags?post=167286"}],"curies":[{"name":"wp","href":"https:\/\/api.w.org\/{rel}","templated":true}]}}