{"id":166182,"date":"2025-06-19T13:13:00","date_gmt":"2025-06-19T11:13:00","guid":{"rendered":"https:\/\/president-ksgov.net\/?p=166182"},"modified":"2025-06-19T13:13:57","modified_gmt":"2025-06-19T11:13:57","slug":"president-osmani-commemorates-nekibe-kelmendi-on-the-14th-anniversary-of-her-passing","status":"publish","type":"post","link":"https:\/\/president-ksgov.net\/en\/president-osmani-commemorates-nekibe-kelmendi-on-the-14th-anniversary-of-her-passing\/","title":{"rendered":"President Osmani commemorates Nekibe Kelmendi on the 14th anniversary of her passing"},"content":{"rendered":"<p>Today we honor Mrs. Nekibe Kelmendi, a tireless human rights lawyer, courageous political activist, close associate of the historic President Dr. Ibrahim Rugova, and a clear voice for justice in the darkest times of our country.<\/p>\n<p>&nbsp;<\/p>\n<p>She remained stoic despite the personal suffering caused by the cruel murder of her husband and sons by the Serbian genocidal regime, and never gave up her dedication to freedom, dignity, and justice.<\/p>\n<p>&nbsp;<\/p>\n<p>Mrs. Nekibe Kelmendi has made an extraordinary contribution to state-building, to the drafting of the first Constitution of our independent Republic, as well as to many other state-building processes.<\/p>\n<p>&nbsp;<\/p>\n<p>She continues to remain one of the brightest figures of our recent history.<\/p>\n<p>&nbsp;<\/p>\n<p>Her memory will always live on as an inspiration to all those who believe in peace, justice, and the values \u200b\u200bupon which our country is built.<\/p>\n<p>&nbsp;<\/p>\n<p>Glory to her life and work!<\/p>\n","protected":false},"excerpt":{"rendered":"<p>Today we honor Mrs. Nekibe Kelmendi, a tireless human rights lawyer, courageous political activist, close associate of the historic President Dr. Ibrahim Rugova, and a clear voice for justice in the darkest times of our country. &nbsp; She remained stoic despite the personal suffering caused by the cruel murder of her husband and sons by the Serbian genocidal regime, and never gave up her dedication to freedom, dignity, and justice. &nbsp; Mrs. Nekibe Kelmendi has made an extraordinary contribution to state-building, to the drafting of the first Constitution of our independent Republic, as well as to many other state-building processes. &nbsp; She continues to remain one of the brightest figures of our recent history. &nbsp; Her memory will always live on as an inspiration to all those who believe in peace, justice, and the values \u200b\u200bupon which our country is built. &nbsp; Glory to her life and work!<\/p>\n","protected":false},"author":16,"featured_media":166178,"comment_status":"closed","ping_status":"closed","sticky":false,"template":"","format":"standard","meta":{"_eb_attr":"","footnotes":""},"categories":[111],"tags":[],"class_list":["post-166182","post","type-post","status-publish","format-standard","has-post-thumbnail","hentry","category-news"],"yoast_head":"<!-- This site is optimized with the Yoast SEO plugin v23.5 - https:\/\/yoast.com\/wordpress\/plugins\/seo\/ -->\n<title>President Osmani commemorates Nekibe Kelmendi on the 14th anniversary of her passing - President of the Republic of Kosovo - DR. VJOSA OSMANI - SADRIU<\/title>\n<meta name=\"description\" content=\"President Osmani commemorates Nekibe Kelmendi on the 14th anniversary of her passing - President of the Republic of Kosovo - DR. VJOSA OSMANI - SADRIU -\" \/>\n<meta name=\"robots\" content=\"index, follow, max-snippet:-1, max-image-preview:large, max-video-preview:-1\" \/>\n<link rel=\"canonical\" href=\"https:\/\/president-ksgov.net\/en\/president-osmani-commemorates-nekibe-kelmendi-on-the-14th-anniversary-of-her-passing\/\" \/>\n<meta property=\"og:locale\" content=\"en_US\" \/>\n<meta property=\"og:type\" content=\"article\" \/>\n<meta property=\"og:title\" content=\"President Osmani commemorates Nekibe Kelmendi on the 14th anniversary of her passing - President of the Republic of Kosovo - DR. VJOSA OSMANI - SADRIU\" \/>\n<meta property=\"og:description\" content=\"President Osmani commemorates Nekibe Kelmendi on the 14th anniversary of her passing - President of the Republic of Kosovo - DR. VJOSA OSMANI - SADRIU -\" \/>\n<meta property=\"og:url\" content=\"https:\/\/president-ksgov.net\/en\/president-osmani-commemorates-nekibe-kelmendi-on-the-14th-anniversary-of-her-passing\/\" \/>\n<meta property=\"og:site_name\" content=\"President of the Republic of Kosovo - DR. VJOSA OSMANI - SADRIU\" \/>\n<meta property=\"article:published_time\" content=\"2025-06-19T11:13:00+00:00\" \/>\n<meta property=\"article:modified_time\" content=\"2025-06-19T11:13:57+00:00\" \/>\n<meta property=\"og:image\" content=\"https:\/\/president-ksgov.net\/wp-content\/uploads\/nekibe-kelmendi-1.jpeg\" \/>\n\t<meta property=\"og:image:width\" content=\"913\" \/>\n\t<meta property=\"og:image:height\" content=\"600\" \/>\n\t<meta property=\"og:image:type\" content=\"image\/jpeg\" \/>\n<meta name=\"author\" content=\"Azim Rabby\" \/>\n<meta name=\"twitter:card\" content=\"summary_large_image\" \/>\n<meta name=\"twitter:label1\" content=\"Written by\" \/>\n\t<meta name=\"twitter:data1\" content=\"Azim Rabby\" \/>\n\t<meta name=\"twitter:label2\" content=\"Est. reading time\" \/>\n\t<meta name=\"twitter:data2\" content=\"1 minute\" \/>\n<script type=\"application\/ld+json\" class=\"yoast-schema-graph\">{\"@context\":\"https:\/\/schema.org\",\"@graph\":[{\"@type\":\"WebPage\",\"@id\":\"https:\/\/president-ksgov.net\/en\/president-osmani-commemorates-nekibe-kelmendi-on-the-14th-anniversary-of-her-passing\/\",\"url\":\"https:\/\/president-ksgov.net\/en\/president-osmani-commemorates-nekibe-kelmendi-on-the-14th-anniversary-of-her-passing\/\",\"name\":\"President Osmani commemorates Nekibe Kelmendi on the 14th anniversary of her passing - President of the Republic of Kosovo - DR. VJOSA OSMANI - SADRIU\",\"isPartOf\":{\"@id\":\"https:\/\/president-ksgov.net\/#website\"},\"primaryImageOfPage\":{\"@id\":\"https:\/\/president-ksgov.net\/en\/president-osmani-commemorates-nekibe-kelmendi-on-the-14th-anniversary-of-her-passing\/#primaryimage\"},\"image\":{\"@id\":\"https:\/\/president-ksgov.net\/en\/president-osmani-commemorates-nekibe-kelmendi-on-the-14th-anniversary-of-her-passing\/#primaryimage\"},\"thumbnailUrl\":\"https:\/\/president-ksgov.net\/wp-content\/uploads\/nekibe-kelmendi-1.jpeg\",\"datePublished\":\"2025-06-19T11:13:00+00:00\",\"dateModified\":\"2025-06-19T11:13:57+00:00\",\"author\":{\"@id\":\"https:\/\/president-ksgov.net\/#\/schema\/person\/46897fdfb3a2c4637c66776b267b09f6\"},\"description\":\"President Osmani commemorates Nekibe Kelmendi on the 14th anniversary of her passing - President of the Republic of Kosovo - DR. VJOSA OSMANI - SADRIU -\",\"breadcrumb\":{\"@id\":\"https:\/\/president-ksgov.net\/en\/president-osmani-commemorates-nekibe-kelmendi-on-the-14th-anniversary-of-her-passing\/#breadcrumb\"},\"inLanguage\":\"en-US\",\"potentialAction\":[{\"@type\":\"ReadAction\",\"target\":[\"https:\/\/president-ksgov.net\/en\/president-osmani-commemorates-nekibe-kelmendi-on-the-14th-anniversary-of-her-passing\/\"]}]},{\"@type\":\"ImageObject\",\"inLanguage\":\"en-US\",\"@id\":\"https:\/\/president-ksgov.net\/en\/president-osmani-commemorates-nekibe-kelmendi-on-the-14th-anniversary-of-her-passing\/#primaryimage\",\"url\":\"https:\/\/president-ksgov.net\/wp-content\/uploads\/nekibe-kelmendi-1.jpeg\",\"contentUrl\":\"https:\/\/president-ksgov.net\/wp-content\/uploads\/nekibe-kelmendi-1.jpeg\",\"width\":913,\"height\":600},{\"@type\":\"BreadcrumbList\",\"@id\":\"https:\/\/president-ksgov.net\/en\/president-osmani-commemorates-nekibe-kelmendi-on-the-14th-anniversary-of-her-passing\/#breadcrumb\",\"itemListElement\":[{\"@type\":\"ListItem\",\"position\":1,\"name\":\"Home\",\"item\":\"https:\/\/president-ksgov.net\/en\/\"},{\"@type\":\"ListItem\",\"position\":2,\"name\":\"President Osmani commemorates Nekibe Kelmendi on the 14th anniversary of her passing\"}]},{\"@type\":\"WebSite\",\"@id\":\"https:\/\/president-ksgov.net\/#website\",\"url\":\"https:\/\/president-ksgov.net\/\",\"name\":\"Presidente e Republik\u00ebs s\u00eb Kosov\u00ebs\",\"description\":\"Presidente e Republik\u00ebs s\u00eb Kosov\u00ebs\",\"alternateName\":\"DR. VJOSA OSMANI - SADRIU\",\"potentialAction\":[{\"@type\":\"SearchAction\",\"target\":{\"@type\":\"EntryPoint\",\"urlTemplate\":\"https:\/\/president-ksgov.net\/?s={search_term_string}\"},\"query-input\":{\"@type\":\"PropertyValueSpecification\",\"valueRequired\":true,\"valueName\":\"search_term_string\"}}],\"inLanguage\":\"en-US\"},{\"@type\":\"Person\",\"@id\":\"https:\/\/president-ksgov.net\/#\/schema\/person\/46897fdfb3a2c4637c66776b267b09f6\",\"name\":\"Azim Rabby\",\"image\":{\"@type\":\"ImageObject\",\"inLanguage\":\"en-US\",\"@id\":\"https:\/\/president-ksgov.net\/#\/schema\/person\/image\/\",\"url\":\"https:\/\/secure.gravatar.com\/avatar\/2e869d6e696f88891afa5dab0768da91bb4d2f829b32699cfb894a221f3d336b?s=96&d=mm&r=g\",\"contentUrl\":\"https:\/\/secure.gravatar.com\/avatar\/2e869d6e696f88891afa5dab0768da91bb4d2f829b32699cfb894a221f3d336b?s=96&d=mm&r=g\",\"caption\":\"Azim Rabby\"}}]}<\/script>\n<!-- \/ Yoast SEO plugin. -->","yoast_head_json":{"title":"President Osmani commemorates Nekibe Kelmendi on the 14th anniversary of her passing - President of the Republic of Kosovo - DR. VJOSA OSMANI - SADRIU","description":"President Osmani commemorates Nekibe Kelmendi on the 14th anniversary of her passing - President of the Republic of Kosovo - DR. VJOSA OSMANI - SADRIU -","robots":{"index":"index","follow":"follow","max-snippet":"max-snippet:-1","max-image-preview":"max-image-preview:large","max-video-preview":"max-video-preview:-1"},"canonical":"https:\/\/president-ksgov.net\/en\/president-osmani-commemorates-nekibe-kelmendi-on-the-14th-anniversary-of-her-passing\/","og_locale":"en_US","og_type":"article","og_title":"President Osmani commemorates Nekibe Kelmendi on the 14th anniversary of her passing - President of the Republic of Kosovo - DR. VJOSA OSMANI - SADRIU","og_description":"President Osmani commemorates Nekibe Kelmendi on the 14th anniversary of her passing - President of the Republic of Kosovo - DR. VJOSA OSMANI - SADRIU -","og_url":"https:\/\/president-ksgov.net\/en\/president-osmani-commemorates-nekibe-kelmendi-on-the-14th-anniversary-of-her-passing\/","og_site_name":"President of the Republic of Kosovo - DR. VJOSA OSMANI - SADRIU","article_published_time":"2025-06-19T11:13:00+00:00","article_modified_time":"2025-06-19T11:13:57+00:00","og_image":[{"width":913,"height":600,"url":"https:\/\/president-ksgov.net\/wp-content\/uploads\/nekibe-kelmendi-1.jpeg","type":"image\/jpeg"}],"author":"Azim Rabby","twitter_card":"summary_large_image","twitter_misc":{"Written by":"Azim Rabby","Est. reading time":"1 minute"},"schema":{"@context":"https:\/\/schema.org","@graph":[{"@type":"WebPage","@id":"https:\/\/president-ksgov.net\/en\/president-osmani-commemorates-nekibe-kelmendi-on-the-14th-anniversary-of-her-passing\/","url":"https:\/\/president-ksgov.net\/en\/president-osmani-commemorates-nekibe-kelmendi-on-the-14th-anniversary-of-her-passing\/","name":"President Osmani commemorates Nekibe Kelmendi on the 14th anniversary of her passing - President of the Republic of Kosovo - DR. VJOSA OSMANI - SADRIU","isPartOf":{"@id":"https:\/\/president-ksgov.net\/#website"},"primaryImageOfPage":{"@id":"https:\/\/president-ksgov.net\/en\/president-osmani-commemorates-nekibe-kelmendi-on-the-14th-anniversary-of-her-passing\/#primaryimage"},"image":{"@id":"https:\/\/president-ksgov.net\/en\/president-osmani-commemorates-nekibe-kelmendi-on-the-14th-anniversary-of-her-passing\/#primaryimage"},"thumbnailUrl":"https:\/\/president-ksgov.net\/wp-content\/uploads\/nekibe-kelmendi-1.jpeg","datePublished":"2025-06-19T11:13:00+00:00","dateModified":"2025-06-19T11:13:57+00:00","author":{"@id":"https:\/\/president-ksgov.net\/#\/schema\/person\/46897fdfb3a2c4637c66776b267b09f6"},"description":"President Osmani commemorates Nekibe Kelmendi on the 14th anniversary of her passing - President of the Republic of Kosovo - DR. VJOSA OSMANI - SADRIU -","breadcrumb":{"@id":"https:\/\/president-ksgov.net\/en\/president-osmani-commemorates-nekibe-kelmendi-on-the-14th-anniversary-of-her-passing\/#breadcrumb"},"inLanguage":"en-US","potentialAction":[{"@type":"ReadAction","target":["https:\/\/president-ksgov.net\/en\/president-osmani-commemorates-nekibe-kelmendi-on-the-14th-anniversary-of-her-passing\/"]}]},{"@type":"ImageObject","inLanguage":"en-US","@id":"https:\/\/president-ksgov.net\/en\/president-osmani-commemorates-nekibe-kelmendi-on-the-14th-anniversary-of-her-passing\/#primaryimage","url":"https:\/\/president-ksgov.net\/wp-content\/uploads\/nekibe-kelmendi-1.jpeg","contentUrl":"https:\/\/president-ksgov.net\/wp-content\/uploads\/nekibe-kelmendi-1.jpeg","width":913,"height":600},{"@type":"BreadcrumbList","@id":"https:\/\/president-ksgov.net\/en\/president-osmani-commemorates-nekibe-kelmendi-on-the-14th-anniversary-of-her-passing\/#breadcrumb","itemListElement":[{"@type":"ListItem","position":1,"name":"Home","item":"https:\/\/president-ksgov.net\/en\/"},{"@type":"ListItem","position":2,"name":"President Osmani commemorates Nekibe Kelmendi on the 14th anniversary of her passing"}]},{"@type":"WebSite","@id":"https:\/\/president-ksgov.net\/#website","url":"https:\/\/president-ksgov.net\/","name":"Presidente e Republik\u00ebs s\u00eb Kosov\u00ebs","description":"Presidente e Republik\u00ebs s\u00eb Kosov\u00ebs","alternateName":"DR. VJOSA OSMANI - SADRIU","potentialAction":[{"@type":"SearchAction","target":{"@type":"EntryPoint","urlTemplate":"https:\/\/president-ksgov.net\/?s={search_term_string}"},"query-input":{"@type":"PropertyValueSpecification","valueRequired":true,"valueName":"search_term_string"}}],"inLanguage":"en-US"},{"@type":"Person","@id":"https:\/\/president-ksgov.net\/#\/schema\/person\/46897fdfb3a2c4637c66776b267b09f6","name":"Azim Rabby","image":{"@type":"ImageObject","inLanguage":"en-US","@id":"https:\/\/president-ksgov.net\/#\/schema\/person\/image\/","url":"https:\/\/secure.gravatar.com\/avatar\/2e869d6e696f88891afa5dab0768da91bb4d2f829b32699cfb894a221f3d336b?s=96&d=mm&r=g","contentUrl":"https:\/\/secure.gravatar.com\/avatar\/2e869d6e696f88891afa5dab0768da91bb4d2f829b32699cfb894a221f3d336b?s=96&d=mm&r=g","caption":"Azim Rabby"}}]}},"_links":{"self":[{"href":"https:\/\/president-ksgov.net\/en\/wp-json\/wp\/v2\/posts\/166182","targetHints":{"allow":["GET"]}}],"collection":[{"href":"https:\/\/president-ksgov.net\/en\/wp-json\/wp\/v2\/posts"}],"about":[{"href":"https:\/\/president-ksgov.net\/en\/wp-json\/wp\/v2\/types\/post"}],"author":[{"embeddable":true,"href":"https:\/\/president-ksgov.net\/en\/wp-json\/wp\/v2\/users\/16"}],"replies":[{"embeddable":true,"href":"https:\/\/president-ksgov.net\/en\/wp-json\/wp\/v2\/comments?post=166182"}],"version-history":[{"count":1,"href":"https:\/\/president-ksgov.net\/en\/wp-json\/wp\/v2\/posts\/166182\/revisions"}],"predecessor-version":[{"id":166183,"href":"https:\/\/president-ksgov.net\/en\/wp-json\/wp\/v2\/posts\/166182\/revisions\/166183"}],"wp:featuredmedia":[{"embeddable":true,"href":"https:\/\/president-ksgov.net\/en\/wp-json\/wp\/v2\/media\/166178"}],"wp:attachment":[{"href":"https:\/\/president-ksgov.net\/en\/wp-json\/wp\/v2\/media?parent=166182"}],"wp:term":[{"taxonomy":"category","embeddable":true,"href":"https:\/\/president-ksgov.net\/en\/wp-json\/wp\/v2\/categories?post=166182"},{"taxonomy":"post_tag","embeddable":true,"href":"https:\/\/president-ksgov.net\/en\/wp-json\/wp\/v2\/tags?post=166182"}],"curies":[{"name":"wp","href":"https:\/\/api.w.org\/{rel}","templated":true}]}}