{"id":161761,"date":"2025-05-09T15:19:09","date_gmt":"2025-05-09T13:19:09","guid":{"rendered":"https:\/\/president-ksgov.net\/?p=161761"},"modified":"2025-05-12T13:04:08","modified_gmt":"2025-05-12T11:04:08","slug":"president-on-europe-day-we-reflect-on-the-values-at-the-core-of-both-our-republic-and-the-european-union","status":"publish","type":"post","link":"https:\/\/president-ksgov.net\/en\/president-on-europe-day-we-reflect-on-the-values-at-the-core-of-both-our-republic-and-the-european-union\/","title":{"rendered":"President: On Europe Day, we reflect on the values at the core of both our Republic and the European Union"},"content":{"rendered":"<p>The President of the Republic of Kosovo, Vjosa Osmani, has said that on Europe Day, we reflect on the values at the core of both our Republic and the European Union: democracy, human rights and the rule of law.<\/p>\n<p>President Osmani wrote:<\/p>\n<p>On Europe Day, we reflect on the values that underpin our Republic and the European Union: democracy, human rights and the rule of law. These values have been and remain our guide in the journey towards integration into the European Union and the daily strengthening of our state.<\/p>\n<p>For the people of Kosovo, this day is a reaffirmation of who we are. Because we believe in Europe despite the challenges and injustices we face along this journey.<\/p>\n<p>On this significant day, it is important that, with one voice, we demand the lifting of the European Union&#8217;s unjust measures against Kosovo, and the serious treatment of Serbia&#8217;s destabilizing policies\u2014which became even more evident when Vu\u00e7iq chose to mark Europe Day in Moscow, precisely with Putin, the one who is today endangering the stability and security of our continent.<\/p>\n<p>For the dream of Europeans for a whole, free and united Europe to be fully realised, punitive policies against the most pro-European people must end, and accommodative policies against pro-Putinist Serbia must stop.<\/p>\n<p>&nbsp;<\/p>\n<p>&nbsp;<\/p>\n","protected":false},"excerpt":{"rendered":"<p>The President of the Republic of Kosovo, Vjosa Osmani, has said that on Europe Day, we reflect on the values at the core of both our Republic and the European Union: democracy, human rights and the rule of law. President Osmani wrote: On Europe Day, we reflect on the values that underpin our Republic and the European Union: democracy, human rights and the rule of law. These values have been and remain our guide in the journey towards integration into the European Union and the daily strengthening of our state. For the people of Kosovo, this day is a reaffirmation of who we are. Because we believe in Europe despite the challenges and injustices we face along this journey. On this significant day, it is important that, with one voice, we demand the lifting of the European Union&#8217;s unjust measures against Kosovo, and the serious treatment of Serbia&#8217;s destabilizing policies\u2014which became even more evident when Vu\u00e7iq chose to mark Europe Day in Moscow, precisely with Putin, the one who is today endangering the stability and security of our continent. For the dream of Europeans for a whole, free and united Europe to be fully realised, punitive policies against the most pro-European people must end, and accommodative policies against pro-Putinist Serbia must stop. &nbsp; &nbsp;<\/p>\n","protected":false},"author":9,"featured_media":161484,"comment_status":"closed","ping_status":"closed","sticky":false,"template":"","format":"standard","meta":{"_eb_attr":"","footnotes":""},"categories":[111],"tags":[],"class_list":["post-161761","post","type-post","status-publish","format-standard","has-post-thumbnail","hentry","category-news"],"yoast_head":"<!-- This site is optimized with the Yoast SEO plugin v23.5 - https:\/\/yoast.com\/wordpress\/plugins\/seo\/ -->\n<title>President: On Europe Day, we reflect on the values at the core of both our Republic and the European Union - President of the Republic of Kosovo - DR. VJOSA OSMANI - SADRIU<\/title>\n<meta name=\"description\" content=\"President: On Europe Day, we reflect on the values at the core of both our Republic and the European Union - President of the Republic of Kosovo - DR. VJOSA OSMANI - SADRIU - News\" \/>\n<meta name=\"robots\" content=\"index, follow, max-snippet:-1, max-image-preview:large, max-video-preview:-1\" \/>\n<link rel=\"canonical\" href=\"https:\/\/president-ksgov.net\/en\/president-on-europe-day-we-reflect-on-the-values-at-the-core-of-both-our-republic-and-the-european-union\/\" \/>\n<meta property=\"og:locale\" content=\"en_US\" \/>\n<meta property=\"og:type\" content=\"article\" \/>\n<meta property=\"og:title\" content=\"President: On Europe Day, we reflect on the values at the core of both our Republic and the European Union - President of the Republic of Kosovo - DR. VJOSA OSMANI - SADRIU\" \/>\n<meta property=\"og:description\" content=\"President: On Europe Day, we reflect on the values at the core of both our Republic and the European Union - President of the Republic of Kosovo - DR. VJOSA OSMANI - SADRIU - News\" \/>\n<meta property=\"og:url\" content=\"https:\/\/president-ksgov.net\/en\/president-on-europe-day-we-reflect-on-the-values-at-the-core-of-both-our-republic-and-the-european-union\/\" \/>\n<meta property=\"og:site_name\" content=\"President of the Republic of Kosovo - DR. VJOSA OSMANI - SADRIU\" \/>\n<meta property=\"article:published_time\" content=\"2025-05-09T13:19:09+00:00\" \/>\n<meta property=\"article:modified_time\" content=\"2025-05-12T11:04:08+00:00\" \/>\n<meta property=\"og:image\" content=\"https:\/\/president-ksgov.net\/wp-content\/uploads\/495333503_1228014502016420_6510990335736523513_n.jpg\" \/>\n\t<meta property=\"og:image:width\" content=\"2048\" \/>\n\t<meta property=\"og:image:height\" content=\"1364\" \/>\n\t<meta property=\"og:image:type\" content=\"image\/jpeg\" \/>\n<meta name=\"author\" content=\"Florent Rrahmani\" \/>\n<meta name=\"twitter:card\" content=\"summary_large_image\" \/>\n<meta name=\"twitter:label1\" content=\"Written by\" \/>\n\t<meta name=\"twitter:data1\" content=\"Florent Rrahmani\" \/>\n\t<meta name=\"twitter:label2\" content=\"Est. reading time\" \/>\n\t<meta name=\"twitter:data2\" content=\"2 minutes\" \/>\n<script type=\"application\/ld+json\" class=\"yoast-schema-graph\">{\"@context\":\"https:\/\/schema.org\",\"@graph\":[{\"@type\":\"WebPage\",\"@id\":\"https:\/\/president-ksgov.net\/en\/president-on-europe-day-we-reflect-on-the-values-at-the-core-of-both-our-republic-and-the-european-union\/\",\"url\":\"https:\/\/president-ksgov.net\/en\/president-on-europe-day-we-reflect-on-the-values-at-the-core-of-both-our-republic-and-the-european-union\/\",\"name\":\"President: On Europe Day, we reflect on the values at the core of both our Republic and the European Union - President of the Republic of Kosovo - DR. VJOSA OSMANI - SADRIU\",\"isPartOf\":{\"@id\":\"https:\/\/president-ksgov.net\/#website\"},\"primaryImageOfPage\":{\"@id\":\"https:\/\/president-ksgov.net\/en\/president-on-europe-day-we-reflect-on-the-values-at-the-core-of-both-our-republic-and-the-european-union\/#primaryimage\"},\"image\":{\"@id\":\"https:\/\/president-ksgov.net\/en\/president-on-europe-day-we-reflect-on-the-values-at-the-core-of-both-our-republic-and-the-european-union\/#primaryimage\"},\"thumbnailUrl\":\"https:\/\/president-ksgov.net\/wp-content\/uploads\/495333503_1228014502016420_6510990335736523513_n.jpg\",\"datePublished\":\"2025-05-09T13:19:09+00:00\",\"dateModified\":\"2025-05-12T11:04:08+00:00\",\"author\":{\"@id\":\"https:\/\/president-ksgov.net\/#\/schema\/person\/7c46f744a99d3f1616b92658282aa934\"},\"description\":\"President: On Europe Day, we reflect on the values at the core of both our Republic and the European Union - President of the Republic of Kosovo - DR. VJOSA OSMANI - SADRIU - News\",\"breadcrumb\":{\"@id\":\"https:\/\/president-ksgov.net\/en\/president-on-europe-day-we-reflect-on-the-values-at-the-core-of-both-our-republic-and-the-european-union\/#breadcrumb\"},\"inLanguage\":\"en-US\",\"potentialAction\":[{\"@type\":\"ReadAction\",\"target\":[\"https:\/\/president-ksgov.net\/en\/president-on-europe-day-we-reflect-on-the-values-at-the-core-of-both-our-republic-and-the-european-union\/\"]}]},{\"@type\":\"ImageObject\",\"inLanguage\":\"en-US\",\"@id\":\"https:\/\/president-ksgov.net\/en\/president-on-europe-day-we-reflect-on-the-values-at-the-core-of-both-our-republic-and-the-european-union\/#primaryimage\",\"url\":\"https:\/\/president-ksgov.net\/wp-content\/uploads\/495333503_1228014502016420_6510990335736523513_n.jpg\",\"contentUrl\":\"https:\/\/president-ksgov.net\/wp-content\/uploads\/495333503_1228014502016420_6510990335736523513_n.jpg\",\"width\":2048,\"height\":1364},{\"@type\":\"BreadcrumbList\",\"@id\":\"https:\/\/president-ksgov.net\/en\/president-on-europe-day-we-reflect-on-the-values-at-the-core-of-both-our-republic-and-the-european-union\/#breadcrumb\",\"itemListElement\":[{\"@type\":\"ListItem\",\"position\":1,\"name\":\"Home\",\"item\":\"https:\/\/president-ksgov.net\/en\/\"},{\"@type\":\"ListItem\",\"position\":2,\"name\":\"President: On Europe Day, we reflect on the values at the core of both our Republic and the European Union\"}]},{\"@type\":\"WebSite\",\"@id\":\"https:\/\/president-ksgov.net\/#website\",\"url\":\"https:\/\/president-ksgov.net\/\",\"name\":\"Presidente e Republik\u00ebs s\u00eb Kosov\u00ebs\",\"description\":\"Presidente e Republik\u00ebs s\u00eb Kosov\u00ebs\",\"alternateName\":\"DR. VJOSA OSMANI - SADRIU\",\"potentialAction\":[{\"@type\":\"SearchAction\",\"target\":{\"@type\":\"EntryPoint\",\"urlTemplate\":\"https:\/\/president-ksgov.net\/?s={search_term_string}\"},\"query-input\":{\"@type\":\"PropertyValueSpecification\",\"valueRequired\":true,\"valueName\":\"search_term_string\"}}],\"inLanguage\":\"en-US\"},{\"@type\":\"Person\",\"@id\":\"https:\/\/president-ksgov.net\/#\/schema\/person\/7c46f744a99d3f1616b92658282aa934\",\"name\":\"Florent Rrahmani\",\"image\":{\"@type\":\"ImageObject\",\"inLanguage\":\"en-US\",\"@id\":\"https:\/\/president-ksgov.net\/#\/schema\/person\/image\/\",\"url\":\"https:\/\/secure.gravatar.com\/avatar\/2545924aa250de68ac8368367a79b663e59571cd131611f54c89b0613a94e230?s=96&d=mm&r=g\",\"contentUrl\":\"https:\/\/secure.gravatar.com\/avatar\/2545924aa250de68ac8368367a79b663e59571cd131611f54c89b0613a94e230?s=96&d=mm&r=g\",\"caption\":\"Florent Rrahmani\"}}]}<\/script>\n<!-- \/ Yoast SEO plugin. -->","yoast_head_json":{"title":"President: On Europe Day, we reflect on the values at the core of both our Republic and the European Union - President of the Republic of Kosovo - DR. VJOSA OSMANI - SADRIU","description":"President: On Europe Day, we reflect on the values at the core of both our Republic and the European Union - President of the Republic of Kosovo - DR. VJOSA OSMANI - SADRIU - News","robots":{"index":"index","follow":"follow","max-snippet":"max-snippet:-1","max-image-preview":"max-image-preview:large","max-video-preview":"max-video-preview:-1"},"canonical":"https:\/\/president-ksgov.net\/en\/president-on-europe-day-we-reflect-on-the-values-at-the-core-of-both-our-republic-and-the-european-union\/","og_locale":"en_US","og_type":"article","og_title":"President: On Europe Day, we reflect on the values at the core of both our Republic and the European Union - President of the Republic of Kosovo - DR. VJOSA OSMANI - SADRIU","og_description":"President: On Europe Day, we reflect on the values at the core of both our Republic and the European Union - President of the Republic of Kosovo - DR. VJOSA OSMANI - SADRIU - News","og_url":"https:\/\/president-ksgov.net\/en\/president-on-europe-day-we-reflect-on-the-values-at-the-core-of-both-our-republic-and-the-european-union\/","og_site_name":"President of the Republic of Kosovo - DR. VJOSA OSMANI - SADRIU","article_published_time":"2025-05-09T13:19:09+00:00","article_modified_time":"2025-05-12T11:04:08+00:00","og_image":[{"width":2048,"height":1364,"url":"https:\/\/president-ksgov.net\/wp-content\/uploads\/495333503_1228014502016420_6510990335736523513_n.jpg","type":"image\/jpeg"}],"author":"Florent Rrahmani","twitter_card":"summary_large_image","twitter_misc":{"Written by":"Florent Rrahmani","Est. reading time":"2 minutes"},"schema":{"@context":"https:\/\/schema.org","@graph":[{"@type":"WebPage","@id":"https:\/\/president-ksgov.net\/en\/president-on-europe-day-we-reflect-on-the-values-at-the-core-of-both-our-republic-and-the-european-union\/","url":"https:\/\/president-ksgov.net\/en\/president-on-europe-day-we-reflect-on-the-values-at-the-core-of-both-our-republic-and-the-european-union\/","name":"President: On Europe Day, we reflect on the values at the core of both our Republic and the European Union - President of the Republic of Kosovo - DR. VJOSA OSMANI - SADRIU","isPartOf":{"@id":"https:\/\/president-ksgov.net\/#website"},"primaryImageOfPage":{"@id":"https:\/\/president-ksgov.net\/en\/president-on-europe-day-we-reflect-on-the-values-at-the-core-of-both-our-republic-and-the-european-union\/#primaryimage"},"image":{"@id":"https:\/\/president-ksgov.net\/en\/president-on-europe-day-we-reflect-on-the-values-at-the-core-of-both-our-republic-and-the-european-union\/#primaryimage"},"thumbnailUrl":"https:\/\/president-ksgov.net\/wp-content\/uploads\/495333503_1228014502016420_6510990335736523513_n.jpg","datePublished":"2025-05-09T13:19:09+00:00","dateModified":"2025-05-12T11:04:08+00:00","author":{"@id":"https:\/\/president-ksgov.net\/#\/schema\/person\/7c46f744a99d3f1616b92658282aa934"},"description":"President: On Europe Day, we reflect on the values at the core of both our Republic and the European Union - President of the Republic of Kosovo - DR. VJOSA OSMANI - SADRIU - News","breadcrumb":{"@id":"https:\/\/president-ksgov.net\/en\/president-on-europe-day-we-reflect-on-the-values-at-the-core-of-both-our-republic-and-the-european-union\/#breadcrumb"},"inLanguage":"en-US","potentialAction":[{"@type":"ReadAction","target":["https:\/\/president-ksgov.net\/en\/president-on-europe-day-we-reflect-on-the-values-at-the-core-of-both-our-republic-and-the-european-union\/"]}]},{"@type":"ImageObject","inLanguage":"en-US","@id":"https:\/\/president-ksgov.net\/en\/president-on-europe-day-we-reflect-on-the-values-at-the-core-of-both-our-republic-and-the-european-union\/#primaryimage","url":"https:\/\/president-ksgov.net\/wp-content\/uploads\/495333503_1228014502016420_6510990335736523513_n.jpg","contentUrl":"https:\/\/president-ksgov.net\/wp-content\/uploads\/495333503_1228014502016420_6510990335736523513_n.jpg","width":2048,"height":1364},{"@type":"BreadcrumbList","@id":"https:\/\/president-ksgov.net\/en\/president-on-europe-day-we-reflect-on-the-values-at-the-core-of-both-our-republic-and-the-european-union\/#breadcrumb","itemListElement":[{"@type":"ListItem","position":1,"name":"Home","item":"https:\/\/president-ksgov.net\/en\/"},{"@type":"ListItem","position":2,"name":"President: On Europe Day, we reflect on the values at the core of both our Republic and the European Union"}]},{"@type":"WebSite","@id":"https:\/\/president-ksgov.net\/#website","url":"https:\/\/president-ksgov.net\/","name":"Presidente e Republik\u00ebs s\u00eb Kosov\u00ebs","description":"Presidente e Republik\u00ebs s\u00eb Kosov\u00ebs","alternateName":"DR. VJOSA OSMANI - SADRIU","potentialAction":[{"@type":"SearchAction","target":{"@type":"EntryPoint","urlTemplate":"https:\/\/president-ksgov.net\/?s={search_term_string}"},"query-input":{"@type":"PropertyValueSpecification","valueRequired":true,"valueName":"search_term_string"}}],"inLanguage":"en-US"},{"@type":"Person","@id":"https:\/\/president-ksgov.net\/#\/schema\/person\/7c46f744a99d3f1616b92658282aa934","name":"Florent Rrahmani","image":{"@type":"ImageObject","inLanguage":"en-US","@id":"https:\/\/president-ksgov.net\/#\/schema\/person\/image\/","url":"https:\/\/secure.gravatar.com\/avatar\/2545924aa250de68ac8368367a79b663e59571cd131611f54c89b0613a94e230?s=96&d=mm&r=g","contentUrl":"https:\/\/secure.gravatar.com\/avatar\/2545924aa250de68ac8368367a79b663e59571cd131611f54c89b0613a94e230?s=96&d=mm&r=g","caption":"Florent Rrahmani"}}]}},"_links":{"self":[{"href":"https:\/\/president-ksgov.net\/en\/wp-json\/wp\/v2\/posts\/161761","targetHints":{"allow":["GET"]}}],"collection":[{"href":"https:\/\/president-ksgov.net\/en\/wp-json\/wp\/v2\/posts"}],"about":[{"href":"https:\/\/president-ksgov.net\/en\/wp-json\/wp\/v2\/types\/post"}],"author":[{"embeddable":true,"href":"https:\/\/president-ksgov.net\/en\/wp-json\/wp\/v2\/users\/9"}],"replies":[{"embeddable":true,"href":"https:\/\/president-ksgov.net\/en\/wp-json\/wp\/v2\/comments?post=161761"}],"version-history":[{"count":1,"href":"https:\/\/president-ksgov.net\/en\/wp-json\/wp\/v2\/posts\/161761\/revisions"}],"predecessor-version":[{"id":161762,"href":"https:\/\/president-ksgov.net\/en\/wp-json\/wp\/v2\/posts\/161761\/revisions\/161762"}],"wp:featuredmedia":[{"embeddable":true,"href":"https:\/\/president-ksgov.net\/en\/wp-json\/wp\/v2\/media\/161484"}],"wp:attachment":[{"href":"https:\/\/president-ksgov.net\/en\/wp-json\/wp\/v2\/media?parent=161761"}],"wp:term":[{"taxonomy":"category","embeddable":true,"href":"https:\/\/president-ksgov.net\/en\/wp-json\/wp\/v2\/categories?post=161761"},{"taxonomy":"post_tag","embeddable":true,"href":"https:\/\/president-ksgov.net\/en\/wp-json\/wp\/v2\/tags?post=161761"}],"curies":[{"name":"wp","href":"https:\/\/api.w.org\/{rel}","templated":true}]}}