{"id":161440,"date":"2025-05-07T12:09:45","date_gmt":"2025-05-07T10:09:45","guid":{"rendered":"https:\/\/president-ksgov.net\/?p=161440"},"modified":"2025-05-08T21:47:53","modified_gmt":"2025-05-08T19:47:53","slug":"president-osmani-commemorates-the-battle-of-cabrat-the-battle-of-cabrat-stands-as-a-pedestal-of-resistance-and-glory","status":"publish","type":"post","link":"https:\/\/president-ksgov.net\/en\/president-osmani-commemorates-the-battle-of-cabrat-the-battle-of-cabrat-stands-as-a-pedestal-of-resistance-and-glory\/","title":{"rendered":"President Osmani commemorates the Battle of \u00c7abrat: The Battle of \u00c7abrat stands as a pedestal of resistance and glory!"},"content":{"rendered":"<p>The Battle of \u00c7abrat stands as a pedestal of resistance and glory!<\/p>\n<p>At the forefront of history, where the blood of freedom became a flag, stood the brave men and women of the 137th \u201cGjakova\u201d Brigade of the Kosovo Liberation Army.<br \/>\nWith courage and loyalty, they defended Gjakova from the barbarity of the genocidal Serbian regime.<\/p>\n<p>In that glorious battle, 26 KLA fighters fell heroically, around 100 civilians were brutally murdered and over 300 others were forcibly abducted.<\/p>\n<p>\u00c7abrat is a vow for freedom, a permanent memory and a call for justice.<\/p>\n<p>Glory to the martyrs! Honour to the fallen! Justice for the missing!<\/p>\n<p>&nbsp;<\/p>\n","protected":false},"excerpt":{"rendered":"<p>The Battle of \u00c7abrat stands as a pedestal of resistance and glory! At the forefront of history, where the blood of freedom became a flag, stood the brave men and women of the 137th \u201cGjakova\u201d Brigade of the Kosovo Liberation Army. With courage and loyalty, they defended Gjakova from the barbarity of the genocidal Serbian regime. In that glorious battle, 26 KLA fighters fell heroically, around 100 civilians were brutally murdered and over 300 others were forcibly abducted. \u00c7abrat is a vow for freedom, a permanent memory and a call for justice. Glory to the martyrs! Honour to the fallen! Justice for the missing! &nbsp;<\/p>\n","protected":false},"author":9,"featured_media":153756,"comment_status":"closed","ping_status":"closed","sticky":false,"template":"","format":"standard","meta":{"_eb_attr":"","footnotes":""},"categories":[111],"tags":[],"class_list":["post-161440","post","type-post","status-publish","format-standard","has-post-thumbnail","hentry","category-news"],"yoast_head":"<!-- This site is optimized with the Yoast SEO plugin v23.5 - https:\/\/yoast.com\/wordpress\/plugins\/seo\/ -->\n<title>President Osmani commemorates the Battle of \u00c7abrat: The Battle of \u00c7abrat stands as a pedestal of resistance and glory! - President of the Republic of Kosovo - DR. VJOSA OSMANI - SADRIU<\/title>\n<meta name=\"description\" content=\"President Osmani commemorates the Battle of \u00c7abrat: The Battle of \u00c7abrat stands as a pedestal of resistance and glory! - President of the Republic of Kosovo - DR. VJOSA OSMANI - SADRIU - News\" \/>\n<meta name=\"robots\" content=\"index, follow, max-snippet:-1, max-image-preview:large, max-video-preview:-1\" \/>\n<link rel=\"canonical\" href=\"https:\/\/president-ksgov.net\/en\/president-osmani-commemorates-the-battle-of-cabrat-the-battle-of-cabrat-stands-as-a-pedestal-of-resistance-and-glory\/\" \/>\n<meta property=\"og:locale\" content=\"en_US\" \/>\n<meta property=\"og:type\" content=\"article\" \/>\n<meta property=\"og:title\" content=\"President Osmani commemorates the Battle of \u00c7abrat: The Battle of \u00c7abrat stands as a pedestal of resistance and glory! - President of the Republic of Kosovo - DR. VJOSA OSMANI - SADRIU\" \/>\n<meta property=\"og:description\" content=\"President Osmani commemorates the Battle of \u00c7abrat: The Battle of \u00c7abrat stands as a pedestal of resistance and glory! - President of the Republic of Kosovo - DR. VJOSA OSMANI - SADRIU - News\" \/>\n<meta property=\"og:url\" content=\"https:\/\/president-ksgov.net\/en\/president-osmani-commemorates-the-battle-of-cabrat-the-battle-of-cabrat-stands-as-a-pedestal-of-resistance-and-glory\/\" \/>\n<meta property=\"og:site_name\" content=\"President of the Republic of Kosovo - DR. VJOSA OSMANI - SADRIU\" \/>\n<meta property=\"article:published_time\" content=\"2025-05-07T10:09:45+00:00\" \/>\n<meta property=\"article:modified_time\" content=\"2025-05-08T19:47:53+00:00\" \/>\n<meta property=\"og:image\" content=\"https:\/\/president-ksgov.net\/wp-content\/uploads\/ZPRK-17.jpg\" \/>\n\t<meta property=\"og:image:width\" content=\"2000\" \/>\n\t<meta property=\"og:image:height\" content=\"1000\" \/>\n\t<meta property=\"og:image:type\" content=\"image\/jpeg\" \/>\n<meta name=\"author\" content=\"Florent Rrahmani\" \/>\n<meta name=\"twitter:card\" content=\"summary_large_image\" \/>\n<meta name=\"twitter:label1\" content=\"Written by\" \/>\n\t<meta name=\"twitter:data1\" content=\"Florent Rrahmani\" \/>\n\t<meta name=\"twitter:label2\" content=\"Est. reading time\" \/>\n\t<meta name=\"twitter:data2\" content=\"1 minute\" \/>\n<script type=\"application\/ld+json\" class=\"yoast-schema-graph\">{\"@context\":\"https:\/\/schema.org\",\"@graph\":[{\"@type\":\"WebPage\",\"@id\":\"https:\/\/president-ksgov.net\/en\/president-osmani-commemorates-the-battle-of-cabrat-the-battle-of-cabrat-stands-as-a-pedestal-of-resistance-and-glory\/\",\"url\":\"https:\/\/president-ksgov.net\/en\/president-osmani-commemorates-the-battle-of-cabrat-the-battle-of-cabrat-stands-as-a-pedestal-of-resistance-and-glory\/\",\"name\":\"President Osmani commemorates the Battle of \u00c7abrat: The Battle of \u00c7abrat stands as a pedestal of resistance and glory! - President of the Republic of Kosovo - DR. VJOSA OSMANI - SADRIU\",\"isPartOf\":{\"@id\":\"https:\/\/president-ksgov.net\/#website\"},\"primaryImageOfPage\":{\"@id\":\"https:\/\/president-ksgov.net\/en\/president-osmani-commemorates-the-battle-of-cabrat-the-battle-of-cabrat-stands-as-a-pedestal-of-resistance-and-glory\/#primaryimage\"},\"image\":{\"@id\":\"https:\/\/president-ksgov.net\/en\/president-osmani-commemorates-the-battle-of-cabrat-the-battle-of-cabrat-stands-as-a-pedestal-of-resistance-and-glory\/#primaryimage\"},\"thumbnailUrl\":\"https:\/\/president-ksgov.net\/wp-content\/uploads\/ZPRK-17.jpg\",\"datePublished\":\"2025-05-07T10:09:45+00:00\",\"dateModified\":\"2025-05-08T19:47:53+00:00\",\"author\":{\"@id\":\"https:\/\/president-ksgov.net\/#\/schema\/person\/7c46f744a99d3f1616b92658282aa934\"},\"description\":\"President Osmani commemorates the Battle of \u00c7abrat: The Battle of \u00c7abrat stands as a pedestal of resistance and glory! - President of the Republic of Kosovo - DR. VJOSA OSMANI - SADRIU - News\",\"breadcrumb\":{\"@id\":\"https:\/\/president-ksgov.net\/en\/president-osmani-commemorates-the-battle-of-cabrat-the-battle-of-cabrat-stands-as-a-pedestal-of-resistance-and-glory\/#breadcrumb\"},\"inLanguage\":\"en-US\",\"potentialAction\":[{\"@type\":\"ReadAction\",\"target\":[\"https:\/\/president-ksgov.net\/en\/president-osmani-commemorates-the-battle-of-cabrat-the-battle-of-cabrat-stands-as-a-pedestal-of-resistance-and-glory\/\"]}]},{\"@type\":\"ImageObject\",\"inLanguage\":\"en-US\",\"@id\":\"https:\/\/president-ksgov.net\/en\/president-osmani-commemorates-the-battle-of-cabrat-the-battle-of-cabrat-stands-as-a-pedestal-of-resistance-and-glory\/#primaryimage\",\"url\":\"https:\/\/president-ksgov.net\/wp-content\/uploads\/ZPRK-17.jpg\",\"contentUrl\":\"https:\/\/president-ksgov.net\/wp-content\/uploads\/ZPRK-17.jpg\",\"width\":2000,\"height\":1000},{\"@type\":\"BreadcrumbList\",\"@id\":\"https:\/\/president-ksgov.net\/en\/president-osmani-commemorates-the-battle-of-cabrat-the-battle-of-cabrat-stands-as-a-pedestal-of-resistance-and-glory\/#breadcrumb\",\"itemListElement\":[{\"@type\":\"ListItem\",\"position\":1,\"name\":\"Home\",\"item\":\"https:\/\/president-ksgov.net\/en\/\"},{\"@type\":\"ListItem\",\"position\":2,\"name\":\"President Osmani commemorates the Battle of \u00c7abrat: The Battle of \u00c7abrat stands as a pedestal of resistance and glory!\"}]},{\"@type\":\"WebSite\",\"@id\":\"https:\/\/president-ksgov.net\/#website\",\"url\":\"https:\/\/president-ksgov.net\/\",\"name\":\"Presidente e Republik\u00ebs s\u00eb Kosov\u00ebs\",\"description\":\"Presidente e Republik\u00ebs s\u00eb Kosov\u00ebs\",\"alternateName\":\"DR. VJOSA OSMANI - SADRIU\",\"potentialAction\":[{\"@type\":\"SearchAction\",\"target\":{\"@type\":\"EntryPoint\",\"urlTemplate\":\"https:\/\/president-ksgov.net\/?s={search_term_string}\"},\"query-input\":{\"@type\":\"PropertyValueSpecification\",\"valueRequired\":true,\"valueName\":\"search_term_string\"}}],\"inLanguage\":\"en-US\"},{\"@type\":\"Person\",\"@id\":\"https:\/\/president-ksgov.net\/#\/schema\/person\/7c46f744a99d3f1616b92658282aa934\",\"name\":\"Florent Rrahmani\",\"image\":{\"@type\":\"ImageObject\",\"inLanguage\":\"en-US\",\"@id\":\"https:\/\/president-ksgov.net\/#\/schema\/person\/image\/\",\"url\":\"https:\/\/secure.gravatar.com\/avatar\/2545924aa250de68ac8368367a79b663e59571cd131611f54c89b0613a94e230?s=96&d=mm&r=g\",\"contentUrl\":\"https:\/\/secure.gravatar.com\/avatar\/2545924aa250de68ac8368367a79b663e59571cd131611f54c89b0613a94e230?s=96&d=mm&r=g\",\"caption\":\"Florent Rrahmani\"}}]}<\/script>\n<!-- \/ Yoast SEO plugin. -->","yoast_head_json":{"title":"President Osmani commemorates the Battle of \u00c7abrat: The Battle of \u00c7abrat stands as a pedestal of resistance and glory! - President of the Republic of Kosovo - DR. VJOSA OSMANI - SADRIU","description":"President Osmani commemorates the Battle of \u00c7abrat: The Battle of \u00c7abrat stands as a pedestal of resistance and glory! - President of the Republic of Kosovo - DR. VJOSA OSMANI - SADRIU - News","robots":{"index":"index","follow":"follow","max-snippet":"max-snippet:-1","max-image-preview":"max-image-preview:large","max-video-preview":"max-video-preview:-1"},"canonical":"https:\/\/president-ksgov.net\/en\/president-osmani-commemorates-the-battle-of-cabrat-the-battle-of-cabrat-stands-as-a-pedestal-of-resistance-and-glory\/","og_locale":"en_US","og_type":"article","og_title":"President Osmani commemorates the Battle of \u00c7abrat: The Battle of \u00c7abrat stands as a pedestal of resistance and glory! - President of the Republic of Kosovo - DR. VJOSA OSMANI - SADRIU","og_description":"President Osmani commemorates the Battle of \u00c7abrat: The Battle of \u00c7abrat stands as a pedestal of resistance and glory! - President of the Republic of Kosovo - DR. VJOSA OSMANI - SADRIU - News","og_url":"https:\/\/president-ksgov.net\/en\/president-osmani-commemorates-the-battle-of-cabrat-the-battle-of-cabrat-stands-as-a-pedestal-of-resistance-and-glory\/","og_site_name":"President of the Republic of Kosovo - DR. VJOSA OSMANI - SADRIU","article_published_time":"2025-05-07T10:09:45+00:00","article_modified_time":"2025-05-08T19:47:53+00:00","og_image":[{"width":2000,"height":1000,"url":"https:\/\/president-ksgov.net\/wp-content\/uploads\/ZPRK-17.jpg","type":"image\/jpeg"}],"author":"Florent Rrahmani","twitter_card":"summary_large_image","twitter_misc":{"Written by":"Florent Rrahmani","Est. reading time":"1 minute"},"schema":{"@context":"https:\/\/schema.org","@graph":[{"@type":"WebPage","@id":"https:\/\/president-ksgov.net\/en\/president-osmani-commemorates-the-battle-of-cabrat-the-battle-of-cabrat-stands-as-a-pedestal-of-resistance-and-glory\/","url":"https:\/\/president-ksgov.net\/en\/president-osmani-commemorates-the-battle-of-cabrat-the-battle-of-cabrat-stands-as-a-pedestal-of-resistance-and-glory\/","name":"President Osmani commemorates the Battle of \u00c7abrat: The Battle of \u00c7abrat stands as a pedestal of resistance and glory! - President of the Republic of Kosovo - DR. VJOSA OSMANI - SADRIU","isPartOf":{"@id":"https:\/\/president-ksgov.net\/#website"},"primaryImageOfPage":{"@id":"https:\/\/president-ksgov.net\/en\/president-osmani-commemorates-the-battle-of-cabrat-the-battle-of-cabrat-stands-as-a-pedestal-of-resistance-and-glory\/#primaryimage"},"image":{"@id":"https:\/\/president-ksgov.net\/en\/president-osmani-commemorates-the-battle-of-cabrat-the-battle-of-cabrat-stands-as-a-pedestal-of-resistance-and-glory\/#primaryimage"},"thumbnailUrl":"https:\/\/president-ksgov.net\/wp-content\/uploads\/ZPRK-17.jpg","datePublished":"2025-05-07T10:09:45+00:00","dateModified":"2025-05-08T19:47:53+00:00","author":{"@id":"https:\/\/president-ksgov.net\/#\/schema\/person\/7c46f744a99d3f1616b92658282aa934"},"description":"President Osmani commemorates the Battle of \u00c7abrat: The Battle of \u00c7abrat stands as a pedestal of resistance and glory! - President of the Republic of Kosovo - DR. VJOSA OSMANI - SADRIU - News","breadcrumb":{"@id":"https:\/\/president-ksgov.net\/en\/president-osmani-commemorates-the-battle-of-cabrat-the-battle-of-cabrat-stands-as-a-pedestal-of-resistance-and-glory\/#breadcrumb"},"inLanguage":"en-US","potentialAction":[{"@type":"ReadAction","target":["https:\/\/president-ksgov.net\/en\/president-osmani-commemorates-the-battle-of-cabrat-the-battle-of-cabrat-stands-as-a-pedestal-of-resistance-and-glory\/"]}]},{"@type":"ImageObject","inLanguage":"en-US","@id":"https:\/\/president-ksgov.net\/en\/president-osmani-commemorates-the-battle-of-cabrat-the-battle-of-cabrat-stands-as-a-pedestal-of-resistance-and-glory\/#primaryimage","url":"https:\/\/president-ksgov.net\/wp-content\/uploads\/ZPRK-17.jpg","contentUrl":"https:\/\/president-ksgov.net\/wp-content\/uploads\/ZPRK-17.jpg","width":2000,"height":1000},{"@type":"BreadcrumbList","@id":"https:\/\/president-ksgov.net\/en\/president-osmani-commemorates-the-battle-of-cabrat-the-battle-of-cabrat-stands-as-a-pedestal-of-resistance-and-glory\/#breadcrumb","itemListElement":[{"@type":"ListItem","position":1,"name":"Home","item":"https:\/\/president-ksgov.net\/en\/"},{"@type":"ListItem","position":2,"name":"President Osmani commemorates the Battle of \u00c7abrat: The Battle of \u00c7abrat stands as a pedestal of resistance and glory!"}]},{"@type":"WebSite","@id":"https:\/\/president-ksgov.net\/#website","url":"https:\/\/president-ksgov.net\/","name":"Presidente e Republik\u00ebs s\u00eb Kosov\u00ebs","description":"Presidente e Republik\u00ebs s\u00eb Kosov\u00ebs","alternateName":"DR. VJOSA OSMANI - SADRIU","potentialAction":[{"@type":"SearchAction","target":{"@type":"EntryPoint","urlTemplate":"https:\/\/president-ksgov.net\/?s={search_term_string}"},"query-input":{"@type":"PropertyValueSpecification","valueRequired":true,"valueName":"search_term_string"}}],"inLanguage":"en-US"},{"@type":"Person","@id":"https:\/\/president-ksgov.net\/#\/schema\/person\/7c46f744a99d3f1616b92658282aa934","name":"Florent Rrahmani","image":{"@type":"ImageObject","inLanguage":"en-US","@id":"https:\/\/president-ksgov.net\/#\/schema\/person\/image\/","url":"https:\/\/secure.gravatar.com\/avatar\/2545924aa250de68ac8368367a79b663e59571cd131611f54c89b0613a94e230?s=96&d=mm&r=g","contentUrl":"https:\/\/secure.gravatar.com\/avatar\/2545924aa250de68ac8368367a79b663e59571cd131611f54c89b0613a94e230?s=96&d=mm&r=g","caption":"Florent Rrahmani"}}]}},"_links":{"self":[{"href":"https:\/\/president-ksgov.net\/en\/wp-json\/wp\/v2\/posts\/161440","targetHints":{"allow":["GET"]}}],"collection":[{"href":"https:\/\/president-ksgov.net\/en\/wp-json\/wp\/v2\/posts"}],"about":[{"href":"https:\/\/president-ksgov.net\/en\/wp-json\/wp\/v2\/types\/post"}],"author":[{"embeddable":true,"href":"https:\/\/president-ksgov.net\/en\/wp-json\/wp\/v2\/users\/9"}],"replies":[{"embeddable":true,"href":"https:\/\/president-ksgov.net\/en\/wp-json\/wp\/v2\/comments?post=161440"}],"version-history":[{"count":1,"href":"https:\/\/president-ksgov.net\/en\/wp-json\/wp\/v2\/posts\/161440\/revisions"}],"predecessor-version":[{"id":161441,"href":"https:\/\/president-ksgov.net\/en\/wp-json\/wp\/v2\/posts\/161440\/revisions\/161441"}],"wp:featuredmedia":[{"embeddable":true,"href":"https:\/\/president-ksgov.net\/en\/wp-json\/wp\/v2\/media\/153756"}],"wp:attachment":[{"href":"https:\/\/president-ksgov.net\/en\/wp-json\/wp\/v2\/media?parent=161440"}],"wp:term":[{"taxonomy":"category","embeddable":true,"href":"https:\/\/president-ksgov.net\/en\/wp-json\/wp\/v2\/categories?post=161440"},{"taxonomy":"post_tag","embeddable":true,"href":"https:\/\/president-ksgov.net\/en\/wp-json\/wp\/v2\/tags?post=161440"}],"curies":[{"name":"wp","href":"https:\/\/api.w.org\/{rel}","templated":true}]}}