{"id":159541,"date":"2025-04-27T12:47:13","date_gmt":"2025-04-27T10:47:13","guid":{"rendered":"https:\/\/president-ksgov.net\/?p=159541"},"modified":"2025-04-28T09:37:20","modified_gmt":"2025-04-28T07:37:20","slug":"president-osmani-commemorates-the-anniversary-of-the-meja-massacre-376-innocent-lives-were-cruelly-taken-by-the-genocidal-regime-of-serbia-just-because-they-were-albanians","status":"publish","type":"post","link":"https:\/\/president-ksgov.net\/en\/president-osmani-commemorates-the-anniversary-of-the-meja-massacre-376-innocent-lives-were-cruelly-taken-by-the-genocidal-regime-of-serbia-just-because-they-were-albanians\/","title":{"rendered":"President Osmani commemorates the anniversary of the Meja Massacre: 376 innocent lives were cruelly taken by the genocidal regime of Serbia, just because they were Albanians"},"content":{"rendered":"<p>The President of the Republic of Kosovo, Vjosa Osmani, has commemorated the anniversary of the Meja Massacre.<\/p>\n<p>President Osmani said that in this sacred land of pain, we sow hope for a future with more justice and more dignity.<\/p>\n<p>President Osmani wrote:<\/p>\n<p>Today, with a heavy heart, we commemorate the Meja Massacre, one of the deepest wounds of Kosovo. 376 innocent lives were cruelly taken by the genocidal regime of Serbia, just because they were Albanians.<\/p>\n<p>The wounds left behind by this tragedy are still open, but our pain and determination have united to not allow the truth to be forgotten.<\/p>\n<p>Every person killed and every person disappeared by force during the war, every dream violently interrupted, is our oath for justice.<\/p>\n<p>In this sacred land of pain, we sow hope for a future with more justice and more dignity.<\/p>\n<p>The memory of the martyrs of Meja will live forever in our hearts.<\/p>\n<p>Glory to their lives and sacrifice!<\/p>\n","protected":false},"excerpt":{"rendered":"<p>The President of the Republic of Kosovo, Vjosa Osmani, has commemorated the anniversary of the Meja Massacre. President Osmani said that in this sacred land of pain, we sow hope for a future with more justice and more dignity. President Osmani wrote: Today, with a heavy heart, we commemorate the Meja Massacre, one of the deepest wounds of Kosovo. 376 innocent lives were cruelly taken by the genocidal regime of Serbia, just because they were Albanians. The wounds left behind by this tragedy are still open, but our pain and determination have united to not allow the truth to be forgotten. Every person killed and every person disappeared by force during the war, every dream violently interrupted, is our oath for justice. In this sacred land of pain, we sow hope for a future with more justice and more dignity. The memory of the martyrs of Meja will live forever in our hearts. Glory to their lives and sacrifice!<\/p>\n","protected":false},"author":9,"featured_media":159497,"comment_status":"closed","ping_status":"closed","sticky":false,"template":"","format":"standard","meta":{"_eb_attr":"","footnotes":""},"categories":[111],"tags":[],"class_list":["post-159541","post","type-post","status-publish","format-standard","has-post-thumbnail","hentry","category-news"],"yoast_head":"<!-- This site is optimized with the Yoast SEO plugin v23.5 - https:\/\/yoast.com\/wordpress\/plugins\/seo\/ -->\n<title>President Osmani commemorates the anniversary of the Meja Massacre: 376 innocent lives were cruelly taken by the genocidal regime of Serbia, just because they were Albanians - President of the Republic of Kosovo - DR. VJOSA OSMANI - SADRIU<\/title>\n<meta name=\"description\" content=\"President Osmani commemorates the anniversary of the Meja Massacre: 376 innocent lives were cruelly taken by the genocidal regime of Serbia, just because they were Albanians - President of the Republic of Kosovo - DR. VJOSA OSMANI - SADRIU - News\" \/>\n<meta name=\"robots\" content=\"index, follow, max-snippet:-1, max-image-preview:large, max-video-preview:-1\" \/>\n<link rel=\"canonical\" href=\"https:\/\/president-ksgov.net\/en\/president-osmani-commemorates-the-anniversary-of-the-meja-massacre-376-innocent-lives-were-cruelly-taken-by-the-genocidal-regime-of-serbia-just-because-they-were-albanians\/\" \/>\n<meta property=\"og:locale\" content=\"en_US\" \/>\n<meta property=\"og:type\" content=\"article\" \/>\n<meta property=\"og:title\" content=\"President Osmani commemorates the anniversary of the Meja Massacre: 376 innocent lives were cruelly taken by the genocidal regime of Serbia, just because they were Albanians - President of the Republic of Kosovo - DR. VJOSA OSMANI - SADRIU\" \/>\n<meta property=\"og:description\" content=\"President Osmani commemorates the anniversary of the Meja Massacre: 376 innocent lives were cruelly taken by the genocidal regime of Serbia, just because they were Albanians - President of the Republic of Kosovo - DR. VJOSA OSMANI - SADRIU - News\" \/>\n<meta property=\"og:url\" content=\"https:\/\/president-ksgov.net\/en\/president-osmani-commemorates-the-anniversary-of-the-meja-massacre-376-innocent-lives-were-cruelly-taken-by-the-genocidal-regime-of-serbia-just-because-they-were-albanians\/\" \/>\n<meta property=\"og:site_name\" content=\"President of the Republic of Kosovo - DR. VJOSA OSMANI - SADRIU\" \/>\n<meta property=\"article:published_time\" content=\"2025-04-27T10:47:13+00:00\" \/>\n<meta property=\"article:modified_time\" content=\"2025-04-28T07:37:20+00:00\" \/>\n<meta property=\"og:image\" content=\"https:\/\/president-ksgov.net\/wp-content\/uploads\/493667148_1219318019552735_284949491070172886_n.jpg\" \/>\n\t<meta property=\"og:image:width\" content=\"1500\" \/>\n\t<meta property=\"og:image:height\" content=\"999\" \/>\n\t<meta property=\"og:image:type\" content=\"image\/jpeg\" \/>\n<meta name=\"author\" content=\"Florent Rrahmani\" \/>\n<meta name=\"twitter:card\" content=\"summary_large_image\" \/>\n<meta name=\"twitter:label1\" content=\"Written by\" \/>\n\t<meta name=\"twitter:data1\" content=\"Florent Rrahmani\" \/>\n\t<meta name=\"twitter:label2\" content=\"Est. reading time\" \/>\n\t<meta name=\"twitter:data2\" content=\"2 minutes\" \/>\n<script type=\"application\/ld+json\" class=\"yoast-schema-graph\">{\"@context\":\"https:\/\/schema.org\",\"@graph\":[{\"@type\":\"WebPage\",\"@id\":\"https:\/\/president-ksgov.net\/en\/president-osmani-commemorates-the-anniversary-of-the-meja-massacre-376-innocent-lives-were-cruelly-taken-by-the-genocidal-regime-of-serbia-just-because-they-were-albanians\/\",\"url\":\"https:\/\/president-ksgov.net\/en\/president-osmani-commemorates-the-anniversary-of-the-meja-massacre-376-innocent-lives-were-cruelly-taken-by-the-genocidal-regime-of-serbia-just-because-they-were-albanians\/\",\"name\":\"President Osmani commemorates the anniversary of the Meja Massacre: 376 innocent lives were cruelly taken by the genocidal regime of Serbia, just because they were Albanians - President of the Republic of Kosovo - DR. VJOSA OSMANI - SADRIU\",\"isPartOf\":{\"@id\":\"https:\/\/president-ksgov.net\/#website\"},\"primaryImageOfPage\":{\"@id\":\"https:\/\/president-ksgov.net\/en\/president-osmani-commemorates-the-anniversary-of-the-meja-massacre-376-innocent-lives-were-cruelly-taken-by-the-genocidal-regime-of-serbia-just-because-they-were-albanians\/#primaryimage\"},\"image\":{\"@id\":\"https:\/\/president-ksgov.net\/en\/president-osmani-commemorates-the-anniversary-of-the-meja-massacre-376-innocent-lives-were-cruelly-taken-by-the-genocidal-regime-of-serbia-just-because-they-were-albanians\/#primaryimage\"},\"thumbnailUrl\":\"https:\/\/president-ksgov.net\/wp-content\/uploads\/493667148_1219318019552735_284949491070172886_n.jpg\",\"datePublished\":\"2025-04-27T10:47:13+00:00\",\"dateModified\":\"2025-04-28T07:37:20+00:00\",\"author\":{\"@id\":\"https:\/\/president-ksgov.net\/#\/schema\/person\/7c46f744a99d3f1616b92658282aa934\"},\"description\":\"President Osmani commemorates the anniversary of the Meja Massacre: 376 innocent lives were cruelly taken by the genocidal regime of Serbia, just because they were Albanians - President of the Republic of Kosovo - DR. VJOSA OSMANI - SADRIU - News\",\"breadcrumb\":{\"@id\":\"https:\/\/president-ksgov.net\/en\/president-osmani-commemorates-the-anniversary-of-the-meja-massacre-376-innocent-lives-were-cruelly-taken-by-the-genocidal-regime-of-serbia-just-because-they-were-albanians\/#breadcrumb\"},\"inLanguage\":\"en-US\",\"potentialAction\":[{\"@type\":\"ReadAction\",\"target\":[\"https:\/\/president-ksgov.net\/en\/president-osmani-commemorates-the-anniversary-of-the-meja-massacre-376-innocent-lives-were-cruelly-taken-by-the-genocidal-regime-of-serbia-just-because-they-were-albanians\/\"]}]},{\"@type\":\"ImageObject\",\"inLanguage\":\"en-US\",\"@id\":\"https:\/\/president-ksgov.net\/en\/president-osmani-commemorates-the-anniversary-of-the-meja-massacre-376-innocent-lives-were-cruelly-taken-by-the-genocidal-regime-of-serbia-just-because-they-were-albanians\/#primaryimage\",\"url\":\"https:\/\/president-ksgov.net\/wp-content\/uploads\/493667148_1219318019552735_284949491070172886_n.jpg\",\"contentUrl\":\"https:\/\/president-ksgov.net\/wp-content\/uploads\/493667148_1219318019552735_284949491070172886_n.jpg\",\"width\":1500,\"height\":999},{\"@type\":\"BreadcrumbList\",\"@id\":\"https:\/\/president-ksgov.net\/en\/president-osmani-commemorates-the-anniversary-of-the-meja-massacre-376-innocent-lives-were-cruelly-taken-by-the-genocidal-regime-of-serbia-just-because-they-were-albanians\/#breadcrumb\",\"itemListElement\":[{\"@type\":\"ListItem\",\"position\":1,\"name\":\"Home\",\"item\":\"https:\/\/president-ksgov.net\/en\/\"},{\"@type\":\"ListItem\",\"position\":2,\"name\":\"President Osmani commemorates the anniversary of the Meja Massacre: 376 innocent lives were cruelly taken by the genocidal regime of Serbia, just because they were Albanians\"}]},{\"@type\":\"WebSite\",\"@id\":\"https:\/\/president-ksgov.net\/#website\",\"url\":\"https:\/\/president-ksgov.net\/\",\"name\":\"Presidente e Republik\u00ebs s\u00eb Kosov\u00ebs\",\"description\":\"Presidente e Republik\u00ebs s\u00eb Kosov\u00ebs\",\"alternateName\":\"DR. VJOSA OSMANI - SADRIU\",\"potentialAction\":[{\"@type\":\"SearchAction\",\"target\":{\"@type\":\"EntryPoint\",\"urlTemplate\":\"https:\/\/president-ksgov.net\/?s={search_term_string}\"},\"query-input\":{\"@type\":\"PropertyValueSpecification\",\"valueRequired\":true,\"valueName\":\"search_term_string\"}}],\"inLanguage\":\"en-US\"},{\"@type\":\"Person\",\"@id\":\"https:\/\/president-ksgov.net\/#\/schema\/person\/7c46f744a99d3f1616b92658282aa934\",\"name\":\"Florent Rrahmani\",\"image\":{\"@type\":\"ImageObject\",\"inLanguage\":\"en-US\",\"@id\":\"https:\/\/president-ksgov.net\/#\/schema\/person\/image\/\",\"url\":\"https:\/\/secure.gravatar.com\/avatar\/2545924aa250de68ac8368367a79b663e59571cd131611f54c89b0613a94e230?s=96&d=mm&r=g\",\"contentUrl\":\"https:\/\/secure.gravatar.com\/avatar\/2545924aa250de68ac8368367a79b663e59571cd131611f54c89b0613a94e230?s=96&d=mm&r=g\",\"caption\":\"Florent Rrahmani\"}}]}<\/script>\n<!-- \/ Yoast SEO plugin. -->","yoast_head_json":{"title":"President Osmani commemorates the anniversary of the Meja Massacre: 376 innocent lives were cruelly taken by the genocidal regime of Serbia, just because they were Albanians - President of the Republic of Kosovo - DR. VJOSA OSMANI - SADRIU","description":"President Osmani commemorates the anniversary of the Meja Massacre: 376 innocent lives were cruelly taken by the genocidal regime of Serbia, just because they were Albanians - President of the Republic of Kosovo - DR. VJOSA OSMANI - SADRIU - News","robots":{"index":"index","follow":"follow","max-snippet":"max-snippet:-1","max-image-preview":"max-image-preview:large","max-video-preview":"max-video-preview:-1"},"canonical":"https:\/\/president-ksgov.net\/en\/president-osmani-commemorates-the-anniversary-of-the-meja-massacre-376-innocent-lives-were-cruelly-taken-by-the-genocidal-regime-of-serbia-just-because-they-were-albanians\/","og_locale":"en_US","og_type":"article","og_title":"President Osmani commemorates the anniversary of the Meja Massacre: 376 innocent lives were cruelly taken by the genocidal regime of Serbia, just because they were Albanians - President of the Republic of Kosovo - DR. VJOSA OSMANI - SADRIU","og_description":"President Osmani commemorates the anniversary of the Meja Massacre: 376 innocent lives were cruelly taken by the genocidal regime of Serbia, just because they were Albanians - President of the Republic of Kosovo - DR. VJOSA OSMANI - SADRIU - News","og_url":"https:\/\/president-ksgov.net\/en\/president-osmani-commemorates-the-anniversary-of-the-meja-massacre-376-innocent-lives-were-cruelly-taken-by-the-genocidal-regime-of-serbia-just-because-they-were-albanians\/","og_site_name":"President of the Republic of Kosovo - DR. VJOSA OSMANI - SADRIU","article_published_time":"2025-04-27T10:47:13+00:00","article_modified_time":"2025-04-28T07:37:20+00:00","og_image":[{"width":1500,"height":999,"url":"https:\/\/president-ksgov.net\/wp-content\/uploads\/493667148_1219318019552735_284949491070172886_n.jpg","type":"image\/jpeg"}],"author":"Florent Rrahmani","twitter_card":"summary_large_image","twitter_misc":{"Written by":"Florent Rrahmani","Est. reading time":"2 minutes"},"schema":{"@context":"https:\/\/schema.org","@graph":[{"@type":"WebPage","@id":"https:\/\/president-ksgov.net\/en\/president-osmani-commemorates-the-anniversary-of-the-meja-massacre-376-innocent-lives-were-cruelly-taken-by-the-genocidal-regime-of-serbia-just-because-they-were-albanians\/","url":"https:\/\/president-ksgov.net\/en\/president-osmani-commemorates-the-anniversary-of-the-meja-massacre-376-innocent-lives-were-cruelly-taken-by-the-genocidal-regime-of-serbia-just-because-they-were-albanians\/","name":"President Osmani commemorates the anniversary of the Meja Massacre: 376 innocent lives were cruelly taken by the genocidal regime of Serbia, just because they were Albanians - President of the Republic of Kosovo - DR. VJOSA OSMANI - SADRIU","isPartOf":{"@id":"https:\/\/president-ksgov.net\/#website"},"primaryImageOfPage":{"@id":"https:\/\/president-ksgov.net\/en\/president-osmani-commemorates-the-anniversary-of-the-meja-massacre-376-innocent-lives-were-cruelly-taken-by-the-genocidal-regime-of-serbia-just-because-they-were-albanians\/#primaryimage"},"image":{"@id":"https:\/\/president-ksgov.net\/en\/president-osmani-commemorates-the-anniversary-of-the-meja-massacre-376-innocent-lives-were-cruelly-taken-by-the-genocidal-regime-of-serbia-just-because-they-were-albanians\/#primaryimage"},"thumbnailUrl":"https:\/\/president-ksgov.net\/wp-content\/uploads\/493667148_1219318019552735_284949491070172886_n.jpg","datePublished":"2025-04-27T10:47:13+00:00","dateModified":"2025-04-28T07:37:20+00:00","author":{"@id":"https:\/\/president-ksgov.net\/#\/schema\/person\/7c46f744a99d3f1616b92658282aa934"},"description":"President Osmani commemorates the anniversary of the Meja Massacre: 376 innocent lives were cruelly taken by the genocidal regime of Serbia, just because they were Albanians - President of the Republic of Kosovo - DR. VJOSA OSMANI - SADRIU - News","breadcrumb":{"@id":"https:\/\/president-ksgov.net\/en\/president-osmani-commemorates-the-anniversary-of-the-meja-massacre-376-innocent-lives-were-cruelly-taken-by-the-genocidal-regime-of-serbia-just-because-they-were-albanians\/#breadcrumb"},"inLanguage":"en-US","potentialAction":[{"@type":"ReadAction","target":["https:\/\/president-ksgov.net\/en\/president-osmani-commemorates-the-anniversary-of-the-meja-massacre-376-innocent-lives-were-cruelly-taken-by-the-genocidal-regime-of-serbia-just-because-they-were-albanians\/"]}]},{"@type":"ImageObject","inLanguage":"en-US","@id":"https:\/\/president-ksgov.net\/en\/president-osmani-commemorates-the-anniversary-of-the-meja-massacre-376-innocent-lives-were-cruelly-taken-by-the-genocidal-regime-of-serbia-just-because-they-were-albanians\/#primaryimage","url":"https:\/\/president-ksgov.net\/wp-content\/uploads\/493667148_1219318019552735_284949491070172886_n.jpg","contentUrl":"https:\/\/president-ksgov.net\/wp-content\/uploads\/493667148_1219318019552735_284949491070172886_n.jpg","width":1500,"height":999},{"@type":"BreadcrumbList","@id":"https:\/\/president-ksgov.net\/en\/president-osmani-commemorates-the-anniversary-of-the-meja-massacre-376-innocent-lives-were-cruelly-taken-by-the-genocidal-regime-of-serbia-just-because-they-were-albanians\/#breadcrumb","itemListElement":[{"@type":"ListItem","position":1,"name":"Home","item":"https:\/\/president-ksgov.net\/en\/"},{"@type":"ListItem","position":2,"name":"President Osmani commemorates the anniversary of the Meja Massacre: 376 innocent lives were cruelly taken by the genocidal regime of Serbia, just because they were Albanians"}]},{"@type":"WebSite","@id":"https:\/\/president-ksgov.net\/#website","url":"https:\/\/president-ksgov.net\/","name":"Presidente e Republik\u00ebs s\u00eb Kosov\u00ebs","description":"Presidente e Republik\u00ebs s\u00eb Kosov\u00ebs","alternateName":"DR. VJOSA OSMANI - SADRIU","potentialAction":[{"@type":"SearchAction","target":{"@type":"EntryPoint","urlTemplate":"https:\/\/president-ksgov.net\/?s={search_term_string}"},"query-input":{"@type":"PropertyValueSpecification","valueRequired":true,"valueName":"search_term_string"}}],"inLanguage":"en-US"},{"@type":"Person","@id":"https:\/\/president-ksgov.net\/#\/schema\/person\/7c46f744a99d3f1616b92658282aa934","name":"Florent Rrahmani","image":{"@type":"ImageObject","inLanguage":"en-US","@id":"https:\/\/president-ksgov.net\/#\/schema\/person\/image\/","url":"https:\/\/secure.gravatar.com\/avatar\/2545924aa250de68ac8368367a79b663e59571cd131611f54c89b0613a94e230?s=96&d=mm&r=g","contentUrl":"https:\/\/secure.gravatar.com\/avatar\/2545924aa250de68ac8368367a79b663e59571cd131611f54c89b0613a94e230?s=96&d=mm&r=g","caption":"Florent Rrahmani"}}]}},"_links":{"self":[{"href":"https:\/\/president-ksgov.net\/en\/wp-json\/wp\/v2\/posts\/159541","targetHints":{"allow":["GET"]}}],"collection":[{"href":"https:\/\/president-ksgov.net\/en\/wp-json\/wp\/v2\/posts"}],"about":[{"href":"https:\/\/president-ksgov.net\/en\/wp-json\/wp\/v2\/types\/post"}],"author":[{"embeddable":true,"href":"https:\/\/president-ksgov.net\/en\/wp-json\/wp\/v2\/users\/9"}],"replies":[{"embeddable":true,"href":"https:\/\/president-ksgov.net\/en\/wp-json\/wp\/v2\/comments?post=159541"}],"version-history":[{"count":1,"href":"https:\/\/president-ksgov.net\/en\/wp-json\/wp\/v2\/posts\/159541\/revisions"}],"predecessor-version":[{"id":159542,"href":"https:\/\/president-ksgov.net\/en\/wp-json\/wp\/v2\/posts\/159541\/revisions\/159542"}],"wp:featuredmedia":[{"embeddable":true,"href":"https:\/\/president-ksgov.net\/en\/wp-json\/wp\/v2\/media\/159497"}],"wp:attachment":[{"href":"https:\/\/president-ksgov.net\/en\/wp-json\/wp\/v2\/media?parent=159541"}],"wp:term":[{"taxonomy":"category","embeddable":true,"href":"https:\/\/president-ksgov.net\/en\/wp-json\/wp\/v2\/categories?post=159541"},{"taxonomy":"post_tag","embeddable":true,"href":"https:\/\/president-ksgov.net\/en\/wp-json\/wp\/v2\/tags?post=159541"}],"curies":[{"name":"wp","href":"https:\/\/api.w.org\/{rel}","templated":true}]}}