{"id":159535,"date":"2025-04-27T17:15:17","date_gmt":"2025-04-27T15:15:17","guid":{"rendered":"https:\/\/president-ksgov.net\/?p=159535"},"modified":"2025-04-28T09:31:35","modified_gmt":"2025-04-28T07:31:35","slug":"president-osmani-those-who-are-missing-are-the-deepest-wound-of-the-war","status":"publish","type":"post","link":"https:\/\/president-ksgov.net\/en\/president-osmani-those-who-are-missing-are-the-deepest-wound-of-the-war\/","title":{"rendered":"President Osmani: Those who are missing are the deepest wound of the war"},"content":{"rendered":"<p>The President of the Republic of Kosovo Vjosa Osmani, on the National Day of the Forcibly Disappeared, remembered our citizens who were forcibly disappeared during the war by the Serbian genocidal regime.<\/p>\n<p>President Osmani wrote:<\/p>\n<p>Those who are missing are the deepest wound of the war. Justice for them is our promise that never fades.<\/p>\n<p>On the National Day of the Forcibly Disappeared, with deep pain and respect we remember our citizens who were forcibly disappeared during the war by the Serbian genocidal. Each name on that list is a life violently stopped, a family that awaits, a wound that seeks healing, an anguish that never fades.<\/p>\n<p>Even 26 years after the crimes committed, Serbia refuses to open the archives where the data on the forcibly disappeared and mass graves are found. This refusal is a daily repetition of the crime, not only against the victims, but also against their families and against all of Kosovo.<\/p>\n<p>Therefore, our fight for justice will never stop.<\/p>\n<p>We remember with honor and demand justice with determination.<\/p>\n","protected":false},"excerpt":{"rendered":"<p>The President of the Republic of Kosovo Vjosa Osmani, on the National Day of the Forcibly Disappeared, remembered our citizens who were forcibly disappeared during the war by the Serbian genocidal regime. President Osmani wrote: Those who are missing are the deepest wound of the war. Justice for them is our promise that never fades. On the National Day of the Forcibly Disappeared, with deep pain and respect we remember our citizens who were forcibly disappeared during the war by the Serbian genocidal. Each name on that list is a life violently stopped, a family that awaits, a wound that seeks healing, an anguish that never fades. Even 26 years after the crimes committed, Serbia refuses to open the archives where the data on the forcibly disappeared and mass graves are found. This refusal is a daily repetition of the crime, not only against the victims, but also against their families and against all of Kosovo. Therefore, our fight for justice will never stop. We remember with honor and demand justice with determination.<\/p>\n","protected":false},"author":9,"featured_media":159529,"comment_status":"closed","ping_status":"closed","sticky":false,"template":"","format":"standard","meta":{"_eb_attr":"","footnotes":""},"categories":[111],"tags":[],"class_list":["post-159535","post","type-post","status-publish","format-standard","has-post-thumbnail","hentry","category-news"],"yoast_head":"<!-- This site is optimized with the Yoast SEO plugin v23.5 - https:\/\/yoast.com\/wordpress\/plugins\/seo\/ -->\n<title>President Osmani: Those who are missing are the deepest wound of the war - President of the Republic of Kosovo - DR. VJOSA OSMANI - SADRIU<\/title>\n<meta name=\"description\" content=\"President Osmani: Those who are missing are the deepest wound of the war - President of the Republic of Kosovo - DR. VJOSA OSMANI - SADRIU - News\" \/>\n<meta name=\"robots\" content=\"index, follow, max-snippet:-1, max-image-preview:large, max-video-preview:-1\" \/>\n<link rel=\"canonical\" href=\"https:\/\/president-ksgov.net\/en\/president-osmani-those-who-are-missing-are-the-deepest-wound-of-the-war\/\" \/>\n<meta property=\"og:locale\" content=\"en_US\" \/>\n<meta property=\"og:type\" content=\"article\" \/>\n<meta property=\"og:title\" content=\"President Osmani: Those who are missing are the deepest wound of the war - President of the Republic of Kosovo - DR. VJOSA OSMANI - SADRIU\" \/>\n<meta property=\"og:description\" content=\"President Osmani: Those who are missing are the deepest wound of the war - President of the Republic of Kosovo - DR. VJOSA OSMANI - SADRIU - News\" \/>\n<meta property=\"og:url\" content=\"https:\/\/president-ksgov.net\/en\/president-osmani-those-who-are-missing-are-the-deepest-wound-of-the-war\/\" \/>\n<meta property=\"og:site_name\" content=\"President of the Republic of Kosovo - DR. VJOSA OSMANI - SADRIU\" \/>\n<meta property=\"article:published_time\" content=\"2025-04-27T15:15:17+00:00\" \/>\n<meta property=\"article:modified_time\" content=\"2025-04-28T07:31:35+00:00\" \/>\n<meta property=\"og:image\" content=\"https:\/\/president-ksgov.net\/wp-content\/uploads\/493730013_1219454319539105_1069045222401682445_n.jpg\" \/>\n\t<meta property=\"og:image:width\" content=\"1600\" \/>\n\t<meta property=\"og:image:height\" content=\"1066\" \/>\n\t<meta property=\"og:image:type\" content=\"image\/jpeg\" \/>\n<meta name=\"author\" content=\"Florent Rrahmani\" \/>\n<meta name=\"twitter:card\" content=\"summary_large_image\" \/>\n<meta name=\"twitter:label1\" content=\"Written by\" \/>\n\t<meta name=\"twitter:data1\" content=\"Florent Rrahmani\" \/>\n\t<meta name=\"twitter:label2\" content=\"Est. reading time\" \/>\n\t<meta name=\"twitter:data2\" content=\"2 minutes\" \/>\n<script type=\"application\/ld+json\" class=\"yoast-schema-graph\">{\"@context\":\"https:\/\/schema.org\",\"@graph\":[{\"@type\":\"WebPage\",\"@id\":\"https:\/\/president-ksgov.net\/en\/president-osmani-those-who-are-missing-are-the-deepest-wound-of-the-war\/\",\"url\":\"https:\/\/president-ksgov.net\/en\/president-osmani-those-who-are-missing-are-the-deepest-wound-of-the-war\/\",\"name\":\"President Osmani: Those who are missing are the deepest wound of the war - President of the Republic of Kosovo - DR. VJOSA OSMANI - SADRIU\",\"isPartOf\":{\"@id\":\"https:\/\/president-ksgov.net\/#website\"},\"primaryImageOfPage\":{\"@id\":\"https:\/\/president-ksgov.net\/en\/president-osmani-those-who-are-missing-are-the-deepest-wound-of-the-war\/#primaryimage\"},\"image\":{\"@id\":\"https:\/\/president-ksgov.net\/en\/president-osmani-those-who-are-missing-are-the-deepest-wound-of-the-war\/#primaryimage\"},\"thumbnailUrl\":\"https:\/\/president-ksgov.net\/wp-content\/uploads\/493730013_1219454319539105_1069045222401682445_n.jpg\",\"datePublished\":\"2025-04-27T15:15:17+00:00\",\"dateModified\":\"2025-04-28T07:31:35+00:00\",\"author\":{\"@id\":\"https:\/\/president-ksgov.net\/#\/schema\/person\/7c46f744a99d3f1616b92658282aa934\"},\"description\":\"President Osmani: Those who are missing are the deepest wound of the war - President of the Republic of Kosovo - DR. VJOSA OSMANI - SADRIU - News\",\"breadcrumb\":{\"@id\":\"https:\/\/president-ksgov.net\/en\/president-osmani-those-who-are-missing-are-the-deepest-wound-of-the-war\/#breadcrumb\"},\"inLanguage\":\"en-US\",\"potentialAction\":[{\"@type\":\"ReadAction\",\"target\":[\"https:\/\/president-ksgov.net\/en\/president-osmani-those-who-are-missing-are-the-deepest-wound-of-the-war\/\"]}]},{\"@type\":\"ImageObject\",\"inLanguage\":\"en-US\",\"@id\":\"https:\/\/president-ksgov.net\/en\/president-osmani-those-who-are-missing-are-the-deepest-wound-of-the-war\/#primaryimage\",\"url\":\"https:\/\/president-ksgov.net\/wp-content\/uploads\/493730013_1219454319539105_1069045222401682445_n.jpg\",\"contentUrl\":\"https:\/\/president-ksgov.net\/wp-content\/uploads\/493730013_1219454319539105_1069045222401682445_n.jpg\",\"width\":1600,\"height\":1066},{\"@type\":\"BreadcrumbList\",\"@id\":\"https:\/\/president-ksgov.net\/en\/president-osmani-those-who-are-missing-are-the-deepest-wound-of-the-war\/#breadcrumb\",\"itemListElement\":[{\"@type\":\"ListItem\",\"position\":1,\"name\":\"Home\",\"item\":\"https:\/\/president-ksgov.net\/en\/\"},{\"@type\":\"ListItem\",\"position\":2,\"name\":\"President Osmani: Those who are missing are the deepest wound of the war\"}]},{\"@type\":\"WebSite\",\"@id\":\"https:\/\/president-ksgov.net\/#website\",\"url\":\"https:\/\/president-ksgov.net\/\",\"name\":\"Presidente e Republik\u00ebs s\u00eb Kosov\u00ebs\",\"description\":\"Presidente e Republik\u00ebs s\u00eb Kosov\u00ebs\",\"alternateName\":\"DR. VJOSA OSMANI - SADRIU\",\"potentialAction\":[{\"@type\":\"SearchAction\",\"target\":{\"@type\":\"EntryPoint\",\"urlTemplate\":\"https:\/\/president-ksgov.net\/?s={search_term_string}\"},\"query-input\":{\"@type\":\"PropertyValueSpecification\",\"valueRequired\":true,\"valueName\":\"search_term_string\"}}],\"inLanguage\":\"en-US\"},{\"@type\":\"Person\",\"@id\":\"https:\/\/president-ksgov.net\/#\/schema\/person\/7c46f744a99d3f1616b92658282aa934\",\"name\":\"Florent Rrahmani\",\"image\":{\"@type\":\"ImageObject\",\"inLanguage\":\"en-US\",\"@id\":\"https:\/\/president-ksgov.net\/#\/schema\/person\/image\/\",\"url\":\"https:\/\/secure.gravatar.com\/avatar\/2545924aa250de68ac8368367a79b663e59571cd131611f54c89b0613a94e230?s=96&d=mm&r=g\",\"contentUrl\":\"https:\/\/secure.gravatar.com\/avatar\/2545924aa250de68ac8368367a79b663e59571cd131611f54c89b0613a94e230?s=96&d=mm&r=g\",\"caption\":\"Florent Rrahmani\"}}]}<\/script>\n<!-- \/ Yoast SEO plugin. -->","yoast_head_json":{"title":"President Osmani: Those who are missing are the deepest wound of the war - President of the Republic of Kosovo - DR. VJOSA OSMANI - SADRIU","description":"President Osmani: Those who are missing are the deepest wound of the war - President of the Republic of Kosovo - DR. VJOSA OSMANI - SADRIU - News","robots":{"index":"index","follow":"follow","max-snippet":"max-snippet:-1","max-image-preview":"max-image-preview:large","max-video-preview":"max-video-preview:-1"},"canonical":"https:\/\/president-ksgov.net\/en\/president-osmani-those-who-are-missing-are-the-deepest-wound-of-the-war\/","og_locale":"en_US","og_type":"article","og_title":"President Osmani: Those who are missing are the deepest wound of the war - President of the Republic of Kosovo - DR. VJOSA OSMANI - SADRIU","og_description":"President Osmani: Those who are missing are the deepest wound of the war - President of the Republic of Kosovo - DR. VJOSA OSMANI - SADRIU - News","og_url":"https:\/\/president-ksgov.net\/en\/president-osmani-those-who-are-missing-are-the-deepest-wound-of-the-war\/","og_site_name":"President of the Republic of Kosovo - DR. VJOSA OSMANI - SADRIU","article_published_time":"2025-04-27T15:15:17+00:00","article_modified_time":"2025-04-28T07:31:35+00:00","og_image":[{"width":1600,"height":1066,"url":"https:\/\/president-ksgov.net\/wp-content\/uploads\/493730013_1219454319539105_1069045222401682445_n.jpg","type":"image\/jpeg"}],"author":"Florent Rrahmani","twitter_card":"summary_large_image","twitter_misc":{"Written by":"Florent Rrahmani","Est. reading time":"2 minutes"},"schema":{"@context":"https:\/\/schema.org","@graph":[{"@type":"WebPage","@id":"https:\/\/president-ksgov.net\/en\/president-osmani-those-who-are-missing-are-the-deepest-wound-of-the-war\/","url":"https:\/\/president-ksgov.net\/en\/president-osmani-those-who-are-missing-are-the-deepest-wound-of-the-war\/","name":"President Osmani: Those who are missing are the deepest wound of the war - President of the Republic of Kosovo - DR. VJOSA OSMANI - SADRIU","isPartOf":{"@id":"https:\/\/president-ksgov.net\/#website"},"primaryImageOfPage":{"@id":"https:\/\/president-ksgov.net\/en\/president-osmani-those-who-are-missing-are-the-deepest-wound-of-the-war\/#primaryimage"},"image":{"@id":"https:\/\/president-ksgov.net\/en\/president-osmani-those-who-are-missing-are-the-deepest-wound-of-the-war\/#primaryimage"},"thumbnailUrl":"https:\/\/president-ksgov.net\/wp-content\/uploads\/493730013_1219454319539105_1069045222401682445_n.jpg","datePublished":"2025-04-27T15:15:17+00:00","dateModified":"2025-04-28T07:31:35+00:00","author":{"@id":"https:\/\/president-ksgov.net\/#\/schema\/person\/7c46f744a99d3f1616b92658282aa934"},"description":"President Osmani: Those who are missing are the deepest wound of the war - President of the Republic of Kosovo - DR. VJOSA OSMANI - SADRIU - News","breadcrumb":{"@id":"https:\/\/president-ksgov.net\/en\/president-osmani-those-who-are-missing-are-the-deepest-wound-of-the-war\/#breadcrumb"},"inLanguage":"en-US","potentialAction":[{"@type":"ReadAction","target":["https:\/\/president-ksgov.net\/en\/president-osmani-those-who-are-missing-are-the-deepest-wound-of-the-war\/"]}]},{"@type":"ImageObject","inLanguage":"en-US","@id":"https:\/\/president-ksgov.net\/en\/president-osmani-those-who-are-missing-are-the-deepest-wound-of-the-war\/#primaryimage","url":"https:\/\/president-ksgov.net\/wp-content\/uploads\/493730013_1219454319539105_1069045222401682445_n.jpg","contentUrl":"https:\/\/president-ksgov.net\/wp-content\/uploads\/493730013_1219454319539105_1069045222401682445_n.jpg","width":1600,"height":1066},{"@type":"BreadcrumbList","@id":"https:\/\/president-ksgov.net\/en\/president-osmani-those-who-are-missing-are-the-deepest-wound-of-the-war\/#breadcrumb","itemListElement":[{"@type":"ListItem","position":1,"name":"Home","item":"https:\/\/president-ksgov.net\/en\/"},{"@type":"ListItem","position":2,"name":"President Osmani: Those who are missing are the deepest wound of the war"}]},{"@type":"WebSite","@id":"https:\/\/president-ksgov.net\/#website","url":"https:\/\/president-ksgov.net\/","name":"Presidente e Republik\u00ebs s\u00eb Kosov\u00ebs","description":"Presidente e Republik\u00ebs s\u00eb Kosov\u00ebs","alternateName":"DR. VJOSA OSMANI - SADRIU","potentialAction":[{"@type":"SearchAction","target":{"@type":"EntryPoint","urlTemplate":"https:\/\/president-ksgov.net\/?s={search_term_string}"},"query-input":{"@type":"PropertyValueSpecification","valueRequired":true,"valueName":"search_term_string"}}],"inLanguage":"en-US"},{"@type":"Person","@id":"https:\/\/president-ksgov.net\/#\/schema\/person\/7c46f744a99d3f1616b92658282aa934","name":"Florent Rrahmani","image":{"@type":"ImageObject","inLanguage":"en-US","@id":"https:\/\/president-ksgov.net\/#\/schema\/person\/image\/","url":"https:\/\/secure.gravatar.com\/avatar\/2545924aa250de68ac8368367a79b663e59571cd131611f54c89b0613a94e230?s=96&d=mm&r=g","contentUrl":"https:\/\/secure.gravatar.com\/avatar\/2545924aa250de68ac8368367a79b663e59571cd131611f54c89b0613a94e230?s=96&d=mm&r=g","caption":"Florent Rrahmani"}}]}},"_links":{"self":[{"href":"https:\/\/president-ksgov.net\/en\/wp-json\/wp\/v2\/posts\/159535","targetHints":{"allow":["GET"]}}],"collection":[{"href":"https:\/\/president-ksgov.net\/en\/wp-json\/wp\/v2\/posts"}],"about":[{"href":"https:\/\/president-ksgov.net\/en\/wp-json\/wp\/v2\/types\/post"}],"author":[{"embeddable":true,"href":"https:\/\/president-ksgov.net\/en\/wp-json\/wp\/v2\/users\/9"}],"replies":[{"embeddable":true,"href":"https:\/\/president-ksgov.net\/en\/wp-json\/wp\/v2\/comments?post=159535"}],"version-history":[{"count":1,"href":"https:\/\/president-ksgov.net\/en\/wp-json\/wp\/v2\/posts\/159535\/revisions"}],"predecessor-version":[{"id":159536,"href":"https:\/\/president-ksgov.net\/en\/wp-json\/wp\/v2\/posts\/159535\/revisions\/159536"}],"wp:featuredmedia":[{"embeddable":true,"href":"https:\/\/president-ksgov.net\/en\/wp-json\/wp\/v2\/media\/159529"}],"wp:attachment":[{"href":"https:\/\/president-ksgov.net\/en\/wp-json\/wp\/v2\/media?parent=159535"}],"wp:term":[{"taxonomy":"category","embeddable":true,"href":"https:\/\/president-ksgov.net\/en\/wp-json\/wp\/v2\/categories?post=159535"},{"taxonomy":"post_tag","embeddable":true,"href":"https:\/\/president-ksgov.net\/en\/wp-json\/wp\/v2\/tags?post=159535"}],"curies":[{"name":"wp","href":"https:\/\/api.w.org\/{rel}","templated":true}]}}