{"id":159463,"date":"2025-04-26T17:45:49","date_gmt":"2025-04-26T15:45:49","guid":{"rendered":"https:\/\/president-ksgov.net\/?p=159463"},"modified":"2025-04-26T18:08:16","modified_gmt":"2025-04-26T16:08:16","slug":"madam-president-pope-francis-will-be-remembered-for-his-engagements-for-peace-human-dignity-and-solidarity-between-peoples","status":"publish","type":"post","link":"https:\/\/president-ksgov.net\/en\/madam-president-pope-francis-will-be-remembered-for-his-engagements-for-peace-human-dignity-and-solidarity-between-peoples\/","title":{"rendered":"Madam President: Pope Francis will be remembered for his engagements for peace, human dignity, and solidarity between peoples"},"content":{"rendered":"<p>The President of the Republic of Kosovo, Vjosa Osmani, alongside leaders from around the world, participated in the funeral ceremony for Pope Francis in the Vatican.<\/p>\n<p>President Osmani wrote:<\/p>\n<p>Alongside leaders from around the world, in the Vatican, at the funeral ceremony for Pope Francis.<\/p>\n<p>Pope Francis will be remembered for his engagements for peace, human dignity, and solidarity between peoples.<\/p>\n<p>His legacy of dedication to the poor, the protection of human rights, and the building of bridges of friendship between nations will live on for a long time.<\/p>\n","protected":false},"excerpt":{"rendered":"<p>The President of the Republic of Kosovo, Vjosa Osmani, alongside leaders from around the world, participated in the funeral ceremony for Pope Francis in the Vatican. President Osmani wrote: Alongside leaders from around the world, in the Vatican, at the funeral ceremony for Pope Francis. Pope Francis will be remembered for his engagements for peace, human dignity, and solidarity between peoples. His legacy of dedication to the poor, the protection of human rights, and the building of bridges of friendship between nations will live on for a long time.<\/p>\n","protected":false},"author":9,"featured_media":159446,"comment_status":"closed","ping_status":"closed","sticky":false,"template":"","format":"standard","meta":{"_eb_attr":"","footnotes":""},"categories":[113,111],"tags":[],"class_list":["post-159463","post","type-post","status-publish","format-standard","has-post-thumbnail","hentry","category-international-visits","category-news"],"yoast_head":"<!-- This site is optimized with the Yoast SEO plugin v23.5 - https:\/\/yoast.com\/wordpress\/plugins\/seo\/ -->\n<title>Madam President: Pope Francis will be remembered for his engagements for peace, human dignity, and solidarity between peoples - President of the Republic of Kosovo - DR. VJOSA OSMANI - SADRIU<\/title>\n<meta name=\"description\" content=\"Madam President: Pope Francis will be remembered for his engagements for peace, human dignity, and solidarity between peoples - President of the Republic of Kosovo - DR. VJOSA OSMANI - SADRIU - News\" \/>\n<meta name=\"robots\" content=\"index, follow, max-snippet:-1, max-image-preview:large, max-video-preview:-1\" \/>\n<link rel=\"canonical\" href=\"https:\/\/president-ksgov.net\/en\/madam-president-pope-francis-will-be-remembered-for-his-engagements-for-peace-human-dignity-and-solidarity-between-peoples\/\" \/>\n<meta property=\"og:locale\" content=\"en_US\" \/>\n<meta property=\"og:type\" content=\"article\" \/>\n<meta property=\"og:title\" content=\"Madam President: Pope Francis will be remembered for his engagements for peace, human dignity, and solidarity between peoples - President of the Republic of Kosovo - DR. VJOSA OSMANI - SADRIU\" \/>\n<meta property=\"og:description\" content=\"Madam President: Pope Francis will be remembered for his engagements for peace, human dignity, and solidarity between peoples - President of the Republic of Kosovo - DR. VJOSA OSMANI - SADRIU - News\" \/>\n<meta property=\"og:url\" content=\"https:\/\/president-ksgov.net\/en\/madam-president-pope-francis-will-be-remembered-for-his-engagements-for-peace-human-dignity-and-solidarity-between-peoples\/\" \/>\n<meta property=\"og:site_name\" content=\"President of the Republic of Kosovo - DR. VJOSA OSMANI - SADRIU\" \/>\n<meta property=\"article:published_time\" content=\"2025-04-26T15:45:49+00:00\" \/>\n<meta property=\"article:modified_time\" content=\"2025-04-26T16:08:16+00:00\" \/>\n<meta property=\"og:image\" content=\"https:\/\/president-ksgov.net\/wp-content\/uploads\/26.4.25-1-1.jpg\" \/>\n\t<meta property=\"og:image:width\" content=\"1200\" \/>\n\t<meta property=\"og:image:height\" content=\"1191\" \/>\n\t<meta property=\"og:image:type\" content=\"image\/jpeg\" \/>\n<meta name=\"author\" content=\"Florent Rrahmani\" \/>\n<meta name=\"twitter:card\" content=\"summary_large_image\" \/>\n<meta name=\"twitter:label1\" content=\"Written by\" \/>\n\t<meta name=\"twitter:data1\" content=\"Florent Rrahmani\" \/>\n\t<meta name=\"twitter:label2\" content=\"Est. reading time\" \/>\n\t<meta name=\"twitter:data2\" content=\"1 minute\" \/>\n<script type=\"application\/ld+json\" class=\"yoast-schema-graph\">{\"@context\":\"https:\/\/schema.org\",\"@graph\":[{\"@type\":\"WebPage\",\"@id\":\"https:\/\/president-ksgov.net\/en\/madam-president-pope-francis-will-be-remembered-for-his-engagements-for-peace-human-dignity-and-solidarity-between-peoples\/\",\"url\":\"https:\/\/president-ksgov.net\/en\/madam-president-pope-francis-will-be-remembered-for-his-engagements-for-peace-human-dignity-and-solidarity-between-peoples\/\",\"name\":\"Madam President: Pope Francis will be remembered for his engagements for peace, human dignity, and solidarity between peoples - President of the Republic of Kosovo - DR. VJOSA OSMANI - SADRIU\",\"isPartOf\":{\"@id\":\"https:\/\/president-ksgov.net\/#website\"},\"primaryImageOfPage\":{\"@id\":\"https:\/\/president-ksgov.net\/en\/madam-president-pope-francis-will-be-remembered-for-his-engagements-for-peace-human-dignity-and-solidarity-between-peoples\/#primaryimage\"},\"image\":{\"@id\":\"https:\/\/president-ksgov.net\/en\/madam-president-pope-francis-will-be-remembered-for-his-engagements-for-peace-human-dignity-and-solidarity-between-peoples\/#primaryimage\"},\"thumbnailUrl\":\"https:\/\/president-ksgov.net\/wp-content\/uploads\/26.4.25-1-1.jpg\",\"datePublished\":\"2025-04-26T15:45:49+00:00\",\"dateModified\":\"2025-04-26T16:08:16+00:00\",\"author\":{\"@id\":\"https:\/\/president-ksgov.net\/#\/schema\/person\/7c46f744a99d3f1616b92658282aa934\"},\"description\":\"Madam President: Pope Francis will be remembered for his engagements for peace, human dignity, and solidarity between peoples - President of the Republic of Kosovo - DR. VJOSA OSMANI - SADRIU - News\",\"breadcrumb\":{\"@id\":\"https:\/\/president-ksgov.net\/en\/madam-president-pope-francis-will-be-remembered-for-his-engagements-for-peace-human-dignity-and-solidarity-between-peoples\/#breadcrumb\"},\"inLanguage\":\"en-US\",\"potentialAction\":[{\"@type\":\"ReadAction\",\"target\":[\"https:\/\/president-ksgov.net\/en\/madam-president-pope-francis-will-be-remembered-for-his-engagements-for-peace-human-dignity-and-solidarity-between-peoples\/\"]}]},{\"@type\":\"ImageObject\",\"inLanguage\":\"en-US\",\"@id\":\"https:\/\/president-ksgov.net\/en\/madam-president-pope-francis-will-be-remembered-for-his-engagements-for-peace-human-dignity-and-solidarity-between-peoples\/#primaryimage\",\"url\":\"https:\/\/president-ksgov.net\/wp-content\/uploads\/26.4.25-1-1.jpg\",\"contentUrl\":\"https:\/\/president-ksgov.net\/wp-content\/uploads\/26.4.25-1-1.jpg\",\"width\":1200,\"height\":1191},{\"@type\":\"BreadcrumbList\",\"@id\":\"https:\/\/president-ksgov.net\/en\/madam-president-pope-francis-will-be-remembered-for-his-engagements-for-peace-human-dignity-and-solidarity-between-peoples\/#breadcrumb\",\"itemListElement\":[{\"@type\":\"ListItem\",\"position\":1,\"name\":\"Home\",\"item\":\"https:\/\/president-ksgov.net\/en\/\"},{\"@type\":\"ListItem\",\"position\":2,\"name\":\"Madam President: Pope Francis will be remembered for his engagements for peace, human dignity, and solidarity between peoples\"}]},{\"@type\":\"WebSite\",\"@id\":\"https:\/\/president-ksgov.net\/#website\",\"url\":\"https:\/\/president-ksgov.net\/\",\"name\":\"Presidente e Republik\u00ebs s\u00eb Kosov\u00ebs\",\"description\":\"Presidente e Republik\u00ebs s\u00eb Kosov\u00ebs\",\"alternateName\":\"DR. VJOSA OSMANI - SADRIU\",\"potentialAction\":[{\"@type\":\"SearchAction\",\"target\":{\"@type\":\"EntryPoint\",\"urlTemplate\":\"https:\/\/president-ksgov.net\/?s={search_term_string}\"},\"query-input\":{\"@type\":\"PropertyValueSpecification\",\"valueRequired\":true,\"valueName\":\"search_term_string\"}}],\"inLanguage\":\"en-US\"},{\"@type\":\"Person\",\"@id\":\"https:\/\/president-ksgov.net\/#\/schema\/person\/7c46f744a99d3f1616b92658282aa934\",\"name\":\"Florent Rrahmani\",\"image\":{\"@type\":\"ImageObject\",\"inLanguage\":\"en-US\",\"@id\":\"https:\/\/president-ksgov.net\/#\/schema\/person\/image\/\",\"url\":\"https:\/\/secure.gravatar.com\/avatar\/2545924aa250de68ac8368367a79b663e59571cd131611f54c89b0613a94e230?s=96&d=mm&r=g\",\"contentUrl\":\"https:\/\/secure.gravatar.com\/avatar\/2545924aa250de68ac8368367a79b663e59571cd131611f54c89b0613a94e230?s=96&d=mm&r=g\",\"caption\":\"Florent Rrahmani\"}}]}<\/script>\n<!-- \/ Yoast SEO plugin. -->","yoast_head_json":{"title":"Madam President: Pope Francis will be remembered for his engagements for peace, human dignity, and solidarity between peoples - President of the Republic of Kosovo - DR. VJOSA OSMANI - SADRIU","description":"Madam President: Pope Francis will be remembered for his engagements for peace, human dignity, and solidarity between peoples - President of the Republic of Kosovo - DR. VJOSA OSMANI - SADRIU - News","robots":{"index":"index","follow":"follow","max-snippet":"max-snippet:-1","max-image-preview":"max-image-preview:large","max-video-preview":"max-video-preview:-1"},"canonical":"https:\/\/president-ksgov.net\/en\/madam-president-pope-francis-will-be-remembered-for-his-engagements-for-peace-human-dignity-and-solidarity-between-peoples\/","og_locale":"en_US","og_type":"article","og_title":"Madam President: Pope Francis will be remembered for his engagements for peace, human dignity, and solidarity between peoples - President of the Republic of Kosovo - DR. VJOSA OSMANI - SADRIU","og_description":"Madam President: Pope Francis will be remembered for his engagements for peace, human dignity, and solidarity between peoples - President of the Republic of Kosovo - DR. VJOSA OSMANI - SADRIU - News","og_url":"https:\/\/president-ksgov.net\/en\/madam-president-pope-francis-will-be-remembered-for-his-engagements-for-peace-human-dignity-and-solidarity-between-peoples\/","og_site_name":"President of the Republic of Kosovo - DR. VJOSA OSMANI - SADRIU","article_published_time":"2025-04-26T15:45:49+00:00","article_modified_time":"2025-04-26T16:08:16+00:00","og_image":[{"width":1200,"height":1191,"url":"https:\/\/president-ksgov.net\/wp-content\/uploads\/26.4.25-1-1.jpg","type":"image\/jpeg"}],"author":"Florent Rrahmani","twitter_card":"summary_large_image","twitter_misc":{"Written by":"Florent Rrahmani","Est. reading time":"1 minute"},"schema":{"@context":"https:\/\/schema.org","@graph":[{"@type":"WebPage","@id":"https:\/\/president-ksgov.net\/en\/madam-president-pope-francis-will-be-remembered-for-his-engagements-for-peace-human-dignity-and-solidarity-between-peoples\/","url":"https:\/\/president-ksgov.net\/en\/madam-president-pope-francis-will-be-remembered-for-his-engagements-for-peace-human-dignity-and-solidarity-between-peoples\/","name":"Madam President: Pope Francis will be remembered for his engagements for peace, human dignity, and solidarity between peoples - President of the Republic of Kosovo - DR. VJOSA OSMANI - SADRIU","isPartOf":{"@id":"https:\/\/president-ksgov.net\/#website"},"primaryImageOfPage":{"@id":"https:\/\/president-ksgov.net\/en\/madam-president-pope-francis-will-be-remembered-for-his-engagements-for-peace-human-dignity-and-solidarity-between-peoples\/#primaryimage"},"image":{"@id":"https:\/\/president-ksgov.net\/en\/madam-president-pope-francis-will-be-remembered-for-his-engagements-for-peace-human-dignity-and-solidarity-between-peoples\/#primaryimage"},"thumbnailUrl":"https:\/\/president-ksgov.net\/wp-content\/uploads\/26.4.25-1-1.jpg","datePublished":"2025-04-26T15:45:49+00:00","dateModified":"2025-04-26T16:08:16+00:00","author":{"@id":"https:\/\/president-ksgov.net\/#\/schema\/person\/7c46f744a99d3f1616b92658282aa934"},"description":"Madam President: Pope Francis will be remembered for his engagements for peace, human dignity, and solidarity between peoples - President of the Republic of Kosovo - DR. VJOSA OSMANI - SADRIU - News","breadcrumb":{"@id":"https:\/\/president-ksgov.net\/en\/madam-president-pope-francis-will-be-remembered-for-his-engagements-for-peace-human-dignity-and-solidarity-between-peoples\/#breadcrumb"},"inLanguage":"en-US","potentialAction":[{"@type":"ReadAction","target":["https:\/\/president-ksgov.net\/en\/madam-president-pope-francis-will-be-remembered-for-his-engagements-for-peace-human-dignity-and-solidarity-between-peoples\/"]}]},{"@type":"ImageObject","inLanguage":"en-US","@id":"https:\/\/president-ksgov.net\/en\/madam-president-pope-francis-will-be-remembered-for-his-engagements-for-peace-human-dignity-and-solidarity-between-peoples\/#primaryimage","url":"https:\/\/president-ksgov.net\/wp-content\/uploads\/26.4.25-1-1.jpg","contentUrl":"https:\/\/president-ksgov.net\/wp-content\/uploads\/26.4.25-1-1.jpg","width":1200,"height":1191},{"@type":"BreadcrumbList","@id":"https:\/\/president-ksgov.net\/en\/madam-president-pope-francis-will-be-remembered-for-his-engagements-for-peace-human-dignity-and-solidarity-between-peoples\/#breadcrumb","itemListElement":[{"@type":"ListItem","position":1,"name":"Home","item":"https:\/\/president-ksgov.net\/en\/"},{"@type":"ListItem","position":2,"name":"Madam President: Pope Francis will be remembered for his engagements for peace, human dignity, and solidarity between peoples"}]},{"@type":"WebSite","@id":"https:\/\/president-ksgov.net\/#website","url":"https:\/\/president-ksgov.net\/","name":"Presidente e Republik\u00ebs s\u00eb Kosov\u00ebs","description":"Presidente e Republik\u00ebs s\u00eb Kosov\u00ebs","alternateName":"DR. VJOSA OSMANI - SADRIU","potentialAction":[{"@type":"SearchAction","target":{"@type":"EntryPoint","urlTemplate":"https:\/\/president-ksgov.net\/?s={search_term_string}"},"query-input":{"@type":"PropertyValueSpecification","valueRequired":true,"valueName":"search_term_string"}}],"inLanguage":"en-US"},{"@type":"Person","@id":"https:\/\/president-ksgov.net\/#\/schema\/person\/7c46f744a99d3f1616b92658282aa934","name":"Florent Rrahmani","image":{"@type":"ImageObject","inLanguage":"en-US","@id":"https:\/\/president-ksgov.net\/#\/schema\/person\/image\/","url":"https:\/\/secure.gravatar.com\/avatar\/2545924aa250de68ac8368367a79b663e59571cd131611f54c89b0613a94e230?s=96&d=mm&r=g","contentUrl":"https:\/\/secure.gravatar.com\/avatar\/2545924aa250de68ac8368367a79b663e59571cd131611f54c89b0613a94e230?s=96&d=mm&r=g","caption":"Florent Rrahmani"}}]}},"_links":{"self":[{"href":"https:\/\/president-ksgov.net\/en\/wp-json\/wp\/v2\/posts\/159463","targetHints":{"allow":["GET"]}}],"collection":[{"href":"https:\/\/president-ksgov.net\/en\/wp-json\/wp\/v2\/posts"}],"about":[{"href":"https:\/\/president-ksgov.net\/en\/wp-json\/wp\/v2\/types\/post"}],"author":[{"embeddable":true,"href":"https:\/\/president-ksgov.net\/en\/wp-json\/wp\/v2\/users\/9"}],"replies":[{"embeddable":true,"href":"https:\/\/president-ksgov.net\/en\/wp-json\/wp\/v2\/comments?post=159463"}],"version-history":[{"count":1,"href":"https:\/\/president-ksgov.net\/en\/wp-json\/wp\/v2\/posts\/159463\/revisions"}],"predecessor-version":[{"id":159464,"href":"https:\/\/president-ksgov.net\/en\/wp-json\/wp\/v2\/posts\/159463\/revisions\/159464"}],"wp:featuredmedia":[{"embeddable":true,"href":"https:\/\/president-ksgov.net\/en\/wp-json\/wp\/v2\/media\/159446"}],"wp:attachment":[{"href":"https:\/\/president-ksgov.net\/en\/wp-json\/wp\/v2\/media?parent=159463"}],"wp:term":[{"taxonomy":"category","embeddable":true,"href":"https:\/\/president-ksgov.net\/en\/wp-json\/wp\/v2\/categories?post=159463"},{"taxonomy":"post_tag","embeddable":true,"href":"https:\/\/president-ksgov.net\/en\/wp-json\/wp\/v2\/tags?post=159463"}],"curies":[{"name":"wp","href":"https:\/\/api.w.org\/{rel}","templated":true}]}}