{"id":159354,"date":"2025-04-24T16:38:57","date_gmt":"2025-04-24T14:38:57","guid":{"rendered":"https:\/\/president-ksgov.net\/?p=159354"},"modified":"2025-04-24T20:34:39","modified_gmt":"2025-04-24T18:34:39","slug":"president-osmani-commemorated-the-hero-ismet-rraci-on-the-24th-anniversary-of-his-murder","status":"publish","type":"post","link":"https:\/\/president-ksgov.net\/en\/president-osmani-commemorated-the-hero-ismet-rraci-on-the-24th-anniversary-of-his-murder\/","title":{"rendered":"President Osmani commemorated the hero Ismet Rraci, on the 24th anniversary of his murder"},"content":{"rendered":"<p>Ismet Rraci was a devout patriot, prominent political activist and Mayor of Klin\u00eb.<\/p>\n<p>He dedicated his entire life to freedom, state-building and institutional engagement.<\/p>\n<p>With the courage and patriotism that characterized him, he became an example of service and dedication to the homeland.<\/p>\n<p>24 years ago, he was treacherously murdered on his way to work.<\/p>\n<p>Justice for him remains a must.<\/p>\n<p>Glory to the life and work of Ismet Rraci!<\/p>\n","protected":false},"excerpt":{"rendered":"<p>Ismet Rraci was a devout patriot, prominent political activist and Mayor of Klin\u00eb. He dedicated his entire life to freedom, state-building and institutional engagement. With the courage and patriotism that characterized him, he became an example of service and dedication to the homeland. 24 years ago, he was treacherously murdered on his way to work. Justice for him remains a must. Glory to the life and work of Ismet Rraci!<\/p>\n","protected":false},"author":9,"featured_media":159149,"comment_status":"closed","ping_status":"closed","sticky":false,"template":"","format":"standard","meta":{"_eb_attr":"","footnotes":""},"categories":[111],"tags":[],"class_list":["post-159354","post","type-post","status-publish","format-standard","has-post-thumbnail","hentry","category-news"],"yoast_head":"<!-- This site is optimized with the Yoast SEO plugin v23.5 - https:\/\/yoast.com\/wordpress\/plugins\/seo\/ -->\n<title>President Osmani commemorated the hero Ismet Rraci, on the 24th anniversary of his murder - President of the Republic of Kosovo - DR. VJOSA OSMANI - SADRIU<\/title>\n<meta name=\"description\" content=\"President Osmani commemorated the hero Ismet Rraci, on the 24th anniversary of his murder - President of the Republic of Kosovo - DR. VJOSA OSMANI - SADRIU - News\" \/>\n<meta name=\"robots\" content=\"index, follow, max-snippet:-1, max-image-preview:large, max-video-preview:-1\" \/>\n<link rel=\"canonical\" href=\"https:\/\/president-ksgov.net\/en\/president-osmani-commemorated-the-hero-ismet-rraci-on-the-24th-anniversary-of-his-murder\/\" \/>\n<meta property=\"og:locale\" content=\"en_US\" \/>\n<meta property=\"og:type\" content=\"article\" \/>\n<meta property=\"og:title\" content=\"President Osmani commemorated the hero Ismet Rraci, on the 24th anniversary of his murder - President of the Republic of Kosovo - DR. VJOSA OSMANI - SADRIU\" \/>\n<meta property=\"og:description\" content=\"President Osmani commemorated the hero Ismet Rraci, on the 24th anniversary of his murder - President of the Republic of Kosovo - DR. VJOSA OSMANI - SADRIU - News\" \/>\n<meta property=\"og:url\" content=\"https:\/\/president-ksgov.net\/en\/president-osmani-commemorated-the-hero-ismet-rraci-on-the-24th-anniversary-of-his-murder\/\" \/>\n<meta property=\"og:site_name\" content=\"President of the Republic of Kosovo - DR. VJOSA OSMANI - SADRIU\" \/>\n<meta property=\"article:published_time\" content=\"2025-04-24T14:38:57+00:00\" \/>\n<meta property=\"article:modified_time\" content=\"2025-04-24T18:34:39+00:00\" \/>\n<meta property=\"og:image\" content=\"https:\/\/president-ksgov.net\/wp-content\/uploads\/493856904_714166484605343_1873983028358867694_n.jpg\" \/>\n\t<meta property=\"og:image:width\" content=\"477\" \/>\n\t<meta property=\"og:image:height\" content=\"500\" \/>\n\t<meta property=\"og:image:type\" content=\"image\/jpeg\" \/>\n<meta name=\"author\" content=\"Florent Rrahmani\" \/>\n<meta name=\"twitter:card\" content=\"summary_large_image\" \/>\n<meta name=\"twitter:label1\" content=\"Written by\" \/>\n\t<meta name=\"twitter:data1\" content=\"Florent Rrahmani\" \/>\n\t<meta name=\"twitter:label2\" content=\"Est. reading time\" \/>\n\t<meta name=\"twitter:data2\" content=\"1 minute\" \/>\n<script type=\"application\/ld+json\" class=\"yoast-schema-graph\">{\"@context\":\"https:\/\/schema.org\",\"@graph\":[{\"@type\":\"WebPage\",\"@id\":\"https:\/\/president-ksgov.net\/en\/president-osmani-commemorated-the-hero-ismet-rraci-on-the-24th-anniversary-of-his-murder\/\",\"url\":\"https:\/\/president-ksgov.net\/en\/president-osmani-commemorated-the-hero-ismet-rraci-on-the-24th-anniversary-of-his-murder\/\",\"name\":\"President Osmani commemorated the hero Ismet Rraci, on the 24th anniversary of his murder - President of the Republic of Kosovo - DR. VJOSA OSMANI - SADRIU\",\"isPartOf\":{\"@id\":\"https:\/\/president-ksgov.net\/#website\"},\"primaryImageOfPage\":{\"@id\":\"https:\/\/president-ksgov.net\/en\/president-osmani-commemorated-the-hero-ismet-rraci-on-the-24th-anniversary-of-his-murder\/#primaryimage\"},\"image\":{\"@id\":\"https:\/\/president-ksgov.net\/en\/president-osmani-commemorated-the-hero-ismet-rraci-on-the-24th-anniversary-of-his-murder\/#primaryimage\"},\"thumbnailUrl\":\"https:\/\/president-ksgov.net\/wp-content\/uploads\/493856904_714166484605343_1873983028358867694_n.jpg\",\"datePublished\":\"2025-04-24T14:38:57+00:00\",\"dateModified\":\"2025-04-24T18:34:39+00:00\",\"author\":{\"@id\":\"https:\/\/president-ksgov.net\/#\/schema\/person\/7c46f744a99d3f1616b92658282aa934\"},\"description\":\"President Osmani commemorated the hero Ismet Rraci, on the 24th anniversary of his murder - President of the Republic of Kosovo - DR. VJOSA OSMANI - SADRIU - News\",\"breadcrumb\":{\"@id\":\"https:\/\/president-ksgov.net\/en\/president-osmani-commemorated-the-hero-ismet-rraci-on-the-24th-anniversary-of-his-murder\/#breadcrumb\"},\"inLanguage\":\"en-US\",\"potentialAction\":[{\"@type\":\"ReadAction\",\"target\":[\"https:\/\/president-ksgov.net\/en\/president-osmani-commemorated-the-hero-ismet-rraci-on-the-24th-anniversary-of-his-murder\/\"]}]},{\"@type\":\"ImageObject\",\"inLanguage\":\"en-US\",\"@id\":\"https:\/\/president-ksgov.net\/en\/president-osmani-commemorated-the-hero-ismet-rraci-on-the-24th-anniversary-of-his-murder\/#primaryimage\",\"url\":\"https:\/\/president-ksgov.net\/wp-content\/uploads\/493856904_714166484605343_1873983028358867694_n.jpg\",\"contentUrl\":\"https:\/\/president-ksgov.net\/wp-content\/uploads\/493856904_714166484605343_1873983028358867694_n.jpg\",\"width\":477,\"height\":500},{\"@type\":\"BreadcrumbList\",\"@id\":\"https:\/\/president-ksgov.net\/en\/president-osmani-commemorated-the-hero-ismet-rraci-on-the-24th-anniversary-of-his-murder\/#breadcrumb\",\"itemListElement\":[{\"@type\":\"ListItem\",\"position\":1,\"name\":\"Home\",\"item\":\"https:\/\/president-ksgov.net\/en\/\"},{\"@type\":\"ListItem\",\"position\":2,\"name\":\"President Osmani commemorated the hero Ismet Rraci, on the 24th anniversary of his murder\"}]},{\"@type\":\"WebSite\",\"@id\":\"https:\/\/president-ksgov.net\/#website\",\"url\":\"https:\/\/president-ksgov.net\/\",\"name\":\"Presidente e Republik\u00ebs s\u00eb Kosov\u00ebs\",\"description\":\"Presidente e Republik\u00ebs s\u00eb Kosov\u00ebs\",\"alternateName\":\"DR. VJOSA OSMANI - SADRIU\",\"potentialAction\":[{\"@type\":\"SearchAction\",\"target\":{\"@type\":\"EntryPoint\",\"urlTemplate\":\"https:\/\/president-ksgov.net\/?s={search_term_string}\"},\"query-input\":{\"@type\":\"PropertyValueSpecification\",\"valueRequired\":true,\"valueName\":\"search_term_string\"}}],\"inLanguage\":\"en-US\"},{\"@type\":\"Person\",\"@id\":\"https:\/\/president-ksgov.net\/#\/schema\/person\/7c46f744a99d3f1616b92658282aa934\",\"name\":\"Florent Rrahmani\",\"image\":{\"@type\":\"ImageObject\",\"inLanguage\":\"en-US\",\"@id\":\"https:\/\/president-ksgov.net\/#\/schema\/person\/image\/\",\"url\":\"https:\/\/secure.gravatar.com\/avatar\/2545924aa250de68ac8368367a79b663e59571cd131611f54c89b0613a94e230?s=96&d=mm&r=g\",\"contentUrl\":\"https:\/\/secure.gravatar.com\/avatar\/2545924aa250de68ac8368367a79b663e59571cd131611f54c89b0613a94e230?s=96&d=mm&r=g\",\"caption\":\"Florent Rrahmani\"}}]}<\/script>\n<!-- \/ Yoast SEO plugin. -->","yoast_head_json":{"title":"President Osmani commemorated the hero Ismet Rraci, on the 24th anniversary of his murder - President of the Republic of Kosovo - DR. VJOSA OSMANI - SADRIU","description":"President Osmani commemorated the hero Ismet Rraci, on the 24th anniversary of his murder - President of the Republic of Kosovo - DR. VJOSA OSMANI - SADRIU - News","robots":{"index":"index","follow":"follow","max-snippet":"max-snippet:-1","max-image-preview":"max-image-preview:large","max-video-preview":"max-video-preview:-1"},"canonical":"https:\/\/president-ksgov.net\/en\/president-osmani-commemorated-the-hero-ismet-rraci-on-the-24th-anniversary-of-his-murder\/","og_locale":"en_US","og_type":"article","og_title":"President Osmani commemorated the hero Ismet Rraci, on the 24th anniversary of his murder - President of the Republic of Kosovo - DR. VJOSA OSMANI - SADRIU","og_description":"President Osmani commemorated the hero Ismet Rraci, on the 24th anniversary of his murder - President of the Republic of Kosovo - DR. VJOSA OSMANI - SADRIU - News","og_url":"https:\/\/president-ksgov.net\/en\/president-osmani-commemorated-the-hero-ismet-rraci-on-the-24th-anniversary-of-his-murder\/","og_site_name":"President of the Republic of Kosovo - DR. VJOSA OSMANI - SADRIU","article_published_time":"2025-04-24T14:38:57+00:00","article_modified_time":"2025-04-24T18:34:39+00:00","og_image":[{"width":477,"height":500,"url":"https:\/\/president-ksgov.net\/wp-content\/uploads\/493856904_714166484605343_1873983028358867694_n.jpg","type":"image\/jpeg"}],"author":"Florent Rrahmani","twitter_card":"summary_large_image","twitter_misc":{"Written by":"Florent Rrahmani","Est. reading time":"1 minute"},"schema":{"@context":"https:\/\/schema.org","@graph":[{"@type":"WebPage","@id":"https:\/\/president-ksgov.net\/en\/president-osmani-commemorated-the-hero-ismet-rraci-on-the-24th-anniversary-of-his-murder\/","url":"https:\/\/president-ksgov.net\/en\/president-osmani-commemorated-the-hero-ismet-rraci-on-the-24th-anniversary-of-his-murder\/","name":"President Osmani commemorated the hero Ismet Rraci, on the 24th anniversary of his murder - President of the Republic of Kosovo - DR. VJOSA OSMANI - SADRIU","isPartOf":{"@id":"https:\/\/president-ksgov.net\/#website"},"primaryImageOfPage":{"@id":"https:\/\/president-ksgov.net\/en\/president-osmani-commemorated-the-hero-ismet-rraci-on-the-24th-anniversary-of-his-murder\/#primaryimage"},"image":{"@id":"https:\/\/president-ksgov.net\/en\/president-osmani-commemorated-the-hero-ismet-rraci-on-the-24th-anniversary-of-his-murder\/#primaryimage"},"thumbnailUrl":"https:\/\/president-ksgov.net\/wp-content\/uploads\/493856904_714166484605343_1873983028358867694_n.jpg","datePublished":"2025-04-24T14:38:57+00:00","dateModified":"2025-04-24T18:34:39+00:00","author":{"@id":"https:\/\/president-ksgov.net\/#\/schema\/person\/7c46f744a99d3f1616b92658282aa934"},"description":"President Osmani commemorated the hero Ismet Rraci, on the 24th anniversary of his murder - President of the Republic of Kosovo - DR. VJOSA OSMANI - SADRIU - News","breadcrumb":{"@id":"https:\/\/president-ksgov.net\/en\/president-osmani-commemorated-the-hero-ismet-rraci-on-the-24th-anniversary-of-his-murder\/#breadcrumb"},"inLanguage":"en-US","potentialAction":[{"@type":"ReadAction","target":["https:\/\/president-ksgov.net\/en\/president-osmani-commemorated-the-hero-ismet-rraci-on-the-24th-anniversary-of-his-murder\/"]}]},{"@type":"ImageObject","inLanguage":"en-US","@id":"https:\/\/president-ksgov.net\/en\/president-osmani-commemorated-the-hero-ismet-rraci-on-the-24th-anniversary-of-his-murder\/#primaryimage","url":"https:\/\/president-ksgov.net\/wp-content\/uploads\/493856904_714166484605343_1873983028358867694_n.jpg","contentUrl":"https:\/\/president-ksgov.net\/wp-content\/uploads\/493856904_714166484605343_1873983028358867694_n.jpg","width":477,"height":500},{"@type":"BreadcrumbList","@id":"https:\/\/president-ksgov.net\/en\/president-osmani-commemorated-the-hero-ismet-rraci-on-the-24th-anniversary-of-his-murder\/#breadcrumb","itemListElement":[{"@type":"ListItem","position":1,"name":"Home","item":"https:\/\/president-ksgov.net\/en\/"},{"@type":"ListItem","position":2,"name":"President Osmani commemorated the hero Ismet Rraci, on the 24th anniversary of his murder"}]},{"@type":"WebSite","@id":"https:\/\/president-ksgov.net\/#website","url":"https:\/\/president-ksgov.net\/","name":"Presidente e Republik\u00ebs s\u00eb Kosov\u00ebs","description":"Presidente e Republik\u00ebs s\u00eb Kosov\u00ebs","alternateName":"DR. VJOSA OSMANI - SADRIU","potentialAction":[{"@type":"SearchAction","target":{"@type":"EntryPoint","urlTemplate":"https:\/\/president-ksgov.net\/?s={search_term_string}"},"query-input":{"@type":"PropertyValueSpecification","valueRequired":true,"valueName":"search_term_string"}}],"inLanguage":"en-US"},{"@type":"Person","@id":"https:\/\/president-ksgov.net\/#\/schema\/person\/7c46f744a99d3f1616b92658282aa934","name":"Florent Rrahmani","image":{"@type":"ImageObject","inLanguage":"en-US","@id":"https:\/\/president-ksgov.net\/#\/schema\/person\/image\/","url":"https:\/\/secure.gravatar.com\/avatar\/2545924aa250de68ac8368367a79b663e59571cd131611f54c89b0613a94e230?s=96&d=mm&r=g","contentUrl":"https:\/\/secure.gravatar.com\/avatar\/2545924aa250de68ac8368367a79b663e59571cd131611f54c89b0613a94e230?s=96&d=mm&r=g","caption":"Florent Rrahmani"}}]}},"_links":{"self":[{"href":"https:\/\/president-ksgov.net\/en\/wp-json\/wp\/v2\/posts\/159354","targetHints":{"allow":["GET"]}}],"collection":[{"href":"https:\/\/president-ksgov.net\/en\/wp-json\/wp\/v2\/posts"}],"about":[{"href":"https:\/\/president-ksgov.net\/en\/wp-json\/wp\/v2\/types\/post"}],"author":[{"embeddable":true,"href":"https:\/\/president-ksgov.net\/en\/wp-json\/wp\/v2\/users\/9"}],"replies":[{"embeddable":true,"href":"https:\/\/president-ksgov.net\/en\/wp-json\/wp\/v2\/comments?post=159354"}],"version-history":[{"count":1,"href":"https:\/\/president-ksgov.net\/en\/wp-json\/wp\/v2\/posts\/159354\/revisions"}],"predecessor-version":[{"id":159355,"href":"https:\/\/president-ksgov.net\/en\/wp-json\/wp\/v2\/posts\/159354\/revisions\/159355"}],"wp:featuredmedia":[{"embeddable":true,"href":"https:\/\/president-ksgov.net\/en\/wp-json\/wp\/v2\/media\/159149"}],"wp:attachment":[{"href":"https:\/\/president-ksgov.net\/en\/wp-json\/wp\/v2\/media?parent=159354"}],"wp:term":[{"taxonomy":"category","embeddable":true,"href":"https:\/\/president-ksgov.net\/en\/wp-json\/wp\/v2\/categories?post=159354"},{"taxonomy":"post_tag","embeddable":true,"href":"https:\/\/president-ksgov.net\/en\/wp-json\/wp\/v2\/tags?post=159354"}],"curies":[{"name":"wp","href":"https:\/\/api.w.org\/{rel}","templated":true}]}}