{"id":158260,"date":"2025-04-14T16:55:54","date_gmt":"2025-04-14T14:55:54","guid":{"rendered":"https:\/\/president-ksgov.net\/?p=158260"},"modified":"2025-04-15T10:39:33","modified_gmt":"2025-04-15T08:39:33","slug":"president-osmani-commemorates-the-anniversary-of-the-massacre-in-the-kovacet-neighborhood-in-mitrovica","status":"publish","type":"post","link":"https:\/\/president-ksgov.net\/en\/president-osmani-commemorates-the-anniversary-of-the-massacre-in-the-kovacet-neighborhood-in-mitrovica\/","title":{"rendered":"President Osmani commemorates the anniversary of the massacre in the Kova\u00e7\u00ebt neighborhood in Mitrovica"},"content":{"rendered":"<p>On April 14th 1999, Serbian paramilitary forces brutally massacred 31 residents of the Kova\u00e7\u00ebt neighborhood in Mitrovica.<\/p>\n<p>They were killed simply because they were Albanians. They were massacred in their homes and streets, in their neighborhood, where they should have felt safe.<\/p>\n<p>These men, women and children will always be remembered.<\/p>\n<p>The memory of them is a moral obligation and a commitment to truth and justice.<\/p>\n<p>Such crimes are not forgotten, and justice for them remains our constant goal.<\/p>\n","protected":false},"excerpt":{"rendered":"<p>On April 14th 1999, Serbian paramilitary forces brutally massacred 31 residents of the Kova\u00e7\u00ebt neighborhood in Mitrovica. They were killed simply because they were Albanians. They were massacred in their homes and streets, in their neighborhood, where they should have felt safe. These men, women and children will always be remembered. The memory of them is a moral obligation and a commitment to truth and justice. Such crimes are not forgotten, and justice for them remains our constant goal.<\/p>\n","protected":false},"author":9,"featured_media":153756,"comment_status":"closed","ping_status":"closed","sticky":false,"template":"","format":"standard","meta":{"_eb_attr":"","footnotes":""},"categories":[111],"tags":[],"class_list":["post-158260","post","type-post","status-publish","format-standard","has-post-thumbnail","hentry","category-news"],"yoast_head":"<!-- This site is optimized with the Yoast SEO plugin v23.5 - https:\/\/yoast.com\/wordpress\/plugins\/seo\/ -->\n<title>President Osmani commemorates the anniversary of the massacre in the Kova\u00e7\u00ebt neighborhood in Mitrovica - President of the Republic of Kosovo - DR. VJOSA OSMANI - SADRIU<\/title>\n<meta name=\"description\" content=\"President Osmani commemorates the anniversary of the massacre in the Kova\u00e7\u00ebt neighborhood in Mitrovica - President of the Republic of Kosovo - DR. VJOSA OSMANI - SADRIU - News\" \/>\n<meta name=\"robots\" content=\"index, follow, max-snippet:-1, max-image-preview:large, max-video-preview:-1\" \/>\n<link rel=\"canonical\" href=\"https:\/\/president-ksgov.net\/en\/president-osmani-commemorates-the-anniversary-of-the-massacre-in-the-kovacet-neighborhood-in-mitrovica\/\" \/>\n<meta property=\"og:locale\" content=\"en_US\" \/>\n<meta property=\"og:type\" content=\"article\" \/>\n<meta property=\"og:title\" content=\"President Osmani commemorates the anniversary of the massacre in the Kova\u00e7\u00ebt neighborhood in Mitrovica - President of the Republic of Kosovo - DR. VJOSA OSMANI - SADRIU\" \/>\n<meta property=\"og:description\" content=\"President Osmani commemorates the anniversary of the massacre in the Kova\u00e7\u00ebt neighborhood in Mitrovica - President of the Republic of Kosovo - DR. VJOSA OSMANI - SADRIU - News\" \/>\n<meta property=\"og:url\" content=\"https:\/\/president-ksgov.net\/en\/president-osmani-commemorates-the-anniversary-of-the-massacre-in-the-kovacet-neighborhood-in-mitrovica\/\" \/>\n<meta property=\"og:site_name\" content=\"President of the Republic of Kosovo - DR. VJOSA OSMANI - SADRIU\" \/>\n<meta property=\"article:published_time\" content=\"2025-04-14T14:55:54+00:00\" \/>\n<meta property=\"article:modified_time\" content=\"2025-04-15T08:39:33+00:00\" \/>\n<meta property=\"og:image\" content=\"https:\/\/president-ksgov.net\/wp-content\/uploads\/ZPRK-17.jpg\" \/>\n\t<meta property=\"og:image:width\" content=\"2000\" \/>\n\t<meta property=\"og:image:height\" content=\"1000\" \/>\n\t<meta property=\"og:image:type\" content=\"image\/jpeg\" \/>\n<meta name=\"author\" content=\"Florent Rrahmani\" \/>\n<meta name=\"twitter:card\" content=\"summary_large_image\" \/>\n<meta name=\"twitter:label1\" content=\"Written by\" \/>\n\t<meta name=\"twitter:data1\" content=\"Florent Rrahmani\" \/>\n\t<meta name=\"twitter:label2\" content=\"Est. reading time\" \/>\n\t<meta name=\"twitter:data2\" content=\"1 minute\" \/>\n<script type=\"application\/ld+json\" class=\"yoast-schema-graph\">{\"@context\":\"https:\/\/schema.org\",\"@graph\":[{\"@type\":\"WebPage\",\"@id\":\"https:\/\/president-ksgov.net\/en\/president-osmani-commemorates-the-anniversary-of-the-massacre-in-the-kovacet-neighborhood-in-mitrovica\/\",\"url\":\"https:\/\/president-ksgov.net\/en\/president-osmani-commemorates-the-anniversary-of-the-massacre-in-the-kovacet-neighborhood-in-mitrovica\/\",\"name\":\"President Osmani commemorates the anniversary of the massacre in the Kova\u00e7\u00ebt neighborhood in Mitrovica - President of the Republic of Kosovo - DR. VJOSA OSMANI - SADRIU\",\"isPartOf\":{\"@id\":\"https:\/\/president-ksgov.net\/#website\"},\"primaryImageOfPage\":{\"@id\":\"https:\/\/president-ksgov.net\/en\/president-osmani-commemorates-the-anniversary-of-the-massacre-in-the-kovacet-neighborhood-in-mitrovica\/#primaryimage\"},\"image\":{\"@id\":\"https:\/\/president-ksgov.net\/en\/president-osmani-commemorates-the-anniversary-of-the-massacre-in-the-kovacet-neighborhood-in-mitrovica\/#primaryimage\"},\"thumbnailUrl\":\"https:\/\/president-ksgov.net\/wp-content\/uploads\/ZPRK-17.jpg\",\"datePublished\":\"2025-04-14T14:55:54+00:00\",\"dateModified\":\"2025-04-15T08:39:33+00:00\",\"author\":{\"@id\":\"https:\/\/president-ksgov.net\/#\/schema\/person\/7c46f744a99d3f1616b92658282aa934\"},\"description\":\"President Osmani commemorates the anniversary of the massacre in the Kova\u00e7\u00ebt neighborhood in Mitrovica - President of the Republic of Kosovo - DR. VJOSA OSMANI - SADRIU - News\",\"breadcrumb\":{\"@id\":\"https:\/\/president-ksgov.net\/en\/president-osmani-commemorates-the-anniversary-of-the-massacre-in-the-kovacet-neighborhood-in-mitrovica\/#breadcrumb\"},\"inLanguage\":\"en-US\",\"potentialAction\":[{\"@type\":\"ReadAction\",\"target\":[\"https:\/\/president-ksgov.net\/en\/president-osmani-commemorates-the-anniversary-of-the-massacre-in-the-kovacet-neighborhood-in-mitrovica\/\"]}]},{\"@type\":\"ImageObject\",\"inLanguage\":\"en-US\",\"@id\":\"https:\/\/president-ksgov.net\/en\/president-osmani-commemorates-the-anniversary-of-the-massacre-in-the-kovacet-neighborhood-in-mitrovica\/#primaryimage\",\"url\":\"https:\/\/president-ksgov.net\/wp-content\/uploads\/ZPRK-17.jpg\",\"contentUrl\":\"https:\/\/president-ksgov.net\/wp-content\/uploads\/ZPRK-17.jpg\",\"width\":2000,\"height\":1000},{\"@type\":\"BreadcrumbList\",\"@id\":\"https:\/\/president-ksgov.net\/en\/president-osmani-commemorates-the-anniversary-of-the-massacre-in-the-kovacet-neighborhood-in-mitrovica\/#breadcrumb\",\"itemListElement\":[{\"@type\":\"ListItem\",\"position\":1,\"name\":\"Home\",\"item\":\"https:\/\/president-ksgov.net\/en\/\"},{\"@type\":\"ListItem\",\"position\":2,\"name\":\"President Osmani commemorates the anniversary of the massacre in the Kova\u00e7\u00ebt neighborhood in Mitrovica\"}]},{\"@type\":\"WebSite\",\"@id\":\"https:\/\/president-ksgov.net\/#website\",\"url\":\"https:\/\/president-ksgov.net\/\",\"name\":\"Presidente e Republik\u00ebs s\u00eb Kosov\u00ebs\",\"description\":\"Presidente e Republik\u00ebs s\u00eb Kosov\u00ebs\",\"alternateName\":\"DR. VJOSA OSMANI - SADRIU\",\"potentialAction\":[{\"@type\":\"SearchAction\",\"target\":{\"@type\":\"EntryPoint\",\"urlTemplate\":\"https:\/\/president-ksgov.net\/?s={search_term_string}\"},\"query-input\":{\"@type\":\"PropertyValueSpecification\",\"valueRequired\":true,\"valueName\":\"search_term_string\"}}],\"inLanguage\":\"en-US\"},{\"@type\":\"Person\",\"@id\":\"https:\/\/president-ksgov.net\/#\/schema\/person\/7c46f744a99d3f1616b92658282aa934\",\"name\":\"Florent Rrahmani\",\"image\":{\"@type\":\"ImageObject\",\"inLanguage\":\"en-US\",\"@id\":\"https:\/\/president-ksgov.net\/#\/schema\/person\/image\/\",\"url\":\"https:\/\/secure.gravatar.com\/avatar\/2545924aa250de68ac8368367a79b663e59571cd131611f54c89b0613a94e230?s=96&d=mm&r=g\",\"contentUrl\":\"https:\/\/secure.gravatar.com\/avatar\/2545924aa250de68ac8368367a79b663e59571cd131611f54c89b0613a94e230?s=96&d=mm&r=g\",\"caption\":\"Florent Rrahmani\"}}]}<\/script>\n<!-- \/ Yoast SEO plugin. -->","yoast_head_json":{"title":"President Osmani commemorates the anniversary of the massacre in the Kova\u00e7\u00ebt neighborhood in Mitrovica - President of the Republic of Kosovo - DR. VJOSA OSMANI - SADRIU","description":"President Osmani commemorates the anniversary of the massacre in the Kova\u00e7\u00ebt neighborhood in Mitrovica - President of the Republic of Kosovo - DR. VJOSA OSMANI - SADRIU - News","robots":{"index":"index","follow":"follow","max-snippet":"max-snippet:-1","max-image-preview":"max-image-preview:large","max-video-preview":"max-video-preview:-1"},"canonical":"https:\/\/president-ksgov.net\/en\/president-osmani-commemorates-the-anniversary-of-the-massacre-in-the-kovacet-neighborhood-in-mitrovica\/","og_locale":"en_US","og_type":"article","og_title":"President Osmani commemorates the anniversary of the massacre in the Kova\u00e7\u00ebt neighborhood in Mitrovica - President of the Republic of Kosovo - DR. VJOSA OSMANI - SADRIU","og_description":"President Osmani commemorates the anniversary of the massacre in the Kova\u00e7\u00ebt neighborhood in Mitrovica - President of the Republic of Kosovo - DR. VJOSA OSMANI - SADRIU - News","og_url":"https:\/\/president-ksgov.net\/en\/president-osmani-commemorates-the-anniversary-of-the-massacre-in-the-kovacet-neighborhood-in-mitrovica\/","og_site_name":"President of the Republic of Kosovo - DR. VJOSA OSMANI - SADRIU","article_published_time":"2025-04-14T14:55:54+00:00","article_modified_time":"2025-04-15T08:39:33+00:00","og_image":[{"width":2000,"height":1000,"url":"https:\/\/president-ksgov.net\/wp-content\/uploads\/ZPRK-17.jpg","type":"image\/jpeg"}],"author":"Florent Rrahmani","twitter_card":"summary_large_image","twitter_misc":{"Written by":"Florent Rrahmani","Est. reading time":"1 minute"},"schema":{"@context":"https:\/\/schema.org","@graph":[{"@type":"WebPage","@id":"https:\/\/president-ksgov.net\/en\/president-osmani-commemorates-the-anniversary-of-the-massacre-in-the-kovacet-neighborhood-in-mitrovica\/","url":"https:\/\/president-ksgov.net\/en\/president-osmani-commemorates-the-anniversary-of-the-massacre-in-the-kovacet-neighborhood-in-mitrovica\/","name":"President Osmani commemorates the anniversary of the massacre in the Kova\u00e7\u00ebt neighborhood in Mitrovica - President of the Republic of Kosovo - DR. VJOSA OSMANI - SADRIU","isPartOf":{"@id":"https:\/\/president-ksgov.net\/#website"},"primaryImageOfPage":{"@id":"https:\/\/president-ksgov.net\/en\/president-osmani-commemorates-the-anniversary-of-the-massacre-in-the-kovacet-neighborhood-in-mitrovica\/#primaryimage"},"image":{"@id":"https:\/\/president-ksgov.net\/en\/president-osmani-commemorates-the-anniversary-of-the-massacre-in-the-kovacet-neighborhood-in-mitrovica\/#primaryimage"},"thumbnailUrl":"https:\/\/president-ksgov.net\/wp-content\/uploads\/ZPRK-17.jpg","datePublished":"2025-04-14T14:55:54+00:00","dateModified":"2025-04-15T08:39:33+00:00","author":{"@id":"https:\/\/president-ksgov.net\/#\/schema\/person\/7c46f744a99d3f1616b92658282aa934"},"description":"President Osmani commemorates the anniversary of the massacre in the Kova\u00e7\u00ebt neighborhood in Mitrovica - President of the Republic of Kosovo - DR. VJOSA OSMANI - SADRIU - News","breadcrumb":{"@id":"https:\/\/president-ksgov.net\/en\/president-osmani-commemorates-the-anniversary-of-the-massacre-in-the-kovacet-neighborhood-in-mitrovica\/#breadcrumb"},"inLanguage":"en-US","potentialAction":[{"@type":"ReadAction","target":["https:\/\/president-ksgov.net\/en\/president-osmani-commemorates-the-anniversary-of-the-massacre-in-the-kovacet-neighborhood-in-mitrovica\/"]}]},{"@type":"ImageObject","inLanguage":"en-US","@id":"https:\/\/president-ksgov.net\/en\/president-osmani-commemorates-the-anniversary-of-the-massacre-in-the-kovacet-neighborhood-in-mitrovica\/#primaryimage","url":"https:\/\/president-ksgov.net\/wp-content\/uploads\/ZPRK-17.jpg","contentUrl":"https:\/\/president-ksgov.net\/wp-content\/uploads\/ZPRK-17.jpg","width":2000,"height":1000},{"@type":"BreadcrumbList","@id":"https:\/\/president-ksgov.net\/en\/president-osmani-commemorates-the-anniversary-of-the-massacre-in-the-kovacet-neighborhood-in-mitrovica\/#breadcrumb","itemListElement":[{"@type":"ListItem","position":1,"name":"Home","item":"https:\/\/president-ksgov.net\/en\/"},{"@type":"ListItem","position":2,"name":"President Osmani commemorates the anniversary of the massacre in the Kova\u00e7\u00ebt neighborhood in Mitrovica"}]},{"@type":"WebSite","@id":"https:\/\/president-ksgov.net\/#website","url":"https:\/\/president-ksgov.net\/","name":"Presidente e Republik\u00ebs s\u00eb Kosov\u00ebs","description":"Presidente e Republik\u00ebs s\u00eb Kosov\u00ebs","alternateName":"DR. VJOSA OSMANI - SADRIU","potentialAction":[{"@type":"SearchAction","target":{"@type":"EntryPoint","urlTemplate":"https:\/\/president-ksgov.net\/?s={search_term_string}"},"query-input":{"@type":"PropertyValueSpecification","valueRequired":true,"valueName":"search_term_string"}}],"inLanguage":"en-US"},{"@type":"Person","@id":"https:\/\/president-ksgov.net\/#\/schema\/person\/7c46f744a99d3f1616b92658282aa934","name":"Florent Rrahmani","image":{"@type":"ImageObject","inLanguage":"en-US","@id":"https:\/\/president-ksgov.net\/#\/schema\/person\/image\/","url":"https:\/\/secure.gravatar.com\/avatar\/2545924aa250de68ac8368367a79b663e59571cd131611f54c89b0613a94e230?s=96&d=mm&r=g","contentUrl":"https:\/\/secure.gravatar.com\/avatar\/2545924aa250de68ac8368367a79b663e59571cd131611f54c89b0613a94e230?s=96&d=mm&r=g","caption":"Florent Rrahmani"}}]}},"_links":{"self":[{"href":"https:\/\/president-ksgov.net\/en\/wp-json\/wp\/v2\/posts\/158260","targetHints":{"allow":["GET"]}}],"collection":[{"href":"https:\/\/president-ksgov.net\/en\/wp-json\/wp\/v2\/posts"}],"about":[{"href":"https:\/\/president-ksgov.net\/en\/wp-json\/wp\/v2\/types\/post"}],"author":[{"embeddable":true,"href":"https:\/\/president-ksgov.net\/en\/wp-json\/wp\/v2\/users\/9"}],"replies":[{"embeddable":true,"href":"https:\/\/president-ksgov.net\/en\/wp-json\/wp\/v2\/comments?post=158260"}],"version-history":[{"count":1,"href":"https:\/\/president-ksgov.net\/en\/wp-json\/wp\/v2\/posts\/158260\/revisions"}],"predecessor-version":[{"id":158261,"href":"https:\/\/president-ksgov.net\/en\/wp-json\/wp\/v2\/posts\/158260\/revisions\/158261"}],"wp:featuredmedia":[{"embeddable":true,"href":"https:\/\/president-ksgov.net\/en\/wp-json\/wp\/v2\/media\/153756"}],"wp:attachment":[{"href":"https:\/\/president-ksgov.net\/en\/wp-json\/wp\/v2\/media?parent=158260"}],"wp:term":[{"taxonomy":"category","embeddable":true,"href":"https:\/\/president-ksgov.net\/en\/wp-json\/wp\/v2\/categories?post=158260"},{"taxonomy":"post_tag","embeddable":true,"href":"https:\/\/president-ksgov.net\/en\/wp-json\/wp\/v2\/tags?post=158260"}],"curies":[{"name":"wp","href":"https:\/\/api.w.org\/{rel}","templated":true}]}}