{"id":158222,"date":"2025-04-14T15:18:08","date_gmt":"2025-04-14T13:18:08","guid":{"rendered":"https:\/\/president-ksgov.net\/?p=158222"},"modified":"2026-02-25T10:08:19","modified_gmt":"2026-02-25T09:08:19","slug":"madam-president-april-14th-is-not-only-a-day-of-remembrance-but-also-a-day-of-seeking-justice-raising-voices-for-thousands-of-women-men-and-children-who-suffered-sexual-violence-during-the-war-by","status":"publish","type":"post","link":"https:\/\/president-ksgov.net\/en\/madam-president-april-14th-is-not-only-a-day-of-remembrance-but-also-a-day-of-seeking-justice-raising-voices-for-thousands-of-women-men-and-children-who-suffered-sexual-violence-during-the-war-by\/","title":{"rendered":"Madam President: April 14th is not only a day of remembrance, but also a day of seeking justice, raising voices for thousands of women, men and children who suffered sexual violence during the war by the Serbian genocidal regime"},"content":{"rendered":"<p>The President of the Republic of Kosovo Vjosa Osmani, said that April 14th is not only a day of remembrance, but also a day of seeking justice, raising voices for thousands of women, men and children who suffered sexual violence during the war by the Serbian genocidal regime.<\/p>\n<p>President Osmani&#8217;s full post:<\/p>\n<p>April 14th is not only a day of remembrance, but also a day of seeking justice, raising voices for thousands of women, men and children who suffered sexual violence during the war by the Serbian genocidal regime.<\/p>\n<p>Their resilience and courage are an inspiration to each one of us. Vasfije, Shyrete and many other women, and now Ramadan Nishori and many men, never gave up in the face of pain. They chose to become a voice for themselves and for all those who still cannot speak. They became the voice of truth and justice.<\/p>\n<p>On this journey, we will be side by side with all of the survivors, today and every day. The wounds are still open, but our fight for justice will never cease.<\/p>\n<p><iframe style=\"border: none; overflow: hidden;\" src=\"https:\/\/www.facebook.com\/plugins\/video.php?height=476&amp;href=https%3A%2F%2Fwww.facebook.com%2FVjosaOsmaniMP%2Fvideos%2F1218378190003860%2F&amp;show_text=false&amp;width=560&amp;t=0\" width=\"560\" height=\"650\" frameborder=\"0\" scrolling=\"no\" allowfullscreen=\"allowfullscreen\"><\/iframe><\/p>\n","protected":false},"excerpt":{"rendered":"<p>The President of the Republic of Kosovo Vjosa Osmani, said that April 14th is not only a day of remembrance, but also a day of seeking justice, raising voices for thousands of women, men and children who suffered sexual violence during the war by the Serbian genocidal regime. President Osmani&#8217;s full post: April 14th is not only a day of remembrance, but also a day of seeking justice, raising voices for thousands of women, men and children who suffered sexual violence during the war by the Serbian genocidal regime. Their resilience and courage are an inspiration to each one of us. Vasfije, Shyrete and many other women, and now Ramadan Nishori and many men, never gave up in the face of pain. They chose to become a voice for themselves and for all those who still cannot speak. They became the voice of truth and justice. On this journey, we will be side by side with all of the survivors, today and every day. The wounds are still open, but our fight for justice will never cease.<\/p>\n","protected":false},"author":16,"featured_media":158214,"comment_status":"closed","ping_status":"closed","sticky":false,"template":"","format":"standard","meta":{"_eb_attr":"","footnotes":""},"categories":[111,164,105],"tags":[],"class_list":["post-158222","post","type-post","status-publish","format-standard","has-post-thumbnail","hentry","category-news","category-regional-center-of-excellence-for-women-peace-and-security","category-speeches"],"yoast_head":"<!-- This site is optimized with the Yoast SEO plugin v23.5 - https:\/\/yoast.com\/wordpress\/plugins\/seo\/ -->\n<title>Madam President: April 14th is not only a day of remembrance, but also a day of seeking justice, raising voices for thousands of women, men and children who suffered sexual violence during the war by the Serbian genocidal regime - President of the Republic of Kosovo - DR. VJOSA OSMANI - SADRIU<\/title>\n<meta name=\"description\" content=\"Madam President: April 14th is not only a day of remembrance, but also a day of seeking justice, raising voices for thousands of women, men and children who suffered sexual violence during the war by the Serbian genocidal regime - President of the Republic of Kosovo - DR. VJOSA OSMANI - SADRIU -\" \/>\n<meta name=\"robots\" content=\"index, follow, max-snippet:-1, max-image-preview:large, max-video-preview:-1\" \/>\n<link rel=\"canonical\" href=\"https:\/\/president-ksgov.net\/en\/madam-president-april-14th-is-not-only-a-day-of-remembrance-but-also-a-day-of-seeking-justice-raising-voices-for-thousands-of-women-men-and-children-who-suffered-sexual-violence-during-the-war-by\/\" \/>\n<meta property=\"og:locale\" content=\"en_US\" \/>\n<meta property=\"og:type\" content=\"article\" \/>\n<meta property=\"og:title\" content=\"Madam President: April 14th is not only a day of remembrance, but also a day of seeking justice, raising voices for thousands of women, men and children who suffered sexual violence during the war by the Serbian genocidal regime - President of the Republic of Kosovo - DR. VJOSA OSMANI - SADRIU\" \/>\n<meta property=\"og:description\" content=\"Madam President: April 14th is not only a day of remembrance, but also a day of seeking justice, raising voices for thousands of women, men and children who suffered sexual violence during the war by the Serbian genocidal regime - President of the Republic of Kosovo - DR. VJOSA OSMANI - SADRIU -\" \/>\n<meta property=\"og:url\" content=\"https:\/\/president-ksgov.net\/en\/madam-president-april-14th-is-not-only-a-day-of-remembrance-but-also-a-day-of-seeking-justice-raising-voices-for-thousands-of-women-men-and-children-who-suffered-sexual-violence-during-the-war-by\/\" \/>\n<meta property=\"og:site_name\" content=\"President of the Republic of Kosovo - DR. VJOSA OSMANI - SADRIU\" \/>\n<meta property=\"article:published_time\" content=\"2025-04-14T13:18:08+00:00\" \/>\n<meta property=\"article:modified_time\" content=\"2026-02-25T09:08:19+00:00\" \/>\n<meta property=\"og:image\" content=\"https:\/\/president-ksgov.net\/wp-content\/uploads\/14.4.25-1.jpg\" \/>\n\t<meta property=\"og:image:width\" content=\"2560\" \/>\n\t<meta property=\"og:image:height\" content=\"1704\" \/>\n\t<meta property=\"og:image:type\" content=\"image\/jpeg\" \/>\n<meta name=\"author\" content=\"Azim Rabby\" \/>\n<meta name=\"twitter:card\" content=\"summary_large_image\" \/>\n<meta name=\"twitter:label1\" content=\"Written by\" \/>\n\t<meta name=\"twitter:data1\" content=\"Azim Rabby\" \/>\n\t<meta name=\"twitter:label2\" content=\"Est. reading time\" \/>\n\t<meta name=\"twitter:data2\" content=\"2 minutes\" \/>\n<script type=\"application\/ld+json\" class=\"yoast-schema-graph\">{\"@context\":\"https:\/\/schema.org\",\"@graph\":[{\"@type\":\"WebPage\",\"@id\":\"https:\/\/president-ksgov.net\/en\/madam-president-april-14th-is-not-only-a-day-of-remembrance-but-also-a-day-of-seeking-justice-raising-voices-for-thousands-of-women-men-and-children-who-suffered-sexual-violence-during-the-war-by\/\",\"url\":\"https:\/\/president-ksgov.net\/en\/madam-president-april-14th-is-not-only-a-day-of-remembrance-but-also-a-day-of-seeking-justice-raising-voices-for-thousands-of-women-men-and-children-who-suffered-sexual-violence-during-the-war-by\/\",\"name\":\"Madam President: April 14th is not only a day of remembrance, but also a day of seeking justice, raising voices for thousands of women, men and children who suffered sexual violence during the war by the Serbian genocidal regime - President of the Republic of Kosovo - DR. VJOSA OSMANI - SADRIU\",\"isPartOf\":{\"@id\":\"https:\/\/president-ksgov.net\/#website\"},\"primaryImageOfPage\":{\"@id\":\"https:\/\/president-ksgov.net\/en\/madam-president-april-14th-is-not-only-a-day-of-remembrance-but-also-a-day-of-seeking-justice-raising-voices-for-thousands-of-women-men-and-children-who-suffered-sexual-violence-during-the-war-by\/#primaryimage\"},\"image\":{\"@id\":\"https:\/\/president-ksgov.net\/en\/madam-president-april-14th-is-not-only-a-day-of-remembrance-but-also-a-day-of-seeking-justice-raising-voices-for-thousands-of-women-men-and-children-who-suffered-sexual-violence-during-the-war-by\/#primaryimage\"},\"thumbnailUrl\":\"https:\/\/president-ksgov.net\/wp-content\/uploads\/14.4.25-1.jpg\",\"datePublished\":\"2025-04-14T13:18:08+00:00\",\"dateModified\":\"2026-02-25T09:08:19+00:00\",\"author\":{\"@id\":\"https:\/\/president-ksgov.net\/#\/schema\/person\/46897fdfb3a2c4637c66776b267b09f6\"},\"description\":\"Madam President: April 14th is not only a day of remembrance, but also a day of seeking justice, raising voices for thousands of women, men and children who suffered sexual violence during the war by the Serbian genocidal regime - President of the Republic of Kosovo - DR. VJOSA OSMANI - SADRIU -\",\"breadcrumb\":{\"@id\":\"https:\/\/president-ksgov.net\/en\/madam-president-april-14th-is-not-only-a-day-of-remembrance-but-also-a-day-of-seeking-justice-raising-voices-for-thousands-of-women-men-and-children-who-suffered-sexual-violence-during-the-war-by\/#breadcrumb\"},\"inLanguage\":\"en-US\",\"potentialAction\":[{\"@type\":\"ReadAction\",\"target\":[\"https:\/\/president-ksgov.net\/en\/madam-president-april-14th-is-not-only-a-day-of-remembrance-but-also-a-day-of-seeking-justice-raising-voices-for-thousands-of-women-men-and-children-who-suffered-sexual-violence-during-the-war-by\/\"]}]},{\"@type\":\"ImageObject\",\"inLanguage\":\"en-US\",\"@id\":\"https:\/\/president-ksgov.net\/en\/madam-president-april-14th-is-not-only-a-day-of-remembrance-but-also-a-day-of-seeking-justice-raising-voices-for-thousands-of-women-men-and-children-who-suffered-sexual-violence-during-the-war-by\/#primaryimage\",\"url\":\"https:\/\/president-ksgov.net\/wp-content\/uploads\/14.4.25-1.jpg\",\"contentUrl\":\"https:\/\/president-ksgov.net\/wp-content\/uploads\/14.4.25-1.jpg\",\"width\":2560,\"height\":1704},{\"@type\":\"BreadcrumbList\",\"@id\":\"https:\/\/president-ksgov.net\/en\/madam-president-april-14th-is-not-only-a-day-of-remembrance-but-also-a-day-of-seeking-justice-raising-voices-for-thousands-of-women-men-and-children-who-suffered-sexual-violence-during-the-war-by\/#breadcrumb\",\"itemListElement\":[{\"@type\":\"ListItem\",\"position\":1,\"name\":\"Home\",\"item\":\"https:\/\/president-ksgov.net\/en\/\"},{\"@type\":\"ListItem\",\"position\":2,\"name\":\"Madam President: April 14th is not only a day of remembrance, but also a day of seeking justice, raising voices for thousands of women, men and children who suffered sexual violence during the war by the Serbian genocidal regime\"}]},{\"@type\":\"WebSite\",\"@id\":\"https:\/\/president-ksgov.net\/#website\",\"url\":\"https:\/\/president-ksgov.net\/\",\"name\":\"Presidente e Republik\u00ebs s\u00eb Kosov\u00ebs\",\"description\":\"Presidente e Republik\u00ebs s\u00eb Kosov\u00ebs\",\"alternateName\":\"DR. VJOSA OSMANI - SADRIU\",\"potentialAction\":[{\"@type\":\"SearchAction\",\"target\":{\"@type\":\"EntryPoint\",\"urlTemplate\":\"https:\/\/president-ksgov.net\/?s={search_term_string}\"},\"query-input\":{\"@type\":\"PropertyValueSpecification\",\"valueRequired\":true,\"valueName\":\"search_term_string\"}}],\"inLanguage\":\"en-US\"},{\"@type\":\"Person\",\"@id\":\"https:\/\/president-ksgov.net\/#\/schema\/person\/46897fdfb3a2c4637c66776b267b09f6\",\"name\":\"Azim Rabby\",\"image\":{\"@type\":\"ImageObject\",\"inLanguage\":\"en-US\",\"@id\":\"https:\/\/president-ksgov.net\/#\/schema\/person\/image\/\",\"url\":\"https:\/\/secure.gravatar.com\/avatar\/2e869d6e696f88891afa5dab0768da91bb4d2f829b32699cfb894a221f3d336b?s=96&d=mm&r=g\",\"contentUrl\":\"https:\/\/secure.gravatar.com\/avatar\/2e869d6e696f88891afa5dab0768da91bb4d2f829b32699cfb894a221f3d336b?s=96&d=mm&r=g\",\"caption\":\"Azim Rabby\"}}]}<\/script>\n<!-- \/ Yoast SEO plugin. -->","yoast_head_json":{"title":"Madam President: April 14th is not only a day of remembrance, but also a day of seeking justice, raising voices for thousands of women, men and children who suffered sexual violence during the war by the Serbian genocidal regime - President of the Republic of Kosovo - DR. VJOSA OSMANI - SADRIU","description":"Madam President: April 14th is not only a day of remembrance, but also a day of seeking justice, raising voices for thousands of women, men and children who suffered sexual violence during the war by the Serbian genocidal regime - President of the Republic of Kosovo - DR. VJOSA OSMANI - SADRIU -","robots":{"index":"index","follow":"follow","max-snippet":"max-snippet:-1","max-image-preview":"max-image-preview:large","max-video-preview":"max-video-preview:-1"},"canonical":"https:\/\/president-ksgov.net\/en\/madam-president-april-14th-is-not-only-a-day-of-remembrance-but-also-a-day-of-seeking-justice-raising-voices-for-thousands-of-women-men-and-children-who-suffered-sexual-violence-during-the-war-by\/","og_locale":"en_US","og_type":"article","og_title":"Madam President: April 14th is not only a day of remembrance, but also a day of seeking justice, raising voices for thousands of women, men and children who suffered sexual violence during the war by the Serbian genocidal regime - President of the Republic of Kosovo - DR. VJOSA OSMANI - SADRIU","og_description":"Madam President: April 14th is not only a day of remembrance, but also a day of seeking justice, raising voices for thousands of women, men and children who suffered sexual violence during the war by the Serbian genocidal regime - President of the Republic of Kosovo - DR. VJOSA OSMANI - SADRIU -","og_url":"https:\/\/president-ksgov.net\/en\/madam-president-april-14th-is-not-only-a-day-of-remembrance-but-also-a-day-of-seeking-justice-raising-voices-for-thousands-of-women-men-and-children-who-suffered-sexual-violence-during-the-war-by\/","og_site_name":"President of the Republic of Kosovo - DR. VJOSA OSMANI - SADRIU","article_published_time":"2025-04-14T13:18:08+00:00","article_modified_time":"2026-02-25T09:08:19+00:00","og_image":[{"width":2560,"height":1704,"url":"https:\/\/president-ksgov.net\/wp-content\/uploads\/14.4.25-1.jpg","type":"image\/jpeg"}],"author":"Azim Rabby","twitter_card":"summary_large_image","twitter_misc":{"Written by":"Azim Rabby","Est. reading time":"2 minutes"},"schema":{"@context":"https:\/\/schema.org","@graph":[{"@type":"WebPage","@id":"https:\/\/president-ksgov.net\/en\/madam-president-april-14th-is-not-only-a-day-of-remembrance-but-also-a-day-of-seeking-justice-raising-voices-for-thousands-of-women-men-and-children-who-suffered-sexual-violence-during-the-war-by\/","url":"https:\/\/president-ksgov.net\/en\/madam-president-april-14th-is-not-only-a-day-of-remembrance-but-also-a-day-of-seeking-justice-raising-voices-for-thousands-of-women-men-and-children-who-suffered-sexual-violence-during-the-war-by\/","name":"Madam President: April 14th is not only a day of remembrance, but also a day of seeking justice, raising voices for thousands of women, men and children who suffered sexual violence during the war by the Serbian genocidal regime - President of the Republic of Kosovo - DR. VJOSA OSMANI - SADRIU","isPartOf":{"@id":"https:\/\/president-ksgov.net\/#website"},"primaryImageOfPage":{"@id":"https:\/\/president-ksgov.net\/en\/madam-president-april-14th-is-not-only-a-day-of-remembrance-but-also-a-day-of-seeking-justice-raising-voices-for-thousands-of-women-men-and-children-who-suffered-sexual-violence-during-the-war-by\/#primaryimage"},"image":{"@id":"https:\/\/president-ksgov.net\/en\/madam-president-april-14th-is-not-only-a-day-of-remembrance-but-also-a-day-of-seeking-justice-raising-voices-for-thousands-of-women-men-and-children-who-suffered-sexual-violence-during-the-war-by\/#primaryimage"},"thumbnailUrl":"https:\/\/president-ksgov.net\/wp-content\/uploads\/14.4.25-1.jpg","datePublished":"2025-04-14T13:18:08+00:00","dateModified":"2026-02-25T09:08:19+00:00","author":{"@id":"https:\/\/president-ksgov.net\/#\/schema\/person\/46897fdfb3a2c4637c66776b267b09f6"},"description":"Madam President: April 14th is not only a day of remembrance, but also a day of seeking justice, raising voices for thousands of women, men and children who suffered sexual violence during the war by the Serbian genocidal regime - President of the Republic of Kosovo - DR. VJOSA OSMANI - SADRIU -","breadcrumb":{"@id":"https:\/\/president-ksgov.net\/en\/madam-president-april-14th-is-not-only-a-day-of-remembrance-but-also-a-day-of-seeking-justice-raising-voices-for-thousands-of-women-men-and-children-who-suffered-sexual-violence-during-the-war-by\/#breadcrumb"},"inLanguage":"en-US","potentialAction":[{"@type":"ReadAction","target":["https:\/\/president-ksgov.net\/en\/madam-president-april-14th-is-not-only-a-day-of-remembrance-but-also-a-day-of-seeking-justice-raising-voices-for-thousands-of-women-men-and-children-who-suffered-sexual-violence-during-the-war-by\/"]}]},{"@type":"ImageObject","inLanguage":"en-US","@id":"https:\/\/president-ksgov.net\/en\/madam-president-april-14th-is-not-only-a-day-of-remembrance-but-also-a-day-of-seeking-justice-raising-voices-for-thousands-of-women-men-and-children-who-suffered-sexual-violence-during-the-war-by\/#primaryimage","url":"https:\/\/president-ksgov.net\/wp-content\/uploads\/14.4.25-1.jpg","contentUrl":"https:\/\/president-ksgov.net\/wp-content\/uploads\/14.4.25-1.jpg","width":2560,"height":1704},{"@type":"BreadcrumbList","@id":"https:\/\/president-ksgov.net\/en\/madam-president-april-14th-is-not-only-a-day-of-remembrance-but-also-a-day-of-seeking-justice-raising-voices-for-thousands-of-women-men-and-children-who-suffered-sexual-violence-during-the-war-by\/#breadcrumb","itemListElement":[{"@type":"ListItem","position":1,"name":"Home","item":"https:\/\/president-ksgov.net\/en\/"},{"@type":"ListItem","position":2,"name":"Madam President: April 14th is not only a day of remembrance, but also a day of seeking justice, raising voices for thousands of women, men and children who suffered sexual violence during the war by the Serbian genocidal regime"}]},{"@type":"WebSite","@id":"https:\/\/president-ksgov.net\/#website","url":"https:\/\/president-ksgov.net\/","name":"Presidente e Republik\u00ebs s\u00eb Kosov\u00ebs","description":"Presidente e Republik\u00ebs s\u00eb Kosov\u00ebs","alternateName":"DR. VJOSA OSMANI - SADRIU","potentialAction":[{"@type":"SearchAction","target":{"@type":"EntryPoint","urlTemplate":"https:\/\/president-ksgov.net\/?s={search_term_string}"},"query-input":{"@type":"PropertyValueSpecification","valueRequired":true,"valueName":"search_term_string"}}],"inLanguage":"en-US"},{"@type":"Person","@id":"https:\/\/president-ksgov.net\/#\/schema\/person\/46897fdfb3a2c4637c66776b267b09f6","name":"Azim Rabby","image":{"@type":"ImageObject","inLanguage":"en-US","@id":"https:\/\/president-ksgov.net\/#\/schema\/person\/image\/","url":"https:\/\/secure.gravatar.com\/avatar\/2e869d6e696f88891afa5dab0768da91bb4d2f829b32699cfb894a221f3d336b?s=96&d=mm&r=g","contentUrl":"https:\/\/secure.gravatar.com\/avatar\/2e869d6e696f88891afa5dab0768da91bb4d2f829b32699cfb894a221f3d336b?s=96&d=mm&r=g","caption":"Azim Rabby"}}]}},"_links":{"self":[{"href":"https:\/\/president-ksgov.net\/en\/wp-json\/wp\/v2\/posts\/158222","targetHints":{"allow":["GET"]}}],"collection":[{"href":"https:\/\/president-ksgov.net\/en\/wp-json\/wp\/v2\/posts"}],"about":[{"href":"https:\/\/president-ksgov.net\/en\/wp-json\/wp\/v2\/types\/post"}],"author":[{"embeddable":true,"href":"https:\/\/president-ksgov.net\/en\/wp-json\/wp\/v2\/users\/16"}],"replies":[{"embeddable":true,"href":"https:\/\/president-ksgov.net\/en\/wp-json\/wp\/v2\/comments?post=158222"}],"version-history":[{"count":2,"href":"https:\/\/president-ksgov.net\/en\/wp-json\/wp\/v2\/posts\/158222\/revisions"}],"predecessor-version":[{"id":184265,"href":"https:\/\/president-ksgov.net\/en\/wp-json\/wp\/v2\/posts\/158222\/revisions\/184265"}],"wp:featuredmedia":[{"embeddable":true,"href":"https:\/\/president-ksgov.net\/en\/wp-json\/wp\/v2\/media\/158214"}],"wp:attachment":[{"href":"https:\/\/president-ksgov.net\/en\/wp-json\/wp\/v2\/media?parent=158222"}],"wp:term":[{"taxonomy":"category","embeddable":true,"href":"https:\/\/president-ksgov.net\/en\/wp-json\/wp\/v2\/categories?post=158222"},{"taxonomy":"post_tag","embeddable":true,"href":"https:\/\/president-ksgov.net\/en\/wp-json\/wp\/v2\/tags?post=158222"}],"curies":[{"name":"wp","href":"https:\/\/api.w.org\/{rel}","templated":true}]}}