{"id":156367,"date":"2025-03-25T11:07:29","date_gmt":"2025-03-25T10:07:29","guid":{"rendered":"https:\/\/president-ksgov.net\/?p=156367"},"modified":"2025-03-25T11:31:57","modified_gmt":"2025-03-25T10:31:57","slug":"president-osmani-commemorated-the-massacres-of-celine-fortese-and-brestoc","status":"publish","type":"post","link":"https:\/\/president-ksgov.net\/en\/president-osmani-commemorated-the-massacres-of-celine-fortese-and-brestoc\/","title":{"rendered":"President Osmani commemorated the Massacres of Celin\u00eb , Fortes\u00eb and Brestoc"},"content":{"rendered":"<p>On March 25th 1999, the forces of the Serbian genocidal regime committed bloody massacres in the villages of Rahovec, during which they killed 75 civilians in Celina, 69 in Fortes\u00eb and 49 in Brestoc. In defense of the population, five KLA fighters also fell heroically.<\/p>\n<p>They were killed only because they were Albanians, only because they wanted freedom.<\/p>\n<p>The pain remains, justice is missing, but the truth cannot be undone.<\/p>\n<p>We remember the martyrs, we honor the KLA heroes and we shall never stop in our search for justice!<\/p>\n","protected":false},"excerpt":{"rendered":"<p>On March 25th 1999, the forces of the Serbian genocidal regime committed bloody massacres in the villages of Rahovec, during which they killed 75 civilians in Celina, 69 in Fortes\u00eb and 49 in Brestoc. In defense of the population, five KLA fighters also fell heroically. They were killed only because they were Albanians, only because they wanted freedom. The pain remains, justice is missing, but the truth cannot be undone. We remember the martyrs, we honor the KLA heroes and we shall never stop in our search for justice!<\/p>\n","protected":false},"author":9,"featured_media":156354,"comment_status":"closed","ping_status":"closed","sticky":false,"template":"","format":"standard","meta":{"_eb_attr":"","footnotes":""},"categories":[111],"tags":[],"class_list":["post-156367","post","type-post","status-publish","format-standard","has-post-thumbnail","hentry","category-news"],"yoast_head":"<!-- This site is optimized with the Yoast SEO plugin v23.5 - https:\/\/yoast.com\/wordpress\/plugins\/seo\/ -->\n<title>President Osmani commemorated the Massacres of Celin\u00eb , Fortes\u00eb and Brestoc - President of the Republic of Kosovo - DR. VJOSA OSMANI - SADRIU<\/title>\n<meta name=\"description\" content=\"President Osmani commemorated the Massacres of Celin\u00eb , Fortes\u00eb and Brestoc - President of the Republic of Kosovo - DR. VJOSA OSMANI - SADRIU - News\" \/>\n<meta name=\"robots\" content=\"index, follow, max-snippet:-1, max-image-preview:large, max-video-preview:-1\" \/>\n<link rel=\"canonical\" href=\"https:\/\/president-ksgov.net\/en\/president-osmani-commemorated-the-massacres-of-celine-fortese-and-brestoc\/\" \/>\n<meta property=\"og:locale\" content=\"en_US\" \/>\n<meta property=\"og:type\" content=\"article\" \/>\n<meta property=\"og:title\" content=\"President Osmani commemorated the Massacres of Celin\u00eb , Fortes\u00eb and Brestoc - President of the Republic of Kosovo - DR. VJOSA OSMANI - SADRIU\" \/>\n<meta property=\"og:description\" content=\"President Osmani commemorated the Massacres of Celin\u00eb , Fortes\u00eb and Brestoc - President of the Republic of Kosovo - DR. VJOSA OSMANI - SADRIU - News\" \/>\n<meta property=\"og:url\" content=\"https:\/\/president-ksgov.net\/en\/president-osmani-commemorated-the-massacres-of-celine-fortese-and-brestoc\/\" \/>\n<meta property=\"og:site_name\" content=\"President of the Republic of Kosovo - DR. VJOSA OSMANI - SADRIU\" \/>\n<meta property=\"article:published_time\" content=\"2025-03-25T10:07:29+00:00\" \/>\n<meta property=\"article:modified_time\" content=\"2025-03-25T10:31:57+00:00\" \/>\n<meta property=\"og:image\" content=\"https:\/\/president-ksgov.net\/wp-content\/uploads\/WhatsApp-Image-2024-03-25-at-20.50.57-1.jpeg\" \/>\n\t<meta property=\"og:image:width\" content=\"1081\" \/>\n\t<meta property=\"og:image:height\" content=\"720\" \/>\n\t<meta property=\"og:image:type\" content=\"image\/jpeg\" \/>\n<meta name=\"author\" content=\"Florent Rrahmani\" \/>\n<meta name=\"twitter:card\" content=\"summary_large_image\" \/>\n<meta name=\"twitter:label1\" content=\"Written by\" \/>\n\t<meta name=\"twitter:data1\" content=\"Florent Rrahmani\" \/>\n\t<meta name=\"twitter:label2\" content=\"Est. reading time\" \/>\n\t<meta name=\"twitter:data2\" content=\"1 minute\" \/>\n<script type=\"application\/ld+json\" class=\"yoast-schema-graph\">{\"@context\":\"https:\/\/schema.org\",\"@graph\":[{\"@type\":\"WebPage\",\"@id\":\"https:\/\/president-ksgov.net\/en\/president-osmani-commemorated-the-massacres-of-celine-fortese-and-brestoc\/\",\"url\":\"https:\/\/president-ksgov.net\/en\/president-osmani-commemorated-the-massacres-of-celine-fortese-and-brestoc\/\",\"name\":\"President Osmani commemorated the Massacres of Celin\u00eb , Fortes\u00eb and Brestoc - President of the Republic of Kosovo - DR. VJOSA OSMANI - SADRIU\",\"isPartOf\":{\"@id\":\"https:\/\/president-ksgov.net\/#website\"},\"primaryImageOfPage\":{\"@id\":\"https:\/\/president-ksgov.net\/en\/president-osmani-commemorated-the-massacres-of-celine-fortese-and-brestoc\/#primaryimage\"},\"image\":{\"@id\":\"https:\/\/president-ksgov.net\/en\/president-osmani-commemorated-the-massacres-of-celine-fortese-and-brestoc\/#primaryimage\"},\"thumbnailUrl\":\"https:\/\/president-ksgov.net\/wp-content\/uploads\/WhatsApp-Image-2024-03-25-at-20.50.57-1.jpeg\",\"datePublished\":\"2025-03-25T10:07:29+00:00\",\"dateModified\":\"2025-03-25T10:31:57+00:00\",\"author\":{\"@id\":\"https:\/\/president-ksgov.net\/#\/schema\/person\/7c46f744a99d3f1616b92658282aa934\"},\"description\":\"President Osmani commemorated the Massacres of Celin\u00eb , Fortes\u00eb and Brestoc - President of the Republic of Kosovo - DR. VJOSA OSMANI - SADRIU - News\",\"breadcrumb\":{\"@id\":\"https:\/\/president-ksgov.net\/en\/president-osmani-commemorated-the-massacres-of-celine-fortese-and-brestoc\/#breadcrumb\"},\"inLanguage\":\"en-US\",\"potentialAction\":[{\"@type\":\"ReadAction\",\"target\":[\"https:\/\/president-ksgov.net\/en\/president-osmani-commemorated-the-massacres-of-celine-fortese-and-brestoc\/\"]}]},{\"@type\":\"ImageObject\",\"inLanguage\":\"en-US\",\"@id\":\"https:\/\/president-ksgov.net\/en\/president-osmani-commemorated-the-massacres-of-celine-fortese-and-brestoc\/#primaryimage\",\"url\":\"https:\/\/president-ksgov.net\/wp-content\/uploads\/WhatsApp-Image-2024-03-25-at-20.50.57-1.jpeg\",\"contentUrl\":\"https:\/\/president-ksgov.net\/wp-content\/uploads\/WhatsApp-Image-2024-03-25-at-20.50.57-1.jpeg\",\"width\":1081,\"height\":720},{\"@type\":\"BreadcrumbList\",\"@id\":\"https:\/\/president-ksgov.net\/en\/president-osmani-commemorated-the-massacres-of-celine-fortese-and-brestoc\/#breadcrumb\",\"itemListElement\":[{\"@type\":\"ListItem\",\"position\":1,\"name\":\"Home\",\"item\":\"https:\/\/president-ksgov.net\/en\/\"},{\"@type\":\"ListItem\",\"position\":2,\"name\":\"President Osmani commemorated the Massacres of Celin\u00eb , Fortes\u00eb and Brestoc\"}]},{\"@type\":\"WebSite\",\"@id\":\"https:\/\/president-ksgov.net\/#website\",\"url\":\"https:\/\/president-ksgov.net\/\",\"name\":\"Presidente e Republik\u00ebs s\u00eb Kosov\u00ebs\",\"description\":\"Presidente e Republik\u00ebs s\u00eb Kosov\u00ebs\",\"alternateName\":\"DR. VJOSA OSMANI - SADRIU\",\"potentialAction\":[{\"@type\":\"SearchAction\",\"target\":{\"@type\":\"EntryPoint\",\"urlTemplate\":\"https:\/\/president-ksgov.net\/?s={search_term_string}\"},\"query-input\":{\"@type\":\"PropertyValueSpecification\",\"valueRequired\":true,\"valueName\":\"search_term_string\"}}],\"inLanguage\":\"en-US\"},{\"@type\":\"Person\",\"@id\":\"https:\/\/president-ksgov.net\/#\/schema\/person\/7c46f744a99d3f1616b92658282aa934\",\"name\":\"Florent Rrahmani\",\"image\":{\"@type\":\"ImageObject\",\"inLanguage\":\"en-US\",\"@id\":\"https:\/\/president-ksgov.net\/#\/schema\/person\/image\/\",\"url\":\"https:\/\/secure.gravatar.com\/avatar\/2545924aa250de68ac8368367a79b663e59571cd131611f54c89b0613a94e230?s=96&d=mm&r=g\",\"contentUrl\":\"https:\/\/secure.gravatar.com\/avatar\/2545924aa250de68ac8368367a79b663e59571cd131611f54c89b0613a94e230?s=96&d=mm&r=g\",\"caption\":\"Florent Rrahmani\"}}]}<\/script>\n<!-- \/ Yoast SEO plugin. -->","yoast_head_json":{"title":"President Osmani commemorated the Massacres of Celin\u00eb , Fortes\u00eb and Brestoc - President of the Republic of Kosovo - DR. VJOSA OSMANI - SADRIU","description":"President Osmani commemorated the Massacres of Celin\u00eb , Fortes\u00eb and Brestoc - President of the Republic of Kosovo - DR. VJOSA OSMANI - SADRIU - News","robots":{"index":"index","follow":"follow","max-snippet":"max-snippet:-1","max-image-preview":"max-image-preview:large","max-video-preview":"max-video-preview:-1"},"canonical":"https:\/\/president-ksgov.net\/en\/president-osmani-commemorated-the-massacres-of-celine-fortese-and-brestoc\/","og_locale":"en_US","og_type":"article","og_title":"President Osmani commemorated the Massacres of Celin\u00eb , Fortes\u00eb and Brestoc - President of the Republic of Kosovo - DR. VJOSA OSMANI - SADRIU","og_description":"President Osmani commemorated the Massacres of Celin\u00eb , Fortes\u00eb and Brestoc - President of the Republic of Kosovo - DR. VJOSA OSMANI - SADRIU - News","og_url":"https:\/\/president-ksgov.net\/en\/president-osmani-commemorated-the-massacres-of-celine-fortese-and-brestoc\/","og_site_name":"President of the Republic of Kosovo - DR. VJOSA OSMANI - SADRIU","article_published_time":"2025-03-25T10:07:29+00:00","article_modified_time":"2025-03-25T10:31:57+00:00","og_image":[{"width":1081,"height":720,"url":"https:\/\/president-ksgov.net\/wp-content\/uploads\/WhatsApp-Image-2024-03-25-at-20.50.57-1.jpeg","type":"image\/jpeg"}],"author":"Florent Rrahmani","twitter_card":"summary_large_image","twitter_misc":{"Written by":"Florent Rrahmani","Est. reading time":"1 minute"},"schema":{"@context":"https:\/\/schema.org","@graph":[{"@type":"WebPage","@id":"https:\/\/president-ksgov.net\/en\/president-osmani-commemorated-the-massacres-of-celine-fortese-and-brestoc\/","url":"https:\/\/president-ksgov.net\/en\/president-osmani-commemorated-the-massacres-of-celine-fortese-and-brestoc\/","name":"President Osmani commemorated the Massacres of Celin\u00eb , Fortes\u00eb and Brestoc - President of the Republic of Kosovo - DR. VJOSA OSMANI - SADRIU","isPartOf":{"@id":"https:\/\/president-ksgov.net\/#website"},"primaryImageOfPage":{"@id":"https:\/\/president-ksgov.net\/en\/president-osmani-commemorated-the-massacres-of-celine-fortese-and-brestoc\/#primaryimage"},"image":{"@id":"https:\/\/president-ksgov.net\/en\/president-osmani-commemorated-the-massacres-of-celine-fortese-and-brestoc\/#primaryimage"},"thumbnailUrl":"https:\/\/president-ksgov.net\/wp-content\/uploads\/WhatsApp-Image-2024-03-25-at-20.50.57-1.jpeg","datePublished":"2025-03-25T10:07:29+00:00","dateModified":"2025-03-25T10:31:57+00:00","author":{"@id":"https:\/\/president-ksgov.net\/#\/schema\/person\/7c46f744a99d3f1616b92658282aa934"},"description":"President Osmani commemorated the Massacres of Celin\u00eb , Fortes\u00eb and Brestoc - President of the Republic of Kosovo - DR. VJOSA OSMANI - SADRIU - News","breadcrumb":{"@id":"https:\/\/president-ksgov.net\/en\/president-osmani-commemorated-the-massacres-of-celine-fortese-and-brestoc\/#breadcrumb"},"inLanguage":"en-US","potentialAction":[{"@type":"ReadAction","target":["https:\/\/president-ksgov.net\/en\/president-osmani-commemorated-the-massacres-of-celine-fortese-and-brestoc\/"]}]},{"@type":"ImageObject","inLanguage":"en-US","@id":"https:\/\/president-ksgov.net\/en\/president-osmani-commemorated-the-massacres-of-celine-fortese-and-brestoc\/#primaryimage","url":"https:\/\/president-ksgov.net\/wp-content\/uploads\/WhatsApp-Image-2024-03-25-at-20.50.57-1.jpeg","contentUrl":"https:\/\/president-ksgov.net\/wp-content\/uploads\/WhatsApp-Image-2024-03-25-at-20.50.57-1.jpeg","width":1081,"height":720},{"@type":"BreadcrumbList","@id":"https:\/\/president-ksgov.net\/en\/president-osmani-commemorated-the-massacres-of-celine-fortese-and-brestoc\/#breadcrumb","itemListElement":[{"@type":"ListItem","position":1,"name":"Home","item":"https:\/\/president-ksgov.net\/en\/"},{"@type":"ListItem","position":2,"name":"President Osmani commemorated the Massacres of Celin\u00eb , Fortes\u00eb and Brestoc"}]},{"@type":"WebSite","@id":"https:\/\/president-ksgov.net\/#website","url":"https:\/\/president-ksgov.net\/","name":"Presidente e Republik\u00ebs s\u00eb Kosov\u00ebs","description":"Presidente e Republik\u00ebs s\u00eb Kosov\u00ebs","alternateName":"DR. VJOSA OSMANI - SADRIU","potentialAction":[{"@type":"SearchAction","target":{"@type":"EntryPoint","urlTemplate":"https:\/\/president-ksgov.net\/?s={search_term_string}"},"query-input":{"@type":"PropertyValueSpecification","valueRequired":true,"valueName":"search_term_string"}}],"inLanguage":"en-US"},{"@type":"Person","@id":"https:\/\/president-ksgov.net\/#\/schema\/person\/7c46f744a99d3f1616b92658282aa934","name":"Florent Rrahmani","image":{"@type":"ImageObject","inLanguage":"en-US","@id":"https:\/\/president-ksgov.net\/#\/schema\/person\/image\/","url":"https:\/\/secure.gravatar.com\/avatar\/2545924aa250de68ac8368367a79b663e59571cd131611f54c89b0613a94e230?s=96&d=mm&r=g","contentUrl":"https:\/\/secure.gravatar.com\/avatar\/2545924aa250de68ac8368367a79b663e59571cd131611f54c89b0613a94e230?s=96&d=mm&r=g","caption":"Florent Rrahmani"}}]}},"_links":{"self":[{"href":"https:\/\/president-ksgov.net\/en\/wp-json\/wp\/v2\/posts\/156367","targetHints":{"allow":["GET"]}}],"collection":[{"href":"https:\/\/president-ksgov.net\/en\/wp-json\/wp\/v2\/posts"}],"about":[{"href":"https:\/\/president-ksgov.net\/en\/wp-json\/wp\/v2\/types\/post"}],"author":[{"embeddable":true,"href":"https:\/\/president-ksgov.net\/en\/wp-json\/wp\/v2\/users\/9"}],"replies":[{"embeddable":true,"href":"https:\/\/president-ksgov.net\/en\/wp-json\/wp\/v2\/comments?post=156367"}],"version-history":[{"count":1,"href":"https:\/\/president-ksgov.net\/en\/wp-json\/wp\/v2\/posts\/156367\/revisions"}],"predecessor-version":[{"id":156368,"href":"https:\/\/president-ksgov.net\/en\/wp-json\/wp\/v2\/posts\/156367\/revisions\/156368"}],"wp:featuredmedia":[{"embeddable":true,"href":"https:\/\/president-ksgov.net\/en\/wp-json\/wp\/v2\/media\/156354"}],"wp:attachment":[{"href":"https:\/\/president-ksgov.net\/en\/wp-json\/wp\/v2\/media?parent=156367"}],"wp:term":[{"taxonomy":"category","embeddable":true,"href":"https:\/\/president-ksgov.net\/en\/wp-json\/wp\/v2\/categories?post=156367"},{"taxonomy":"post_tag","embeddable":true,"href":"https:\/\/president-ksgov.net\/en\/wp-json\/wp\/v2\/tags?post=156367"}],"curies":[{"name":"wp","href":"https:\/\/api.w.org\/{rel}","templated":true}]}}