{"id":156358,"date":"2025-03-25T10:14:06","date_gmt":"2025-03-25T09:14:06","guid":{"rendered":"https:\/\/president-ksgov.net\/?p=156358"},"modified":"2025-03-25T11:09:41","modified_gmt":"2025-03-25T10:09:41","slug":"president-osmani-commemorates-bajram-kelmendi-kastriot-and-kushtrim","status":"publish","type":"post","link":"https:\/\/president-ksgov.net\/en\/president-osmani-commemorates-bajram-kelmendi-kastriot-and-kushtrim\/","title":{"rendered":"President Osmani commemorates Bajram Kelmendi, Kastriot and Kushtrim"},"content":{"rendered":"<p>Twenty-six years ago, Kosovo lost a steadfast fighter for justice, lawyer Bajram Kelmendi, and his two sons, Kastriot and Kushtrim.<\/p>\n<p>In the darkest hours of our history, they were abducted from their home by Milosevic\u2019s genocidal regime and brutally executed. This act of barbarity was intended to discourage our fight for freedom.<\/p>\n<p>But violence failed to extinguish the truth and crimes did not stop the quest for justice. Today, we remember them not only as victims of a criminal regime, but as symbols of resistance, of ideals for a free and democratic Kosovo.<\/p>\n<p>Bajram Kelmendi\u2019s life and sacrifice is a testament to courage, while his and his sons\u2019 murder is a permanent reminder of our debt to justice.<\/p>\n<p>On this anniversary, we reaffirm our unwavering commitment: justice for Bajram Kelmendi and his sons will not remain just a promise, but an oath. Future generations will learn about them not only as victims of atrocities, but as invincible standard-bearers of a people who never surrendered.<\/p>\n<p>May their memory be eternal!<\/p>\n","protected":false},"excerpt":{"rendered":"<p>Twenty-six years ago, Kosovo lost a steadfast fighter for justice, lawyer Bajram Kelmendi, and his two sons, Kastriot and Kushtrim. In the darkest hours of our history, they were abducted from their home by Milosevic\u2019s genocidal regime and brutally executed. This act of barbarity was intended to discourage our fight for freedom. But violence failed to extinguish the truth and crimes did not stop the quest for justice. Today, we remember them not only as victims of a criminal regime, but as symbols of resistance, of ideals for a free and democratic Kosovo. Bajram Kelmendi\u2019s life and sacrifice is a testament to courage, while his and his sons\u2019 murder is a permanent reminder of our debt to justice. On this anniversary, we reaffirm our unwavering commitment: justice for Bajram Kelmendi and his sons will not remain just a promise, but an oath. Future generations will learn about them not only as victims of atrocities, but as invincible standard-bearers of a people who never surrendered. May their memory be eternal!<\/p>\n","protected":false},"author":9,"featured_media":156348,"comment_status":"closed","ping_status":"closed","sticky":false,"template":"","format":"standard","meta":{"_eb_attr":"","footnotes":""},"categories":[111],"tags":[],"class_list":["post-156358","post","type-post","status-publish","format-standard","has-post-thumbnail","hentry","category-news"],"yoast_head":"<!-- This site is optimized with the Yoast SEO plugin v23.5 - https:\/\/yoast.com\/wordpress\/plugins\/seo\/ -->\n<title>President Osmani commemorates Bajram Kelmendi, Kastriot and Kushtrim - President of the Republic of Kosovo - DR. VJOSA OSMANI - SADRIU<\/title>\n<meta name=\"description\" content=\"President Osmani commemorates Bajram Kelmendi, Kastriot and Kushtrim - President of the Republic of Kosovo - DR. VJOSA OSMANI - SADRIU -\" \/>\n<meta name=\"robots\" content=\"index, follow, max-snippet:-1, max-image-preview:large, max-video-preview:-1\" \/>\n<link rel=\"canonical\" href=\"https:\/\/president-ksgov.net\/sr\/?p=156360\" \/>\n<meta property=\"og:locale\" content=\"en_US\" \/>\n<meta property=\"og:type\" content=\"article\" \/>\n<meta property=\"og:title\" content=\"President Osmani commemorates Bajram Kelmendi, Kastriot and Kushtrim - President of the Republic of Kosovo - DR. VJOSA OSMANI - SADRIU\" \/>\n<meta property=\"og:description\" content=\"President Osmani commemorates Bajram Kelmendi, Kastriot and Kushtrim - President of the Republic of Kosovo - DR. VJOSA OSMANI - SADRIU -\" \/>\n<meta property=\"og:url\" content=\"https:\/\/president-ksgov.net\/sr\/?p=156360\" \/>\n<meta property=\"og:site_name\" content=\"President of the Republic of Kosovo - DR. VJOSA OSMANI - SADRIU\" \/>\n<meta property=\"article:published_time\" content=\"2025-03-25T09:14:06+00:00\" \/>\n<meta property=\"article:modified_time\" content=\"2025-03-25T10:09:41+00:00\" \/>\n<meta property=\"og:image\" content=\"https:\/\/president-ksgov.net\/wp-content\/uploads\/486178806_689917073696951_3793093325422134024_n.jpg\" \/>\n\t<meta property=\"og:image:width\" content=\"635\" \/>\n\t<meta property=\"og:image:height\" content=\"315\" \/>\n\t<meta property=\"og:image:type\" content=\"image\/jpeg\" \/>\n<meta name=\"author\" content=\"Florent Rrahmani\" \/>\n<meta name=\"twitter:card\" content=\"summary_large_image\" \/>\n<meta name=\"twitter:label1\" content=\"Written by\" \/>\n\t<meta name=\"twitter:data1\" content=\"Florent Rrahmani\" \/>\n\t<meta name=\"twitter:label2\" content=\"Est. reading time\" \/>\n\t<meta name=\"twitter:data2\" content=\"2 minutes\" \/>\n<script type=\"application\/ld+json\" class=\"yoast-schema-graph\">{\"@context\":\"https:\/\/schema.org\",\"@graph\":[{\"@type\":\"WebPage\",\"@id\":\"https:\/\/president-ksgov.net\/sr\/?p=156360\",\"url\":\"https:\/\/president-ksgov.net\/sr\/?p=156360\",\"name\":\"President Osmani commemorates Bajram Kelmendi, Kastriot and Kushtrim - President of the Republic of Kosovo - DR. VJOSA OSMANI - SADRIU\",\"isPartOf\":{\"@id\":\"https:\/\/president-ksgov.net\/#website\"},\"primaryImageOfPage\":{\"@id\":\"https:\/\/president-ksgov.net\/sr\/?p=156360#primaryimage\"},\"image\":{\"@id\":\"https:\/\/president-ksgov.net\/sr\/?p=156360#primaryimage\"},\"thumbnailUrl\":\"https:\/\/president-ksgov.net\/wp-content\/uploads\/486178806_689917073696951_3793093325422134024_n.jpg\",\"datePublished\":\"2025-03-25T09:14:06+00:00\",\"dateModified\":\"2025-03-25T10:09:41+00:00\",\"author\":{\"@id\":\"https:\/\/president-ksgov.net\/#\/schema\/person\/7c46f744a99d3f1616b92658282aa934\"},\"description\":\"President Osmani commemorates Bajram Kelmendi, Kastriot and Kushtrim - President of the Republic of Kosovo - DR. VJOSA OSMANI - SADRIU -\",\"breadcrumb\":{\"@id\":\"https:\/\/president-ksgov.net\/sr\/?p=156360#breadcrumb\"},\"inLanguage\":\"en-US\",\"potentialAction\":[{\"@type\":\"ReadAction\",\"target\":[\"https:\/\/president-ksgov.net\/sr\/?p=156360\"]}]},{\"@type\":\"ImageObject\",\"inLanguage\":\"en-US\",\"@id\":\"https:\/\/president-ksgov.net\/sr\/?p=156360#primaryimage\",\"url\":\"https:\/\/president-ksgov.net\/wp-content\/uploads\/486178806_689917073696951_3793093325422134024_n.jpg\",\"contentUrl\":\"https:\/\/president-ksgov.net\/wp-content\/uploads\/486178806_689917073696951_3793093325422134024_n.jpg\",\"width\":635,\"height\":315},{\"@type\":\"BreadcrumbList\",\"@id\":\"https:\/\/president-ksgov.net\/sr\/?p=156360#breadcrumb\",\"itemListElement\":[{\"@type\":\"ListItem\",\"position\":1,\"name\":\"Home\",\"item\":\"https:\/\/president-ksgov.net\/en\/\"},{\"@type\":\"ListItem\",\"position\":2,\"name\":\"President Osmani commemorates Bajram Kelmendi, Kastriot and Kushtrim\"}]},{\"@type\":\"WebSite\",\"@id\":\"https:\/\/president-ksgov.net\/#website\",\"url\":\"https:\/\/president-ksgov.net\/\",\"name\":\"Presidente e Republik\u00ebs s\u00eb Kosov\u00ebs\",\"description\":\"Presidente e Republik\u00ebs s\u00eb Kosov\u00ebs\",\"alternateName\":\"DR. VJOSA OSMANI - SADRIU\",\"potentialAction\":[{\"@type\":\"SearchAction\",\"target\":{\"@type\":\"EntryPoint\",\"urlTemplate\":\"https:\/\/president-ksgov.net\/?s={search_term_string}\"},\"query-input\":{\"@type\":\"PropertyValueSpecification\",\"valueRequired\":true,\"valueName\":\"search_term_string\"}}],\"inLanguage\":\"en-US\"},{\"@type\":\"Person\",\"@id\":\"https:\/\/president-ksgov.net\/#\/schema\/person\/7c46f744a99d3f1616b92658282aa934\",\"name\":\"Florent Rrahmani\",\"image\":{\"@type\":\"ImageObject\",\"inLanguage\":\"en-US\",\"@id\":\"https:\/\/president-ksgov.net\/#\/schema\/person\/image\/\",\"url\":\"https:\/\/secure.gravatar.com\/avatar\/2545924aa250de68ac8368367a79b663e59571cd131611f54c89b0613a94e230?s=96&d=mm&r=g\",\"contentUrl\":\"https:\/\/secure.gravatar.com\/avatar\/2545924aa250de68ac8368367a79b663e59571cd131611f54c89b0613a94e230?s=96&d=mm&r=g\",\"caption\":\"Florent Rrahmani\"}}]}<\/script>\n<!-- \/ Yoast SEO plugin. -->","yoast_head_json":{"title":"President Osmani commemorates Bajram Kelmendi, Kastriot and Kushtrim - President of the Republic of Kosovo - DR. VJOSA OSMANI - SADRIU","description":"President Osmani commemorates Bajram Kelmendi, Kastriot and Kushtrim - President of the Republic of Kosovo - DR. VJOSA OSMANI - SADRIU -","robots":{"index":"index","follow":"follow","max-snippet":"max-snippet:-1","max-image-preview":"max-image-preview:large","max-video-preview":"max-video-preview:-1"},"canonical":"https:\/\/president-ksgov.net\/sr\/?p=156360","og_locale":"en_US","og_type":"article","og_title":"President Osmani commemorates Bajram Kelmendi, Kastriot and Kushtrim - President of the Republic of Kosovo - DR. VJOSA OSMANI - SADRIU","og_description":"President Osmani commemorates Bajram Kelmendi, Kastriot and Kushtrim - President of the Republic of Kosovo - DR. VJOSA OSMANI - SADRIU -","og_url":"https:\/\/president-ksgov.net\/sr\/?p=156360","og_site_name":"President of the Republic of Kosovo - DR. VJOSA OSMANI - SADRIU","article_published_time":"2025-03-25T09:14:06+00:00","article_modified_time":"2025-03-25T10:09:41+00:00","og_image":[{"width":635,"height":315,"url":"https:\/\/president-ksgov.net\/wp-content\/uploads\/486178806_689917073696951_3793093325422134024_n.jpg","type":"image\/jpeg"}],"author":"Florent Rrahmani","twitter_card":"summary_large_image","twitter_misc":{"Written by":"Florent Rrahmani","Est. reading time":"2 minutes"},"schema":{"@context":"https:\/\/schema.org","@graph":[{"@type":"WebPage","@id":"https:\/\/president-ksgov.net\/sr\/?p=156360","url":"https:\/\/president-ksgov.net\/sr\/?p=156360","name":"President Osmani commemorates Bajram Kelmendi, Kastriot and Kushtrim - President of the Republic of Kosovo - DR. VJOSA OSMANI - SADRIU","isPartOf":{"@id":"https:\/\/president-ksgov.net\/#website"},"primaryImageOfPage":{"@id":"https:\/\/president-ksgov.net\/sr\/?p=156360#primaryimage"},"image":{"@id":"https:\/\/president-ksgov.net\/sr\/?p=156360#primaryimage"},"thumbnailUrl":"https:\/\/president-ksgov.net\/wp-content\/uploads\/486178806_689917073696951_3793093325422134024_n.jpg","datePublished":"2025-03-25T09:14:06+00:00","dateModified":"2025-03-25T10:09:41+00:00","author":{"@id":"https:\/\/president-ksgov.net\/#\/schema\/person\/7c46f744a99d3f1616b92658282aa934"},"description":"President Osmani commemorates Bajram Kelmendi, Kastriot and Kushtrim - President of the Republic of Kosovo - DR. VJOSA OSMANI - SADRIU -","breadcrumb":{"@id":"https:\/\/president-ksgov.net\/sr\/?p=156360#breadcrumb"},"inLanguage":"en-US","potentialAction":[{"@type":"ReadAction","target":["https:\/\/president-ksgov.net\/sr\/?p=156360"]}]},{"@type":"ImageObject","inLanguage":"en-US","@id":"https:\/\/president-ksgov.net\/sr\/?p=156360#primaryimage","url":"https:\/\/president-ksgov.net\/wp-content\/uploads\/486178806_689917073696951_3793093325422134024_n.jpg","contentUrl":"https:\/\/president-ksgov.net\/wp-content\/uploads\/486178806_689917073696951_3793093325422134024_n.jpg","width":635,"height":315},{"@type":"BreadcrumbList","@id":"https:\/\/president-ksgov.net\/sr\/?p=156360#breadcrumb","itemListElement":[{"@type":"ListItem","position":1,"name":"Home","item":"https:\/\/president-ksgov.net\/en\/"},{"@type":"ListItem","position":2,"name":"President Osmani commemorates Bajram Kelmendi, Kastriot and Kushtrim"}]},{"@type":"WebSite","@id":"https:\/\/president-ksgov.net\/#website","url":"https:\/\/president-ksgov.net\/","name":"Presidente e Republik\u00ebs s\u00eb Kosov\u00ebs","description":"Presidente e Republik\u00ebs s\u00eb Kosov\u00ebs","alternateName":"DR. VJOSA OSMANI - SADRIU","potentialAction":[{"@type":"SearchAction","target":{"@type":"EntryPoint","urlTemplate":"https:\/\/president-ksgov.net\/?s={search_term_string}"},"query-input":{"@type":"PropertyValueSpecification","valueRequired":true,"valueName":"search_term_string"}}],"inLanguage":"en-US"},{"@type":"Person","@id":"https:\/\/president-ksgov.net\/#\/schema\/person\/7c46f744a99d3f1616b92658282aa934","name":"Florent Rrahmani","image":{"@type":"ImageObject","inLanguage":"en-US","@id":"https:\/\/president-ksgov.net\/#\/schema\/person\/image\/","url":"https:\/\/secure.gravatar.com\/avatar\/2545924aa250de68ac8368367a79b663e59571cd131611f54c89b0613a94e230?s=96&d=mm&r=g","contentUrl":"https:\/\/secure.gravatar.com\/avatar\/2545924aa250de68ac8368367a79b663e59571cd131611f54c89b0613a94e230?s=96&d=mm&r=g","caption":"Florent Rrahmani"}}]}},"_links":{"self":[{"href":"https:\/\/president-ksgov.net\/en\/wp-json\/wp\/v2\/posts\/156358","targetHints":{"allow":["GET"]}}],"collection":[{"href":"https:\/\/president-ksgov.net\/en\/wp-json\/wp\/v2\/posts"}],"about":[{"href":"https:\/\/president-ksgov.net\/en\/wp-json\/wp\/v2\/types\/post"}],"author":[{"embeddable":true,"href":"https:\/\/president-ksgov.net\/en\/wp-json\/wp\/v2\/users\/9"}],"replies":[{"embeddable":true,"href":"https:\/\/president-ksgov.net\/en\/wp-json\/wp\/v2\/comments?post=156358"}],"version-history":[{"count":1,"href":"https:\/\/president-ksgov.net\/en\/wp-json\/wp\/v2\/posts\/156358\/revisions"}],"predecessor-version":[{"id":156359,"href":"https:\/\/president-ksgov.net\/en\/wp-json\/wp\/v2\/posts\/156358\/revisions\/156359"}],"wp:featuredmedia":[{"embeddable":true,"href":"https:\/\/president-ksgov.net\/en\/wp-json\/wp\/v2\/media\/156348"}],"wp:attachment":[{"href":"https:\/\/president-ksgov.net\/en\/wp-json\/wp\/v2\/media?parent=156358"}],"wp:term":[{"taxonomy":"category","embeddable":true,"href":"https:\/\/president-ksgov.net\/en\/wp-json\/wp\/v2\/categories?post=156358"},{"taxonomy":"post_tag","embeddable":true,"href":"https:\/\/president-ksgov.net\/en\/wp-json\/wp\/v2\/tags?post=156358"}],"curies":[{"name":"wp","href":"https:\/\/api.w.org\/{rel}","templated":true}]}}