{"id":155829,"date":"2025-03-17T11:43:54","date_gmt":"2025-03-17T10:43:54","guid":{"rendered":"https:\/\/president-ksgov.net\/?p=155829"},"modified":"2025-03-17T11:59:26","modified_gmt":"2025-03-17T10:59:26","slug":"president-osmani-received-the-eu-special-representative-peter-sorensen","status":"publish","type":"post","link":"https:\/\/president-ksgov.net\/en\/president-osmani-received-the-eu-special-representative-peter-sorensen\/","title":{"rendered":"President Osmani received the EU Special Representative Peter S\u00f8rensen"},"content":{"rendered":"<p>The President of the Republic of Kosovo Vjosa Osmani, received today the EU Special Representative for the Kosovo-Serbia Dialogue, Peter S\u00f8rensen, with whom she discussed political developments in the country, the dialogue with Serbia as well as Kosovo&#8217;s European perspective.<\/p>\n<p>President Osmani emphasized the importance of political stability following the parliamentary elections of February 9th, 2025 and the need to constitute institutions as soon as possible, in order to continue with key reforms required for the country&#8217;s European integration.<\/p>\n<p>Regarding the dialogue with Serbia, President Osmani confirmed Kosovo&#8217;s commitment to the process facilitated by the EU, emphasizing the importance of a full and balanced implementation of the agreements reached.<\/p>\n<p>At the meeting with Mr. S\u00f8rensen, President Osmani presented her observations on the Draft Association Statute proposed by the EU, observations that should be treated seriously in order to prevent jeopardizing the functionality of the state of Kosovo.<\/p>\n<p>Regarding integration into international organizations, President Osmani reiterated the importance of Kosovo\u2019s membership in the Council of Europe as well as other international organizations, while re-emphasizing Serbia\u2019s continued violations of the agreements reached in Brussels, including the violation of Article 4 of the February 2023 agreement.<\/p>\n<p>According to President Osmani, Kosovo is committed to the necessary reforms and emphasized that, in the context of new geopolitical dynamics, Kosovo should be granted candidate status and the EU enlargement process in the Western Balkans should be accelerated, based on the principle of meritocracy.<\/p>\n<p>She also reiterated the need to lift the unjust measures imposed by the EU in June 2023, highlighting their negative impact on the lives of Kosovo citizens, without distinction, as well as damaging the dialogue process itself by making it unbalanced.<\/p>\n<p>\u201cKosovo has already proven itself as a constructive party in the dialogue, committed to peace, democracy and the rule of law, hence maintaining the EU&#8217;s unjust measures against our country is harming not only our citizens, but also the necessary balance in the dialogue,&#8221; stressed Madam President.<\/p>\n<p>During the meeting, NATO&#8217;s role in maintaining peace and security in Kosovo, alongside Kosovo institutions, was also discussed, as was the role of EULEX in the context of cooperation with international partners in the field of security and the rule of law.<\/p>\n","protected":false},"excerpt":{"rendered":"<p>The President of the Republic of Kosovo Vjosa Osmani, received today the EU Special Representative for the Kosovo-Serbia Dialogue, Peter S\u00f8rensen, with whom she discussed political developments in the country, the dialogue with Serbia as well as Kosovo&#8217;s European perspective. President Osmani emphasized the importance of political stability following the parliamentary elections of February 9th, 2025 and the need to constitute institutions as soon as possible, in order to continue with key reforms required for the country&#8217;s European integration. Regarding the dialogue with Serbia, President Osmani confirmed Kosovo&#8217;s commitment to the process facilitated by the EU, emphasizing the importance of a full and balanced implementation of the agreements reached. At the meeting with Mr. S\u00f8rensen, President Osmani presented her observations on the Draft Association Statute proposed by the EU, observations that should be treated seriously in order to prevent jeopardizing the functionality of the state of Kosovo. Regarding integration into international organizations, President Osmani reiterated the importance of Kosovo\u2019s membership in the Council of Europe as well as other international organizations, while re-emphasizing Serbia\u2019s continued violations of the agreements reached in Brussels, including the violation of Article 4 of the February 2023 agreement. According to President Osmani, Kosovo is committed to the necessary reforms and emphasized that, in the context of new geopolitical dynamics, Kosovo should be granted candidate status and the EU enlargement process in the Western Balkans should be accelerated, based on the principle of meritocracy. She also reiterated the need to lift the unjust measures imposed by the EU in June 2023, highlighting their negative impact on the lives of Kosovo citizens, without distinction, as well as damaging the dialogue process itself by making it unbalanced. \u201cKosovo has already proven itself as a constructive party in the dialogue, committed to peace, democracy and the rule of law, hence maintaining the EU&#8217;s unjust measures against our country is harming not only our citizens, but also the necessary balance in the dialogue,&#8221; stressed Madam President. During the meeting, NATO&#8217;s role in maintaining peace and security in Kosovo, alongside Kosovo institutions, was also discussed, as was the role of EULEX in the context of cooperation with international partners in the field of security and the rule of law.<\/p>\n","protected":false},"author":9,"featured_media":155813,"comment_status":"closed","ping_status":"closed","sticky":false,"template":"","format":"standard","meta":{"_eb_attr":"","footnotes":""},"categories":[111],"tags":[],"class_list":["post-155829","post","type-post","status-publish","format-standard","has-post-thumbnail","hentry","category-news"],"yoast_head":"<!-- This site is optimized with the Yoast SEO plugin v23.5 - https:\/\/yoast.com\/wordpress\/plugins\/seo\/ -->\n<title>President Osmani received the EU Special Representative Peter S\u00f8rensen - President of the Republic of Kosovo - DR. VJOSA OSMANI - SADRIU<\/title>\n<meta name=\"description\" content=\"President Osmani received the EU Special Representative Peter S\u00f8rensen - President of the Republic of Kosovo - DR. VJOSA OSMANI - SADRIU -\" \/>\n<meta name=\"robots\" content=\"index, follow, max-snippet:-1, max-image-preview:large, max-video-preview:-1\" \/>\n<link rel=\"canonical\" href=\"https:\/\/president-ksgov.net\/en\/president-osmani-received-the-eu-special-representative-peter-sorensen\/\" \/>\n<meta property=\"og:locale\" content=\"en_US\" \/>\n<meta property=\"og:type\" content=\"article\" \/>\n<meta property=\"og:title\" content=\"President Osmani received the EU Special Representative Peter S\u00f8rensen - President of the Republic of Kosovo - DR. VJOSA OSMANI - SADRIU\" \/>\n<meta property=\"og:description\" content=\"President Osmani received the EU Special Representative Peter S\u00f8rensen - President of the Republic of Kosovo - DR. VJOSA OSMANI - SADRIU -\" \/>\n<meta property=\"og:url\" content=\"https:\/\/president-ksgov.net\/en\/president-osmani-received-the-eu-special-representative-peter-sorensen\/\" \/>\n<meta property=\"og:site_name\" content=\"President of the Republic of Kosovo - DR. VJOSA OSMANI - SADRIU\" \/>\n<meta property=\"article:published_time\" content=\"2025-03-17T10:43:54+00:00\" \/>\n<meta property=\"article:modified_time\" content=\"2025-03-17T10:59:26+00:00\" \/>\n<meta property=\"og:image\" content=\"https:\/\/president-ksgov.net\/wp-content\/uploads\/Presidentja-Osmani-priti-ne-takim-Perfaqesuesin-e-Posacem-te-BE-se-Peter-Sorensen-1.jpg\" \/>\n\t<meta property=\"og:image:width\" content=\"2048\" \/>\n\t<meta property=\"og:image:height\" content=\"1364\" \/>\n\t<meta property=\"og:image:type\" content=\"image\/jpeg\" \/>\n<meta name=\"author\" content=\"Florent Rrahmani\" \/>\n<meta name=\"twitter:card\" content=\"summary_large_image\" \/>\n<meta name=\"twitter:label1\" content=\"Written by\" \/>\n\t<meta name=\"twitter:data1\" content=\"Florent Rrahmani\" \/>\n\t<meta name=\"twitter:label2\" content=\"Est. reading time\" \/>\n\t<meta name=\"twitter:data2\" content=\"3 minutes\" \/>\n<script type=\"application\/ld+json\" class=\"yoast-schema-graph\">{\"@context\":\"https:\/\/schema.org\",\"@graph\":[{\"@type\":\"WebPage\",\"@id\":\"https:\/\/president-ksgov.net\/en\/president-osmani-received-the-eu-special-representative-peter-sorensen\/\",\"url\":\"https:\/\/president-ksgov.net\/en\/president-osmani-received-the-eu-special-representative-peter-sorensen\/\",\"name\":\"President Osmani received the EU Special Representative Peter S\u00f8rensen - President of the Republic of Kosovo - DR. VJOSA OSMANI - SADRIU\",\"isPartOf\":{\"@id\":\"https:\/\/president-ksgov.net\/#website\"},\"primaryImageOfPage\":{\"@id\":\"https:\/\/president-ksgov.net\/en\/president-osmani-received-the-eu-special-representative-peter-sorensen\/#primaryimage\"},\"image\":{\"@id\":\"https:\/\/president-ksgov.net\/en\/president-osmani-received-the-eu-special-representative-peter-sorensen\/#primaryimage\"},\"thumbnailUrl\":\"https:\/\/president-ksgov.net\/wp-content\/uploads\/Presidentja-Osmani-priti-ne-takim-Perfaqesuesin-e-Posacem-te-BE-se-Peter-Sorensen-1.jpg\",\"datePublished\":\"2025-03-17T10:43:54+00:00\",\"dateModified\":\"2025-03-17T10:59:26+00:00\",\"author\":{\"@id\":\"https:\/\/president-ksgov.net\/#\/schema\/person\/7c46f744a99d3f1616b92658282aa934\"},\"description\":\"President Osmani received the EU Special Representative Peter S\u00f8rensen - President of the Republic of Kosovo - DR. VJOSA OSMANI - SADRIU -\",\"breadcrumb\":{\"@id\":\"https:\/\/president-ksgov.net\/en\/president-osmani-received-the-eu-special-representative-peter-sorensen\/#breadcrumb\"},\"inLanguage\":\"en-US\",\"potentialAction\":[{\"@type\":\"ReadAction\",\"target\":[\"https:\/\/president-ksgov.net\/en\/president-osmani-received-the-eu-special-representative-peter-sorensen\/\"]}]},{\"@type\":\"ImageObject\",\"inLanguage\":\"en-US\",\"@id\":\"https:\/\/president-ksgov.net\/en\/president-osmani-received-the-eu-special-representative-peter-sorensen\/#primaryimage\",\"url\":\"https:\/\/president-ksgov.net\/wp-content\/uploads\/Presidentja-Osmani-priti-ne-takim-Perfaqesuesin-e-Posacem-te-BE-se-Peter-Sorensen-1.jpg\",\"contentUrl\":\"https:\/\/president-ksgov.net\/wp-content\/uploads\/Presidentja-Osmani-priti-ne-takim-Perfaqesuesin-e-Posacem-te-BE-se-Peter-Sorensen-1.jpg\",\"width\":2048,\"height\":1364},{\"@type\":\"BreadcrumbList\",\"@id\":\"https:\/\/president-ksgov.net\/en\/president-osmani-received-the-eu-special-representative-peter-sorensen\/#breadcrumb\",\"itemListElement\":[{\"@type\":\"ListItem\",\"position\":1,\"name\":\"Home\",\"item\":\"https:\/\/president-ksgov.net\/en\/\"},{\"@type\":\"ListItem\",\"position\":2,\"name\":\"President Osmani received the EU Special Representative Peter S\u00f8rensen\"}]},{\"@type\":\"WebSite\",\"@id\":\"https:\/\/president-ksgov.net\/#website\",\"url\":\"https:\/\/president-ksgov.net\/\",\"name\":\"Presidente e Republik\u00ebs s\u00eb Kosov\u00ebs\",\"description\":\"Presidente e Republik\u00ebs s\u00eb Kosov\u00ebs\",\"alternateName\":\"DR. VJOSA OSMANI - SADRIU\",\"potentialAction\":[{\"@type\":\"SearchAction\",\"target\":{\"@type\":\"EntryPoint\",\"urlTemplate\":\"https:\/\/president-ksgov.net\/?s={search_term_string}\"},\"query-input\":{\"@type\":\"PropertyValueSpecification\",\"valueRequired\":true,\"valueName\":\"search_term_string\"}}],\"inLanguage\":\"en-US\"},{\"@type\":\"Person\",\"@id\":\"https:\/\/president-ksgov.net\/#\/schema\/person\/7c46f744a99d3f1616b92658282aa934\",\"name\":\"Florent Rrahmani\",\"image\":{\"@type\":\"ImageObject\",\"inLanguage\":\"en-US\",\"@id\":\"https:\/\/president-ksgov.net\/#\/schema\/person\/image\/\",\"url\":\"https:\/\/secure.gravatar.com\/avatar\/2545924aa250de68ac8368367a79b663e59571cd131611f54c89b0613a94e230?s=96&d=mm&r=g\",\"contentUrl\":\"https:\/\/secure.gravatar.com\/avatar\/2545924aa250de68ac8368367a79b663e59571cd131611f54c89b0613a94e230?s=96&d=mm&r=g\",\"caption\":\"Florent Rrahmani\"}}]}<\/script>\n<!-- \/ Yoast SEO plugin. -->","yoast_head_json":{"title":"President Osmani received the EU Special Representative Peter S\u00f8rensen - President of the Republic of Kosovo - DR. VJOSA OSMANI - SADRIU","description":"President Osmani received the EU Special Representative Peter S\u00f8rensen - President of the Republic of Kosovo - DR. VJOSA OSMANI - SADRIU -","robots":{"index":"index","follow":"follow","max-snippet":"max-snippet:-1","max-image-preview":"max-image-preview:large","max-video-preview":"max-video-preview:-1"},"canonical":"https:\/\/president-ksgov.net\/en\/president-osmani-received-the-eu-special-representative-peter-sorensen\/","og_locale":"en_US","og_type":"article","og_title":"President Osmani received the EU Special Representative Peter S\u00f8rensen - President of the Republic of Kosovo - DR. VJOSA OSMANI - SADRIU","og_description":"President Osmani received the EU Special Representative Peter S\u00f8rensen - President of the Republic of Kosovo - DR. VJOSA OSMANI - SADRIU -","og_url":"https:\/\/president-ksgov.net\/en\/president-osmani-received-the-eu-special-representative-peter-sorensen\/","og_site_name":"President of the Republic of Kosovo - DR. VJOSA OSMANI - SADRIU","article_published_time":"2025-03-17T10:43:54+00:00","article_modified_time":"2025-03-17T10:59:26+00:00","og_image":[{"width":2048,"height":1364,"url":"https:\/\/president-ksgov.net\/wp-content\/uploads\/Presidentja-Osmani-priti-ne-takim-Perfaqesuesin-e-Posacem-te-BE-se-Peter-Sorensen-1.jpg","type":"image\/jpeg"}],"author":"Florent Rrahmani","twitter_card":"summary_large_image","twitter_misc":{"Written by":"Florent Rrahmani","Est. reading time":"3 minutes"},"schema":{"@context":"https:\/\/schema.org","@graph":[{"@type":"WebPage","@id":"https:\/\/president-ksgov.net\/en\/president-osmani-received-the-eu-special-representative-peter-sorensen\/","url":"https:\/\/president-ksgov.net\/en\/president-osmani-received-the-eu-special-representative-peter-sorensen\/","name":"President Osmani received the EU Special Representative Peter S\u00f8rensen - President of the Republic of Kosovo - DR. VJOSA OSMANI - SADRIU","isPartOf":{"@id":"https:\/\/president-ksgov.net\/#website"},"primaryImageOfPage":{"@id":"https:\/\/president-ksgov.net\/en\/president-osmani-received-the-eu-special-representative-peter-sorensen\/#primaryimage"},"image":{"@id":"https:\/\/president-ksgov.net\/en\/president-osmani-received-the-eu-special-representative-peter-sorensen\/#primaryimage"},"thumbnailUrl":"https:\/\/president-ksgov.net\/wp-content\/uploads\/Presidentja-Osmani-priti-ne-takim-Perfaqesuesin-e-Posacem-te-BE-se-Peter-Sorensen-1.jpg","datePublished":"2025-03-17T10:43:54+00:00","dateModified":"2025-03-17T10:59:26+00:00","author":{"@id":"https:\/\/president-ksgov.net\/#\/schema\/person\/7c46f744a99d3f1616b92658282aa934"},"description":"President Osmani received the EU Special Representative Peter S\u00f8rensen - President of the Republic of Kosovo - DR. VJOSA OSMANI - SADRIU -","breadcrumb":{"@id":"https:\/\/president-ksgov.net\/en\/president-osmani-received-the-eu-special-representative-peter-sorensen\/#breadcrumb"},"inLanguage":"en-US","potentialAction":[{"@type":"ReadAction","target":["https:\/\/president-ksgov.net\/en\/president-osmani-received-the-eu-special-representative-peter-sorensen\/"]}]},{"@type":"ImageObject","inLanguage":"en-US","@id":"https:\/\/president-ksgov.net\/en\/president-osmani-received-the-eu-special-representative-peter-sorensen\/#primaryimage","url":"https:\/\/president-ksgov.net\/wp-content\/uploads\/Presidentja-Osmani-priti-ne-takim-Perfaqesuesin-e-Posacem-te-BE-se-Peter-Sorensen-1.jpg","contentUrl":"https:\/\/president-ksgov.net\/wp-content\/uploads\/Presidentja-Osmani-priti-ne-takim-Perfaqesuesin-e-Posacem-te-BE-se-Peter-Sorensen-1.jpg","width":2048,"height":1364},{"@type":"BreadcrumbList","@id":"https:\/\/president-ksgov.net\/en\/president-osmani-received-the-eu-special-representative-peter-sorensen\/#breadcrumb","itemListElement":[{"@type":"ListItem","position":1,"name":"Home","item":"https:\/\/president-ksgov.net\/en\/"},{"@type":"ListItem","position":2,"name":"President Osmani received the EU Special Representative Peter S\u00f8rensen"}]},{"@type":"WebSite","@id":"https:\/\/president-ksgov.net\/#website","url":"https:\/\/president-ksgov.net\/","name":"Presidente e Republik\u00ebs s\u00eb Kosov\u00ebs","description":"Presidente e Republik\u00ebs s\u00eb Kosov\u00ebs","alternateName":"DR. VJOSA OSMANI - SADRIU","potentialAction":[{"@type":"SearchAction","target":{"@type":"EntryPoint","urlTemplate":"https:\/\/president-ksgov.net\/?s={search_term_string}"},"query-input":{"@type":"PropertyValueSpecification","valueRequired":true,"valueName":"search_term_string"}}],"inLanguage":"en-US"},{"@type":"Person","@id":"https:\/\/president-ksgov.net\/#\/schema\/person\/7c46f744a99d3f1616b92658282aa934","name":"Florent Rrahmani","image":{"@type":"ImageObject","inLanguage":"en-US","@id":"https:\/\/president-ksgov.net\/#\/schema\/person\/image\/","url":"https:\/\/secure.gravatar.com\/avatar\/2545924aa250de68ac8368367a79b663e59571cd131611f54c89b0613a94e230?s=96&d=mm&r=g","contentUrl":"https:\/\/secure.gravatar.com\/avatar\/2545924aa250de68ac8368367a79b663e59571cd131611f54c89b0613a94e230?s=96&d=mm&r=g","caption":"Florent Rrahmani"}}]}},"_links":{"self":[{"href":"https:\/\/president-ksgov.net\/en\/wp-json\/wp\/v2\/posts\/155829","targetHints":{"allow":["GET"]}}],"collection":[{"href":"https:\/\/president-ksgov.net\/en\/wp-json\/wp\/v2\/posts"}],"about":[{"href":"https:\/\/president-ksgov.net\/en\/wp-json\/wp\/v2\/types\/post"}],"author":[{"embeddable":true,"href":"https:\/\/president-ksgov.net\/en\/wp-json\/wp\/v2\/users\/9"}],"replies":[{"embeddable":true,"href":"https:\/\/president-ksgov.net\/en\/wp-json\/wp\/v2\/comments?post=155829"}],"version-history":[{"count":1,"href":"https:\/\/president-ksgov.net\/en\/wp-json\/wp\/v2\/posts\/155829\/revisions"}],"predecessor-version":[{"id":155830,"href":"https:\/\/president-ksgov.net\/en\/wp-json\/wp\/v2\/posts\/155829\/revisions\/155830"}],"wp:featuredmedia":[{"embeddable":true,"href":"https:\/\/president-ksgov.net\/en\/wp-json\/wp\/v2\/media\/155813"}],"wp:attachment":[{"href":"https:\/\/president-ksgov.net\/en\/wp-json\/wp\/v2\/media?parent=155829"}],"wp:term":[{"taxonomy":"category","embeddable":true,"href":"https:\/\/president-ksgov.net\/en\/wp-json\/wp\/v2\/categories?post=155829"},{"taxonomy":"post_tag","embeddable":true,"href":"https:\/\/president-ksgov.net\/en\/wp-json\/wp\/v2\/tags?post=155829"}],"curies":[{"name":"wp","href":"https:\/\/api.w.org\/{rel}","templated":true}]}}