{"id":155764,"date":"2025-03-13T11:17:26","date_gmt":"2025-03-13T10:17:26","guid":{"rendered":"https:\/\/president-ksgov.net\/?p=155764"},"modified":"2025-03-14T10:00:22","modified_gmt":"2025-03-14T09:00:22","slug":"president-osmani-remembers-the-26th-anniversary-of-the-mitrovica-market-massacre","status":"publish","type":"post","link":"https:\/\/president-ksgov.net\/en\/president-osmani-remembers-the-26th-anniversary-of-the-mitrovica-market-massacre\/","title":{"rendered":"President Osmani Remembers the 26th Anniversary of the Mitrovica Market Massacre"},"content":{"rendered":"<p>Today, 26 years later, we remember with pain the seven innocent lives that were tragically lost in the Mitrovica market massacre, where the criminal hand of the genocidal Serbian regime aimed to break the spirit of a people fighting for freedom with grenades. Among the victims were children and women, innocent people who faced brutality instead of peace.<\/p>\n<p>128 citizens were wounded that day, and the pain was forever etched in their bodies and in our hearts. It was a ruthless attack, a barbaric act that was intended to sow fear, but instead, it sowed strength and determination. Mitrovica was not broken. Kosovo was not brought to its knees.<\/p>\n<p>Today, we bow in reverence before those who lost their lives, before the wounds of a city that became the symbol of resistance. On this anniversary, we renew our commitment: we will remember, we demand justice, and we move forward.<\/p>\n<p>Glory to the victims of the Mitrovica market massacre! Glory to all those who fell for the freedom of Kosovo!<\/p>\n<p>&nbsp;<\/p>\n","protected":false},"excerpt":{"rendered":"<p>Today, 26 years later, we remember with pain the seven innocent lives that were tragically lost in the Mitrovica market massacre, where the criminal hand of the genocidal Serbian regime aimed to break the spirit of a people fighting for freedom with grenades. Among the victims were children and women, innocent people who faced brutality instead of peace. 128 citizens were wounded that day, and the pain was forever etched in their bodies and in our hearts. It was a ruthless attack, a barbaric act that was intended to sow fear, but instead, it sowed strength and determination. Mitrovica was not broken. Kosovo was not brought to its knees. Today, we bow in reverence before those who lost their lives, before the wounds of a city that became the symbol of resistance. On this anniversary, we renew our commitment: we will remember, we demand justice, and we move forward. Glory to the victims of the Mitrovica market massacre! Glory to all those who fell for the freedom of Kosovo! &nbsp;<\/p>\n","protected":false},"author":9,"featured_media":155718,"comment_status":"closed","ping_status":"closed","sticky":false,"template":"","format":"standard","meta":{"_eb_attr":"","footnotes":""},"categories":[111],"tags":[],"class_list":["post-155764","post","type-post","status-publish","format-standard","has-post-thumbnail","hentry","category-news"],"yoast_head":"<!-- This site is optimized with the Yoast SEO plugin v23.5 - https:\/\/yoast.com\/wordpress\/plugins\/seo\/ -->\n<title>President Osmani Remembers the 26th Anniversary of the Mitrovica Market Massacre - President of the Republic of Kosovo - DR. VJOSA OSMANI - SADRIU<\/title>\n<meta name=\"description\" content=\"President Osmani Remembers the 26th Anniversary of the Mitrovica Market Massacre - President of the Republic of Kosovo - DR. VJOSA OSMANI - SADRIU - News\" \/>\n<meta name=\"robots\" content=\"index, follow, max-snippet:-1, max-image-preview:large, max-video-preview:-1\" \/>\n<link rel=\"canonical\" href=\"https:\/\/president-ksgov.net\/en\/president-osmani-remembers-the-26th-anniversary-of-the-mitrovica-market-massacre\/\" \/>\n<meta property=\"og:locale\" content=\"en_US\" \/>\n<meta property=\"og:type\" content=\"article\" \/>\n<meta property=\"og:title\" content=\"President Osmani Remembers the 26th Anniversary of the Mitrovica Market Massacre - President of the Republic of Kosovo - DR. VJOSA OSMANI - SADRIU\" \/>\n<meta property=\"og:description\" content=\"President Osmani Remembers the 26th Anniversary of the Mitrovica Market Massacre - President of the Republic of Kosovo - DR. VJOSA OSMANI - SADRIU - News\" \/>\n<meta property=\"og:url\" content=\"https:\/\/president-ksgov.net\/en\/president-osmani-remembers-the-26th-anniversary-of-the-mitrovica-market-massacre\/\" \/>\n<meta property=\"og:site_name\" content=\"President of the Republic of Kosovo - DR. VJOSA OSMANI - SADRIU\" \/>\n<meta property=\"article:published_time\" content=\"2025-03-13T10:17:26+00:00\" \/>\n<meta property=\"article:modified_time\" content=\"2025-03-14T09:00:22+00:00\" \/>\n<meta property=\"og:image\" content=\"https:\/\/president-ksgov.net\/wp-content\/uploads\/13.3.25-1.jpg\" \/>\n\t<meta property=\"og:image:width\" content=\"513\" \/>\n\t<meta property=\"og:image:height\" content=\"768\" \/>\n\t<meta property=\"og:image:type\" content=\"image\/jpeg\" \/>\n<meta name=\"author\" content=\"Florent Rrahmani\" \/>\n<meta name=\"twitter:card\" content=\"summary_large_image\" \/>\n<meta name=\"twitter:label1\" content=\"Written by\" \/>\n\t<meta name=\"twitter:data1\" content=\"Florent Rrahmani\" \/>\n\t<meta name=\"twitter:label2\" content=\"Est. reading time\" \/>\n\t<meta name=\"twitter:data2\" content=\"2 minutes\" \/>\n<script type=\"application\/ld+json\" class=\"yoast-schema-graph\">{\"@context\":\"https:\/\/schema.org\",\"@graph\":[{\"@type\":\"WebPage\",\"@id\":\"https:\/\/president-ksgov.net\/en\/president-osmani-remembers-the-26th-anniversary-of-the-mitrovica-market-massacre\/\",\"url\":\"https:\/\/president-ksgov.net\/en\/president-osmani-remembers-the-26th-anniversary-of-the-mitrovica-market-massacre\/\",\"name\":\"President Osmani Remembers the 26th Anniversary of the Mitrovica Market Massacre - President of the Republic of Kosovo - DR. VJOSA OSMANI - SADRIU\",\"isPartOf\":{\"@id\":\"https:\/\/president-ksgov.net\/#website\"},\"primaryImageOfPage\":{\"@id\":\"https:\/\/president-ksgov.net\/en\/president-osmani-remembers-the-26th-anniversary-of-the-mitrovica-market-massacre\/#primaryimage\"},\"image\":{\"@id\":\"https:\/\/president-ksgov.net\/en\/president-osmani-remembers-the-26th-anniversary-of-the-mitrovica-market-massacre\/#primaryimage\"},\"thumbnailUrl\":\"https:\/\/president-ksgov.net\/wp-content\/uploads\/13.3.25-1.jpg\",\"datePublished\":\"2025-03-13T10:17:26+00:00\",\"dateModified\":\"2025-03-14T09:00:22+00:00\",\"author\":{\"@id\":\"https:\/\/president-ksgov.net\/#\/schema\/person\/7c46f744a99d3f1616b92658282aa934\"},\"description\":\"President Osmani Remembers the 26th Anniversary of the Mitrovica Market Massacre - President of the Republic of Kosovo - DR. VJOSA OSMANI - SADRIU - News\",\"breadcrumb\":{\"@id\":\"https:\/\/president-ksgov.net\/en\/president-osmani-remembers-the-26th-anniversary-of-the-mitrovica-market-massacre\/#breadcrumb\"},\"inLanguage\":\"en-US\",\"potentialAction\":[{\"@type\":\"ReadAction\",\"target\":[\"https:\/\/president-ksgov.net\/en\/president-osmani-remembers-the-26th-anniversary-of-the-mitrovica-market-massacre\/\"]}]},{\"@type\":\"ImageObject\",\"inLanguage\":\"en-US\",\"@id\":\"https:\/\/president-ksgov.net\/en\/president-osmani-remembers-the-26th-anniversary-of-the-mitrovica-market-massacre\/#primaryimage\",\"url\":\"https:\/\/president-ksgov.net\/wp-content\/uploads\/13.3.25-1.jpg\",\"contentUrl\":\"https:\/\/president-ksgov.net\/wp-content\/uploads\/13.3.25-1.jpg\",\"width\":513,\"height\":768},{\"@type\":\"BreadcrumbList\",\"@id\":\"https:\/\/president-ksgov.net\/en\/president-osmani-remembers-the-26th-anniversary-of-the-mitrovica-market-massacre\/#breadcrumb\",\"itemListElement\":[{\"@type\":\"ListItem\",\"position\":1,\"name\":\"Home\",\"item\":\"https:\/\/president-ksgov.net\/en\/\"},{\"@type\":\"ListItem\",\"position\":2,\"name\":\"President Osmani Remembers the 26th Anniversary of the Mitrovica Market Massacre\"}]},{\"@type\":\"WebSite\",\"@id\":\"https:\/\/president-ksgov.net\/#website\",\"url\":\"https:\/\/president-ksgov.net\/\",\"name\":\"Presidente e Republik\u00ebs s\u00eb Kosov\u00ebs\",\"description\":\"Presidente e Republik\u00ebs s\u00eb Kosov\u00ebs\",\"alternateName\":\"DR. VJOSA OSMANI - SADRIU\",\"potentialAction\":[{\"@type\":\"SearchAction\",\"target\":{\"@type\":\"EntryPoint\",\"urlTemplate\":\"https:\/\/president-ksgov.net\/?s={search_term_string}\"},\"query-input\":{\"@type\":\"PropertyValueSpecification\",\"valueRequired\":true,\"valueName\":\"search_term_string\"}}],\"inLanguage\":\"en-US\"},{\"@type\":\"Person\",\"@id\":\"https:\/\/president-ksgov.net\/#\/schema\/person\/7c46f744a99d3f1616b92658282aa934\",\"name\":\"Florent Rrahmani\",\"image\":{\"@type\":\"ImageObject\",\"inLanguage\":\"en-US\",\"@id\":\"https:\/\/president-ksgov.net\/#\/schema\/person\/image\/\",\"url\":\"https:\/\/secure.gravatar.com\/avatar\/2545924aa250de68ac8368367a79b663e59571cd131611f54c89b0613a94e230?s=96&d=mm&r=g\",\"contentUrl\":\"https:\/\/secure.gravatar.com\/avatar\/2545924aa250de68ac8368367a79b663e59571cd131611f54c89b0613a94e230?s=96&d=mm&r=g\",\"caption\":\"Florent Rrahmani\"}}]}<\/script>\n<!-- \/ Yoast SEO plugin. -->","yoast_head_json":{"title":"President Osmani Remembers the 26th Anniversary of the Mitrovica Market Massacre - President of the Republic of Kosovo - DR. VJOSA OSMANI - SADRIU","description":"President Osmani Remembers the 26th Anniversary of the Mitrovica Market Massacre - President of the Republic of Kosovo - DR. VJOSA OSMANI - SADRIU - News","robots":{"index":"index","follow":"follow","max-snippet":"max-snippet:-1","max-image-preview":"max-image-preview:large","max-video-preview":"max-video-preview:-1"},"canonical":"https:\/\/president-ksgov.net\/en\/president-osmani-remembers-the-26th-anniversary-of-the-mitrovica-market-massacre\/","og_locale":"en_US","og_type":"article","og_title":"President Osmani Remembers the 26th Anniversary of the Mitrovica Market Massacre - President of the Republic of Kosovo - DR. VJOSA OSMANI - SADRIU","og_description":"President Osmani Remembers the 26th Anniversary of the Mitrovica Market Massacre - President of the Republic of Kosovo - DR. VJOSA OSMANI - SADRIU - News","og_url":"https:\/\/president-ksgov.net\/en\/president-osmani-remembers-the-26th-anniversary-of-the-mitrovica-market-massacre\/","og_site_name":"President of the Republic of Kosovo - DR. VJOSA OSMANI - SADRIU","article_published_time":"2025-03-13T10:17:26+00:00","article_modified_time":"2025-03-14T09:00:22+00:00","og_image":[{"width":513,"height":768,"url":"https:\/\/president-ksgov.net\/wp-content\/uploads\/13.3.25-1.jpg","type":"image\/jpeg"}],"author":"Florent Rrahmani","twitter_card":"summary_large_image","twitter_misc":{"Written by":"Florent Rrahmani","Est. reading time":"2 minutes"},"schema":{"@context":"https:\/\/schema.org","@graph":[{"@type":"WebPage","@id":"https:\/\/president-ksgov.net\/en\/president-osmani-remembers-the-26th-anniversary-of-the-mitrovica-market-massacre\/","url":"https:\/\/president-ksgov.net\/en\/president-osmani-remembers-the-26th-anniversary-of-the-mitrovica-market-massacre\/","name":"President Osmani Remembers the 26th Anniversary of the Mitrovica Market Massacre - President of the Republic of Kosovo - DR. VJOSA OSMANI - SADRIU","isPartOf":{"@id":"https:\/\/president-ksgov.net\/#website"},"primaryImageOfPage":{"@id":"https:\/\/president-ksgov.net\/en\/president-osmani-remembers-the-26th-anniversary-of-the-mitrovica-market-massacre\/#primaryimage"},"image":{"@id":"https:\/\/president-ksgov.net\/en\/president-osmani-remembers-the-26th-anniversary-of-the-mitrovica-market-massacre\/#primaryimage"},"thumbnailUrl":"https:\/\/president-ksgov.net\/wp-content\/uploads\/13.3.25-1.jpg","datePublished":"2025-03-13T10:17:26+00:00","dateModified":"2025-03-14T09:00:22+00:00","author":{"@id":"https:\/\/president-ksgov.net\/#\/schema\/person\/7c46f744a99d3f1616b92658282aa934"},"description":"President Osmani Remembers the 26th Anniversary of the Mitrovica Market Massacre - President of the Republic of Kosovo - DR. VJOSA OSMANI - SADRIU - News","breadcrumb":{"@id":"https:\/\/president-ksgov.net\/en\/president-osmani-remembers-the-26th-anniversary-of-the-mitrovica-market-massacre\/#breadcrumb"},"inLanguage":"en-US","potentialAction":[{"@type":"ReadAction","target":["https:\/\/president-ksgov.net\/en\/president-osmani-remembers-the-26th-anniversary-of-the-mitrovica-market-massacre\/"]}]},{"@type":"ImageObject","inLanguage":"en-US","@id":"https:\/\/president-ksgov.net\/en\/president-osmani-remembers-the-26th-anniversary-of-the-mitrovica-market-massacre\/#primaryimage","url":"https:\/\/president-ksgov.net\/wp-content\/uploads\/13.3.25-1.jpg","contentUrl":"https:\/\/president-ksgov.net\/wp-content\/uploads\/13.3.25-1.jpg","width":513,"height":768},{"@type":"BreadcrumbList","@id":"https:\/\/president-ksgov.net\/en\/president-osmani-remembers-the-26th-anniversary-of-the-mitrovica-market-massacre\/#breadcrumb","itemListElement":[{"@type":"ListItem","position":1,"name":"Home","item":"https:\/\/president-ksgov.net\/en\/"},{"@type":"ListItem","position":2,"name":"President Osmani Remembers the 26th Anniversary of the Mitrovica Market Massacre"}]},{"@type":"WebSite","@id":"https:\/\/president-ksgov.net\/#website","url":"https:\/\/president-ksgov.net\/","name":"Presidente e Republik\u00ebs s\u00eb Kosov\u00ebs","description":"Presidente e Republik\u00ebs s\u00eb Kosov\u00ebs","alternateName":"DR. VJOSA OSMANI - SADRIU","potentialAction":[{"@type":"SearchAction","target":{"@type":"EntryPoint","urlTemplate":"https:\/\/president-ksgov.net\/?s={search_term_string}"},"query-input":{"@type":"PropertyValueSpecification","valueRequired":true,"valueName":"search_term_string"}}],"inLanguage":"en-US"},{"@type":"Person","@id":"https:\/\/president-ksgov.net\/#\/schema\/person\/7c46f744a99d3f1616b92658282aa934","name":"Florent Rrahmani","image":{"@type":"ImageObject","inLanguage":"en-US","@id":"https:\/\/president-ksgov.net\/#\/schema\/person\/image\/","url":"https:\/\/secure.gravatar.com\/avatar\/2545924aa250de68ac8368367a79b663e59571cd131611f54c89b0613a94e230?s=96&d=mm&r=g","contentUrl":"https:\/\/secure.gravatar.com\/avatar\/2545924aa250de68ac8368367a79b663e59571cd131611f54c89b0613a94e230?s=96&d=mm&r=g","caption":"Florent Rrahmani"}}]}},"_links":{"self":[{"href":"https:\/\/president-ksgov.net\/en\/wp-json\/wp\/v2\/posts\/155764","targetHints":{"allow":["GET"]}}],"collection":[{"href":"https:\/\/president-ksgov.net\/en\/wp-json\/wp\/v2\/posts"}],"about":[{"href":"https:\/\/president-ksgov.net\/en\/wp-json\/wp\/v2\/types\/post"}],"author":[{"embeddable":true,"href":"https:\/\/president-ksgov.net\/en\/wp-json\/wp\/v2\/users\/9"}],"replies":[{"embeddable":true,"href":"https:\/\/president-ksgov.net\/en\/wp-json\/wp\/v2\/comments?post=155764"}],"version-history":[{"count":2,"href":"https:\/\/president-ksgov.net\/en\/wp-json\/wp\/v2\/posts\/155764\/revisions"}],"predecessor-version":[{"id":155766,"href":"https:\/\/president-ksgov.net\/en\/wp-json\/wp\/v2\/posts\/155764\/revisions\/155766"}],"wp:featuredmedia":[{"embeddable":true,"href":"https:\/\/president-ksgov.net\/en\/wp-json\/wp\/v2\/media\/155718"}],"wp:attachment":[{"href":"https:\/\/president-ksgov.net\/en\/wp-json\/wp\/v2\/media?parent=155764"}],"wp:term":[{"taxonomy":"category","embeddable":true,"href":"https:\/\/president-ksgov.net\/en\/wp-json\/wp\/v2\/categories?post=155764"},{"taxonomy":"post_tag","embeddable":true,"href":"https:\/\/president-ksgov.net\/en\/wp-json\/wp\/v2\/tags?post=155764"}],"curies":[{"name":"wp","href":"https:\/\/api.w.org\/{rel}","templated":true}]}}