{"id":155710,"date":"2025-03-12T15:25:13","date_gmt":"2025-03-12T14:25:13","guid":{"rendered":"https:\/\/president-ksgov.net\/?p=155710"},"modified":"2025-03-13T08:41:10","modified_gmt":"2025-03-13T07:41:10","slug":"president-osmani-received-the-ambassador-of-ireland-ragnar-almqvist","status":"publish","type":"post","link":"https:\/\/president-ksgov.net\/en\/president-osmani-received-the-ambassador-of-ireland-ragnar-almqvist\/","title":{"rendered":"President Osmani received the Ambassador of Ireland, Ragnar Almqvist"},"content":{"rendered":"<p>The President of the Republic of Kosovo, Vjosa Osmani, received today the Ambassador of Ireland to Kosovo, Mr. Ragnar Almqvist, with whom she discussed bilateral relations and opportunities for further expansion of cooperation between the two countries.<\/p>\n<p>At the meeting, President Osmani thanked Ireland for its continued support of Kosovo, especially in the European integration processes and in international organizations. She emphasized the importance of the partnership with Ireland, as a country with shared democratic values and a valuable ally of Kosovo.<\/p>\n<p>Among the main topics of discussion was also the need to lift the unjust measures imposed by the European Union against Kosovo, underlining that their lifting would be a powerful message for Kosovo to further contribute to the common EU values and vision.<\/p>\n<p>Madam President and Ambassador Almqvist also discussed Kosovo&#8217;s advancement on the path toward European integration and the importance of the support provided by international partners in this process.<\/p>\n","protected":false},"excerpt":{"rendered":"<p>The President of the Republic of Kosovo, Vjosa Osmani, received today the Ambassador of Ireland to Kosovo, Mr. Ragnar Almqvist, with whom she discussed bilateral relations and opportunities for further expansion of cooperation between the two countries. At the meeting, President Osmani thanked Ireland for its continued support of Kosovo, especially in the European integration processes and in international organizations. She emphasized the importance of the partnership with Ireland, as a country with shared democratic values and a valuable ally of Kosovo. Among the main topics of discussion was also the need to lift the unjust measures imposed by the European Union against Kosovo, underlining that their lifting would be a powerful message for Kosovo to further contribute to the common EU values and vision. Madam President and Ambassador Almqvist also discussed Kosovo&#8217;s advancement on the path toward European integration and the importance of the support provided by international partners in this process.<\/p>\n","protected":false},"author":9,"featured_media":155685,"comment_status":"closed","ping_status":"closed","sticky":false,"template":"","format":"standard","meta":{"_eb_attr":"","footnotes":""},"categories":[111],"tags":[],"class_list":["post-155710","post","type-post","status-publish","format-standard","has-post-thumbnail","hentry","category-news"],"yoast_head":"<!-- This site is optimized with the Yoast SEO plugin v23.5 - https:\/\/yoast.com\/wordpress\/plugins\/seo\/ -->\n<title>President Osmani received the Ambassador of Ireland, Ragnar Almqvist - President of the Republic of Kosovo - DR. VJOSA OSMANI - SADRIU<\/title>\n<meta name=\"description\" content=\"President Osmani received the Ambassador of Ireland, Ragnar Almqvist - President of the Republic of Kosovo - DR. VJOSA OSMANI - SADRIU - News\" \/>\n<meta name=\"robots\" content=\"index, follow, max-snippet:-1, max-image-preview:large, max-video-preview:-1\" \/>\n<link rel=\"canonical\" href=\"https:\/\/president-ksgov.net\/en\/president-osmani-received-the-ambassador-of-ireland-ragnar-almqvist\/\" \/>\n<meta property=\"og:locale\" content=\"en_US\" \/>\n<meta property=\"og:type\" content=\"article\" \/>\n<meta property=\"og:title\" content=\"President Osmani received the Ambassador of Ireland, Ragnar Almqvist - President of the Republic of Kosovo - DR. VJOSA OSMANI - SADRIU\" \/>\n<meta property=\"og:description\" content=\"President Osmani received the Ambassador of Ireland, Ragnar Almqvist - President of the Republic of Kosovo - DR. VJOSA OSMANI - SADRIU - News\" \/>\n<meta property=\"og:url\" content=\"https:\/\/president-ksgov.net\/en\/president-osmani-received-the-ambassador-of-ireland-ragnar-almqvist\/\" \/>\n<meta property=\"og:site_name\" content=\"President of the Republic of Kosovo - DR. VJOSA OSMANI - SADRIU\" \/>\n<meta property=\"article:published_time\" content=\"2025-03-12T14:25:13+00:00\" \/>\n<meta property=\"article:modified_time\" content=\"2025-03-13T07:41:10+00:00\" \/>\n<meta property=\"og:image\" content=\"https:\/\/president-ksgov.net\/wp-content\/uploads\/Presidentja-Osmani-priti-ne-takim-ambasadorin-e-Irlandes-Ragnar-Almqvist-2.jpeg\" \/>\n\t<meta property=\"og:image:width\" content=\"1500\" \/>\n\t<meta property=\"og:image:height\" content=\"1101\" \/>\n\t<meta property=\"og:image:type\" content=\"image\/jpeg\" \/>\n<meta name=\"author\" content=\"Florent Rrahmani\" \/>\n<meta name=\"twitter:card\" content=\"summary_large_image\" \/>\n<meta name=\"twitter:label1\" content=\"Written by\" \/>\n\t<meta name=\"twitter:data1\" content=\"Florent Rrahmani\" \/>\n\t<meta name=\"twitter:label2\" content=\"Est. reading time\" \/>\n\t<meta name=\"twitter:data2\" content=\"2 minutes\" \/>\n<script type=\"application\/ld+json\" class=\"yoast-schema-graph\">{\"@context\":\"https:\/\/schema.org\",\"@graph\":[{\"@type\":\"WebPage\",\"@id\":\"https:\/\/president-ksgov.net\/en\/president-osmani-received-the-ambassador-of-ireland-ragnar-almqvist\/\",\"url\":\"https:\/\/president-ksgov.net\/en\/president-osmani-received-the-ambassador-of-ireland-ragnar-almqvist\/\",\"name\":\"President Osmani received the Ambassador of Ireland, Ragnar Almqvist - President of the Republic of Kosovo - DR. VJOSA OSMANI - SADRIU\",\"isPartOf\":{\"@id\":\"https:\/\/president-ksgov.net\/#website\"},\"primaryImageOfPage\":{\"@id\":\"https:\/\/president-ksgov.net\/en\/president-osmani-received-the-ambassador-of-ireland-ragnar-almqvist\/#primaryimage\"},\"image\":{\"@id\":\"https:\/\/president-ksgov.net\/en\/president-osmani-received-the-ambassador-of-ireland-ragnar-almqvist\/#primaryimage\"},\"thumbnailUrl\":\"https:\/\/president-ksgov.net\/wp-content\/uploads\/Presidentja-Osmani-priti-ne-takim-ambasadorin-e-Irlandes-Ragnar-Almqvist-2.jpeg\",\"datePublished\":\"2025-03-12T14:25:13+00:00\",\"dateModified\":\"2025-03-13T07:41:10+00:00\",\"author\":{\"@id\":\"https:\/\/president-ksgov.net\/#\/schema\/person\/7c46f744a99d3f1616b92658282aa934\"},\"description\":\"President Osmani received the Ambassador of Ireland, Ragnar Almqvist - President of the Republic of Kosovo - DR. VJOSA OSMANI - SADRIU - News\",\"breadcrumb\":{\"@id\":\"https:\/\/president-ksgov.net\/en\/president-osmani-received-the-ambassador-of-ireland-ragnar-almqvist\/#breadcrumb\"},\"inLanguage\":\"en-US\",\"potentialAction\":[{\"@type\":\"ReadAction\",\"target\":[\"https:\/\/president-ksgov.net\/en\/president-osmani-received-the-ambassador-of-ireland-ragnar-almqvist\/\"]}]},{\"@type\":\"ImageObject\",\"inLanguage\":\"en-US\",\"@id\":\"https:\/\/president-ksgov.net\/en\/president-osmani-received-the-ambassador-of-ireland-ragnar-almqvist\/#primaryimage\",\"url\":\"https:\/\/president-ksgov.net\/wp-content\/uploads\/Presidentja-Osmani-priti-ne-takim-ambasadorin-e-Irlandes-Ragnar-Almqvist-2.jpeg\",\"contentUrl\":\"https:\/\/president-ksgov.net\/wp-content\/uploads\/Presidentja-Osmani-priti-ne-takim-ambasadorin-e-Irlandes-Ragnar-Almqvist-2.jpeg\",\"width\":1500,\"height\":1101},{\"@type\":\"BreadcrumbList\",\"@id\":\"https:\/\/president-ksgov.net\/en\/president-osmani-received-the-ambassador-of-ireland-ragnar-almqvist\/#breadcrumb\",\"itemListElement\":[{\"@type\":\"ListItem\",\"position\":1,\"name\":\"Home\",\"item\":\"https:\/\/president-ksgov.net\/en\/\"},{\"@type\":\"ListItem\",\"position\":2,\"name\":\"President Osmani received the Ambassador of Ireland, Ragnar Almqvist\"}]},{\"@type\":\"WebSite\",\"@id\":\"https:\/\/president-ksgov.net\/#website\",\"url\":\"https:\/\/president-ksgov.net\/\",\"name\":\"Presidente e Republik\u00ebs s\u00eb Kosov\u00ebs\",\"description\":\"Presidente e Republik\u00ebs s\u00eb Kosov\u00ebs\",\"alternateName\":\"DR. VJOSA OSMANI - SADRIU\",\"potentialAction\":[{\"@type\":\"SearchAction\",\"target\":{\"@type\":\"EntryPoint\",\"urlTemplate\":\"https:\/\/president-ksgov.net\/?s={search_term_string}\"},\"query-input\":{\"@type\":\"PropertyValueSpecification\",\"valueRequired\":true,\"valueName\":\"search_term_string\"}}],\"inLanguage\":\"en-US\"},{\"@type\":\"Person\",\"@id\":\"https:\/\/president-ksgov.net\/#\/schema\/person\/7c46f744a99d3f1616b92658282aa934\",\"name\":\"Florent Rrahmani\",\"image\":{\"@type\":\"ImageObject\",\"inLanguage\":\"en-US\",\"@id\":\"https:\/\/president-ksgov.net\/#\/schema\/person\/image\/\",\"url\":\"https:\/\/secure.gravatar.com\/avatar\/2545924aa250de68ac8368367a79b663e59571cd131611f54c89b0613a94e230?s=96&d=mm&r=g\",\"contentUrl\":\"https:\/\/secure.gravatar.com\/avatar\/2545924aa250de68ac8368367a79b663e59571cd131611f54c89b0613a94e230?s=96&d=mm&r=g\",\"caption\":\"Florent Rrahmani\"}}]}<\/script>\n<!-- \/ Yoast SEO plugin. -->","yoast_head_json":{"title":"President Osmani received the Ambassador of Ireland, Ragnar Almqvist - President of the Republic of Kosovo - DR. VJOSA OSMANI - SADRIU","description":"President Osmani received the Ambassador of Ireland, Ragnar Almqvist - President of the Republic of Kosovo - DR. VJOSA OSMANI - SADRIU - News","robots":{"index":"index","follow":"follow","max-snippet":"max-snippet:-1","max-image-preview":"max-image-preview:large","max-video-preview":"max-video-preview:-1"},"canonical":"https:\/\/president-ksgov.net\/en\/president-osmani-received-the-ambassador-of-ireland-ragnar-almqvist\/","og_locale":"en_US","og_type":"article","og_title":"President Osmani received the Ambassador of Ireland, Ragnar Almqvist - President of the Republic of Kosovo - DR. VJOSA OSMANI - SADRIU","og_description":"President Osmani received the Ambassador of Ireland, Ragnar Almqvist - President of the Republic of Kosovo - DR. VJOSA OSMANI - SADRIU - News","og_url":"https:\/\/president-ksgov.net\/en\/president-osmani-received-the-ambassador-of-ireland-ragnar-almqvist\/","og_site_name":"President of the Republic of Kosovo - DR. VJOSA OSMANI - SADRIU","article_published_time":"2025-03-12T14:25:13+00:00","article_modified_time":"2025-03-13T07:41:10+00:00","og_image":[{"width":1500,"height":1101,"url":"https:\/\/president-ksgov.net\/wp-content\/uploads\/Presidentja-Osmani-priti-ne-takim-ambasadorin-e-Irlandes-Ragnar-Almqvist-2.jpeg","type":"image\/jpeg"}],"author":"Florent Rrahmani","twitter_card":"summary_large_image","twitter_misc":{"Written by":"Florent Rrahmani","Est. reading time":"2 minutes"},"schema":{"@context":"https:\/\/schema.org","@graph":[{"@type":"WebPage","@id":"https:\/\/president-ksgov.net\/en\/president-osmani-received-the-ambassador-of-ireland-ragnar-almqvist\/","url":"https:\/\/president-ksgov.net\/en\/president-osmani-received-the-ambassador-of-ireland-ragnar-almqvist\/","name":"President Osmani received the Ambassador of Ireland, Ragnar Almqvist - President of the Republic of Kosovo - DR. VJOSA OSMANI - SADRIU","isPartOf":{"@id":"https:\/\/president-ksgov.net\/#website"},"primaryImageOfPage":{"@id":"https:\/\/president-ksgov.net\/en\/president-osmani-received-the-ambassador-of-ireland-ragnar-almqvist\/#primaryimage"},"image":{"@id":"https:\/\/president-ksgov.net\/en\/president-osmani-received-the-ambassador-of-ireland-ragnar-almqvist\/#primaryimage"},"thumbnailUrl":"https:\/\/president-ksgov.net\/wp-content\/uploads\/Presidentja-Osmani-priti-ne-takim-ambasadorin-e-Irlandes-Ragnar-Almqvist-2.jpeg","datePublished":"2025-03-12T14:25:13+00:00","dateModified":"2025-03-13T07:41:10+00:00","author":{"@id":"https:\/\/president-ksgov.net\/#\/schema\/person\/7c46f744a99d3f1616b92658282aa934"},"description":"President Osmani received the Ambassador of Ireland, Ragnar Almqvist - President of the Republic of Kosovo - DR. VJOSA OSMANI - SADRIU - News","breadcrumb":{"@id":"https:\/\/president-ksgov.net\/en\/president-osmani-received-the-ambassador-of-ireland-ragnar-almqvist\/#breadcrumb"},"inLanguage":"en-US","potentialAction":[{"@type":"ReadAction","target":["https:\/\/president-ksgov.net\/en\/president-osmani-received-the-ambassador-of-ireland-ragnar-almqvist\/"]}]},{"@type":"ImageObject","inLanguage":"en-US","@id":"https:\/\/president-ksgov.net\/en\/president-osmani-received-the-ambassador-of-ireland-ragnar-almqvist\/#primaryimage","url":"https:\/\/president-ksgov.net\/wp-content\/uploads\/Presidentja-Osmani-priti-ne-takim-ambasadorin-e-Irlandes-Ragnar-Almqvist-2.jpeg","contentUrl":"https:\/\/president-ksgov.net\/wp-content\/uploads\/Presidentja-Osmani-priti-ne-takim-ambasadorin-e-Irlandes-Ragnar-Almqvist-2.jpeg","width":1500,"height":1101},{"@type":"BreadcrumbList","@id":"https:\/\/president-ksgov.net\/en\/president-osmani-received-the-ambassador-of-ireland-ragnar-almqvist\/#breadcrumb","itemListElement":[{"@type":"ListItem","position":1,"name":"Home","item":"https:\/\/president-ksgov.net\/en\/"},{"@type":"ListItem","position":2,"name":"President Osmani received the Ambassador of Ireland, Ragnar Almqvist"}]},{"@type":"WebSite","@id":"https:\/\/president-ksgov.net\/#website","url":"https:\/\/president-ksgov.net\/","name":"Presidente e Republik\u00ebs s\u00eb Kosov\u00ebs","description":"Presidente e Republik\u00ebs s\u00eb Kosov\u00ebs","alternateName":"DR. VJOSA OSMANI - SADRIU","potentialAction":[{"@type":"SearchAction","target":{"@type":"EntryPoint","urlTemplate":"https:\/\/president-ksgov.net\/?s={search_term_string}"},"query-input":{"@type":"PropertyValueSpecification","valueRequired":true,"valueName":"search_term_string"}}],"inLanguage":"en-US"},{"@type":"Person","@id":"https:\/\/president-ksgov.net\/#\/schema\/person\/7c46f744a99d3f1616b92658282aa934","name":"Florent Rrahmani","image":{"@type":"ImageObject","inLanguage":"en-US","@id":"https:\/\/president-ksgov.net\/#\/schema\/person\/image\/","url":"https:\/\/secure.gravatar.com\/avatar\/2545924aa250de68ac8368367a79b663e59571cd131611f54c89b0613a94e230?s=96&d=mm&r=g","contentUrl":"https:\/\/secure.gravatar.com\/avatar\/2545924aa250de68ac8368367a79b663e59571cd131611f54c89b0613a94e230?s=96&d=mm&r=g","caption":"Florent Rrahmani"}}]}},"_links":{"self":[{"href":"https:\/\/president-ksgov.net\/en\/wp-json\/wp\/v2\/posts\/155710","targetHints":{"allow":["GET"]}}],"collection":[{"href":"https:\/\/president-ksgov.net\/en\/wp-json\/wp\/v2\/posts"}],"about":[{"href":"https:\/\/president-ksgov.net\/en\/wp-json\/wp\/v2\/types\/post"}],"author":[{"embeddable":true,"href":"https:\/\/president-ksgov.net\/en\/wp-json\/wp\/v2\/users\/9"}],"replies":[{"embeddable":true,"href":"https:\/\/president-ksgov.net\/en\/wp-json\/wp\/v2\/comments?post=155710"}],"version-history":[{"count":1,"href":"https:\/\/president-ksgov.net\/en\/wp-json\/wp\/v2\/posts\/155710\/revisions"}],"predecessor-version":[{"id":155711,"href":"https:\/\/president-ksgov.net\/en\/wp-json\/wp\/v2\/posts\/155710\/revisions\/155711"}],"wp:featuredmedia":[{"embeddable":true,"href":"https:\/\/president-ksgov.net\/en\/wp-json\/wp\/v2\/media\/155685"}],"wp:attachment":[{"href":"https:\/\/president-ksgov.net\/en\/wp-json\/wp\/v2\/media?parent=155710"}],"wp:term":[{"taxonomy":"category","embeddable":true,"href":"https:\/\/president-ksgov.net\/en\/wp-json\/wp\/v2\/categories?post=155710"},{"taxonomy":"post_tag","embeddable":true,"href":"https:\/\/president-ksgov.net\/en\/wp-json\/wp\/v2\/tags?post=155710"}],"curies":[{"name":"wp","href":"https:\/\/api.w.org\/{rel}","templated":true}]}}