{"id":155042,"date":"2025-02-27T20:44:11","date_gmt":"2025-02-27T19:44:11","guid":{"rendered":"https:\/\/president-ksgov.net\/?p=155042"},"modified":"2025-02-28T18:16:16","modified_gmt":"2025-02-28T17:16:16","slug":"president-osmani-met-with-the-french-ambassador-olivier-guerot-2","status":"publish","type":"post","link":"https:\/\/president-ksgov.net\/en\/president-osmani-met-with-the-french-ambassador-olivier-guerot-2\/","title":{"rendered":"President Osmani met with the French Ambassador Olivier Gu\u00e9rot"},"content":{"rendered":"<p>The President of the Republic of Kosovo Vjosa Osmani and the First Gentleman Prindon Sadriu, were invited to an official dinner hosted by the Ambassador of France to Kosovo, Mr. Olivier Gu\u00e9rot. During this meeting, the latest political and security developments in the country were discussed.<\/p>\n<p>The electoral process, certification of results, and the establishment of institutions following the parliamentary elections were also discussed.<\/p>\n<p>Special emphasis was placed on advancing bilateral cooperation between Kosovo and France, with a focus on concrete projects that can strengthen relations between the two countries.<\/p>\n","protected":false},"excerpt":{"rendered":"<p>The President of the Republic of Kosovo Vjosa Osmani and the First Gentleman Prindon Sadriu, were invited to an official dinner hosted by the Ambassador of France to Kosovo, Mr. Olivier Gu\u00e9rot. During this meeting, the latest political and security developments in the country were discussed. The electoral process, certification of results, and the establishment of institutions following the parliamentary elections were also discussed. Special emphasis was placed on advancing bilateral cooperation between Kosovo and France, with a focus on concrete projects that can strengthen relations between the two countries.<\/p>\n","protected":false},"author":16,"featured_media":154980,"comment_status":"closed","ping_status":"closed","sticky":false,"template":"","format":"standard","meta":{"_eb_attr":"","footnotes":""},"categories":[111],"tags":[],"class_list":["post-155042","post","type-post","status-publish","format-standard","has-post-thumbnail","hentry","category-news"],"yoast_head":"<!-- This site is optimized with the Yoast SEO plugin v23.5 - https:\/\/yoast.com\/wordpress\/plugins\/seo\/ -->\n<title>President Osmani met with the French Ambassador Olivier Gu\u00e9rot - President of the Republic of Kosovo - DR. VJOSA OSMANI - SADRIU<\/title>\n<meta name=\"description\" content=\"President Osmani met with the French Ambassador Olivier Gu\u00e9rot - President of the Republic of Kosovo - DR. VJOSA OSMANI - SADRIU - News\" \/>\n<meta name=\"robots\" content=\"index, follow, max-snippet:-1, max-image-preview:large, max-video-preview:-1\" \/>\n<link rel=\"canonical\" href=\"https:\/\/president-ksgov.net\/en\/president-osmani-met-with-the-french-ambassador-olivier-guerot-2\/\" \/>\n<meta property=\"og:locale\" content=\"en_US\" \/>\n<meta property=\"og:type\" content=\"article\" \/>\n<meta property=\"og:title\" content=\"President Osmani met with the French Ambassador Olivier Gu\u00e9rot - President of the Republic of Kosovo - DR. VJOSA OSMANI - SADRIU\" \/>\n<meta property=\"og:description\" content=\"President Osmani met with the French Ambassador Olivier Gu\u00e9rot - President of the Republic of Kosovo - DR. VJOSA OSMANI - SADRIU - News\" \/>\n<meta property=\"og:url\" content=\"https:\/\/president-ksgov.net\/en\/president-osmani-met-with-the-french-ambassador-olivier-guerot-2\/\" \/>\n<meta property=\"og:site_name\" content=\"President of the Republic of Kosovo - DR. VJOSA OSMANI - SADRIU\" \/>\n<meta property=\"article:published_time\" content=\"2025-02-27T19:44:11+00:00\" \/>\n<meta property=\"article:modified_time\" content=\"2025-02-28T17:16:16+00:00\" \/>\n<meta property=\"og:image\" content=\"https:\/\/president-ksgov.net\/wp-content\/uploads\/Franca-1.jpeg\" \/>\n\t<meta property=\"og:image:width\" content=\"1280\" \/>\n\t<meta property=\"og:image:height\" content=\"853\" \/>\n\t<meta property=\"og:image:type\" content=\"image\/jpeg\" \/>\n<meta name=\"author\" content=\"Azim Rabby\" \/>\n<meta name=\"twitter:card\" content=\"summary_large_image\" \/>\n<meta name=\"twitter:label1\" content=\"Written by\" \/>\n\t<meta name=\"twitter:data1\" content=\"Azim Rabby\" \/>\n\t<meta name=\"twitter:label2\" content=\"Est. reading time\" \/>\n\t<meta name=\"twitter:data2\" content=\"1 minute\" \/>\n<script type=\"application\/ld+json\" class=\"yoast-schema-graph\">{\"@context\":\"https:\/\/schema.org\",\"@graph\":[{\"@type\":\"WebPage\",\"@id\":\"https:\/\/president-ksgov.net\/en\/president-osmani-met-with-the-french-ambassador-olivier-guerot-2\/\",\"url\":\"https:\/\/president-ksgov.net\/en\/president-osmani-met-with-the-french-ambassador-olivier-guerot-2\/\",\"name\":\"President Osmani met with the French Ambassador Olivier Gu\u00e9rot - President of the Republic of Kosovo - DR. VJOSA OSMANI - SADRIU\",\"isPartOf\":{\"@id\":\"https:\/\/president-ksgov.net\/#website\"},\"primaryImageOfPage\":{\"@id\":\"https:\/\/president-ksgov.net\/en\/president-osmani-met-with-the-french-ambassador-olivier-guerot-2\/#primaryimage\"},\"image\":{\"@id\":\"https:\/\/president-ksgov.net\/en\/president-osmani-met-with-the-french-ambassador-olivier-guerot-2\/#primaryimage\"},\"thumbnailUrl\":\"https:\/\/president-ksgov.net\/wp-content\/uploads\/Franca-1.jpeg\",\"datePublished\":\"2025-02-27T19:44:11+00:00\",\"dateModified\":\"2025-02-28T17:16:16+00:00\",\"author\":{\"@id\":\"https:\/\/president-ksgov.net\/#\/schema\/person\/46897fdfb3a2c4637c66776b267b09f6\"},\"description\":\"President Osmani met with the French Ambassador Olivier Gu\u00e9rot - President of the Republic of Kosovo - DR. VJOSA OSMANI - SADRIU - News\",\"breadcrumb\":{\"@id\":\"https:\/\/president-ksgov.net\/en\/president-osmani-met-with-the-french-ambassador-olivier-guerot-2\/#breadcrumb\"},\"inLanguage\":\"en-US\",\"potentialAction\":[{\"@type\":\"ReadAction\",\"target\":[\"https:\/\/president-ksgov.net\/en\/president-osmani-met-with-the-french-ambassador-olivier-guerot-2\/\"]}]},{\"@type\":\"ImageObject\",\"inLanguage\":\"en-US\",\"@id\":\"https:\/\/president-ksgov.net\/en\/president-osmani-met-with-the-french-ambassador-olivier-guerot-2\/#primaryimage\",\"url\":\"https:\/\/president-ksgov.net\/wp-content\/uploads\/Franca-1.jpeg\",\"contentUrl\":\"https:\/\/president-ksgov.net\/wp-content\/uploads\/Franca-1.jpeg\",\"width\":1280,\"height\":853},{\"@type\":\"BreadcrumbList\",\"@id\":\"https:\/\/president-ksgov.net\/en\/president-osmani-met-with-the-french-ambassador-olivier-guerot-2\/#breadcrumb\",\"itemListElement\":[{\"@type\":\"ListItem\",\"position\":1,\"name\":\"Home\",\"item\":\"https:\/\/president-ksgov.net\/en\/\"},{\"@type\":\"ListItem\",\"position\":2,\"name\":\"President Osmani met with the French Ambassador Olivier Gu\u00e9rot\"}]},{\"@type\":\"WebSite\",\"@id\":\"https:\/\/president-ksgov.net\/#website\",\"url\":\"https:\/\/president-ksgov.net\/\",\"name\":\"Presidente e Republik\u00ebs s\u00eb Kosov\u00ebs\",\"description\":\"Presidente e Republik\u00ebs s\u00eb Kosov\u00ebs\",\"alternateName\":\"DR. VJOSA OSMANI - SADRIU\",\"potentialAction\":[{\"@type\":\"SearchAction\",\"target\":{\"@type\":\"EntryPoint\",\"urlTemplate\":\"https:\/\/president-ksgov.net\/?s={search_term_string}\"},\"query-input\":{\"@type\":\"PropertyValueSpecification\",\"valueRequired\":true,\"valueName\":\"search_term_string\"}}],\"inLanguage\":\"en-US\"},{\"@type\":\"Person\",\"@id\":\"https:\/\/president-ksgov.net\/#\/schema\/person\/46897fdfb3a2c4637c66776b267b09f6\",\"name\":\"Azim Rabby\",\"image\":{\"@type\":\"ImageObject\",\"inLanguage\":\"en-US\",\"@id\":\"https:\/\/president-ksgov.net\/#\/schema\/person\/image\/\",\"url\":\"https:\/\/secure.gravatar.com\/avatar\/2e869d6e696f88891afa5dab0768da91bb4d2f829b32699cfb894a221f3d336b?s=96&d=mm&r=g\",\"contentUrl\":\"https:\/\/secure.gravatar.com\/avatar\/2e869d6e696f88891afa5dab0768da91bb4d2f829b32699cfb894a221f3d336b?s=96&d=mm&r=g\",\"caption\":\"Azim Rabby\"}}]}<\/script>\n<!-- \/ Yoast SEO plugin. -->","yoast_head_json":{"title":"President Osmani met with the French Ambassador Olivier Gu\u00e9rot - President of the Republic of Kosovo - DR. VJOSA OSMANI - SADRIU","description":"President Osmani met with the French Ambassador Olivier Gu\u00e9rot - President of the Republic of Kosovo - DR. VJOSA OSMANI - SADRIU - News","robots":{"index":"index","follow":"follow","max-snippet":"max-snippet:-1","max-image-preview":"max-image-preview:large","max-video-preview":"max-video-preview:-1"},"canonical":"https:\/\/president-ksgov.net\/en\/president-osmani-met-with-the-french-ambassador-olivier-guerot-2\/","og_locale":"en_US","og_type":"article","og_title":"President Osmani met with the French Ambassador Olivier Gu\u00e9rot - President of the Republic of Kosovo - DR. VJOSA OSMANI - SADRIU","og_description":"President Osmani met with the French Ambassador Olivier Gu\u00e9rot - President of the Republic of Kosovo - DR. VJOSA OSMANI - SADRIU - News","og_url":"https:\/\/president-ksgov.net\/en\/president-osmani-met-with-the-french-ambassador-olivier-guerot-2\/","og_site_name":"President of the Republic of Kosovo - DR. VJOSA OSMANI - SADRIU","article_published_time":"2025-02-27T19:44:11+00:00","article_modified_time":"2025-02-28T17:16:16+00:00","og_image":[{"width":1280,"height":853,"url":"https:\/\/president-ksgov.net\/wp-content\/uploads\/Franca-1.jpeg","type":"image\/jpeg"}],"author":"Azim Rabby","twitter_card":"summary_large_image","twitter_misc":{"Written by":"Azim Rabby","Est. reading time":"1 minute"},"schema":{"@context":"https:\/\/schema.org","@graph":[{"@type":"WebPage","@id":"https:\/\/president-ksgov.net\/en\/president-osmani-met-with-the-french-ambassador-olivier-guerot-2\/","url":"https:\/\/president-ksgov.net\/en\/president-osmani-met-with-the-french-ambassador-olivier-guerot-2\/","name":"President Osmani met with the French Ambassador Olivier Gu\u00e9rot - President of the Republic of Kosovo - DR. VJOSA OSMANI - SADRIU","isPartOf":{"@id":"https:\/\/president-ksgov.net\/#website"},"primaryImageOfPage":{"@id":"https:\/\/president-ksgov.net\/en\/president-osmani-met-with-the-french-ambassador-olivier-guerot-2\/#primaryimage"},"image":{"@id":"https:\/\/president-ksgov.net\/en\/president-osmani-met-with-the-french-ambassador-olivier-guerot-2\/#primaryimage"},"thumbnailUrl":"https:\/\/president-ksgov.net\/wp-content\/uploads\/Franca-1.jpeg","datePublished":"2025-02-27T19:44:11+00:00","dateModified":"2025-02-28T17:16:16+00:00","author":{"@id":"https:\/\/president-ksgov.net\/#\/schema\/person\/46897fdfb3a2c4637c66776b267b09f6"},"description":"President Osmani met with the French Ambassador Olivier Gu\u00e9rot - President of the Republic of Kosovo - DR. VJOSA OSMANI - SADRIU - News","breadcrumb":{"@id":"https:\/\/president-ksgov.net\/en\/president-osmani-met-with-the-french-ambassador-olivier-guerot-2\/#breadcrumb"},"inLanguage":"en-US","potentialAction":[{"@type":"ReadAction","target":["https:\/\/president-ksgov.net\/en\/president-osmani-met-with-the-french-ambassador-olivier-guerot-2\/"]}]},{"@type":"ImageObject","inLanguage":"en-US","@id":"https:\/\/president-ksgov.net\/en\/president-osmani-met-with-the-french-ambassador-olivier-guerot-2\/#primaryimage","url":"https:\/\/president-ksgov.net\/wp-content\/uploads\/Franca-1.jpeg","contentUrl":"https:\/\/president-ksgov.net\/wp-content\/uploads\/Franca-1.jpeg","width":1280,"height":853},{"@type":"BreadcrumbList","@id":"https:\/\/president-ksgov.net\/en\/president-osmani-met-with-the-french-ambassador-olivier-guerot-2\/#breadcrumb","itemListElement":[{"@type":"ListItem","position":1,"name":"Home","item":"https:\/\/president-ksgov.net\/en\/"},{"@type":"ListItem","position":2,"name":"President Osmani met with the French Ambassador Olivier Gu\u00e9rot"}]},{"@type":"WebSite","@id":"https:\/\/president-ksgov.net\/#website","url":"https:\/\/president-ksgov.net\/","name":"Presidente e Republik\u00ebs s\u00eb Kosov\u00ebs","description":"Presidente e Republik\u00ebs s\u00eb Kosov\u00ebs","alternateName":"DR. VJOSA OSMANI - SADRIU","potentialAction":[{"@type":"SearchAction","target":{"@type":"EntryPoint","urlTemplate":"https:\/\/president-ksgov.net\/?s={search_term_string}"},"query-input":{"@type":"PropertyValueSpecification","valueRequired":true,"valueName":"search_term_string"}}],"inLanguage":"en-US"},{"@type":"Person","@id":"https:\/\/president-ksgov.net\/#\/schema\/person\/46897fdfb3a2c4637c66776b267b09f6","name":"Azim Rabby","image":{"@type":"ImageObject","inLanguage":"en-US","@id":"https:\/\/president-ksgov.net\/#\/schema\/person\/image\/","url":"https:\/\/secure.gravatar.com\/avatar\/2e869d6e696f88891afa5dab0768da91bb4d2f829b32699cfb894a221f3d336b?s=96&d=mm&r=g","contentUrl":"https:\/\/secure.gravatar.com\/avatar\/2e869d6e696f88891afa5dab0768da91bb4d2f829b32699cfb894a221f3d336b?s=96&d=mm&r=g","caption":"Azim Rabby"}}]}},"_links":{"self":[{"href":"https:\/\/president-ksgov.net\/en\/wp-json\/wp\/v2\/posts\/155042","targetHints":{"allow":["GET"]}}],"collection":[{"href":"https:\/\/president-ksgov.net\/en\/wp-json\/wp\/v2\/posts"}],"about":[{"href":"https:\/\/president-ksgov.net\/en\/wp-json\/wp\/v2\/types\/post"}],"author":[{"embeddable":true,"href":"https:\/\/president-ksgov.net\/en\/wp-json\/wp\/v2\/users\/16"}],"replies":[{"embeddable":true,"href":"https:\/\/president-ksgov.net\/en\/wp-json\/wp\/v2\/comments?post=155042"}],"version-history":[{"count":1,"href":"https:\/\/president-ksgov.net\/en\/wp-json\/wp\/v2\/posts\/155042\/revisions"}],"predecessor-version":[{"id":155043,"href":"https:\/\/president-ksgov.net\/en\/wp-json\/wp\/v2\/posts\/155042\/revisions\/155043"}],"wp:featuredmedia":[{"embeddable":true,"href":"https:\/\/president-ksgov.net\/en\/wp-json\/wp\/v2\/media\/154980"}],"wp:attachment":[{"href":"https:\/\/president-ksgov.net\/en\/wp-json\/wp\/v2\/media?parent=155042"}],"wp:term":[{"taxonomy":"category","embeddable":true,"href":"https:\/\/president-ksgov.net\/en\/wp-json\/wp\/v2\/categories?post=155042"},{"taxonomy":"post_tag","embeddable":true,"href":"https:\/\/president-ksgov.net\/en\/wp-json\/wp\/v2\/tags?post=155042"}],"curies":[{"name":"wp","href":"https:\/\/api.w.org\/{rel}","templated":true}]}}