{"id":154707,"date":"2025-02-24T15:31:03","date_gmt":"2025-02-24T14:31:03","guid":{"rendered":"https:\/\/president-ksgov.net\/?p=154707"},"modified":"2025-02-24T19:13:20","modified_gmt":"2025-02-24T18:13:20","slug":"president-osmani-condoles-the-family-on-faik-rexhepis-passing-away","status":"publish","type":"post","link":"https:\/\/president-ksgov.net\/en\/president-osmani-condoles-the-family-on-faik-rexhepis-passing-away\/","title":{"rendered":"President Osmani condoles the family on Faik Rexhepi&#8217;s passing away"},"content":{"rendered":"<p>It is with deep sorrow that we received the news of the passing of Faik Rexhepi, the indestructible symbol of peaceful resistance against the Serbian regime.<\/p>\n<p>&nbsp;<\/p>\n<p>Faik Rexhepi remains a name engraved in our history, a man who, in the face of violence and injustice, chose to stand unwavering, cross-legged in the middle of the road, as a powerful act of non-surrender.<\/p>\n<p>&nbsp;<\/p>\n<p>His sculpture at \u201cZahir Pajaziti\u201d Square is an eternal testament to his courage and to the ideal of freedom.<\/p>\n<p>&nbsp;<\/p>\n<p>The memory of him and the message from the sculpture will live forever.<\/p>\n<p>&nbsp;<\/p>\n<p>I express my sincere condolences to the family, friends and relatives!<\/p>\n<p>&nbsp;<\/p>\n<p>In these difficult moments for the family, I sympathize with you and encourage you to find strength in coping with the pain.<\/p>\n<p>&nbsp;<\/p>\n<p>May the memory of Faik Rexhepi be eternal!<\/p>\n","protected":false},"excerpt":{"rendered":"<p>It is with deep sorrow that we received the news of the passing of Faik Rexhepi, the indestructible symbol of peaceful resistance against the Serbian regime. &nbsp; Faik Rexhepi remains a name engraved in our history, a man who, in the face of violence and injustice, chose to stand unwavering, cross-legged in the middle of the road, as a powerful act of non-surrender. &nbsp; His sculpture at \u201cZahir Pajaziti\u201d Square is an eternal testament to his courage and to the ideal of freedom. &nbsp; The memory of him and the message from the sculpture will live forever. &nbsp; I express my sincere condolences to the family, friends and relatives! &nbsp; In these difficult moments for the family, I sympathize with you and encourage you to find strength in coping with the pain. &nbsp; May the memory of Faik Rexhepi be eternal!<\/p>\n","protected":false},"author":16,"featured_media":154721,"comment_status":"closed","ping_status":"closed","sticky":false,"template":"","format":"standard","meta":{"_eb_attr":"","footnotes":""},"categories":[111],"tags":[],"class_list":["post-154707","post","type-post","status-publish","format-standard","has-post-thumbnail","hentry","category-news"],"yoast_head":"<!-- This site is optimized with the Yoast SEO plugin v23.5 - https:\/\/yoast.com\/wordpress\/plugins\/seo\/ -->\n<title>President Osmani condoles the family on Faik Rexhepi&#039;s passing away - President of the Republic of Kosovo - DR. VJOSA OSMANI - SADRIU<\/title>\n<meta name=\"description\" content=\"President Osmani condoles the family on Faik Rexhepi&#039;s passing away - President of the Republic of Kosovo - DR. VJOSA OSMANI - SADRIU -\" \/>\n<meta name=\"robots\" content=\"index, follow, max-snippet:-1, max-image-preview:large, max-video-preview:-1\" \/>\n<link rel=\"canonical\" href=\"https:\/\/president-ksgov.net\/en\/president-osmani-condoles-the-family-on-faik-rexhepis-passing-away\/\" \/>\n<meta property=\"og:locale\" content=\"en_US\" \/>\n<meta property=\"og:type\" content=\"article\" \/>\n<meta property=\"og:title\" content=\"President Osmani condoles the family on Faik Rexhepi&#039;s passing away - President of the Republic of Kosovo - DR. VJOSA OSMANI - SADRIU\" \/>\n<meta property=\"og:description\" content=\"President Osmani condoles the family on Faik Rexhepi&#039;s passing away - President of the Republic of Kosovo - DR. VJOSA OSMANI - SADRIU -\" \/>\n<meta property=\"og:url\" content=\"https:\/\/president-ksgov.net\/en\/president-osmani-condoles-the-family-on-faik-rexhepis-passing-away\/\" \/>\n<meta property=\"og:site_name\" content=\"President of the Republic of Kosovo - DR. VJOSA OSMANI - SADRIU\" \/>\n<meta property=\"article:published_time\" content=\"2025-02-24T14:31:03+00:00\" \/>\n<meta property=\"article:modified_time\" content=\"2025-02-24T18:13:20+00:00\" \/>\n<meta property=\"og:image\" content=\"https:\/\/president-ksgov.net\/wp-content\/uploads\/Faik-Rexhepi.png\" \/>\n\t<meta property=\"og:image:width\" content=\"717\" \/>\n\t<meta property=\"og:image:height\" content=\"406\" \/>\n\t<meta property=\"og:image:type\" content=\"image\/png\" \/>\n<meta name=\"author\" content=\"Azim Rabby\" \/>\n<meta name=\"twitter:card\" content=\"summary_large_image\" \/>\n<meta name=\"twitter:label1\" content=\"Written by\" \/>\n\t<meta name=\"twitter:data1\" content=\"Azim Rabby\" \/>\n\t<meta name=\"twitter:label2\" content=\"Est. reading time\" \/>\n\t<meta name=\"twitter:data2\" content=\"1 minute\" \/>\n<script type=\"application\/ld+json\" class=\"yoast-schema-graph\">{\"@context\":\"https:\/\/schema.org\",\"@graph\":[{\"@type\":\"WebPage\",\"@id\":\"https:\/\/president-ksgov.net\/en\/president-osmani-condoles-the-family-on-faik-rexhepis-passing-away\/\",\"url\":\"https:\/\/president-ksgov.net\/en\/president-osmani-condoles-the-family-on-faik-rexhepis-passing-away\/\",\"name\":\"President Osmani condoles the family on Faik Rexhepi's passing away - President of the Republic of Kosovo - DR. VJOSA OSMANI - SADRIU\",\"isPartOf\":{\"@id\":\"https:\/\/president-ksgov.net\/#website\"},\"primaryImageOfPage\":{\"@id\":\"https:\/\/president-ksgov.net\/en\/president-osmani-condoles-the-family-on-faik-rexhepis-passing-away\/#primaryimage\"},\"image\":{\"@id\":\"https:\/\/president-ksgov.net\/en\/president-osmani-condoles-the-family-on-faik-rexhepis-passing-away\/#primaryimage\"},\"thumbnailUrl\":\"https:\/\/president-ksgov.net\/wp-content\/uploads\/Faik-Rexhepi.png\",\"datePublished\":\"2025-02-24T14:31:03+00:00\",\"dateModified\":\"2025-02-24T18:13:20+00:00\",\"author\":{\"@id\":\"https:\/\/president-ksgov.net\/#\/schema\/person\/46897fdfb3a2c4637c66776b267b09f6\"},\"description\":\"President Osmani condoles the family on Faik Rexhepi's passing away - President of the Republic of Kosovo - DR. VJOSA OSMANI - SADRIU -\",\"breadcrumb\":{\"@id\":\"https:\/\/president-ksgov.net\/en\/president-osmani-condoles-the-family-on-faik-rexhepis-passing-away\/#breadcrumb\"},\"inLanguage\":\"en-US\",\"potentialAction\":[{\"@type\":\"ReadAction\",\"target\":[\"https:\/\/president-ksgov.net\/en\/president-osmani-condoles-the-family-on-faik-rexhepis-passing-away\/\"]}]},{\"@type\":\"ImageObject\",\"inLanguage\":\"en-US\",\"@id\":\"https:\/\/president-ksgov.net\/en\/president-osmani-condoles-the-family-on-faik-rexhepis-passing-away\/#primaryimage\",\"url\":\"https:\/\/president-ksgov.net\/wp-content\/uploads\/Faik-Rexhepi.png\",\"contentUrl\":\"https:\/\/president-ksgov.net\/wp-content\/uploads\/Faik-Rexhepi.png\",\"width\":717,\"height\":406},{\"@type\":\"BreadcrumbList\",\"@id\":\"https:\/\/president-ksgov.net\/en\/president-osmani-condoles-the-family-on-faik-rexhepis-passing-away\/#breadcrumb\",\"itemListElement\":[{\"@type\":\"ListItem\",\"position\":1,\"name\":\"Home\",\"item\":\"https:\/\/president-ksgov.net\/en\/\"},{\"@type\":\"ListItem\",\"position\":2,\"name\":\"President Osmani condoles the family on Faik Rexhepi&#8217;s passing away\"}]},{\"@type\":\"WebSite\",\"@id\":\"https:\/\/president-ksgov.net\/#website\",\"url\":\"https:\/\/president-ksgov.net\/\",\"name\":\"Presidente e Republik\u00ebs s\u00eb Kosov\u00ebs\",\"description\":\"Presidente e Republik\u00ebs s\u00eb Kosov\u00ebs\",\"alternateName\":\"DR. VJOSA OSMANI - SADRIU\",\"potentialAction\":[{\"@type\":\"SearchAction\",\"target\":{\"@type\":\"EntryPoint\",\"urlTemplate\":\"https:\/\/president-ksgov.net\/?s={search_term_string}\"},\"query-input\":{\"@type\":\"PropertyValueSpecification\",\"valueRequired\":true,\"valueName\":\"search_term_string\"}}],\"inLanguage\":\"en-US\"},{\"@type\":\"Person\",\"@id\":\"https:\/\/president-ksgov.net\/#\/schema\/person\/46897fdfb3a2c4637c66776b267b09f6\",\"name\":\"Azim Rabby\",\"image\":{\"@type\":\"ImageObject\",\"inLanguage\":\"en-US\",\"@id\":\"https:\/\/president-ksgov.net\/#\/schema\/person\/image\/\",\"url\":\"https:\/\/secure.gravatar.com\/avatar\/2e869d6e696f88891afa5dab0768da91bb4d2f829b32699cfb894a221f3d336b?s=96&d=mm&r=g\",\"contentUrl\":\"https:\/\/secure.gravatar.com\/avatar\/2e869d6e696f88891afa5dab0768da91bb4d2f829b32699cfb894a221f3d336b?s=96&d=mm&r=g\",\"caption\":\"Azim Rabby\"}}]}<\/script>\n<!-- \/ Yoast SEO plugin. -->","yoast_head_json":{"title":"President Osmani condoles the family on Faik Rexhepi's passing away - President of the Republic of Kosovo - DR. VJOSA OSMANI - SADRIU","description":"President Osmani condoles the family on Faik Rexhepi's passing away - President of the Republic of Kosovo - DR. VJOSA OSMANI - SADRIU -","robots":{"index":"index","follow":"follow","max-snippet":"max-snippet:-1","max-image-preview":"max-image-preview:large","max-video-preview":"max-video-preview:-1"},"canonical":"https:\/\/president-ksgov.net\/en\/president-osmani-condoles-the-family-on-faik-rexhepis-passing-away\/","og_locale":"en_US","og_type":"article","og_title":"President Osmani condoles the family on Faik Rexhepi's passing away - President of the Republic of Kosovo - DR. VJOSA OSMANI - SADRIU","og_description":"President Osmani condoles the family on Faik Rexhepi's passing away - President of the Republic of Kosovo - DR. VJOSA OSMANI - SADRIU -","og_url":"https:\/\/president-ksgov.net\/en\/president-osmani-condoles-the-family-on-faik-rexhepis-passing-away\/","og_site_name":"President of the Republic of Kosovo - DR. VJOSA OSMANI - SADRIU","article_published_time":"2025-02-24T14:31:03+00:00","article_modified_time":"2025-02-24T18:13:20+00:00","og_image":[{"width":717,"height":406,"url":"https:\/\/president-ksgov.net\/wp-content\/uploads\/Faik-Rexhepi.png","type":"image\/png"}],"author":"Azim Rabby","twitter_card":"summary_large_image","twitter_misc":{"Written by":"Azim Rabby","Est. reading time":"1 minute"},"schema":{"@context":"https:\/\/schema.org","@graph":[{"@type":"WebPage","@id":"https:\/\/president-ksgov.net\/en\/president-osmani-condoles-the-family-on-faik-rexhepis-passing-away\/","url":"https:\/\/president-ksgov.net\/en\/president-osmani-condoles-the-family-on-faik-rexhepis-passing-away\/","name":"President Osmani condoles the family on Faik Rexhepi's passing away - President of the Republic of Kosovo - DR. VJOSA OSMANI - SADRIU","isPartOf":{"@id":"https:\/\/president-ksgov.net\/#website"},"primaryImageOfPage":{"@id":"https:\/\/president-ksgov.net\/en\/president-osmani-condoles-the-family-on-faik-rexhepis-passing-away\/#primaryimage"},"image":{"@id":"https:\/\/president-ksgov.net\/en\/president-osmani-condoles-the-family-on-faik-rexhepis-passing-away\/#primaryimage"},"thumbnailUrl":"https:\/\/president-ksgov.net\/wp-content\/uploads\/Faik-Rexhepi.png","datePublished":"2025-02-24T14:31:03+00:00","dateModified":"2025-02-24T18:13:20+00:00","author":{"@id":"https:\/\/president-ksgov.net\/#\/schema\/person\/46897fdfb3a2c4637c66776b267b09f6"},"description":"President Osmani condoles the family on Faik Rexhepi's passing away - President of the Republic of Kosovo - DR. VJOSA OSMANI - SADRIU -","breadcrumb":{"@id":"https:\/\/president-ksgov.net\/en\/president-osmani-condoles-the-family-on-faik-rexhepis-passing-away\/#breadcrumb"},"inLanguage":"en-US","potentialAction":[{"@type":"ReadAction","target":["https:\/\/president-ksgov.net\/en\/president-osmani-condoles-the-family-on-faik-rexhepis-passing-away\/"]}]},{"@type":"ImageObject","inLanguage":"en-US","@id":"https:\/\/president-ksgov.net\/en\/president-osmani-condoles-the-family-on-faik-rexhepis-passing-away\/#primaryimage","url":"https:\/\/president-ksgov.net\/wp-content\/uploads\/Faik-Rexhepi.png","contentUrl":"https:\/\/president-ksgov.net\/wp-content\/uploads\/Faik-Rexhepi.png","width":717,"height":406},{"@type":"BreadcrumbList","@id":"https:\/\/president-ksgov.net\/en\/president-osmani-condoles-the-family-on-faik-rexhepis-passing-away\/#breadcrumb","itemListElement":[{"@type":"ListItem","position":1,"name":"Home","item":"https:\/\/president-ksgov.net\/en\/"},{"@type":"ListItem","position":2,"name":"President Osmani condoles the family on Faik Rexhepi&#8217;s passing away"}]},{"@type":"WebSite","@id":"https:\/\/president-ksgov.net\/#website","url":"https:\/\/president-ksgov.net\/","name":"Presidente e Republik\u00ebs s\u00eb Kosov\u00ebs","description":"Presidente e Republik\u00ebs s\u00eb Kosov\u00ebs","alternateName":"DR. VJOSA OSMANI - SADRIU","potentialAction":[{"@type":"SearchAction","target":{"@type":"EntryPoint","urlTemplate":"https:\/\/president-ksgov.net\/?s={search_term_string}"},"query-input":{"@type":"PropertyValueSpecification","valueRequired":true,"valueName":"search_term_string"}}],"inLanguage":"en-US"},{"@type":"Person","@id":"https:\/\/president-ksgov.net\/#\/schema\/person\/46897fdfb3a2c4637c66776b267b09f6","name":"Azim Rabby","image":{"@type":"ImageObject","inLanguage":"en-US","@id":"https:\/\/president-ksgov.net\/#\/schema\/person\/image\/","url":"https:\/\/secure.gravatar.com\/avatar\/2e869d6e696f88891afa5dab0768da91bb4d2f829b32699cfb894a221f3d336b?s=96&d=mm&r=g","contentUrl":"https:\/\/secure.gravatar.com\/avatar\/2e869d6e696f88891afa5dab0768da91bb4d2f829b32699cfb894a221f3d336b?s=96&d=mm&r=g","caption":"Azim Rabby"}}]}},"_links":{"self":[{"href":"https:\/\/president-ksgov.net\/en\/wp-json\/wp\/v2\/posts\/154707","targetHints":{"allow":["GET"]}}],"collection":[{"href":"https:\/\/president-ksgov.net\/en\/wp-json\/wp\/v2\/posts"}],"about":[{"href":"https:\/\/president-ksgov.net\/en\/wp-json\/wp\/v2\/types\/post"}],"author":[{"embeddable":true,"href":"https:\/\/president-ksgov.net\/en\/wp-json\/wp\/v2\/users\/16"}],"replies":[{"embeddable":true,"href":"https:\/\/president-ksgov.net\/en\/wp-json\/wp\/v2\/comments?post=154707"}],"version-history":[{"count":1,"href":"https:\/\/president-ksgov.net\/en\/wp-json\/wp\/v2\/posts\/154707\/revisions"}],"predecessor-version":[{"id":154708,"href":"https:\/\/president-ksgov.net\/en\/wp-json\/wp\/v2\/posts\/154707\/revisions\/154708"}],"wp:featuredmedia":[{"embeddable":true,"href":"https:\/\/president-ksgov.net\/en\/wp-json\/wp\/v2\/media\/154721"}],"wp:attachment":[{"href":"https:\/\/president-ksgov.net\/en\/wp-json\/wp\/v2\/media?parent=154707"}],"wp:term":[{"taxonomy":"category","embeddable":true,"href":"https:\/\/president-ksgov.net\/en\/wp-json\/wp\/v2\/categories?post=154707"},{"taxonomy":"post_tag","embeddable":true,"href":"https:\/\/president-ksgov.net\/en\/wp-json\/wp\/v2\/tags?post=154707"}],"curies":[{"name":"wp","href":"https:\/\/api.w.org\/{rel}","templated":true}]}}