{"id":154699,"date":"2025-02-24T11:46:55","date_gmt":"2025-02-24T10:46:55","guid":{"rendered":"https:\/\/president-ksgov.net\/?p=154699"},"modified":"2025-02-24T11:53:56","modified_gmt":"2025-02-24T10:53:56","slug":"president-osmani-condoles-the-family-on-passing-of-bajram-qerkini","status":"publish","type":"post","link":"https:\/\/president-ksgov.net\/en\/president-osmani-condoles-the-family-on-passing-of-bajram-qerkini\/","title":{"rendered":"President Osmani condoles the family on passing of Bajram Qerkini"},"content":{"rendered":"<p>It is with deep sorrow that we received the news of the passing of Bajram Qerkini, a man who with dedication and courage gave voice to the pain of thousands of families of forcibly disappeared by Serbian forces, during the recent war in Kosovo.<br \/>\nAs the chairman of the \u201cZ\u00ebri i Prind\u00ebrve\u201d Association, Bajram was a symbol of resistance, justice and unwavering commitment to clarifying the fate of those forcibly disappeared during the war. For more than two decades, he lived with the pain of his missing son, never stopping in his search for the truth.<br \/>\nToday, Kosovo lost a powerful voice in the cause of justice, but his legacy lives on.<br \/>\nI express my sincere condolences to the Qerkini family, friends and all those who supported his battle for the forcibly disappeared.<br \/>\nIn these difficult moments for the family, I sympathize with you and encourage you to find strength in coping with the pain.<br \/>\nMay the memory of Bajram Qerkini be eternal!<\/p>\n","protected":false},"excerpt":{"rendered":"<p>It is with deep sorrow that we received the news of the passing of Bajram Qerkini, a man who with dedication and courage gave voice to the pain of thousands of families of forcibly disappeared by Serbian forces, during the recent war in Kosovo. As the chairman of the \u201cZ\u00ebri i Prind\u00ebrve\u201d Association, Bajram was a symbol of resistance, justice and unwavering commitment to clarifying the fate of those forcibly disappeared during the war. For more than two decades, he lived with the pain of his missing son, never stopping in his search for the truth. Today, Kosovo lost a powerful voice in the cause of justice, but his legacy lives on. I express my sincere condolences to the Qerkini family, friends and all those who supported his battle for the forcibly disappeared. In these difficult moments for the family, I sympathize with you and encourage you to find strength in coping with the pain. May the memory of Bajram Qerkini be eternal!<\/p>\n","protected":false},"author":16,"featured_media":154695,"comment_status":"closed","ping_status":"closed","sticky":false,"template":"","format":"standard","meta":{"_eb_attr":"","footnotes":""},"categories":[111],"tags":[],"class_list":["post-154699","post","type-post","status-publish","format-standard","has-post-thumbnail","hentry","category-news"],"yoast_head":"<!-- This site is optimized with the Yoast SEO plugin v23.5 - https:\/\/yoast.com\/wordpress\/plugins\/seo\/ -->\n<title>President Osmani condoles the family on passing of Bajram Qerkini - President of the Republic of Kosovo - DR. VJOSA OSMANI - SADRIU<\/title>\n<meta name=\"description\" content=\"President Osmani condoles the family on passing of Bajram Qerkini - President of the Republic of Kosovo - DR. VJOSA OSMANI - SADRIU -\" \/>\n<meta name=\"robots\" content=\"index, follow, max-snippet:-1, max-image-preview:large, max-video-preview:-1\" \/>\n<link rel=\"canonical\" href=\"https:\/\/president-ksgov.net\/sr\/?p=168362\" \/>\n<meta property=\"og:locale\" content=\"en_US\" \/>\n<meta property=\"og:type\" content=\"article\" \/>\n<meta property=\"og:title\" content=\"President Osmani condoles the family on passing of Bajram Qerkini - President of the Republic of Kosovo - DR. VJOSA OSMANI - SADRIU\" \/>\n<meta property=\"og:description\" content=\"President Osmani condoles the family on passing of Bajram Qerkini - President of the Republic of Kosovo - DR. VJOSA OSMANI - SADRIU -\" \/>\n<meta property=\"og:url\" content=\"https:\/\/president-ksgov.net\/sr\/?p=168362\" \/>\n<meta property=\"og:site_name\" content=\"President of the Republic of Kosovo - DR. VJOSA OSMANI - SADRIU\" \/>\n<meta property=\"article:published_time\" content=\"2025-02-24T10:46:55+00:00\" \/>\n<meta property=\"article:modified_time\" content=\"2025-02-24T10:53:56+00:00\" \/>\n<meta property=\"og:image\" content=\"https:\/\/president-ksgov.net\/wp-content\/uploads\/Bajram-Qerkini.jpeg\" \/>\n\t<meta property=\"og:image:width\" content=\"2560\" \/>\n\t<meta property=\"og:image:height\" content=\"1706\" \/>\n\t<meta property=\"og:image:type\" content=\"image\/jpeg\" \/>\n<meta name=\"author\" content=\"Azim Rabby\" \/>\n<meta name=\"twitter:card\" content=\"summary_large_image\" \/>\n<meta name=\"twitter:label1\" content=\"Written by\" \/>\n\t<meta name=\"twitter:data1\" content=\"Azim Rabby\" \/>\n\t<meta name=\"twitter:label2\" content=\"Est. reading time\" \/>\n\t<meta name=\"twitter:data2\" content=\"2 minutes\" \/>\n<script type=\"application\/ld+json\" class=\"yoast-schema-graph\">{\"@context\":\"https:\/\/schema.org\",\"@graph\":[{\"@type\":\"WebPage\",\"@id\":\"https:\/\/president-ksgov.net\/sr\/?p=168362\",\"url\":\"https:\/\/president-ksgov.net\/sr\/?p=168362\",\"name\":\"President Osmani condoles the family on passing of Bajram Qerkini - President of the Republic of Kosovo - DR. VJOSA OSMANI - SADRIU\",\"isPartOf\":{\"@id\":\"https:\/\/president-ksgov.net\/#website\"},\"primaryImageOfPage\":{\"@id\":\"https:\/\/president-ksgov.net\/sr\/?p=168362#primaryimage\"},\"image\":{\"@id\":\"https:\/\/president-ksgov.net\/sr\/?p=168362#primaryimage\"},\"thumbnailUrl\":\"https:\/\/president-ksgov.net\/wp-content\/uploads\/Bajram-Qerkini.jpeg\",\"datePublished\":\"2025-02-24T10:46:55+00:00\",\"dateModified\":\"2025-02-24T10:53:56+00:00\",\"author\":{\"@id\":\"https:\/\/president-ksgov.net\/#\/schema\/person\/46897fdfb3a2c4637c66776b267b09f6\"},\"description\":\"President Osmani condoles the family on passing of Bajram Qerkini - President of the Republic of Kosovo - DR. VJOSA OSMANI - SADRIU -\",\"breadcrumb\":{\"@id\":\"https:\/\/president-ksgov.net\/sr\/?p=168362#breadcrumb\"},\"inLanguage\":\"en-US\",\"potentialAction\":[{\"@type\":\"ReadAction\",\"target\":[\"https:\/\/president-ksgov.net\/sr\/?p=168362\"]}]},{\"@type\":\"ImageObject\",\"inLanguage\":\"en-US\",\"@id\":\"https:\/\/president-ksgov.net\/sr\/?p=168362#primaryimage\",\"url\":\"https:\/\/president-ksgov.net\/wp-content\/uploads\/Bajram-Qerkini.jpeg\",\"contentUrl\":\"https:\/\/president-ksgov.net\/wp-content\/uploads\/Bajram-Qerkini.jpeg\",\"width\":2560,\"height\":1706},{\"@type\":\"BreadcrumbList\",\"@id\":\"https:\/\/president-ksgov.net\/sr\/?p=168362#breadcrumb\",\"itemListElement\":[{\"@type\":\"ListItem\",\"position\":1,\"name\":\"Home\",\"item\":\"https:\/\/president-ksgov.net\/en\/\"},{\"@type\":\"ListItem\",\"position\":2,\"name\":\"President Osmani condoles the family on passing of Bajram Qerkini\"}]},{\"@type\":\"WebSite\",\"@id\":\"https:\/\/president-ksgov.net\/#website\",\"url\":\"https:\/\/president-ksgov.net\/\",\"name\":\"Presidente e Republik\u00ebs s\u00eb Kosov\u00ebs\",\"description\":\"Presidente e Republik\u00ebs s\u00eb Kosov\u00ebs\",\"alternateName\":\"DR. VJOSA OSMANI - SADRIU\",\"potentialAction\":[{\"@type\":\"SearchAction\",\"target\":{\"@type\":\"EntryPoint\",\"urlTemplate\":\"https:\/\/president-ksgov.net\/?s={search_term_string}\"},\"query-input\":{\"@type\":\"PropertyValueSpecification\",\"valueRequired\":true,\"valueName\":\"search_term_string\"}}],\"inLanguage\":\"en-US\"},{\"@type\":\"Person\",\"@id\":\"https:\/\/president-ksgov.net\/#\/schema\/person\/46897fdfb3a2c4637c66776b267b09f6\",\"name\":\"Azim Rabby\",\"image\":{\"@type\":\"ImageObject\",\"inLanguage\":\"en-US\",\"@id\":\"https:\/\/president-ksgov.net\/#\/schema\/person\/image\/\",\"url\":\"https:\/\/secure.gravatar.com\/avatar\/2e869d6e696f88891afa5dab0768da91bb4d2f829b32699cfb894a221f3d336b?s=96&d=mm&r=g\",\"contentUrl\":\"https:\/\/secure.gravatar.com\/avatar\/2e869d6e696f88891afa5dab0768da91bb4d2f829b32699cfb894a221f3d336b?s=96&d=mm&r=g\",\"caption\":\"Azim Rabby\"}}]}<\/script>\n<!-- \/ Yoast SEO plugin. -->","yoast_head_json":{"title":"President Osmani condoles the family on passing of Bajram Qerkini - President of the Republic of Kosovo - DR. VJOSA OSMANI - SADRIU","description":"President Osmani condoles the family on passing of Bajram Qerkini - President of the Republic of Kosovo - DR. VJOSA OSMANI - SADRIU -","robots":{"index":"index","follow":"follow","max-snippet":"max-snippet:-1","max-image-preview":"max-image-preview:large","max-video-preview":"max-video-preview:-1"},"canonical":"https:\/\/president-ksgov.net\/sr\/?p=168362","og_locale":"en_US","og_type":"article","og_title":"President Osmani condoles the family on passing of Bajram Qerkini - President of the Republic of Kosovo - DR. VJOSA OSMANI - SADRIU","og_description":"President Osmani condoles the family on passing of Bajram Qerkini - President of the Republic of Kosovo - DR. VJOSA OSMANI - SADRIU -","og_url":"https:\/\/president-ksgov.net\/sr\/?p=168362","og_site_name":"President of the Republic of Kosovo - DR. VJOSA OSMANI - SADRIU","article_published_time":"2025-02-24T10:46:55+00:00","article_modified_time":"2025-02-24T10:53:56+00:00","og_image":[{"width":2560,"height":1706,"url":"https:\/\/president-ksgov.net\/wp-content\/uploads\/Bajram-Qerkini.jpeg","type":"image\/jpeg"}],"author":"Azim Rabby","twitter_card":"summary_large_image","twitter_misc":{"Written by":"Azim Rabby","Est. reading time":"2 minutes"},"schema":{"@context":"https:\/\/schema.org","@graph":[{"@type":"WebPage","@id":"https:\/\/president-ksgov.net\/sr\/?p=168362","url":"https:\/\/president-ksgov.net\/sr\/?p=168362","name":"President Osmani condoles the family on passing of Bajram Qerkini - President of the Republic of Kosovo - DR. VJOSA OSMANI - SADRIU","isPartOf":{"@id":"https:\/\/president-ksgov.net\/#website"},"primaryImageOfPage":{"@id":"https:\/\/president-ksgov.net\/sr\/?p=168362#primaryimage"},"image":{"@id":"https:\/\/president-ksgov.net\/sr\/?p=168362#primaryimage"},"thumbnailUrl":"https:\/\/president-ksgov.net\/wp-content\/uploads\/Bajram-Qerkini.jpeg","datePublished":"2025-02-24T10:46:55+00:00","dateModified":"2025-02-24T10:53:56+00:00","author":{"@id":"https:\/\/president-ksgov.net\/#\/schema\/person\/46897fdfb3a2c4637c66776b267b09f6"},"description":"President Osmani condoles the family on passing of Bajram Qerkini - President of the Republic of Kosovo - DR. VJOSA OSMANI - SADRIU -","breadcrumb":{"@id":"https:\/\/president-ksgov.net\/sr\/?p=168362#breadcrumb"},"inLanguage":"en-US","potentialAction":[{"@type":"ReadAction","target":["https:\/\/president-ksgov.net\/sr\/?p=168362"]}]},{"@type":"ImageObject","inLanguage":"en-US","@id":"https:\/\/president-ksgov.net\/sr\/?p=168362#primaryimage","url":"https:\/\/president-ksgov.net\/wp-content\/uploads\/Bajram-Qerkini.jpeg","contentUrl":"https:\/\/president-ksgov.net\/wp-content\/uploads\/Bajram-Qerkini.jpeg","width":2560,"height":1706},{"@type":"BreadcrumbList","@id":"https:\/\/president-ksgov.net\/sr\/?p=168362#breadcrumb","itemListElement":[{"@type":"ListItem","position":1,"name":"Home","item":"https:\/\/president-ksgov.net\/en\/"},{"@type":"ListItem","position":2,"name":"President Osmani condoles the family on passing of Bajram Qerkini"}]},{"@type":"WebSite","@id":"https:\/\/president-ksgov.net\/#website","url":"https:\/\/president-ksgov.net\/","name":"Presidente e Republik\u00ebs s\u00eb Kosov\u00ebs","description":"Presidente e Republik\u00ebs s\u00eb Kosov\u00ebs","alternateName":"DR. VJOSA OSMANI - SADRIU","potentialAction":[{"@type":"SearchAction","target":{"@type":"EntryPoint","urlTemplate":"https:\/\/president-ksgov.net\/?s={search_term_string}"},"query-input":{"@type":"PropertyValueSpecification","valueRequired":true,"valueName":"search_term_string"}}],"inLanguage":"en-US"},{"@type":"Person","@id":"https:\/\/president-ksgov.net\/#\/schema\/person\/46897fdfb3a2c4637c66776b267b09f6","name":"Azim Rabby","image":{"@type":"ImageObject","inLanguage":"en-US","@id":"https:\/\/president-ksgov.net\/#\/schema\/person\/image\/","url":"https:\/\/secure.gravatar.com\/avatar\/2e869d6e696f88891afa5dab0768da91bb4d2f829b32699cfb894a221f3d336b?s=96&d=mm&r=g","contentUrl":"https:\/\/secure.gravatar.com\/avatar\/2e869d6e696f88891afa5dab0768da91bb4d2f829b32699cfb894a221f3d336b?s=96&d=mm&r=g","caption":"Azim Rabby"}}]}},"_links":{"self":[{"href":"https:\/\/president-ksgov.net\/en\/wp-json\/wp\/v2\/posts\/154699","targetHints":{"allow":["GET"]}}],"collection":[{"href":"https:\/\/president-ksgov.net\/en\/wp-json\/wp\/v2\/posts"}],"about":[{"href":"https:\/\/president-ksgov.net\/en\/wp-json\/wp\/v2\/types\/post"}],"author":[{"embeddable":true,"href":"https:\/\/president-ksgov.net\/en\/wp-json\/wp\/v2\/users\/16"}],"replies":[{"embeddable":true,"href":"https:\/\/president-ksgov.net\/en\/wp-json\/wp\/v2\/comments?post=154699"}],"version-history":[{"count":1,"href":"https:\/\/president-ksgov.net\/en\/wp-json\/wp\/v2\/posts\/154699\/revisions"}],"predecessor-version":[{"id":154700,"href":"https:\/\/president-ksgov.net\/en\/wp-json\/wp\/v2\/posts\/154699\/revisions\/154700"}],"wp:featuredmedia":[{"embeddable":true,"href":"https:\/\/president-ksgov.net\/en\/wp-json\/wp\/v2\/media\/154695"}],"wp:attachment":[{"href":"https:\/\/president-ksgov.net\/en\/wp-json\/wp\/v2\/media?parent=154699"}],"wp:term":[{"taxonomy":"category","embeddable":true,"href":"https:\/\/president-ksgov.net\/en\/wp-json\/wp\/v2\/categories?post=154699"},{"taxonomy":"post_tag","embeddable":true,"href":"https:\/\/president-ksgov.net\/en\/wp-json\/wp\/v2\/tags?post=154699"}],"curies":[{"name":"wp","href":"https:\/\/api.w.org\/{rel}","templated":true}]}}