{"id":154661,"date":"2025-02-20T09:39:33","date_gmt":"2025-02-20T08:39:33","guid":{"rendered":"https:\/\/president-ksgov.net\/?p=154661"},"modified":"2025-02-20T12:37:01","modified_gmt":"2025-02-20T11:37:01","slug":"governor-general-of-canada-congratulates-president-osmani-on-the-occasion-of-the-17th-anniversary-of-kosovos-independence","status":"publish","type":"post","link":"https:\/\/president-ksgov.net\/en\/governor-general-of-canada-congratulates-president-osmani-on-the-occasion-of-the-17th-anniversary-of-kosovos-independence\/","title":{"rendered":"Governor General of Canada congratulates President Osmani on the occasion of the 17th anniversary of Kosovo\u2019s independence"},"content":{"rendered":"<p>The President of the Republic of Kosovo Vjosa Osmani, has received a congratulatory message from the Governor General of Canada Mary May Simon, on the occasion of the anniversary of the country\u2019s declaration of independence.<\/p>\n<p>In her message, the Governor General emphasized the close ties between the two countries, which are based on shared values and goals, including a commitment to peace, regional stability and democracy. She reiterated Canada\u2019s unwavering support for Kosovo\u2019s European and transatlantic path and appreciated the progress made in this regard.<\/p>\n<p>According to the Governor General, the Kosovar diaspora in Canada represents a vibrant and engaging community that contributes significantly to Canadian society through cultural heritage, academic engagement and participation in social and economic life.<\/p>\n<p>At the end of the congratulations, the Governor General expressed her desire to continue strengthening bilateral ties and cooperation in international forums, wishing President Osmani and the people of Kosovo good health, happiness and prosperity in the coming year.<\/p>\n<p><a href=\"https:\/\/president-ksgov.net\/wp-content\/uploads\/Leter-urimi-nga-Guvernatorja-e-Pergjithshme-e-Kanadase.jpeg\" target=\"_blank\" rel=\"noopener\"><img fetchpriority=\"high\" decoding=\"async\" class=\"size-medium wp-image-154624 aligncenter\" src=\"https:\/\/president-ksgov.net\/wp-content\/uploads\/Leter-urimi-nga-Guvernatorja-e-Pergjithshme-e-Kanadase-232x300.jpeg\" alt=\"\" width=\"232\" height=\"300\" srcset=\"https:\/\/president-ksgov.net\/wp-content\/uploads\/Leter-urimi-nga-Guvernatorja-e-Pergjithshme-e-Kanadase-232x300.jpeg 232w, https:\/\/president-ksgov.net\/wp-content\/uploads\/Leter-urimi-nga-Guvernatorja-e-Pergjithshme-e-Kanadase-791x1024.jpeg 791w, https:\/\/president-ksgov.net\/wp-content\/uploads\/Leter-urimi-nga-Guvernatorja-e-Pergjithshme-e-Kanadase-768x994.jpeg 768w, https:\/\/president-ksgov.net\/wp-content\/uploads\/Leter-urimi-nga-Guvernatorja-e-Pergjithshme-e-Kanadase-1187x1536.jpeg 1187w, https:\/\/president-ksgov.net\/wp-content\/uploads\/Leter-urimi-nga-Guvernatorja-e-Pergjithshme-e-Kanadase-348x450.jpeg 348w, https:\/\/president-ksgov.net\/wp-content\/uploads\/Leter-urimi-nga-Guvernatorja-e-Pergjithshme-e-Kanadase.jpeg 1236w\" sizes=\"(max-width: 232px) 100vw, 232px\" \/><\/a><\/p>\n","protected":false},"excerpt":{"rendered":"<p>The President of the Republic of Kosovo Vjosa Osmani, has received a congratulatory message from the Governor General of Canada Mary May Simon, on the occasion of the anniversary of the country\u2019s declaration of independence. In her message, the Governor General emphasized the close ties between the two countries, which are based on shared values and goals, including a commitment to peace, regional stability and democracy. She reiterated Canada\u2019s unwavering support for Kosovo\u2019s European and transatlantic path and appreciated the progress made in this regard. According to the Governor General, the Kosovar diaspora in Canada represents a vibrant and engaging community that contributes significantly to Canadian society through cultural heritage, academic engagement and participation in social and economic life. At the end of the congratulations, the Governor General expressed her desire to continue strengthening bilateral ties and cooperation in international forums, wishing President Osmani and the people of Kosovo good health, happiness and prosperity in the coming year.<\/p>\n","protected":false},"author":16,"featured_media":154629,"comment_status":"closed","ping_status":"closed","sticky":false,"template":"","format":"standard","meta":{"_eb_attr":"","footnotes":""},"categories":[111],"tags":[],"class_list":["post-154661","post","type-post","status-publish","format-standard","has-post-thumbnail","hentry","category-news"],"yoast_head":"<!-- This site is optimized with the Yoast SEO plugin v23.5 - https:\/\/yoast.com\/wordpress\/plugins\/seo\/ -->\n<title>Governor General of Canada congratulates President Osmani on the occasion of the 17th anniversary of Kosovo\u2019s independence - President of the Republic of Kosovo - DR. VJOSA OSMANI - SADRIU<\/title>\n<meta name=\"description\" content=\"Governor General of Canada congratulates President Osmani on the occasion of the 17th anniversary of Kosovo\u2019s independence - President of the Republic of Kosovo - DR. VJOSA OSMANI - SADRIU - News\" \/>\n<meta name=\"robots\" content=\"index, follow, max-snippet:-1, max-image-preview:large, max-video-preview:-1\" \/>\n<link rel=\"canonical\" href=\"https:\/\/president-ksgov.net\/en\/governor-general-of-canada-congratulates-president-osmani-on-the-occasion-of-the-17th-anniversary-of-kosovos-independence\/\" \/>\n<meta property=\"og:locale\" content=\"en_US\" \/>\n<meta property=\"og:type\" content=\"article\" \/>\n<meta property=\"og:title\" content=\"Governor General of Canada congratulates President Osmani on the occasion of the 17th anniversary of Kosovo\u2019s independence - President of the Republic of Kosovo - DR. VJOSA OSMANI - SADRIU\" \/>\n<meta property=\"og:description\" content=\"Governor General of Canada congratulates President Osmani on the occasion of the 17th anniversary of Kosovo\u2019s independence - President of the Republic of Kosovo - DR. VJOSA OSMANI - SADRIU - News\" \/>\n<meta property=\"og:url\" content=\"https:\/\/president-ksgov.net\/en\/governor-general-of-canada-congratulates-president-osmani-on-the-occasion-of-the-17th-anniversary-of-kosovos-independence\/\" \/>\n<meta property=\"og:site_name\" content=\"President of the Republic of Kosovo - DR. VJOSA OSMANI - SADRIU\" \/>\n<meta property=\"article:published_time\" content=\"2025-02-20T08:39:33+00:00\" \/>\n<meta property=\"article:modified_time\" content=\"2025-02-20T11:37:01+00:00\" \/>\n<meta property=\"og:image\" content=\"https:\/\/president-ksgov.net\/wp-content\/uploads\/Presidentja-Osmani-dhe-Guvernatorja-e-Pergjithshme-e-Kanadase.jpeg\" \/>\n\t<meta property=\"og:image:width\" content=\"960\" \/>\n\t<meta property=\"og:image:height\" content=\"640\" \/>\n\t<meta property=\"og:image:type\" content=\"image\/jpeg\" \/>\n<meta name=\"author\" content=\"Azim Rabby\" \/>\n<meta name=\"twitter:card\" content=\"summary_large_image\" \/>\n<meta name=\"twitter:label1\" content=\"Written by\" \/>\n\t<meta name=\"twitter:data1\" content=\"Azim Rabby\" \/>\n\t<meta name=\"twitter:label2\" content=\"Est. reading time\" \/>\n\t<meta name=\"twitter:data2\" content=\"1 minute\" \/>\n<script type=\"application\/ld+json\" class=\"yoast-schema-graph\">{\"@context\":\"https:\/\/schema.org\",\"@graph\":[{\"@type\":\"WebPage\",\"@id\":\"https:\/\/president-ksgov.net\/en\/governor-general-of-canada-congratulates-president-osmani-on-the-occasion-of-the-17th-anniversary-of-kosovos-independence\/\",\"url\":\"https:\/\/president-ksgov.net\/en\/governor-general-of-canada-congratulates-president-osmani-on-the-occasion-of-the-17th-anniversary-of-kosovos-independence\/\",\"name\":\"Governor General of Canada congratulates President Osmani on the occasion of the 17th anniversary of Kosovo\u2019s independence - President of the Republic of Kosovo - DR. VJOSA OSMANI - SADRIU\",\"isPartOf\":{\"@id\":\"https:\/\/president-ksgov.net\/#website\"},\"primaryImageOfPage\":{\"@id\":\"https:\/\/president-ksgov.net\/en\/governor-general-of-canada-congratulates-president-osmani-on-the-occasion-of-the-17th-anniversary-of-kosovos-independence\/#primaryimage\"},\"image\":{\"@id\":\"https:\/\/president-ksgov.net\/en\/governor-general-of-canada-congratulates-president-osmani-on-the-occasion-of-the-17th-anniversary-of-kosovos-independence\/#primaryimage\"},\"thumbnailUrl\":\"https:\/\/president-ksgov.net\/wp-content\/uploads\/Presidentja-Osmani-dhe-Guvernatorja-e-Pergjithshme-e-Kanadase.jpeg\",\"datePublished\":\"2025-02-20T08:39:33+00:00\",\"dateModified\":\"2025-02-20T11:37:01+00:00\",\"author\":{\"@id\":\"https:\/\/president-ksgov.net\/#\/schema\/person\/46897fdfb3a2c4637c66776b267b09f6\"},\"description\":\"Governor General of Canada congratulates President Osmani on the occasion of the 17th anniversary of Kosovo\u2019s independence - President of the Republic of Kosovo - DR. VJOSA OSMANI - SADRIU - News\",\"breadcrumb\":{\"@id\":\"https:\/\/president-ksgov.net\/en\/governor-general-of-canada-congratulates-president-osmani-on-the-occasion-of-the-17th-anniversary-of-kosovos-independence\/#breadcrumb\"},\"inLanguage\":\"en-US\",\"potentialAction\":[{\"@type\":\"ReadAction\",\"target\":[\"https:\/\/president-ksgov.net\/en\/governor-general-of-canada-congratulates-president-osmani-on-the-occasion-of-the-17th-anniversary-of-kosovos-independence\/\"]}]},{\"@type\":\"ImageObject\",\"inLanguage\":\"en-US\",\"@id\":\"https:\/\/president-ksgov.net\/en\/governor-general-of-canada-congratulates-president-osmani-on-the-occasion-of-the-17th-anniversary-of-kosovos-independence\/#primaryimage\",\"url\":\"https:\/\/president-ksgov.net\/wp-content\/uploads\/Presidentja-Osmani-dhe-Guvernatorja-e-Pergjithshme-e-Kanadase.jpeg\",\"contentUrl\":\"https:\/\/president-ksgov.net\/wp-content\/uploads\/Presidentja-Osmani-dhe-Guvernatorja-e-Pergjithshme-e-Kanadase.jpeg\",\"width\":960,\"height\":640},{\"@type\":\"BreadcrumbList\",\"@id\":\"https:\/\/president-ksgov.net\/en\/governor-general-of-canada-congratulates-president-osmani-on-the-occasion-of-the-17th-anniversary-of-kosovos-independence\/#breadcrumb\",\"itemListElement\":[{\"@type\":\"ListItem\",\"position\":1,\"name\":\"Home\",\"item\":\"https:\/\/president-ksgov.net\/en\/\"},{\"@type\":\"ListItem\",\"position\":2,\"name\":\"Governor General of Canada congratulates President Osmani on the occasion of the 17th anniversary of Kosovo\u2019s independence\"}]},{\"@type\":\"WebSite\",\"@id\":\"https:\/\/president-ksgov.net\/#website\",\"url\":\"https:\/\/president-ksgov.net\/\",\"name\":\"Presidente e Republik\u00ebs s\u00eb Kosov\u00ebs\",\"description\":\"Presidente e Republik\u00ebs s\u00eb Kosov\u00ebs\",\"alternateName\":\"DR. VJOSA OSMANI - SADRIU\",\"potentialAction\":[{\"@type\":\"SearchAction\",\"target\":{\"@type\":\"EntryPoint\",\"urlTemplate\":\"https:\/\/president-ksgov.net\/?s={search_term_string}\"},\"query-input\":{\"@type\":\"PropertyValueSpecification\",\"valueRequired\":true,\"valueName\":\"search_term_string\"}}],\"inLanguage\":\"en-US\"},{\"@type\":\"Person\",\"@id\":\"https:\/\/president-ksgov.net\/#\/schema\/person\/46897fdfb3a2c4637c66776b267b09f6\",\"name\":\"Azim Rabby\",\"image\":{\"@type\":\"ImageObject\",\"inLanguage\":\"en-US\",\"@id\":\"https:\/\/president-ksgov.net\/#\/schema\/person\/image\/\",\"url\":\"https:\/\/secure.gravatar.com\/avatar\/2e869d6e696f88891afa5dab0768da91bb4d2f829b32699cfb894a221f3d336b?s=96&d=mm&r=g\",\"contentUrl\":\"https:\/\/secure.gravatar.com\/avatar\/2e869d6e696f88891afa5dab0768da91bb4d2f829b32699cfb894a221f3d336b?s=96&d=mm&r=g\",\"caption\":\"Azim Rabby\"}}]}<\/script>\n<!-- \/ Yoast SEO plugin. -->","yoast_head_json":{"title":"Governor General of Canada congratulates President Osmani on the occasion of the 17th anniversary of Kosovo\u2019s independence - President of the Republic of Kosovo - DR. VJOSA OSMANI - SADRIU","description":"Governor General of Canada congratulates President Osmani on the occasion of the 17th anniversary of Kosovo\u2019s independence - President of the Republic of Kosovo - DR. VJOSA OSMANI - SADRIU - News","robots":{"index":"index","follow":"follow","max-snippet":"max-snippet:-1","max-image-preview":"max-image-preview:large","max-video-preview":"max-video-preview:-1"},"canonical":"https:\/\/president-ksgov.net\/en\/governor-general-of-canada-congratulates-president-osmani-on-the-occasion-of-the-17th-anniversary-of-kosovos-independence\/","og_locale":"en_US","og_type":"article","og_title":"Governor General of Canada congratulates President Osmani on the occasion of the 17th anniversary of Kosovo\u2019s independence - President of the Republic of Kosovo - DR. VJOSA OSMANI - SADRIU","og_description":"Governor General of Canada congratulates President Osmani on the occasion of the 17th anniversary of Kosovo\u2019s independence - President of the Republic of Kosovo - DR. VJOSA OSMANI - SADRIU - News","og_url":"https:\/\/president-ksgov.net\/en\/governor-general-of-canada-congratulates-president-osmani-on-the-occasion-of-the-17th-anniversary-of-kosovos-independence\/","og_site_name":"President of the Republic of Kosovo - DR. VJOSA OSMANI - SADRIU","article_published_time":"2025-02-20T08:39:33+00:00","article_modified_time":"2025-02-20T11:37:01+00:00","og_image":[{"width":960,"height":640,"url":"https:\/\/president-ksgov.net\/wp-content\/uploads\/Presidentja-Osmani-dhe-Guvernatorja-e-Pergjithshme-e-Kanadase.jpeg","type":"image\/jpeg"}],"author":"Azim Rabby","twitter_card":"summary_large_image","twitter_misc":{"Written by":"Azim Rabby","Est. reading time":"1 minute"},"schema":{"@context":"https:\/\/schema.org","@graph":[{"@type":"WebPage","@id":"https:\/\/president-ksgov.net\/en\/governor-general-of-canada-congratulates-president-osmani-on-the-occasion-of-the-17th-anniversary-of-kosovos-independence\/","url":"https:\/\/president-ksgov.net\/en\/governor-general-of-canada-congratulates-president-osmani-on-the-occasion-of-the-17th-anniversary-of-kosovos-independence\/","name":"Governor General of Canada congratulates President Osmani on the occasion of the 17th anniversary of Kosovo\u2019s independence - President of the Republic of Kosovo - DR. VJOSA OSMANI - SADRIU","isPartOf":{"@id":"https:\/\/president-ksgov.net\/#website"},"primaryImageOfPage":{"@id":"https:\/\/president-ksgov.net\/en\/governor-general-of-canada-congratulates-president-osmani-on-the-occasion-of-the-17th-anniversary-of-kosovos-independence\/#primaryimage"},"image":{"@id":"https:\/\/president-ksgov.net\/en\/governor-general-of-canada-congratulates-president-osmani-on-the-occasion-of-the-17th-anniversary-of-kosovos-independence\/#primaryimage"},"thumbnailUrl":"https:\/\/president-ksgov.net\/wp-content\/uploads\/Presidentja-Osmani-dhe-Guvernatorja-e-Pergjithshme-e-Kanadase.jpeg","datePublished":"2025-02-20T08:39:33+00:00","dateModified":"2025-02-20T11:37:01+00:00","author":{"@id":"https:\/\/president-ksgov.net\/#\/schema\/person\/46897fdfb3a2c4637c66776b267b09f6"},"description":"Governor General of Canada congratulates President Osmani on the occasion of the 17th anniversary of Kosovo\u2019s independence - President of the Republic of Kosovo - DR. VJOSA OSMANI - SADRIU - News","breadcrumb":{"@id":"https:\/\/president-ksgov.net\/en\/governor-general-of-canada-congratulates-president-osmani-on-the-occasion-of-the-17th-anniversary-of-kosovos-independence\/#breadcrumb"},"inLanguage":"en-US","potentialAction":[{"@type":"ReadAction","target":["https:\/\/president-ksgov.net\/en\/governor-general-of-canada-congratulates-president-osmani-on-the-occasion-of-the-17th-anniversary-of-kosovos-independence\/"]}]},{"@type":"ImageObject","inLanguage":"en-US","@id":"https:\/\/president-ksgov.net\/en\/governor-general-of-canada-congratulates-president-osmani-on-the-occasion-of-the-17th-anniversary-of-kosovos-independence\/#primaryimage","url":"https:\/\/president-ksgov.net\/wp-content\/uploads\/Presidentja-Osmani-dhe-Guvernatorja-e-Pergjithshme-e-Kanadase.jpeg","contentUrl":"https:\/\/president-ksgov.net\/wp-content\/uploads\/Presidentja-Osmani-dhe-Guvernatorja-e-Pergjithshme-e-Kanadase.jpeg","width":960,"height":640},{"@type":"BreadcrumbList","@id":"https:\/\/president-ksgov.net\/en\/governor-general-of-canada-congratulates-president-osmani-on-the-occasion-of-the-17th-anniversary-of-kosovos-independence\/#breadcrumb","itemListElement":[{"@type":"ListItem","position":1,"name":"Home","item":"https:\/\/president-ksgov.net\/en\/"},{"@type":"ListItem","position":2,"name":"Governor General of Canada congratulates President Osmani on the occasion of the 17th anniversary of Kosovo\u2019s independence"}]},{"@type":"WebSite","@id":"https:\/\/president-ksgov.net\/#website","url":"https:\/\/president-ksgov.net\/","name":"Presidente e Republik\u00ebs s\u00eb Kosov\u00ebs","description":"Presidente e Republik\u00ebs s\u00eb Kosov\u00ebs","alternateName":"DR. VJOSA OSMANI - SADRIU","potentialAction":[{"@type":"SearchAction","target":{"@type":"EntryPoint","urlTemplate":"https:\/\/president-ksgov.net\/?s={search_term_string}"},"query-input":{"@type":"PropertyValueSpecification","valueRequired":true,"valueName":"search_term_string"}}],"inLanguage":"en-US"},{"@type":"Person","@id":"https:\/\/president-ksgov.net\/#\/schema\/person\/46897fdfb3a2c4637c66776b267b09f6","name":"Azim Rabby","image":{"@type":"ImageObject","inLanguage":"en-US","@id":"https:\/\/president-ksgov.net\/#\/schema\/person\/image\/","url":"https:\/\/secure.gravatar.com\/avatar\/2e869d6e696f88891afa5dab0768da91bb4d2f829b32699cfb894a221f3d336b?s=96&d=mm&r=g","contentUrl":"https:\/\/secure.gravatar.com\/avatar\/2e869d6e696f88891afa5dab0768da91bb4d2f829b32699cfb894a221f3d336b?s=96&d=mm&r=g","caption":"Azim Rabby"}}]}},"_links":{"self":[{"href":"https:\/\/president-ksgov.net\/en\/wp-json\/wp\/v2\/posts\/154661","targetHints":{"allow":["GET"]}}],"collection":[{"href":"https:\/\/president-ksgov.net\/en\/wp-json\/wp\/v2\/posts"}],"about":[{"href":"https:\/\/president-ksgov.net\/en\/wp-json\/wp\/v2\/types\/post"}],"author":[{"embeddable":true,"href":"https:\/\/president-ksgov.net\/en\/wp-json\/wp\/v2\/users\/16"}],"replies":[{"embeddable":true,"href":"https:\/\/president-ksgov.net\/en\/wp-json\/wp\/v2\/comments?post=154661"}],"version-history":[{"count":1,"href":"https:\/\/president-ksgov.net\/en\/wp-json\/wp\/v2\/posts\/154661\/revisions"}],"predecessor-version":[{"id":154662,"href":"https:\/\/president-ksgov.net\/en\/wp-json\/wp\/v2\/posts\/154661\/revisions\/154662"}],"wp:featuredmedia":[{"embeddable":true,"href":"https:\/\/president-ksgov.net\/en\/wp-json\/wp\/v2\/media\/154629"}],"wp:attachment":[{"href":"https:\/\/president-ksgov.net\/en\/wp-json\/wp\/v2\/media?parent=154661"}],"wp:term":[{"taxonomy":"category","embeddable":true,"href":"https:\/\/president-ksgov.net\/en\/wp-json\/wp\/v2\/categories?post=154661"},{"taxonomy":"post_tag","embeddable":true,"href":"https:\/\/president-ksgov.net\/en\/wp-json\/wp\/v2\/tags?post=154661"}],"curies":[{"name":"wp","href":"https:\/\/api.w.org\/{rel}","templated":true}]}}