{"id":154655,"date":"2025-02-19T19:24:12","date_gmt":"2025-02-19T18:24:12","guid":{"rendered":"https:\/\/president-ksgov.net\/?p=154655"},"modified":"2025-02-20T12:25:49","modified_gmt":"2025-02-20T11:25:49","slug":"president-of-the-czech-republic-petr-pavel-congratulates-president-osmani-on-the-17th-anniversary-of-kosovos-independence","status":"publish","type":"post","link":"https:\/\/president-ksgov.net\/en\/president-of-the-czech-republic-petr-pavel-congratulates-president-osmani-on-the-17th-anniversary-of-kosovos-independence\/","title":{"rendered":"President of the Czech Republic Petr Pavel congratulates President Osmani on the 17th anniversary of Kosovo\u2019s Independence"},"content":{"rendered":"<p>The President of the Republic of Kosovo Vjosa Osmani, has received a congratulatory message from the President of the Czech Republic Petr Pavel, on the occasion of Kosovo\u2019s Independence Day.<\/p>\n<p>In his message, President Pavel reaffirmed the unwavering support of the Czech Republic for the democratic development of Kosovo and its journey towards Euro-Atlantic integration.<\/p>\n<p>President Pavel expressed his confidence that bilateral relations between Kosovo and the Czech Republic will continue to develop successfully, based on friendship and mutual commitment to democratic values and regional stability.<\/p>\n<table style=\"width: 100%; border-collapse: collapse;\">\n<tbody>\n<tr>\n<td style=\"text-align: center;\"><a href=\"https:\/\/president-ksgov.net\/wp-content\/uploads\/Leter-urimi-nga-Presidenti-i-Republikes-Ceke-Petr-Pavel.jpeg\" target=\"_blank\" rel=\"noopener\"><img fetchpriority=\"high\" decoding=\"async\" class=\"size-medium wp-image-154598 aligncenter\" src=\"https:\/\/president-ksgov.net\/wp-content\/uploads\/Leter-urimi-nga-Presidenti-i-Republikes-Ceke-Petr-Pavel-212x300.jpeg\" alt=\"\" width=\"212\" height=\"300\" srcset=\"https:\/\/president-ksgov.net\/wp-content\/uploads\/Leter-urimi-nga-Presidenti-i-Republikes-Ceke-Petr-Pavel-212x300.jpeg 212w, https:\/\/president-ksgov.net\/wp-content\/uploads\/Leter-urimi-nga-Presidenti-i-Republikes-Ceke-Petr-Pavel-724x1024.jpeg 724w, https:\/\/president-ksgov.net\/wp-content\/uploads\/Leter-urimi-nga-Presidenti-i-Republikes-Ceke-Petr-Pavel-768x1086.jpeg 768w, https:\/\/president-ksgov.net\/wp-content\/uploads\/Leter-urimi-nga-Presidenti-i-Republikes-Ceke-Petr-Pavel-1086x1536.jpeg 1086w, https:\/\/president-ksgov.net\/wp-content\/uploads\/Leter-urimi-nga-Presidenti-i-Republikes-Ceke-Petr-Pavel-318x450.jpeg 318w, https:\/\/president-ksgov.net\/wp-content\/uploads\/Leter-urimi-nga-Presidenti-i-Republikes-Ceke-Petr-Pavel.jpeg 1131w\" sizes=\"(max-width: 212px) 100vw, 212px\" \/><\/a><\/td>\n<td style=\"text-align: center;\"><a href=\"https:\/\/president-ksgov.net\/wp-content\/uploads\/Leter-urimi-nga-Presidenti-i-Republikes-Ceke-Petr-Pavel-1jpeg.jpeg\" target=\"_blank\" rel=\"noopener\"><img decoding=\"async\" class=\"size-medium wp-image-154602 aligncenter\" src=\"https:\/\/president-ksgov.net\/wp-content\/uploads\/Leter-urimi-nga-Presidenti-i-Republikes-Ceke-Petr-Pavel-1jpeg-212x300.jpeg\" alt=\"\" width=\"212\" height=\"300\" srcset=\"https:\/\/president-ksgov.net\/wp-content\/uploads\/Leter-urimi-nga-Presidenti-i-Republikes-Ceke-Petr-Pavel-1jpeg-212x300.jpeg 212w, https:\/\/president-ksgov.net\/wp-content\/uploads\/Leter-urimi-nga-Presidenti-i-Republikes-Ceke-Petr-Pavel-1jpeg-724x1024.jpeg 724w, https:\/\/president-ksgov.net\/wp-content\/uploads\/Leter-urimi-nga-Presidenti-i-Republikes-Ceke-Petr-Pavel-1jpeg-768x1086.jpeg 768w, https:\/\/president-ksgov.net\/wp-content\/uploads\/Leter-urimi-nga-Presidenti-i-Republikes-Ceke-Petr-Pavel-1jpeg-1086x1536.jpeg 1086w, https:\/\/president-ksgov.net\/wp-content\/uploads\/Leter-urimi-nga-Presidenti-i-Republikes-Ceke-Petr-Pavel-1jpeg-318x450.jpeg 318w, https:\/\/president-ksgov.net\/wp-content\/uploads\/Leter-urimi-nga-Presidenti-i-Republikes-Ceke-Petr-Pavel-1jpeg.jpeg 1131w\" sizes=\"(max-width: 212px) 100vw, 212px\" \/><\/a><\/td>\n<\/tr>\n<\/tbody>\n<\/table>\n","protected":false},"excerpt":{"rendered":"<p>The President of the Republic of Kosovo Vjosa Osmani, has received a congratulatory message from the President of the Czech Republic Petr Pavel, on the occasion of Kosovo\u2019s Independence Day. In his message, President Pavel reaffirmed the unwavering support of the Czech Republic for the democratic development of Kosovo and its journey towards Euro-Atlantic integration. President Pavel expressed his confidence that bilateral relations between Kosovo and the Czech Republic will continue to develop successfully, based on friendship and mutual commitment to democratic values and regional stability.<\/p>\n","protected":false},"author":16,"featured_media":154595,"comment_status":"closed","ping_status":"closed","sticky":false,"template":"","format":"standard","meta":{"_eb_attr":"","footnotes":""},"categories":[111],"tags":[],"class_list":["post-154655","post","type-post","status-publish","format-standard","has-post-thumbnail","hentry","category-news"],"yoast_head":"<!-- This site is optimized with the Yoast SEO plugin v23.5 - https:\/\/yoast.com\/wordpress\/plugins\/seo\/ -->\n<title>President of the Czech Republic Petr Pavel congratulates President Osmani on the 17th anniversary of Kosovo\u2019s Independence - President of the Republic of Kosovo - DR. VJOSA OSMANI - SADRIU<\/title>\n<meta name=\"description\" content=\"President of the Czech Republic Petr Pavel congratulates President Osmani on the 17th anniversary of Kosovo\u2019s Independence - President of the Republic of Kosovo - DR. VJOSA OSMANI - SADRIU - News\" \/>\n<meta name=\"robots\" content=\"index, follow, max-snippet:-1, max-image-preview:large, max-video-preview:-1\" \/>\n<link rel=\"canonical\" href=\"https:\/\/president-ksgov.net\/en\/president-of-the-czech-republic-petr-pavel-congratulates-president-osmani-on-the-17th-anniversary-of-kosovos-independence\/\" \/>\n<meta property=\"og:locale\" content=\"en_US\" \/>\n<meta property=\"og:type\" content=\"article\" \/>\n<meta property=\"og:title\" content=\"President of the Czech Republic Petr Pavel congratulates President Osmani on the 17th anniversary of Kosovo\u2019s Independence - President of the Republic of Kosovo - DR. VJOSA OSMANI - SADRIU\" \/>\n<meta property=\"og:description\" content=\"President of the Czech Republic Petr Pavel congratulates President Osmani on the 17th anniversary of Kosovo\u2019s Independence - President of the Republic of Kosovo - DR. VJOSA OSMANI - SADRIU - News\" \/>\n<meta property=\"og:url\" content=\"https:\/\/president-ksgov.net\/en\/president-of-the-czech-republic-petr-pavel-congratulates-president-osmani-on-the-17th-anniversary-of-kosovos-independence\/\" \/>\n<meta property=\"og:site_name\" content=\"President of the Republic of Kosovo - DR. VJOSA OSMANI - SADRIU\" \/>\n<meta property=\"article:published_time\" content=\"2025-02-19T18:24:12+00:00\" \/>\n<meta property=\"article:modified_time\" content=\"2025-02-20T11:25:49+00:00\" \/>\n<meta property=\"og:image\" content=\"https:\/\/president-ksgov.net\/wp-content\/uploads\/Presidentja-Osmani-dhe-Presidenti-i-Republikes-Ceke-Petr-Pavel.jpeg\" \/>\n\t<meta property=\"og:image:width\" content=\"1600\" \/>\n\t<meta property=\"og:image:height\" content=\"1089\" \/>\n\t<meta property=\"og:image:type\" content=\"image\/jpeg\" \/>\n<meta name=\"author\" content=\"Azim Rabby\" \/>\n<meta name=\"twitter:card\" content=\"summary_large_image\" \/>\n<meta name=\"twitter:label1\" content=\"Written by\" \/>\n\t<meta name=\"twitter:data1\" content=\"Azim Rabby\" \/>\n\t<meta name=\"twitter:label2\" content=\"Est. reading time\" \/>\n\t<meta name=\"twitter:data2\" content=\"2 minutes\" \/>\n<script type=\"application\/ld+json\" class=\"yoast-schema-graph\">{\"@context\":\"https:\/\/schema.org\",\"@graph\":[{\"@type\":\"WebPage\",\"@id\":\"https:\/\/president-ksgov.net\/en\/president-of-the-czech-republic-petr-pavel-congratulates-president-osmani-on-the-17th-anniversary-of-kosovos-independence\/\",\"url\":\"https:\/\/president-ksgov.net\/en\/president-of-the-czech-republic-petr-pavel-congratulates-president-osmani-on-the-17th-anniversary-of-kosovos-independence\/\",\"name\":\"President of the Czech Republic Petr Pavel congratulates President Osmani on the 17th anniversary of Kosovo\u2019s Independence - President of the Republic of Kosovo - DR. VJOSA OSMANI - SADRIU\",\"isPartOf\":{\"@id\":\"https:\/\/president-ksgov.net\/#website\"},\"primaryImageOfPage\":{\"@id\":\"https:\/\/president-ksgov.net\/en\/president-of-the-czech-republic-petr-pavel-congratulates-president-osmani-on-the-17th-anniversary-of-kosovos-independence\/#primaryimage\"},\"image\":{\"@id\":\"https:\/\/president-ksgov.net\/en\/president-of-the-czech-republic-petr-pavel-congratulates-president-osmani-on-the-17th-anniversary-of-kosovos-independence\/#primaryimage\"},\"thumbnailUrl\":\"https:\/\/president-ksgov.net\/wp-content\/uploads\/Presidentja-Osmani-dhe-Presidenti-i-Republikes-Ceke-Petr-Pavel.jpeg\",\"datePublished\":\"2025-02-19T18:24:12+00:00\",\"dateModified\":\"2025-02-20T11:25:49+00:00\",\"author\":{\"@id\":\"https:\/\/president-ksgov.net\/#\/schema\/person\/46897fdfb3a2c4637c66776b267b09f6\"},\"description\":\"President of the Czech Republic Petr Pavel congratulates President Osmani on the 17th anniversary of Kosovo\u2019s Independence - President of the Republic of Kosovo - DR. VJOSA OSMANI - SADRIU - News\",\"breadcrumb\":{\"@id\":\"https:\/\/president-ksgov.net\/en\/president-of-the-czech-republic-petr-pavel-congratulates-president-osmani-on-the-17th-anniversary-of-kosovos-independence\/#breadcrumb\"},\"inLanguage\":\"en-US\",\"potentialAction\":[{\"@type\":\"ReadAction\",\"target\":[\"https:\/\/president-ksgov.net\/en\/president-of-the-czech-republic-petr-pavel-congratulates-president-osmani-on-the-17th-anniversary-of-kosovos-independence\/\"]}]},{\"@type\":\"ImageObject\",\"inLanguage\":\"en-US\",\"@id\":\"https:\/\/president-ksgov.net\/en\/president-of-the-czech-republic-petr-pavel-congratulates-president-osmani-on-the-17th-anniversary-of-kosovos-independence\/#primaryimage\",\"url\":\"https:\/\/president-ksgov.net\/wp-content\/uploads\/Presidentja-Osmani-dhe-Presidenti-i-Republikes-Ceke-Petr-Pavel.jpeg\",\"contentUrl\":\"https:\/\/president-ksgov.net\/wp-content\/uploads\/Presidentja-Osmani-dhe-Presidenti-i-Republikes-Ceke-Petr-Pavel.jpeg\",\"width\":1600,\"height\":1089},{\"@type\":\"BreadcrumbList\",\"@id\":\"https:\/\/president-ksgov.net\/en\/president-of-the-czech-republic-petr-pavel-congratulates-president-osmani-on-the-17th-anniversary-of-kosovos-independence\/#breadcrumb\",\"itemListElement\":[{\"@type\":\"ListItem\",\"position\":1,\"name\":\"Home\",\"item\":\"https:\/\/president-ksgov.net\/en\/\"},{\"@type\":\"ListItem\",\"position\":2,\"name\":\"President of the Czech Republic Petr Pavel congratulates President Osmani on the 17th anniversary of Kosovo\u2019s Independence\"}]},{\"@type\":\"WebSite\",\"@id\":\"https:\/\/president-ksgov.net\/#website\",\"url\":\"https:\/\/president-ksgov.net\/\",\"name\":\"Presidente e Republik\u00ebs s\u00eb Kosov\u00ebs\",\"description\":\"Presidente e Republik\u00ebs s\u00eb Kosov\u00ebs\",\"alternateName\":\"DR. VJOSA OSMANI - SADRIU\",\"potentialAction\":[{\"@type\":\"SearchAction\",\"target\":{\"@type\":\"EntryPoint\",\"urlTemplate\":\"https:\/\/president-ksgov.net\/?s={search_term_string}\"},\"query-input\":{\"@type\":\"PropertyValueSpecification\",\"valueRequired\":true,\"valueName\":\"search_term_string\"}}],\"inLanguage\":\"en-US\"},{\"@type\":\"Person\",\"@id\":\"https:\/\/president-ksgov.net\/#\/schema\/person\/46897fdfb3a2c4637c66776b267b09f6\",\"name\":\"Azim Rabby\",\"image\":{\"@type\":\"ImageObject\",\"inLanguage\":\"en-US\",\"@id\":\"https:\/\/president-ksgov.net\/#\/schema\/person\/image\/\",\"url\":\"https:\/\/secure.gravatar.com\/avatar\/2e869d6e696f88891afa5dab0768da91bb4d2f829b32699cfb894a221f3d336b?s=96&d=mm&r=g\",\"contentUrl\":\"https:\/\/secure.gravatar.com\/avatar\/2e869d6e696f88891afa5dab0768da91bb4d2f829b32699cfb894a221f3d336b?s=96&d=mm&r=g\",\"caption\":\"Azim Rabby\"}}]}<\/script>\n<!-- \/ Yoast SEO plugin. -->","yoast_head_json":{"title":"President of the Czech Republic Petr Pavel congratulates President Osmani on the 17th anniversary of Kosovo\u2019s Independence - President of the Republic of Kosovo - DR. VJOSA OSMANI - SADRIU","description":"President of the Czech Republic Petr Pavel congratulates President Osmani on the 17th anniversary of Kosovo\u2019s Independence - President of the Republic of Kosovo - DR. VJOSA OSMANI - SADRIU - News","robots":{"index":"index","follow":"follow","max-snippet":"max-snippet:-1","max-image-preview":"max-image-preview:large","max-video-preview":"max-video-preview:-1"},"canonical":"https:\/\/president-ksgov.net\/en\/president-of-the-czech-republic-petr-pavel-congratulates-president-osmani-on-the-17th-anniversary-of-kosovos-independence\/","og_locale":"en_US","og_type":"article","og_title":"President of the Czech Republic Petr Pavel congratulates President Osmani on the 17th anniversary of Kosovo\u2019s Independence - President of the Republic of Kosovo - DR. VJOSA OSMANI - SADRIU","og_description":"President of the Czech Republic Petr Pavel congratulates President Osmani on the 17th anniversary of Kosovo\u2019s Independence - President of the Republic of Kosovo - DR. VJOSA OSMANI - SADRIU - News","og_url":"https:\/\/president-ksgov.net\/en\/president-of-the-czech-republic-petr-pavel-congratulates-president-osmani-on-the-17th-anniversary-of-kosovos-independence\/","og_site_name":"President of the Republic of Kosovo - DR. VJOSA OSMANI - SADRIU","article_published_time":"2025-02-19T18:24:12+00:00","article_modified_time":"2025-02-20T11:25:49+00:00","og_image":[{"width":1600,"height":1089,"url":"https:\/\/president-ksgov.net\/wp-content\/uploads\/Presidentja-Osmani-dhe-Presidenti-i-Republikes-Ceke-Petr-Pavel.jpeg","type":"image\/jpeg"}],"author":"Azim Rabby","twitter_card":"summary_large_image","twitter_misc":{"Written by":"Azim Rabby","Est. reading time":"2 minutes"},"schema":{"@context":"https:\/\/schema.org","@graph":[{"@type":"WebPage","@id":"https:\/\/president-ksgov.net\/en\/president-of-the-czech-republic-petr-pavel-congratulates-president-osmani-on-the-17th-anniversary-of-kosovos-independence\/","url":"https:\/\/president-ksgov.net\/en\/president-of-the-czech-republic-petr-pavel-congratulates-president-osmani-on-the-17th-anniversary-of-kosovos-independence\/","name":"President of the Czech Republic Petr Pavel congratulates President Osmani on the 17th anniversary of Kosovo\u2019s Independence - President of the Republic of Kosovo - DR. VJOSA OSMANI - SADRIU","isPartOf":{"@id":"https:\/\/president-ksgov.net\/#website"},"primaryImageOfPage":{"@id":"https:\/\/president-ksgov.net\/en\/president-of-the-czech-republic-petr-pavel-congratulates-president-osmani-on-the-17th-anniversary-of-kosovos-independence\/#primaryimage"},"image":{"@id":"https:\/\/president-ksgov.net\/en\/president-of-the-czech-republic-petr-pavel-congratulates-president-osmani-on-the-17th-anniversary-of-kosovos-independence\/#primaryimage"},"thumbnailUrl":"https:\/\/president-ksgov.net\/wp-content\/uploads\/Presidentja-Osmani-dhe-Presidenti-i-Republikes-Ceke-Petr-Pavel.jpeg","datePublished":"2025-02-19T18:24:12+00:00","dateModified":"2025-02-20T11:25:49+00:00","author":{"@id":"https:\/\/president-ksgov.net\/#\/schema\/person\/46897fdfb3a2c4637c66776b267b09f6"},"description":"President of the Czech Republic Petr Pavel congratulates President Osmani on the 17th anniversary of Kosovo\u2019s Independence - President of the Republic of Kosovo - DR. VJOSA OSMANI - SADRIU - News","breadcrumb":{"@id":"https:\/\/president-ksgov.net\/en\/president-of-the-czech-republic-petr-pavel-congratulates-president-osmani-on-the-17th-anniversary-of-kosovos-independence\/#breadcrumb"},"inLanguage":"en-US","potentialAction":[{"@type":"ReadAction","target":["https:\/\/president-ksgov.net\/en\/president-of-the-czech-republic-petr-pavel-congratulates-president-osmani-on-the-17th-anniversary-of-kosovos-independence\/"]}]},{"@type":"ImageObject","inLanguage":"en-US","@id":"https:\/\/president-ksgov.net\/en\/president-of-the-czech-republic-petr-pavel-congratulates-president-osmani-on-the-17th-anniversary-of-kosovos-independence\/#primaryimage","url":"https:\/\/president-ksgov.net\/wp-content\/uploads\/Presidentja-Osmani-dhe-Presidenti-i-Republikes-Ceke-Petr-Pavel.jpeg","contentUrl":"https:\/\/president-ksgov.net\/wp-content\/uploads\/Presidentja-Osmani-dhe-Presidenti-i-Republikes-Ceke-Petr-Pavel.jpeg","width":1600,"height":1089},{"@type":"BreadcrumbList","@id":"https:\/\/president-ksgov.net\/en\/president-of-the-czech-republic-petr-pavel-congratulates-president-osmani-on-the-17th-anniversary-of-kosovos-independence\/#breadcrumb","itemListElement":[{"@type":"ListItem","position":1,"name":"Home","item":"https:\/\/president-ksgov.net\/en\/"},{"@type":"ListItem","position":2,"name":"President of the Czech Republic Petr Pavel congratulates President Osmani on the 17th anniversary of Kosovo\u2019s Independence"}]},{"@type":"WebSite","@id":"https:\/\/president-ksgov.net\/#website","url":"https:\/\/president-ksgov.net\/","name":"Presidente e Republik\u00ebs s\u00eb Kosov\u00ebs","description":"Presidente e Republik\u00ebs s\u00eb Kosov\u00ebs","alternateName":"DR. VJOSA OSMANI - SADRIU","potentialAction":[{"@type":"SearchAction","target":{"@type":"EntryPoint","urlTemplate":"https:\/\/president-ksgov.net\/?s={search_term_string}"},"query-input":{"@type":"PropertyValueSpecification","valueRequired":true,"valueName":"search_term_string"}}],"inLanguage":"en-US"},{"@type":"Person","@id":"https:\/\/president-ksgov.net\/#\/schema\/person\/46897fdfb3a2c4637c66776b267b09f6","name":"Azim Rabby","image":{"@type":"ImageObject","inLanguage":"en-US","@id":"https:\/\/president-ksgov.net\/#\/schema\/person\/image\/","url":"https:\/\/secure.gravatar.com\/avatar\/2e869d6e696f88891afa5dab0768da91bb4d2f829b32699cfb894a221f3d336b?s=96&d=mm&r=g","contentUrl":"https:\/\/secure.gravatar.com\/avatar\/2e869d6e696f88891afa5dab0768da91bb4d2f829b32699cfb894a221f3d336b?s=96&d=mm&r=g","caption":"Azim Rabby"}}]}},"_links":{"self":[{"href":"https:\/\/president-ksgov.net\/en\/wp-json\/wp\/v2\/posts\/154655","targetHints":{"allow":["GET"]}}],"collection":[{"href":"https:\/\/president-ksgov.net\/en\/wp-json\/wp\/v2\/posts"}],"about":[{"href":"https:\/\/president-ksgov.net\/en\/wp-json\/wp\/v2\/types\/post"}],"author":[{"embeddable":true,"href":"https:\/\/president-ksgov.net\/en\/wp-json\/wp\/v2\/users\/16"}],"replies":[{"embeddable":true,"href":"https:\/\/president-ksgov.net\/en\/wp-json\/wp\/v2\/comments?post=154655"}],"version-history":[{"count":1,"href":"https:\/\/president-ksgov.net\/en\/wp-json\/wp\/v2\/posts\/154655\/revisions"}],"predecessor-version":[{"id":154656,"href":"https:\/\/president-ksgov.net\/en\/wp-json\/wp\/v2\/posts\/154655\/revisions\/154656"}],"wp:featuredmedia":[{"embeddable":true,"href":"https:\/\/president-ksgov.net\/en\/wp-json\/wp\/v2\/media\/154595"}],"wp:attachment":[{"href":"https:\/\/president-ksgov.net\/en\/wp-json\/wp\/v2\/media?parent=154655"}],"wp:term":[{"taxonomy":"category","embeddable":true,"href":"https:\/\/president-ksgov.net\/en\/wp-json\/wp\/v2\/categories?post=154655"},{"taxonomy":"post_tag","embeddable":true,"href":"https:\/\/president-ksgov.net\/en\/wp-json\/wp\/v2\/tags?post=154655"}],"curies":[{"name":"wp","href":"https:\/\/api.w.org\/{rel}","templated":true}]}}