{"id":152652,"date":"2025-02-05T12:10:36","date_gmt":"2025-02-05T11:10:36","guid":{"rendered":"https:\/\/president-ksgov.net\/?p=152652"},"modified":"2025-02-05T14:07:18","modified_gmt":"2025-02-05T13:07:18","slug":"president-osmani-in-washington-d-c-to-deliver-a-speech-as-a-special-guest-at-the-national-prayer-breakfast","status":"publish","type":"post","link":"https:\/\/president-ksgov.net\/en\/president-osmani-in-washington-d-c-to-deliver-a-speech-as-a-special-guest-at-the-national-prayer-breakfast\/","title":{"rendered":"President Osmani in Washington, D.C., to deliver a speech as a special guest at the National Prayer Breakfast"},"content":{"rendered":"<p>The President of the Republic of Kosovo, Vjosa Osmani, at the invitation of a group of American congressmen, travelled to Washington, D.C., to participate at the National Prayer Breakfast and to deliver a speech at one of the main events at function, in the organization of the US Congress.<\/p>\n<p>As part of this event, which brings together thousands of congressmen, politicians, businessmen and representatives of civil society from around the world, President Osmani will deliver the keynote speech of the international representatives at the International Luncheon. She will on this occasion talk about the journey of the people of Kosovo from their most difficult days to today&#8217;s successes, emphasizing the unparalleled faith and resilience of our citizens.<\/p>\n<p>During her stay in Washington, President Osmani will also hold meetings with US congressmen and US administration officials, with a focus on strengthening the strategic partnership between Kosovo and the United States of America, as well as advancing our country&#8217;s Euro-Atlantic aspirations.<\/p>\n<p>The National Morning Prayer is a six-decade tradition, where each year top American officials, members of Congress, politicians and military leaders, as well as guests from many countries around the world, gather for joint prayers.<\/p>\n","protected":false},"excerpt":{"rendered":"<p>The President of the Republic of Kosovo, Vjosa Osmani, at the invitation of a group of American congressmen, travelled to Washington, D.C., to participate at the National Prayer Breakfast and to deliver a speech at one of the main events at function, in the organization of the US Congress. As part of this event, which brings together thousands of congressmen, politicians, businessmen and representatives of civil society from around the world, President Osmani will deliver the keynote speech of the international representatives at the International Luncheon. She will on this occasion talk about the journey of the people of Kosovo from their most difficult days to today&#8217;s successes, emphasizing the unparalleled faith and resilience of our citizens. During her stay in Washington, President Osmani will also hold meetings with US congressmen and US administration officials, with a focus on strengthening the strategic partnership between Kosovo and the United States of America, as well as advancing our country&#8217;s Euro-Atlantic aspirations. The National Morning Prayer is a six-decade tradition, where each year top American officials, members of Congress, politicians and military leaders, as well as guests from many countries around the world, gather for joint prayers.<\/p>\n","protected":false},"author":9,"featured_media":152648,"comment_status":"closed","ping_status":"closed","sticky":false,"template":"","format":"standard","meta":{"_eb_attr":"","footnotes":""},"categories":[113,111],"tags":[],"class_list":["post-152652","post","type-post","status-publish","format-standard","has-post-thumbnail","hentry","category-international-visits","category-news"],"yoast_head":"<!-- This site is optimized with the Yoast SEO plugin v23.5 - https:\/\/yoast.com\/wordpress\/plugins\/seo\/ -->\n<title>President Osmani in Washington, D.C., to deliver a speech as a special guest at the National Prayer Breakfast - President of the Republic of Kosovo - DR. VJOSA OSMANI - SADRIU<\/title>\n<meta name=\"description\" content=\"President Osmani in Washington, D.C., to deliver a speech as a special guest at the National Prayer Breakfast - President of the Republic of Kosovo - DR. VJOSA OSMANI - SADRIU - News\" \/>\n<meta name=\"robots\" content=\"index, follow, max-snippet:-1, max-image-preview:large, max-video-preview:-1\" \/>\n<link rel=\"canonical\" href=\"https:\/\/president-ksgov.net\/en\/president-osmani-in-washington-d-c-to-deliver-a-speech-as-a-special-guest-at-the-national-prayer-breakfast\/\" \/>\n<meta property=\"og:locale\" content=\"en_US\" \/>\n<meta property=\"og:type\" content=\"article\" \/>\n<meta property=\"og:title\" content=\"President Osmani in Washington, D.C., to deliver a speech as a special guest at the National Prayer Breakfast - President of the Republic of Kosovo - DR. VJOSA OSMANI - SADRIU\" \/>\n<meta property=\"og:description\" content=\"President Osmani in Washington, D.C., to deliver a speech as a special guest at the National Prayer Breakfast - President of the Republic of Kosovo - DR. VJOSA OSMANI - SADRIU - News\" \/>\n<meta property=\"og:url\" content=\"https:\/\/president-ksgov.net\/en\/president-osmani-in-washington-d-c-to-deliver-a-speech-as-a-special-guest-at-the-national-prayer-breakfast\/\" \/>\n<meta property=\"og:site_name\" content=\"President of the Republic of Kosovo - DR. VJOSA OSMANI - SADRIU\" \/>\n<meta property=\"article:published_time\" content=\"2025-02-05T11:10:36+00:00\" \/>\n<meta property=\"article:modified_time\" content=\"2025-02-05T13:07:18+00:00\" \/>\n<meta property=\"og:image\" content=\"https:\/\/president-ksgov.net\/wp-content\/uploads\/foto-arkiv-3.jpeg\" \/>\n\t<meta property=\"og:image:width\" content=\"2560\" \/>\n\t<meta property=\"og:image:height\" content=\"1706\" \/>\n\t<meta property=\"og:image:type\" content=\"image\/jpeg\" \/>\n<meta name=\"author\" content=\"Florent Rrahmani\" \/>\n<meta name=\"twitter:card\" content=\"summary_large_image\" \/>\n<meta name=\"twitter:label1\" content=\"Written by\" \/>\n\t<meta name=\"twitter:data1\" content=\"Florent Rrahmani\" \/>\n\t<meta name=\"twitter:label2\" content=\"Est. reading time\" \/>\n\t<meta name=\"twitter:data2\" content=\"2 minutes\" \/>\n<script type=\"application\/ld+json\" class=\"yoast-schema-graph\">{\"@context\":\"https:\/\/schema.org\",\"@graph\":[{\"@type\":\"WebPage\",\"@id\":\"https:\/\/president-ksgov.net\/en\/president-osmani-in-washington-d-c-to-deliver-a-speech-as-a-special-guest-at-the-national-prayer-breakfast\/\",\"url\":\"https:\/\/president-ksgov.net\/en\/president-osmani-in-washington-d-c-to-deliver-a-speech-as-a-special-guest-at-the-national-prayer-breakfast\/\",\"name\":\"President Osmani in Washington, D.C., to deliver a speech as a special guest at the National Prayer Breakfast - President of the Republic of Kosovo - DR. VJOSA OSMANI - SADRIU\",\"isPartOf\":{\"@id\":\"https:\/\/president-ksgov.net\/#website\"},\"primaryImageOfPage\":{\"@id\":\"https:\/\/president-ksgov.net\/en\/president-osmani-in-washington-d-c-to-deliver-a-speech-as-a-special-guest-at-the-national-prayer-breakfast\/#primaryimage\"},\"image\":{\"@id\":\"https:\/\/president-ksgov.net\/en\/president-osmani-in-washington-d-c-to-deliver-a-speech-as-a-special-guest-at-the-national-prayer-breakfast\/#primaryimage\"},\"thumbnailUrl\":\"https:\/\/president-ksgov.net\/wp-content\/uploads\/foto-arkiv-3.jpeg\",\"datePublished\":\"2025-02-05T11:10:36+00:00\",\"dateModified\":\"2025-02-05T13:07:18+00:00\",\"author\":{\"@id\":\"https:\/\/president-ksgov.net\/#\/schema\/person\/7c46f744a99d3f1616b92658282aa934\"},\"description\":\"President Osmani in Washington, D.C., to deliver a speech as a special guest at the National Prayer Breakfast - President of the Republic of Kosovo - DR. VJOSA OSMANI - SADRIU - News\",\"breadcrumb\":{\"@id\":\"https:\/\/president-ksgov.net\/en\/president-osmani-in-washington-d-c-to-deliver-a-speech-as-a-special-guest-at-the-national-prayer-breakfast\/#breadcrumb\"},\"inLanguage\":\"en-US\",\"potentialAction\":[{\"@type\":\"ReadAction\",\"target\":[\"https:\/\/president-ksgov.net\/en\/president-osmani-in-washington-d-c-to-deliver-a-speech-as-a-special-guest-at-the-national-prayer-breakfast\/\"]}]},{\"@type\":\"ImageObject\",\"inLanguage\":\"en-US\",\"@id\":\"https:\/\/president-ksgov.net\/en\/president-osmani-in-washington-d-c-to-deliver-a-speech-as-a-special-guest-at-the-national-prayer-breakfast\/#primaryimage\",\"url\":\"https:\/\/president-ksgov.net\/wp-content\/uploads\/foto-arkiv-3.jpeg\",\"contentUrl\":\"https:\/\/president-ksgov.net\/wp-content\/uploads\/foto-arkiv-3.jpeg\",\"width\":2560,\"height\":1706},{\"@type\":\"BreadcrumbList\",\"@id\":\"https:\/\/president-ksgov.net\/en\/president-osmani-in-washington-d-c-to-deliver-a-speech-as-a-special-guest-at-the-national-prayer-breakfast\/#breadcrumb\",\"itemListElement\":[{\"@type\":\"ListItem\",\"position\":1,\"name\":\"Home\",\"item\":\"https:\/\/president-ksgov.net\/en\/\"},{\"@type\":\"ListItem\",\"position\":2,\"name\":\"President Osmani in Washington, D.C., to deliver a speech as a special guest at the National Prayer Breakfast\"}]},{\"@type\":\"WebSite\",\"@id\":\"https:\/\/president-ksgov.net\/#website\",\"url\":\"https:\/\/president-ksgov.net\/\",\"name\":\"Presidente e Republik\u00ebs s\u00eb Kosov\u00ebs\",\"description\":\"Presidente e Republik\u00ebs s\u00eb Kosov\u00ebs\",\"alternateName\":\"DR. VJOSA OSMANI - SADRIU\",\"potentialAction\":[{\"@type\":\"SearchAction\",\"target\":{\"@type\":\"EntryPoint\",\"urlTemplate\":\"https:\/\/president-ksgov.net\/?s={search_term_string}\"},\"query-input\":{\"@type\":\"PropertyValueSpecification\",\"valueRequired\":true,\"valueName\":\"search_term_string\"}}],\"inLanguage\":\"en-US\"},{\"@type\":\"Person\",\"@id\":\"https:\/\/president-ksgov.net\/#\/schema\/person\/7c46f744a99d3f1616b92658282aa934\",\"name\":\"Florent Rrahmani\",\"image\":{\"@type\":\"ImageObject\",\"inLanguage\":\"en-US\",\"@id\":\"https:\/\/president-ksgov.net\/#\/schema\/person\/image\/\",\"url\":\"https:\/\/secure.gravatar.com\/avatar\/2545924aa250de68ac8368367a79b663e59571cd131611f54c89b0613a94e230?s=96&d=mm&r=g\",\"contentUrl\":\"https:\/\/secure.gravatar.com\/avatar\/2545924aa250de68ac8368367a79b663e59571cd131611f54c89b0613a94e230?s=96&d=mm&r=g\",\"caption\":\"Florent Rrahmani\"}}]}<\/script>\n<!-- \/ Yoast SEO plugin. -->","yoast_head_json":{"title":"President Osmani in Washington, D.C., to deliver a speech as a special guest at the National Prayer Breakfast - President of the Republic of Kosovo - DR. VJOSA OSMANI - SADRIU","description":"President Osmani in Washington, D.C., to deliver a speech as a special guest at the National Prayer Breakfast - President of the Republic of Kosovo - DR. VJOSA OSMANI - SADRIU - News","robots":{"index":"index","follow":"follow","max-snippet":"max-snippet:-1","max-image-preview":"max-image-preview:large","max-video-preview":"max-video-preview:-1"},"canonical":"https:\/\/president-ksgov.net\/en\/president-osmani-in-washington-d-c-to-deliver-a-speech-as-a-special-guest-at-the-national-prayer-breakfast\/","og_locale":"en_US","og_type":"article","og_title":"President Osmani in Washington, D.C., to deliver a speech as a special guest at the National Prayer Breakfast - President of the Republic of Kosovo - DR. VJOSA OSMANI - SADRIU","og_description":"President Osmani in Washington, D.C., to deliver a speech as a special guest at the National Prayer Breakfast - President of the Republic of Kosovo - DR. VJOSA OSMANI - SADRIU - News","og_url":"https:\/\/president-ksgov.net\/en\/president-osmani-in-washington-d-c-to-deliver-a-speech-as-a-special-guest-at-the-national-prayer-breakfast\/","og_site_name":"President of the Republic of Kosovo - DR. VJOSA OSMANI - SADRIU","article_published_time":"2025-02-05T11:10:36+00:00","article_modified_time":"2025-02-05T13:07:18+00:00","og_image":[{"width":2560,"height":1706,"url":"https:\/\/president-ksgov.net\/wp-content\/uploads\/foto-arkiv-3.jpeg","type":"image\/jpeg"}],"author":"Florent Rrahmani","twitter_card":"summary_large_image","twitter_misc":{"Written by":"Florent Rrahmani","Est. reading time":"2 minutes"},"schema":{"@context":"https:\/\/schema.org","@graph":[{"@type":"WebPage","@id":"https:\/\/president-ksgov.net\/en\/president-osmani-in-washington-d-c-to-deliver-a-speech-as-a-special-guest-at-the-national-prayer-breakfast\/","url":"https:\/\/president-ksgov.net\/en\/president-osmani-in-washington-d-c-to-deliver-a-speech-as-a-special-guest-at-the-national-prayer-breakfast\/","name":"President Osmani in Washington, D.C., to deliver a speech as a special guest at the National Prayer Breakfast - President of the Republic of Kosovo - DR. VJOSA OSMANI - SADRIU","isPartOf":{"@id":"https:\/\/president-ksgov.net\/#website"},"primaryImageOfPage":{"@id":"https:\/\/president-ksgov.net\/en\/president-osmani-in-washington-d-c-to-deliver-a-speech-as-a-special-guest-at-the-national-prayer-breakfast\/#primaryimage"},"image":{"@id":"https:\/\/president-ksgov.net\/en\/president-osmani-in-washington-d-c-to-deliver-a-speech-as-a-special-guest-at-the-national-prayer-breakfast\/#primaryimage"},"thumbnailUrl":"https:\/\/president-ksgov.net\/wp-content\/uploads\/foto-arkiv-3.jpeg","datePublished":"2025-02-05T11:10:36+00:00","dateModified":"2025-02-05T13:07:18+00:00","author":{"@id":"https:\/\/president-ksgov.net\/#\/schema\/person\/7c46f744a99d3f1616b92658282aa934"},"description":"President Osmani in Washington, D.C., to deliver a speech as a special guest at the National Prayer Breakfast - President of the Republic of Kosovo - DR. VJOSA OSMANI - SADRIU - News","breadcrumb":{"@id":"https:\/\/president-ksgov.net\/en\/president-osmani-in-washington-d-c-to-deliver-a-speech-as-a-special-guest-at-the-national-prayer-breakfast\/#breadcrumb"},"inLanguage":"en-US","potentialAction":[{"@type":"ReadAction","target":["https:\/\/president-ksgov.net\/en\/president-osmani-in-washington-d-c-to-deliver-a-speech-as-a-special-guest-at-the-national-prayer-breakfast\/"]}]},{"@type":"ImageObject","inLanguage":"en-US","@id":"https:\/\/president-ksgov.net\/en\/president-osmani-in-washington-d-c-to-deliver-a-speech-as-a-special-guest-at-the-national-prayer-breakfast\/#primaryimage","url":"https:\/\/president-ksgov.net\/wp-content\/uploads\/foto-arkiv-3.jpeg","contentUrl":"https:\/\/president-ksgov.net\/wp-content\/uploads\/foto-arkiv-3.jpeg","width":2560,"height":1706},{"@type":"BreadcrumbList","@id":"https:\/\/president-ksgov.net\/en\/president-osmani-in-washington-d-c-to-deliver-a-speech-as-a-special-guest-at-the-national-prayer-breakfast\/#breadcrumb","itemListElement":[{"@type":"ListItem","position":1,"name":"Home","item":"https:\/\/president-ksgov.net\/en\/"},{"@type":"ListItem","position":2,"name":"President Osmani in Washington, D.C., to deliver a speech as a special guest at the National Prayer Breakfast"}]},{"@type":"WebSite","@id":"https:\/\/president-ksgov.net\/#website","url":"https:\/\/president-ksgov.net\/","name":"Presidente e Republik\u00ebs s\u00eb Kosov\u00ebs","description":"Presidente e Republik\u00ebs s\u00eb Kosov\u00ebs","alternateName":"DR. VJOSA OSMANI - SADRIU","potentialAction":[{"@type":"SearchAction","target":{"@type":"EntryPoint","urlTemplate":"https:\/\/president-ksgov.net\/?s={search_term_string}"},"query-input":{"@type":"PropertyValueSpecification","valueRequired":true,"valueName":"search_term_string"}}],"inLanguage":"en-US"},{"@type":"Person","@id":"https:\/\/president-ksgov.net\/#\/schema\/person\/7c46f744a99d3f1616b92658282aa934","name":"Florent Rrahmani","image":{"@type":"ImageObject","inLanguage":"en-US","@id":"https:\/\/president-ksgov.net\/#\/schema\/person\/image\/","url":"https:\/\/secure.gravatar.com\/avatar\/2545924aa250de68ac8368367a79b663e59571cd131611f54c89b0613a94e230?s=96&d=mm&r=g","contentUrl":"https:\/\/secure.gravatar.com\/avatar\/2545924aa250de68ac8368367a79b663e59571cd131611f54c89b0613a94e230?s=96&d=mm&r=g","caption":"Florent Rrahmani"}}]}},"_links":{"self":[{"href":"https:\/\/president-ksgov.net\/en\/wp-json\/wp\/v2\/posts\/152652","targetHints":{"allow":["GET"]}}],"collection":[{"href":"https:\/\/president-ksgov.net\/en\/wp-json\/wp\/v2\/posts"}],"about":[{"href":"https:\/\/president-ksgov.net\/en\/wp-json\/wp\/v2\/types\/post"}],"author":[{"embeddable":true,"href":"https:\/\/president-ksgov.net\/en\/wp-json\/wp\/v2\/users\/9"}],"replies":[{"embeddable":true,"href":"https:\/\/president-ksgov.net\/en\/wp-json\/wp\/v2\/comments?post=152652"}],"version-history":[{"count":1,"href":"https:\/\/president-ksgov.net\/en\/wp-json\/wp\/v2\/posts\/152652\/revisions"}],"predecessor-version":[{"id":152653,"href":"https:\/\/president-ksgov.net\/en\/wp-json\/wp\/v2\/posts\/152652\/revisions\/152653"}],"wp:featuredmedia":[{"embeddable":true,"href":"https:\/\/president-ksgov.net\/en\/wp-json\/wp\/v2\/media\/152648"}],"wp:attachment":[{"href":"https:\/\/president-ksgov.net\/en\/wp-json\/wp\/v2\/media?parent=152652"}],"wp:term":[{"taxonomy":"category","embeddable":true,"href":"https:\/\/president-ksgov.net\/en\/wp-json\/wp\/v2\/categories?post=152652"},{"taxonomy":"post_tag","embeddable":true,"href":"https:\/\/president-ksgov.net\/en\/wp-json\/wp\/v2\/tags?post=152652"}],"curies":[{"name":"wp","href":"https:\/\/api.w.org\/{rel}","templated":true}]}}