{"id":152621,"date":"2025-02-02T11:31:14","date_gmt":"2025-02-02T10:31:14","guid":{"rendered":"https:\/\/president-ksgov.net\/?p=152621"},"modified":"2025-02-03T12:11:11","modified_gmt":"2025-02-03T11:11:11","slug":"president-osmani-condoles-the-family-on-the-passing-of-prof-dr-isuf-dedushaj","status":"publish","type":"post","link":"https:\/\/president-ksgov.net\/en\/president-osmani-condoles-the-family-on-the-passing-of-prof-dr-isuf-dedushaj\/","title":{"rendered":"President Osmani condoles the family on the passing of Prof. Dr. Isuf Dedushaj"},"content":{"rendered":"<p>It is with deep sorrow that we received the news of the passing of Prof. Dr. Isuf Dedushaj, one of the most prominent individuals in the field of epidemiology, science and academia.<\/p>\n<p>He will always be remembered for his extraordinary contribution to the development of healthcare and medical education in Kosovo. With a rich academic and scientific career, he has left an indelible mark as a physician, epidemiologist and university professor.<\/p>\n<p>During these difficult moments for the family, I sympathize with you and encourage you to find strength in coping with the pain.<\/p>\n<p>May the memory of Isuf Dedushaj be eternal!<\/p>\n","protected":false},"excerpt":{"rendered":"<p>It is with deep sorrow that we received the news of the passing of Prof. Dr. Isuf Dedushaj, one of the most prominent individuals in the field of epidemiology, science and academia. He will always be remembered for his extraordinary contribution to the development of healthcare and medical education in Kosovo. With a rich academic and scientific career, he has left an indelible mark as a physician, epidemiologist and university professor. During these difficult moments for the family, I sympathize with you and encourage you to find strength in coping with the pain. May the memory of Isuf Dedushaj be eternal!<\/p>\n","protected":false},"author":9,"featured_media":152582,"comment_status":"closed","ping_status":"closed","sticky":false,"template":"","format":"standard","meta":{"_eb_attr":"","footnotes":""},"categories":[111],"tags":[],"class_list":["post-152621","post","type-post","status-publish","format-standard","has-post-thumbnail","hentry","category-news"],"yoast_head":"<!-- This site is optimized with the Yoast SEO plugin v23.5 - https:\/\/yoast.com\/wordpress\/plugins\/seo\/ -->\n<title>President Osmani condoles the family on the passing of Prof. Dr. Isuf Dedushaj - President of the Republic of Kosovo - DR. VJOSA OSMANI - SADRIU<\/title>\n<meta name=\"description\" content=\"President Osmani condoles the family on the passing of Prof. Dr. Isuf Dedushaj - President of the Republic of Kosovo - DR. VJOSA OSMANI - SADRIU - News\" \/>\n<meta name=\"robots\" content=\"index, follow, max-snippet:-1, max-image-preview:large, max-video-preview:-1\" \/>\n<link rel=\"canonical\" href=\"https:\/\/president-ksgov.net\/en\/president-osmani-condoles-the-family-on-the-passing-of-prof-dr-isuf-dedushaj\/\" \/>\n<meta property=\"og:locale\" content=\"en_US\" \/>\n<meta property=\"og:type\" content=\"article\" \/>\n<meta property=\"og:title\" content=\"President Osmani condoles the family on the passing of Prof. Dr. Isuf Dedushaj - President of the Republic of Kosovo - DR. VJOSA OSMANI - SADRIU\" \/>\n<meta property=\"og:description\" content=\"President Osmani condoles the family on the passing of Prof. Dr. Isuf Dedushaj - President of the Republic of Kosovo - DR. VJOSA OSMANI - SADRIU - News\" \/>\n<meta property=\"og:url\" content=\"https:\/\/president-ksgov.net\/en\/president-osmani-condoles-the-family-on-the-passing-of-prof-dr-isuf-dedushaj\/\" \/>\n<meta property=\"og:site_name\" content=\"President of the Republic of Kosovo - DR. VJOSA OSMANI - SADRIU\" \/>\n<meta property=\"article:published_time\" content=\"2025-02-02T10:31:14+00:00\" \/>\n<meta property=\"article:modified_time\" content=\"2025-02-03T11:11:11+00:00\" \/>\n<meta property=\"og:image\" content=\"https:\/\/president-ksgov.net\/wp-content\/uploads\/76cc3af4-0612-427c-811e-342d10d8fd2c.jpeg\" \/>\n\t<meta property=\"og:image:width\" content=\"495\" \/>\n\t<meta property=\"og:image:height\" content=\"495\" \/>\n\t<meta property=\"og:image:type\" content=\"image\/jpeg\" \/>\n<meta name=\"author\" content=\"Florent Rrahmani\" \/>\n<meta name=\"twitter:card\" content=\"summary_large_image\" \/>\n<meta name=\"twitter:label1\" content=\"Written by\" \/>\n\t<meta name=\"twitter:data1\" content=\"Florent Rrahmani\" \/>\n\t<meta name=\"twitter:label2\" content=\"Est. reading time\" \/>\n\t<meta name=\"twitter:data2\" content=\"1 minute\" \/>\n<script type=\"application\/ld+json\" class=\"yoast-schema-graph\">{\"@context\":\"https:\/\/schema.org\",\"@graph\":[{\"@type\":\"WebPage\",\"@id\":\"https:\/\/president-ksgov.net\/en\/president-osmani-condoles-the-family-on-the-passing-of-prof-dr-isuf-dedushaj\/\",\"url\":\"https:\/\/president-ksgov.net\/en\/president-osmani-condoles-the-family-on-the-passing-of-prof-dr-isuf-dedushaj\/\",\"name\":\"President Osmani condoles the family on the passing of Prof. Dr. Isuf Dedushaj - President of the Republic of Kosovo - DR. VJOSA OSMANI - SADRIU\",\"isPartOf\":{\"@id\":\"https:\/\/president-ksgov.net\/#website\"},\"primaryImageOfPage\":{\"@id\":\"https:\/\/president-ksgov.net\/en\/president-osmani-condoles-the-family-on-the-passing-of-prof-dr-isuf-dedushaj\/#primaryimage\"},\"image\":{\"@id\":\"https:\/\/president-ksgov.net\/en\/president-osmani-condoles-the-family-on-the-passing-of-prof-dr-isuf-dedushaj\/#primaryimage\"},\"thumbnailUrl\":\"https:\/\/president-ksgov.net\/wp-content\/uploads\/76cc3af4-0612-427c-811e-342d10d8fd2c.jpeg\",\"datePublished\":\"2025-02-02T10:31:14+00:00\",\"dateModified\":\"2025-02-03T11:11:11+00:00\",\"author\":{\"@id\":\"https:\/\/president-ksgov.net\/#\/schema\/person\/7c46f744a99d3f1616b92658282aa934\"},\"description\":\"President Osmani condoles the family on the passing of Prof. Dr. Isuf Dedushaj - President of the Republic of Kosovo - DR. VJOSA OSMANI - SADRIU - News\",\"breadcrumb\":{\"@id\":\"https:\/\/president-ksgov.net\/en\/president-osmani-condoles-the-family-on-the-passing-of-prof-dr-isuf-dedushaj\/#breadcrumb\"},\"inLanguage\":\"en-US\",\"potentialAction\":[{\"@type\":\"ReadAction\",\"target\":[\"https:\/\/president-ksgov.net\/en\/president-osmani-condoles-the-family-on-the-passing-of-prof-dr-isuf-dedushaj\/\"]}]},{\"@type\":\"ImageObject\",\"inLanguage\":\"en-US\",\"@id\":\"https:\/\/president-ksgov.net\/en\/president-osmani-condoles-the-family-on-the-passing-of-prof-dr-isuf-dedushaj\/#primaryimage\",\"url\":\"https:\/\/president-ksgov.net\/wp-content\/uploads\/76cc3af4-0612-427c-811e-342d10d8fd2c.jpeg\",\"contentUrl\":\"https:\/\/president-ksgov.net\/wp-content\/uploads\/76cc3af4-0612-427c-811e-342d10d8fd2c.jpeg\",\"width\":495,\"height\":495},{\"@type\":\"BreadcrumbList\",\"@id\":\"https:\/\/president-ksgov.net\/en\/president-osmani-condoles-the-family-on-the-passing-of-prof-dr-isuf-dedushaj\/#breadcrumb\",\"itemListElement\":[{\"@type\":\"ListItem\",\"position\":1,\"name\":\"Home\",\"item\":\"https:\/\/president-ksgov.net\/en\/\"},{\"@type\":\"ListItem\",\"position\":2,\"name\":\"President Osmani condoles the family on the passing of Prof. Dr. Isuf Dedushaj\"}]},{\"@type\":\"WebSite\",\"@id\":\"https:\/\/president-ksgov.net\/#website\",\"url\":\"https:\/\/president-ksgov.net\/\",\"name\":\"Presidente e Republik\u00ebs s\u00eb Kosov\u00ebs\",\"description\":\"Presidente e Republik\u00ebs s\u00eb Kosov\u00ebs\",\"alternateName\":\"DR. VJOSA OSMANI - SADRIU\",\"potentialAction\":[{\"@type\":\"SearchAction\",\"target\":{\"@type\":\"EntryPoint\",\"urlTemplate\":\"https:\/\/president-ksgov.net\/?s={search_term_string}\"},\"query-input\":{\"@type\":\"PropertyValueSpecification\",\"valueRequired\":true,\"valueName\":\"search_term_string\"}}],\"inLanguage\":\"en-US\"},{\"@type\":\"Person\",\"@id\":\"https:\/\/president-ksgov.net\/#\/schema\/person\/7c46f744a99d3f1616b92658282aa934\",\"name\":\"Florent Rrahmani\",\"image\":{\"@type\":\"ImageObject\",\"inLanguage\":\"en-US\",\"@id\":\"https:\/\/president-ksgov.net\/#\/schema\/person\/image\/\",\"url\":\"https:\/\/secure.gravatar.com\/avatar\/2545924aa250de68ac8368367a79b663e59571cd131611f54c89b0613a94e230?s=96&d=mm&r=g\",\"contentUrl\":\"https:\/\/secure.gravatar.com\/avatar\/2545924aa250de68ac8368367a79b663e59571cd131611f54c89b0613a94e230?s=96&d=mm&r=g\",\"caption\":\"Florent Rrahmani\"}}]}<\/script>\n<!-- \/ Yoast SEO plugin. -->","yoast_head_json":{"title":"President Osmani condoles the family on the passing of Prof. Dr. Isuf Dedushaj - President of the Republic of Kosovo - DR. VJOSA OSMANI - SADRIU","description":"President Osmani condoles the family on the passing of Prof. Dr. Isuf Dedushaj - President of the Republic of Kosovo - DR. VJOSA OSMANI - SADRIU - News","robots":{"index":"index","follow":"follow","max-snippet":"max-snippet:-1","max-image-preview":"max-image-preview:large","max-video-preview":"max-video-preview:-1"},"canonical":"https:\/\/president-ksgov.net\/en\/president-osmani-condoles-the-family-on-the-passing-of-prof-dr-isuf-dedushaj\/","og_locale":"en_US","og_type":"article","og_title":"President Osmani condoles the family on the passing of Prof. Dr. Isuf Dedushaj - President of the Republic of Kosovo - DR. VJOSA OSMANI - SADRIU","og_description":"President Osmani condoles the family on the passing of Prof. Dr. Isuf Dedushaj - President of the Republic of Kosovo - DR. VJOSA OSMANI - SADRIU - News","og_url":"https:\/\/president-ksgov.net\/en\/president-osmani-condoles-the-family-on-the-passing-of-prof-dr-isuf-dedushaj\/","og_site_name":"President of the Republic of Kosovo - DR. VJOSA OSMANI - SADRIU","article_published_time":"2025-02-02T10:31:14+00:00","article_modified_time":"2025-02-03T11:11:11+00:00","og_image":[{"width":495,"height":495,"url":"https:\/\/president-ksgov.net\/wp-content\/uploads\/76cc3af4-0612-427c-811e-342d10d8fd2c.jpeg","type":"image\/jpeg"}],"author":"Florent Rrahmani","twitter_card":"summary_large_image","twitter_misc":{"Written by":"Florent Rrahmani","Est. reading time":"1 minute"},"schema":{"@context":"https:\/\/schema.org","@graph":[{"@type":"WebPage","@id":"https:\/\/president-ksgov.net\/en\/president-osmani-condoles-the-family-on-the-passing-of-prof-dr-isuf-dedushaj\/","url":"https:\/\/president-ksgov.net\/en\/president-osmani-condoles-the-family-on-the-passing-of-prof-dr-isuf-dedushaj\/","name":"President Osmani condoles the family on the passing of Prof. Dr. Isuf Dedushaj - President of the Republic of Kosovo - DR. VJOSA OSMANI - SADRIU","isPartOf":{"@id":"https:\/\/president-ksgov.net\/#website"},"primaryImageOfPage":{"@id":"https:\/\/president-ksgov.net\/en\/president-osmani-condoles-the-family-on-the-passing-of-prof-dr-isuf-dedushaj\/#primaryimage"},"image":{"@id":"https:\/\/president-ksgov.net\/en\/president-osmani-condoles-the-family-on-the-passing-of-prof-dr-isuf-dedushaj\/#primaryimage"},"thumbnailUrl":"https:\/\/president-ksgov.net\/wp-content\/uploads\/76cc3af4-0612-427c-811e-342d10d8fd2c.jpeg","datePublished":"2025-02-02T10:31:14+00:00","dateModified":"2025-02-03T11:11:11+00:00","author":{"@id":"https:\/\/president-ksgov.net\/#\/schema\/person\/7c46f744a99d3f1616b92658282aa934"},"description":"President Osmani condoles the family on the passing of Prof. Dr. Isuf Dedushaj - President of the Republic of Kosovo - DR. VJOSA OSMANI - SADRIU - News","breadcrumb":{"@id":"https:\/\/president-ksgov.net\/en\/president-osmani-condoles-the-family-on-the-passing-of-prof-dr-isuf-dedushaj\/#breadcrumb"},"inLanguage":"en-US","potentialAction":[{"@type":"ReadAction","target":["https:\/\/president-ksgov.net\/en\/president-osmani-condoles-the-family-on-the-passing-of-prof-dr-isuf-dedushaj\/"]}]},{"@type":"ImageObject","inLanguage":"en-US","@id":"https:\/\/president-ksgov.net\/en\/president-osmani-condoles-the-family-on-the-passing-of-prof-dr-isuf-dedushaj\/#primaryimage","url":"https:\/\/president-ksgov.net\/wp-content\/uploads\/76cc3af4-0612-427c-811e-342d10d8fd2c.jpeg","contentUrl":"https:\/\/president-ksgov.net\/wp-content\/uploads\/76cc3af4-0612-427c-811e-342d10d8fd2c.jpeg","width":495,"height":495},{"@type":"BreadcrumbList","@id":"https:\/\/president-ksgov.net\/en\/president-osmani-condoles-the-family-on-the-passing-of-prof-dr-isuf-dedushaj\/#breadcrumb","itemListElement":[{"@type":"ListItem","position":1,"name":"Home","item":"https:\/\/president-ksgov.net\/en\/"},{"@type":"ListItem","position":2,"name":"President Osmani condoles the family on the passing of Prof. Dr. Isuf Dedushaj"}]},{"@type":"WebSite","@id":"https:\/\/president-ksgov.net\/#website","url":"https:\/\/president-ksgov.net\/","name":"Presidente e Republik\u00ebs s\u00eb Kosov\u00ebs","description":"Presidente e Republik\u00ebs s\u00eb Kosov\u00ebs","alternateName":"DR. VJOSA OSMANI - SADRIU","potentialAction":[{"@type":"SearchAction","target":{"@type":"EntryPoint","urlTemplate":"https:\/\/president-ksgov.net\/?s={search_term_string}"},"query-input":{"@type":"PropertyValueSpecification","valueRequired":true,"valueName":"search_term_string"}}],"inLanguage":"en-US"},{"@type":"Person","@id":"https:\/\/president-ksgov.net\/#\/schema\/person\/7c46f744a99d3f1616b92658282aa934","name":"Florent Rrahmani","image":{"@type":"ImageObject","inLanguage":"en-US","@id":"https:\/\/president-ksgov.net\/#\/schema\/person\/image\/","url":"https:\/\/secure.gravatar.com\/avatar\/2545924aa250de68ac8368367a79b663e59571cd131611f54c89b0613a94e230?s=96&d=mm&r=g","contentUrl":"https:\/\/secure.gravatar.com\/avatar\/2545924aa250de68ac8368367a79b663e59571cd131611f54c89b0613a94e230?s=96&d=mm&r=g","caption":"Florent Rrahmani"}}]}},"_links":{"self":[{"href":"https:\/\/president-ksgov.net\/en\/wp-json\/wp\/v2\/posts\/152621","targetHints":{"allow":["GET"]}}],"collection":[{"href":"https:\/\/president-ksgov.net\/en\/wp-json\/wp\/v2\/posts"}],"about":[{"href":"https:\/\/president-ksgov.net\/en\/wp-json\/wp\/v2\/types\/post"}],"author":[{"embeddable":true,"href":"https:\/\/president-ksgov.net\/en\/wp-json\/wp\/v2\/users\/9"}],"replies":[{"embeddable":true,"href":"https:\/\/president-ksgov.net\/en\/wp-json\/wp\/v2\/comments?post=152621"}],"version-history":[{"count":1,"href":"https:\/\/president-ksgov.net\/en\/wp-json\/wp\/v2\/posts\/152621\/revisions"}],"predecessor-version":[{"id":152622,"href":"https:\/\/president-ksgov.net\/en\/wp-json\/wp\/v2\/posts\/152621\/revisions\/152622"}],"wp:featuredmedia":[{"embeddable":true,"href":"https:\/\/president-ksgov.net\/en\/wp-json\/wp\/v2\/media\/152582"}],"wp:attachment":[{"href":"https:\/\/president-ksgov.net\/en\/wp-json\/wp\/v2\/media?parent=152621"}],"wp:term":[{"taxonomy":"category","embeddable":true,"href":"https:\/\/president-ksgov.net\/en\/wp-json\/wp\/v2\/categories?post=152621"},{"taxonomy":"post_tag","embeddable":true,"href":"https:\/\/president-ksgov.net\/en\/wp-json\/wp\/v2\/tags?post=152621"}],"curies":[{"name":"wp","href":"https:\/\/api.w.org\/{rel}","templated":true}]}}