{"id":151438,"date":"2025-01-17T20:36:55","date_gmt":"2025-01-17T19:36:55","guid":{"rendered":"https:\/\/president-ksgov.net\/?p=151438"},"modified":"2025-01-20T11:31:11","modified_gmt":"2025-01-20T10:31:11","slug":"president-osmani-commemorated-smajl-hajdaraj-on-the-23rd-anniversary-of-the-assassination","status":"publish","type":"post","link":"https:\/\/president-ksgov.net\/en\/president-osmani-commemorated-smajl-hajdaraj-on-the-23rd-anniversary-of-the-assassination\/","title":{"rendered":"President Osmani commemorated Smajl Hajdaraj on the 23rd anniversary of the assassination"},"content":{"rendered":"<p>On the 23rd anniversary of the assassination, we respectfully commemorate Smajl Hajdaraj, the MP, political activist and commander of the Kosovo Liberation Army, who was treacherously killed in an ambush on January 17, 2002.<\/p>\n<p>He stopped neither in war nor in peace, always remaining faithful to the ideals of freedom and independence. But, unfortunately, he was killed at a time when Kosovo needed people like him \u2013 for state-building and strengthening of democracy.<\/p>\n<p>The freedom he fought for cannot be complete without justice, so the perpetrators must be discovered and brought to justice.<br \/>\nSmajl Hajdaraj will always remain in our memory as a symbol of resistance and sacrifice.<\/p>\n<p>Glory to his life and work!<\/p>\n","protected":false},"excerpt":{"rendered":"<p>On the 23rd anniversary of the assassination, we respectfully commemorate Smajl Hajdaraj, the MP, political activist and commander of the Kosovo Liberation Army, who was treacherously killed in an ambush on January 17, 2002. He stopped neither in war nor in peace, always remaining faithful to the ideals of freedom and independence. But, unfortunately, he was killed at a time when Kosovo needed people like him \u2013 for state-building and strengthening of democracy. The freedom he fought for cannot be complete without justice, so the perpetrators must be discovered and brought to justice. Smajl Hajdaraj will always remain in our memory as a symbol of resistance and sacrifice. Glory to his life and work!<\/p>\n","protected":false},"author":9,"featured_media":151413,"comment_status":"closed","ping_status":"closed","sticky":false,"template":"","format":"standard","meta":{"_eb_attr":"","footnotes":""},"categories":[111],"tags":[],"class_list":["post-151438","post","type-post","status-publish","format-standard","has-post-thumbnail","hentry","category-news"],"yoast_head":"<!-- This site is optimized with the Yoast SEO plugin v23.5 - https:\/\/yoast.com\/wordpress\/plugins\/seo\/ -->\n<title>President Osmani commemorated Smajl Hajdaraj on the 23rd anniversary of the assassination - President of the Republic of Kosovo - DR. VJOSA OSMANI - SADRIU<\/title>\n<meta name=\"description\" content=\"President Osmani commemorated Smajl Hajdaraj on the 23rd anniversary of the assassination - President of the Republic of Kosovo - DR. VJOSA OSMANI - SADRIU -\" \/>\n<meta name=\"robots\" content=\"index, follow, max-snippet:-1, max-image-preview:large, max-video-preview:-1\" \/>\n<link rel=\"canonical\" href=\"https:\/\/president-ksgov.net\/en\/president-osmani-commemorated-smajl-hajdaraj-on-the-23rd-anniversary-of-the-assassination\/\" \/>\n<meta property=\"og:locale\" content=\"en_US\" \/>\n<meta property=\"og:type\" content=\"article\" \/>\n<meta property=\"og:title\" content=\"President Osmani commemorated Smajl Hajdaraj on the 23rd anniversary of the assassination - President of the Republic of Kosovo - DR. VJOSA OSMANI - SADRIU\" \/>\n<meta property=\"og:description\" content=\"President Osmani commemorated Smajl Hajdaraj on the 23rd anniversary of the assassination - President of the Republic of Kosovo - DR. VJOSA OSMANI - SADRIU -\" \/>\n<meta property=\"og:url\" content=\"https:\/\/president-ksgov.net\/en\/president-osmani-commemorated-smajl-hajdaraj-on-the-23rd-anniversary-of-the-assassination\/\" \/>\n<meta property=\"og:site_name\" content=\"President of the Republic of Kosovo - DR. VJOSA OSMANI - SADRIU\" \/>\n<meta property=\"article:published_time\" content=\"2025-01-17T19:36:55+00:00\" \/>\n<meta property=\"article:modified_time\" content=\"2025-01-20T10:31:11+00:00\" \/>\n<meta property=\"og:image\" content=\"https:\/\/president-ksgov.net\/wp-content\/uploads\/Presidentja-Osmani-kujton-Smajl-Hajdarajn-ne-23-vjetorin-e-vrasjes.jpg\" \/>\n\t<meta property=\"og:image:width\" content=\"280\" \/>\n\t<meta property=\"og:image:height\" content=\"179\" \/>\n\t<meta property=\"og:image:type\" content=\"image\/jpeg\" \/>\n<meta name=\"author\" content=\"Florent Rrahmani\" \/>\n<meta name=\"twitter:card\" content=\"summary_large_image\" \/>\n<meta name=\"twitter:label1\" content=\"Written by\" \/>\n\t<meta name=\"twitter:data1\" content=\"Florent Rrahmani\" \/>\n\t<meta name=\"twitter:label2\" content=\"Est. reading time\" \/>\n\t<meta name=\"twitter:data2\" content=\"1 minute\" \/>\n<script type=\"application\/ld+json\" class=\"yoast-schema-graph\">{\"@context\":\"https:\/\/schema.org\",\"@graph\":[{\"@type\":\"WebPage\",\"@id\":\"https:\/\/president-ksgov.net\/en\/president-osmani-commemorated-smajl-hajdaraj-on-the-23rd-anniversary-of-the-assassination\/\",\"url\":\"https:\/\/president-ksgov.net\/en\/president-osmani-commemorated-smajl-hajdaraj-on-the-23rd-anniversary-of-the-assassination\/\",\"name\":\"President Osmani commemorated Smajl Hajdaraj on the 23rd anniversary of the assassination - President of the Republic of Kosovo - DR. VJOSA OSMANI - SADRIU\",\"isPartOf\":{\"@id\":\"https:\/\/president-ksgov.net\/#website\"},\"primaryImageOfPage\":{\"@id\":\"https:\/\/president-ksgov.net\/en\/president-osmani-commemorated-smajl-hajdaraj-on-the-23rd-anniversary-of-the-assassination\/#primaryimage\"},\"image\":{\"@id\":\"https:\/\/president-ksgov.net\/en\/president-osmani-commemorated-smajl-hajdaraj-on-the-23rd-anniversary-of-the-assassination\/#primaryimage\"},\"thumbnailUrl\":\"https:\/\/president-ksgov.net\/wp-content\/uploads\/Presidentja-Osmani-kujton-Smajl-Hajdarajn-ne-23-vjetorin-e-vrasjes.jpg\",\"datePublished\":\"2025-01-17T19:36:55+00:00\",\"dateModified\":\"2025-01-20T10:31:11+00:00\",\"author\":{\"@id\":\"https:\/\/president-ksgov.net\/#\/schema\/person\/7c46f744a99d3f1616b92658282aa934\"},\"description\":\"President Osmani commemorated Smajl Hajdaraj on the 23rd anniversary of the assassination - President of the Republic of Kosovo - DR. VJOSA OSMANI - SADRIU -\",\"breadcrumb\":{\"@id\":\"https:\/\/president-ksgov.net\/en\/president-osmani-commemorated-smajl-hajdaraj-on-the-23rd-anniversary-of-the-assassination\/#breadcrumb\"},\"inLanguage\":\"en-US\",\"potentialAction\":[{\"@type\":\"ReadAction\",\"target\":[\"https:\/\/president-ksgov.net\/en\/president-osmani-commemorated-smajl-hajdaraj-on-the-23rd-anniversary-of-the-assassination\/\"]}]},{\"@type\":\"ImageObject\",\"inLanguage\":\"en-US\",\"@id\":\"https:\/\/president-ksgov.net\/en\/president-osmani-commemorated-smajl-hajdaraj-on-the-23rd-anniversary-of-the-assassination\/#primaryimage\",\"url\":\"https:\/\/president-ksgov.net\/wp-content\/uploads\/Presidentja-Osmani-kujton-Smajl-Hajdarajn-ne-23-vjetorin-e-vrasjes.jpg\",\"contentUrl\":\"https:\/\/president-ksgov.net\/wp-content\/uploads\/Presidentja-Osmani-kujton-Smajl-Hajdarajn-ne-23-vjetorin-e-vrasjes.jpg\",\"width\":280,\"height\":179},{\"@type\":\"BreadcrumbList\",\"@id\":\"https:\/\/president-ksgov.net\/en\/president-osmani-commemorated-smajl-hajdaraj-on-the-23rd-anniversary-of-the-assassination\/#breadcrumb\",\"itemListElement\":[{\"@type\":\"ListItem\",\"position\":1,\"name\":\"Home\",\"item\":\"https:\/\/president-ksgov.net\/en\/\"},{\"@type\":\"ListItem\",\"position\":2,\"name\":\"President Osmani commemorated Smajl Hajdaraj on the 23rd anniversary of the assassination\"}]},{\"@type\":\"WebSite\",\"@id\":\"https:\/\/president-ksgov.net\/#website\",\"url\":\"https:\/\/president-ksgov.net\/\",\"name\":\"Presidente e Republik\u00ebs s\u00eb Kosov\u00ebs\",\"description\":\"Presidente e Republik\u00ebs s\u00eb Kosov\u00ebs\",\"alternateName\":\"DR. VJOSA OSMANI - SADRIU\",\"potentialAction\":[{\"@type\":\"SearchAction\",\"target\":{\"@type\":\"EntryPoint\",\"urlTemplate\":\"https:\/\/president-ksgov.net\/?s={search_term_string}\"},\"query-input\":{\"@type\":\"PropertyValueSpecification\",\"valueRequired\":true,\"valueName\":\"search_term_string\"}}],\"inLanguage\":\"en-US\"},{\"@type\":\"Person\",\"@id\":\"https:\/\/president-ksgov.net\/#\/schema\/person\/7c46f744a99d3f1616b92658282aa934\",\"name\":\"Florent Rrahmani\",\"image\":{\"@type\":\"ImageObject\",\"inLanguage\":\"en-US\",\"@id\":\"https:\/\/president-ksgov.net\/#\/schema\/person\/image\/\",\"url\":\"https:\/\/secure.gravatar.com\/avatar\/2545924aa250de68ac8368367a79b663e59571cd131611f54c89b0613a94e230?s=96&d=mm&r=g\",\"contentUrl\":\"https:\/\/secure.gravatar.com\/avatar\/2545924aa250de68ac8368367a79b663e59571cd131611f54c89b0613a94e230?s=96&d=mm&r=g\",\"caption\":\"Florent Rrahmani\"}}]}<\/script>\n<!-- \/ Yoast SEO plugin. -->","yoast_head_json":{"title":"President Osmani commemorated Smajl Hajdaraj on the 23rd anniversary of the assassination - President of the Republic of Kosovo - DR. VJOSA OSMANI - SADRIU","description":"President Osmani commemorated Smajl Hajdaraj on the 23rd anniversary of the assassination - President of the Republic of Kosovo - DR. VJOSA OSMANI - SADRIU -","robots":{"index":"index","follow":"follow","max-snippet":"max-snippet:-1","max-image-preview":"max-image-preview:large","max-video-preview":"max-video-preview:-1"},"canonical":"https:\/\/president-ksgov.net\/en\/president-osmani-commemorated-smajl-hajdaraj-on-the-23rd-anniversary-of-the-assassination\/","og_locale":"en_US","og_type":"article","og_title":"President Osmani commemorated Smajl Hajdaraj on the 23rd anniversary of the assassination - President of the Republic of Kosovo - DR. VJOSA OSMANI - SADRIU","og_description":"President Osmani commemorated Smajl Hajdaraj on the 23rd anniversary of the assassination - President of the Republic of Kosovo - DR. VJOSA OSMANI - SADRIU -","og_url":"https:\/\/president-ksgov.net\/en\/president-osmani-commemorated-smajl-hajdaraj-on-the-23rd-anniversary-of-the-assassination\/","og_site_name":"President of the Republic of Kosovo - DR. VJOSA OSMANI - SADRIU","article_published_time":"2025-01-17T19:36:55+00:00","article_modified_time":"2025-01-20T10:31:11+00:00","og_image":[{"width":280,"height":179,"url":"https:\/\/president-ksgov.net\/wp-content\/uploads\/Presidentja-Osmani-kujton-Smajl-Hajdarajn-ne-23-vjetorin-e-vrasjes.jpg","type":"image\/jpeg"}],"author":"Florent Rrahmani","twitter_card":"summary_large_image","twitter_misc":{"Written by":"Florent Rrahmani","Est. reading time":"1 minute"},"schema":{"@context":"https:\/\/schema.org","@graph":[{"@type":"WebPage","@id":"https:\/\/president-ksgov.net\/en\/president-osmani-commemorated-smajl-hajdaraj-on-the-23rd-anniversary-of-the-assassination\/","url":"https:\/\/president-ksgov.net\/en\/president-osmani-commemorated-smajl-hajdaraj-on-the-23rd-anniversary-of-the-assassination\/","name":"President Osmani commemorated Smajl Hajdaraj on the 23rd anniversary of the assassination - President of the Republic of Kosovo - DR. VJOSA OSMANI - SADRIU","isPartOf":{"@id":"https:\/\/president-ksgov.net\/#website"},"primaryImageOfPage":{"@id":"https:\/\/president-ksgov.net\/en\/president-osmani-commemorated-smajl-hajdaraj-on-the-23rd-anniversary-of-the-assassination\/#primaryimage"},"image":{"@id":"https:\/\/president-ksgov.net\/en\/president-osmani-commemorated-smajl-hajdaraj-on-the-23rd-anniversary-of-the-assassination\/#primaryimage"},"thumbnailUrl":"https:\/\/president-ksgov.net\/wp-content\/uploads\/Presidentja-Osmani-kujton-Smajl-Hajdarajn-ne-23-vjetorin-e-vrasjes.jpg","datePublished":"2025-01-17T19:36:55+00:00","dateModified":"2025-01-20T10:31:11+00:00","author":{"@id":"https:\/\/president-ksgov.net\/#\/schema\/person\/7c46f744a99d3f1616b92658282aa934"},"description":"President Osmani commemorated Smajl Hajdaraj on the 23rd anniversary of the assassination - President of the Republic of Kosovo - DR. VJOSA OSMANI - SADRIU -","breadcrumb":{"@id":"https:\/\/president-ksgov.net\/en\/president-osmani-commemorated-smajl-hajdaraj-on-the-23rd-anniversary-of-the-assassination\/#breadcrumb"},"inLanguage":"en-US","potentialAction":[{"@type":"ReadAction","target":["https:\/\/president-ksgov.net\/en\/president-osmani-commemorated-smajl-hajdaraj-on-the-23rd-anniversary-of-the-assassination\/"]}]},{"@type":"ImageObject","inLanguage":"en-US","@id":"https:\/\/president-ksgov.net\/en\/president-osmani-commemorated-smajl-hajdaraj-on-the-23rd-anniversary-of-the-assassination\/#primaryimage","url":"https:\/\/president-ksgov.net\/wp-content\/uploads\/Presidentja-Osmani-kujton-Smajl-Hajdarajn-ne-23-vjetorin-e-vrasjes.jpg","contentUrl":"https:\/\/president-ksgov.net\/wp-content\/uploads\/Presidentja-Osmani-kujton-Smajl-Hajdarajn-ne-23-vjetorin-e-vrasjes.jpg","width":280,"height":179},{"@type":"BreadcrumbList","@id":"https:\/\/president-ksgov.net\/en\/president-osmani-commemorated-smajl-hajdaraj-on-the-23rd-anniversary-of-the-assassination\/#breadcrumb","itemListElement":[{"@type":"ListItem","position":1,"name":"Home","item":"https:\/\/president-ksgov.net\/en\/"},{"@type":"ListItem","position":2,"name":"President Osmani commemorated Smajl Hajdaraj on the 23rd anniversary of the assassination"}]},{"@type":"WebSite","@id":"https:\/\/president-ksgov.net\/#website","url":"https:\/\/president-ksgov.net\/","name":"Presidente e Republik\u00ebs s\u00eb Kosov\u00ebs","description":"Presidente e Republik\u00ebs s\u00eb Kosov\u00ebs","alternateName":"DR. VJOSA OSMANI - SADRIU","potentialAction":[{"@type":"SearchAction","target":{"@type":"EntryPoint","urlTemplate":"https:\/\/president-ksgov.net\/?s={search_term_string}"},"query-input":{"@type":"PropertyValueSpecification","valueRequired":true,"valueName":"search_term_string"}}],"inLanguage":"en-US"},{"@type":"Person","@id":"https:\/\/president-ksgov.net\/#\/schema\/person\/7c46f744a99d3f1616b92658282aa934","name":"Florent Rrahmani","image":{"@type":"ImageObject","inLanguage":"en-US","@id":"https:\/\/president-ksgov.net\/#\/schema\/person\/image\/","url":"https:\/\/secure.gravatar.com\/avatar\/2545924aa250de68ac8368367a79b663e59571cd131611f54c89b0613a94e230?s=96&d=mm&r=g","contentUrl":"https:\/\/secure.gravatar.com\/avatar\/2545924aa250de68ac8368367a79b663e59571cd131611f54c89b0613a94e230?s=96&d=mm&r=g","caption":"Florent Rrahmani"}}]}},"_links":{"self":[{"href":"https:\/\/president-ksgov.net\/en\/wp-json\/wp\/v2\/posts\/151438","targetHints":{"allow":["GET"]}}],"collection":[{"href":"https:\/\/president-ksgov.net\/en\/wp-json\/wp\/v2\/posts"}],"about":[{"href":"https:\/\/president-ksgov.net\/en\/wp-json\/wp\/v2\/types\/post"}],"author":[{"embeddable":true,"href":"https:\/\/president-ksgov.net\/en\/wp-json\/wp\/v2\/users\/9"}],"replies":[{"embeddable":true,"href":"https:\/\/president-ksgov.net\/en\/wp-json\/wp\/v2\/comments?post=151438"}],"version-history":[{"count":1,"href":"https:\/\/president-ksgov.net\/en\/wp-json\/wp\/v2\/posts\/151438\/revisions"}],"predecessor-version":[{"id":151439,"href":"https:\/\/president-ksgov.net\/en\/wp-json\/wp\/v2\/posts\/151438\/revisions\/151439"}],"wp:featuredmedia":[{"embeddable":true,"href":"https:\/\/president-ksgov.net\/en\/wp-json\/wp\/v2\/media\/151413"}],"wp:attachment":[{"href":"https:\/\/president-ksgov.net\/en\/wp-json\/wp\/v2\/media?parent=151438"}],"wp:term":[{"taxonomy":"category","embeddable":true,"href":"https:\/\/president-ksgov.net\/en\/wp-json\/wp\/v2\/categories?post=151438"},{"taxonomy":"post_tag","embeddable":true,"href":"https:\/\/president-ksgov.net\/en\/wp-json\/wp\/v2\/tags?post=151438"}],"curies":[{"name":"wp","href":"https:\/\/api.w.org\/{rel}","templated":true}]}}