{"id":150867,"date":"2025-01-04T11:13:32","date_gmt":"2025-01-04T10:13:32","guid":{"rendered":"https:\/\/president-ksgov.net\/?p=150867"},"modified":"2025-01-06T10:27:19","modified_gmt":"2025-01-06T09:27:19","slug":"president-osmani-commemorated-the-hero-of-kosovo-colonel-tahir-zemaj-on-the-22nd-anniversary-of-his-assassination","status":"publish","type":"post","link":"https:\/\/president-ksgov.net\/en\/president-osmani-commemorated-the-hero-of-kosovo-colonel-tahir-zemaj-on-the-22nd-anniversary-of-his-assassination\/","title":{"rendered":"President Osmani commemorated the Hero of Kosovo, Colonel Tahir Zemaj, on the 22nd anniversary of his assassination"},"content":{"rendered":"<p>On the 22nd anniversary of his assassination, we humbly commemorate the Hero of Kosovo, Colonel Tahir Zemaj, a KLA soldier and one of the most prominent figures of the struggle for freedom.<\/p>\n<p>22 years ago, he was treacherously murdered just outside Peja, along with his son Enis and his cousin Hasan.<\/p>\n<p>The murderers, who left behind tragedy and pain, have still not been punished. This is a suffering which cannot be hidden, a wound that is still open.<\/p>\n<p>The acts of Colonel Tahir Zemaj, as an indomitable and courageous leader, continue to inspire generation after generation.<\/p>\n<p>The Colonel&#8217;s name will always be a symbol of sacrifice and the fight for freedom and independence, and for this reason finding the perpetrators of the murder and bringing them to justice are essential.<\/p>\n<p>Eternal honour to Colonel Tahir Zemaj, Enis and Hasan!<\/p>\n","protected":false},"excerpt":{"rendered":"<p>On the 22nd anniversary of his assassination, we humbly commemorate the Hero of Kosovo, Colonel Tahir Zemaj, a KLA soldier and one of the most prominent figures of the struggle for freedom. 22 years ago, he was treacherously murdered just outside Peja, along with his son Enis and his cousin Hasan. The murderers, who left behind tragedy and pain, have still not been punished. This is a suffering which cannot be hidden, a wound that is still open. The acts of Colonel Tahir Zemaj, as an indomitable and courageous leader, continue to inspire generation after generation. The Colonel&#8217;s name will always be a symbol of sacrifice and the fight for freedom and independence, and for this reason finding the perpetrators of the murder and bringing them to justice are essential. Eternal honour to Colonel Tahir Zemaj, Enis and Hasan!<\/p>\n","protected":false},"author":9,"featured_media":150863,"comment_status":"closed","ping_status":"closed","sticky":false,"template":"","format":"standard","meta":{"_eb_attr":"","footnotes":""},"categories":[111],"tags":[],"class_list":["post-150867","post","type-post","status-publish","format-standard","has-post-thumbnail","hentry","category-news"],"yoast_head":"<!-- This site is optimized with the Yoast SEO plugin v23.5 - https:\/\/yoast.com\/wordpress\/plugins\/seo\/ -->\n<title>President Osmani commemorated the Hero of Kosovo, Colonel Tahir Zemaj, on the 22nd anniversary of his assassination - President of the Republic of Kosovo - DR. VJOSA OSMANI - SADRIU<\/title>\n<meta name=\"description\" content=\"President Osmani commemorated the Hero of Kosovo, Colonel Tahir Zemaj, on the 22nd anniversary of his assassination - President of the Republic of Kosovo - DR. VJOSA OSMANI - SADRIU - News\" \/>\n<meta name=\"robots\" content=\"index, follow, max-snippet:-1, max-image-preview:large, max-video-preview:-1\" \/>\n<link rel=\"canonical\" href=\"https:\/\/president-ksgov.net\/en\/president-osmani-commemorated-the-hero-of-kosovo-colonel-tahir-zemaj-on-the-22nd-anniversary-of-his-assassination\/\" \/>\n<meta property=\"og:locale\" content=\"en_US\" \/>\n<meta property=\"og:type\" content=\"article\" \/>\n<meta property=\"og:title\" content=\"President Osmani commemorated the Hero of Kosovo, Colonel Tahir Zemaj, on the 22nd anniversary of his assassination - President of the Republic of Kosovo - DR. VJOSA OSMANI - SADRIU\" \/>\n<meta property=\"og:description\" content=\"President Osmani commemorated the Hero of Kosovo, Colonel Tahir Zemaj, on the 22nd anniversary of his assassination - President of the Republic of Kosovo - DR. VJOSA OSMANI - SADRIU - News\" \/>\n<meta property=\"og:url\" content=\"https:\/\/president-ksgov.net\/en\/president-osmani-commemorated-the-hero-of-kosovo-colonel-tahir-zemaj-on-the-22nd-anniversary-of-his-assassination\/\" \/>\n<meta property=\"og:site_name\" content=\"President of the Republic of Kosovo - DR. VJOSA OSMANI - SADRIU\" \/>\n<meta property=\"article:published_time\" content=\"2025-01-04T10:13:32+00:00\" \/>\n<meta property=\"article:modified_time\" content=\"2025-01-06T09:27:19+00:00\" \/>\n<meta property=\"og:image\" content=\"https:\/\/president-ksgov.net\/wp-content\/uploads\/Tahir-Zemaj.jpg\" \/>\n\t<meta property=\"og:image:width\" content=\"1200\" \/>\n\t<meta property=\"og:image:height\" content=\"630\" \/>\n\t<meta property=\"og:image:type\" content=\"image\/jpeg\" \/>\n<meta name=\"author\" content=\"Florent Rrahmani\" \/>\n<meta name=\"twitter:card\" content=\"summary_large_image\" \/>\n<meta name=\"twitter:label1\" content=\"Written by\" \/>\n\t<meta name=\"twitter:data1\" content=\"Florent Rrahmani\" \/>\n\t<meta name=\"twitter:label2\" content=\"Est. reading time\" \/>\n\t<meta name=\"twitter:data2\" content=\"1 minute\" \/>\n<script type=\"application\/ld+json\" class=\"yoast-schema-graph\">{\"@context\":\"https:\/\/schema.org\",\"@graph\":[{\"@type\":\"WebPage\",\"@id\":\"https:\/\/president-ksgov.net\/en\/president-osmani-commemorated-the-hero-of-kosovo-colonel-tahir-zemaj-on-the-22nd-anniversary-of-his-assassination\/\",\"url\":\"https:\/\/president-ksgov.net\/en\/president-osmani-commemorated-the-hero-of-kosovo-colonel-tahir-zemaj-on-the-22nd-anniversary-of-his-assassination\/\",\"name\":\"President Osmani commemorated the Hero of Kosovo, Colonel Tahir Zemaj, on the 22nd anniversary of his assassination - President of the Republic of Kosovo - DR. VJOSA OSMANI - SADRIU\",\"isPartOf\":{\"@id\":\"https:\/\/president-ksgov.net\/#website\"},\"primaryImageOfPage\":{\"@id\":\"https:\/\/president-ksgov.net\/en\/president-osmani-commemorated-the-hero-of-kosovo-colonel-tahir-zemaj-on-the-22nd-anniversary-of-his-assassination\/#primaryimage\"},\"image\":{\"@id\":\"https:\/\/president-ksgov.net\/en\/president-osmani-commemorated-the-hero-of-kosovo-colonel-tahir-zemaj-on-the-22nd-anniversary-of-his-assassination\/#primaryimage\"},\"thumbnailUrl\":\"https:\/\/president-ksgov.net\/wp-content\/uploads\/Tahir-Zemaj.jpg\",\"datePublished\":\"2025-01-04T10:13:32+00:00\",\"dateModified\":\"2025-01-06T09:27:19+00:00\",\"author\":{\"@id\":\"https:\/\/president-ksgov.net\/#\/schema\/person\/7c46f744a99d3f1616b92658282aa934\"},\"description\":\"President Osmani commemorated the Hero of Kosovo, Colonel Tahir Zemaj, on the 22nd anniversary of his assassination - President of the Republic of Kosovo - DR. VJOSA OSMANI - SADRIU - News\",\"breadcrumb\":{\"@id\":\"https:\/\/president-ksgov.net\/en\/president-osmani-commemorated-the-hero-of-kosovo-colonel-tahir-zemaj-on-the-22nd-anniversary-of-his-assassination\/#breadcrumb\"},\"inLanguage\":\"en-US\",\"potentialAction\":[{\"@type\":\"ReadAction\",\"target\":[\"https:\/\/president-ksgov.net\/en\/president-osmani-commemorated-the-hero-of-kosovo-colonel-tahir-zemaj-on-the-22nd-anniversary-of-his-assassination\/\"]}]},{\"@type\":\"ImageObject\",\"inLanguage\":\"en-US\",\"@id\":\"https:\/\/president-ksgov.net\/en\/president-osmani-commemorated-the-hero-of-kosovo-colonel-tahir-zemaj-on-the-22nd-anniversary-of-his-assassination\/#primaryimage\",\"url\":\"https:\/\/president-ksgov.net\/wp-content\/uploads\/Tahir-Zemaj.jpg\",\"contentUrl\":\"https:\/\/president-ksgov.net\/wp-content\/uploads\/Tahir-Zemaj.jpg\",\"width\":1200,\"height\":630},{\"@type\":\"BreadcrumbList\",\"@id\":\"https:\/\/president-ksgov.net\/en\/president-osmani-commemorated-the-hero-of-kosovo-colonel-tahir-zemaj-on-the-22nd-anniversary-of-his-assassination\/#breadcrumb\",\"itemListElement\":[{\"@type\":\"ListItem\",\"position\":1,\"name\":\"Home\",\"item\":\"https:\/\/president-ksgov.net\/en\/\"},{\"@type\":\"ListItem\",\"position\":2,\"name\":\"President Osmani commemorated the Hero of Kosovo, Colonel Tahir Zemaj, on the 22nd anniversary of his assassination\"}]},{\"@type\":\"WebSite\",\"@id\":\"https:\/\/president-ksgov.net\/#website\",\"url\":\"https:\/\/president-ksgov.net\/\",\"name\":\"Presidente e Republik\u00ebs s\u00eb Kosov\u00ebs\",\"description\":\"Presidente e Republik\u00ebs s\u00eb Kosov\u00ebs\",\"alternateName\":\"DR. VJOSA OSMANI - SADRIU\",\"potentialAction\":[{\"@type\":\"SearchAction\",\"target\":{\"@type\":\"EntryPoint\",\"urlTemplate\":\"https:\/\/president-ksgov.net\/?s={search_term_string}\"},\"query-input\":{\"@type\":\"PropertyValueSpecification\",\"valueRequired\":true,\"valueName\":\"search_term_string\"}}],\"inLanguage\":\"en-US\"},{\"@type\":\"Person\",\"@id\":\"https:\/\/president-ksgov.net\/#\/schema\/person\/7c46f744a99d3f1616b92658282aa934\",\"name\":\"Florent Rrahmani\",\"image\":{\"@type\":\"ImageObject\",\"inLanguage\":\"en-US\",\"@id\":\"https:\/\/president-ksgov.net\/#\/schema\/person\/image\/\",\"url\":\"https:\/\/secure.gravatar.com\/avatar\/2545924aa250de68ac8368367a79b663e59571cd131611f54c89b0613a94e230?s=96&d=mm&r=g\",\"contentUrl\":\"https:\/\/secure.gravatar.com\/avatar\/2545924aa250de68ac8368367a79b663e59571cd131611f54c89b0613a94e230?s=96&d=mm&r=g\",\"caption\":\"Florent Rrahmani\"}}]}<\/script>\n<!-- \/ Yoast SEO plugin. -->","yoast_head_json":{"title":"President Osmani commemorated the Hero of Kosovo, Colonel Tahir Zemaj, on the 22nd anniversary of his assassination - President of the Republic of Kosovo - DR. VJOSA OSMANI - SADRIU","description":"President Osmani commemorated the Hero of Kosovo, Colonel Tahir Zemaj, on the 22nd anniversary of his assassination - President of the Republic of Kosovo - DR. VJOSA OSMANI - SADRIU - News","robots":{"index":"index","follow":"follow","max-snippet":"max-snippet:-1","max-image-preview":"max-image-preview:large","max-video-preview":"max-video-preview:-1"},"canonical":"https:\/\/president-ksgov.net\/en\/president-osmani-commemorated-the-hero-of-kosovo-colonel-tahir-zemaj-on-the-22nd-anniversary-of-his-assassination\/","og_locale":"en_US","og_type":"article","og_title":"President Osmani commemorated the Hero of Kosovo, Colonel Tahir Zemaj, on the 22nd anniversary of his assassination - President of the Republic of Kosovo - DR. VJOSA OSMANI - SADRIU","og_description":"President Osmani commemorated the Hero of Kosovo, Colonel Tahir Zemaj, on the 22nd anniversary of his assassination - President of the Republic of Kosovo - DR. VJOSA OSMANI - SADRIU - News","og_url":"https:\/\/president-ksgov.net\/en\/president-osmani-commemorated-the-hero-of-kosovo-colonel-tahir-zemaj-on-the-22nd-anniversary-of-his-assassination\/","og_site_name":"President of the Republic of Kosovo - DR. VJOSA OSMANI - SADRIU","article_published_time":"2025-01-04T10:13:32+00:00","article_modified_time":"2025-01-06T09:27:19+00:00","og_image":[{"width":1200,"height":630,"url":"https:\/\/president-ksgov.net\/wp-content\/uploads\/Tahir-Zemaj.jpg","type":"image\/jpeg"}],"author":"Florent Rrahmani","twitter_card":"summary_large_image","twitter_misc":{"Written by":"Florent Rrahmani","Est. reading time":"1 minute"},"schema":{"@context":"https:\/\/schema.org","@graph":[{"@type":"WebPage","@id":"https:\/\/president-ksgov.net\/en\/president-osmani-commemorated-the-hero-of-kosovo-colonel-tahir-zemaj-on-the-22nd-anniversary-of-his-assassination\/","url":"https:\/\/president-ksgov.net\/en\/president-osmani-commemorated-the-hero-of-kosovo-colonel-tahir-zemaj-on-the-22nd-anniversary-of-his-assassination\/","name":"President Osmani commemorated the Hero of Kosovo, Colonel Tahir Zemaj, on the 22nd anniversary of his assassination - President of the Republic of Kosovo - DR. VJOSA OSMANI - SADRIU","isPartOf":{"@id":"https:\/\/president-ksgov.net\/#website"},"primaryImageOfPage":{"@id":"https:\/\/president-ksgov.net\/en\/president-osmani-commemorated-the-hero-of-kosovo-colonel-tahir-zemaj-on-the-22nd-anniversary-of-his-assassination\/#primaryimage"},"image":{"@id":"https:\/\/president-ksgov.net\/en\/president-osmani-commemorated-the-hero-of-kosovo-colonel-tahir-zemaj-on-the-22nd-anniversary-of-his-assassination\/#primaryimage"},"thumbnailUrl":"https:\/\/president-ksgov.net\/wp-content\/uploads\/Tahir-Zemaj.jpg","datePublished":"2025-01-04T10:13:32+00:00","dateModified":"2025-01-06T09:27:19+00:00","author":{"@id":"https:\/\/president-ksgov.net\/#\/schema\/person\/7c46f744a99d3f1616b92658282aa934"},"description":"President Osmani commemorated the Hero of Kosovo, Colonel Tahir Zemaj, on the 22nd anniversary of his assassination - President of the Republic of Kosovo - DR. VJOSA OSMANI - SADRIU - News","breadcrumb":{"@id":"https:\/\/president-ksgov.net\/en\/president-osmani-commemorated-the-hero-of-kosovo-colonel-tahir-zemaj-on-the-22nd-anniversary-of-his-assassination\/#breadcrumb"},"inLanguage":"en-US","potentialAction":[{"@type":"ReadAction","target":["https:\/\/president-ksgov.net\/en\/president-osmani-commemorated-the-hero-of-kosovo-colonel-tahir-zemaj-on-the-22nd-anniversary-of-his-assassination\/"]}]},{"@type":"ImageObject","inLanguage":"en-US","@id":"https:\/\/president-ksgov.net\/en\/president-osmani-commemorated-the-hero-of-kosovo-colonel-tahir-zemaj-on-the-22nd-anniversary-of-his-assassination\/#primaryimage","url":"https:\/\/president-ksgov.net\/wp-content\/uploads\/Tahir-Zemaj.jpg","contentUrl":"https:\/\/president-ksgov.net\/wp-content\/uploads\/Tahir-Zemaj.jpg","width":1200,"height":630},{"@type":"BreadcrumbList","@id":"https:\/\/president-ksgov.net\/en\/president-osmani-commemorated-the-hero-of-kosovo-colonel-tahir-zemaj-on-the-22nd-anniversary-of-his-assassination\/#breadcrumb","itemListElement":[{"@type":"ListItem","position":1,"name":"Home","item":"https:\/\/president-ksgov.net\/en\/"},{"@type":"ListItem","position":2,"name":"President Osmani commemorated the Hero of Kosovo, Colonel Tahir Zemaj, on the 22nd anniversary of his assassination"}]},{"@type":"WebSite","@id":"https:\/\/president-ksgov.net\/#website","url":"https:\/\/president-ksgov.net\/","name":"Presidente e Republik\u00ebs s\u00eb Kosov\u00ebs","description":"Presidente e Republik\u00ebs s\u00eb Kosov\u00ebs","alternateName":"DR. VJOSA OSMANI - SADRIU","potentialAction":[{"@type":"SearchAction","target":{"@type":"EntryPoint","urlTemplate":"https:\/\/president-ksgov.net\/?s={search_term_string}"},"query-input":{"@type":"PropertyValueSpecification","valueRequired":true,"valueName":"search_term_string"}}],"inLanguage":"en-US"},{"@type":"Person","@id":"https:\/\/president-ksgov.net\/#\/schema\/person\/7c46f744a99d3f1616b92658282aa934","name":"Florent Rrahmani","image":{"@type":"ImageObject","inLanguage":"en-US","@id":"https:\/\/president-ksgov.net\/#\/schema\/person\/image\/","url":"https:\/\/secure.gravatar.com\/avatar\/2545924aa250de68ac8368367a79b663e59571cd131611f54c89b0613a94e230?s=96&d=mm&r=g","contentUrl":"https:\/\/secure.gravatar.com\/avatar\/2545924aa250de68ac8368367a79b663e59571cd131611f54c89b0613a94e230?s=96&d=mm&r=g","caption":"Florent Rrahmani"}}]}},"_links":{"self":[{"href":"https:\/\/president-ksgov.net\/en\/wp-json\/wp\/v2\/posts\/150867","targetHints":{"allow":["GET"]}}],"collection":[{"href":"https:\/\/president-ksgov.net\/en\/wp-json\/wp\/v2\/posts"}],"about":[{"href":"https:\/\/president-ksgov.net\/en\/wp-json\/wp\/v2\/types\/post"}],"author":[{"embeddable":true,"href":"https:\/\/president-ksgov.net\/en\/wp-json\/wp\/v2\/users\/9"}],"replies":[{"embeddable":true,"href":"https:\/\/president-ksgov.net\/en\/wp-json\/wp\/v2\/comments?post=150867"}],"version-history":[{"count":1,"href":"https:\/\/president-ksgov.net\/en\/wp-json\/wp\/v2\/posts\/150867\/revisions"}],"predecessor-version":[{"id":150868,"href":"https:\/\/president-ksgov.net\/en\/wp-json\/wp\/v2\/posts\/150867\/revisions\/150868"}],"wp:featuredmedia":[{"embeddable":true,"href":"https:\/\/president-ksgov.net\/en\/wp-json\/wp\/v2\/media\/150863"}],"wp:attachment":[{"href":"https:\/\/president-ksgov.net\/en\/wp-json\/wp\/v2\/media?parent=150867"}],"wp:term":[{"taxonomy":"category","embeddable":true,"href":"https:\/\/president-ksgov.net\/en\/wp-json\/wp\/v2\/categories?post=150867"},{"taxonomy":"post_tag","embeddable":true,"href":"https:\/\/president-ksgov.net\/en\/wp-json\/wp\/v2\/tags?post=150867"}],"curies":[{"name":"wp","href":"https:\/\/api.w.org\/{rel}","templated":true}]}}