{"id":150107,"date":"2024-12-19T20:07:41","date_gmt":"2024-12-19T19:07:41","guid":{"rendered":"https:\/\/president-ksgov.net\/?p=150107"},"modified":"2024-12-24T14:23:18","modified_gmt":"2024-12-24T13:23:18","slug":"president-osmani-in-brussels-meets-with-eu-commissioner-for-enlargement-marta-kos","status":"publish","type":"post","link":"https:\/\/president-ksgov.net\/en\/president-osmani-in-brussels-meets-with-eu-commissioner-for-enlargement-marta-kos\/","title":{"rendered":"President Osmani in Brussels meets with EU Commissioner for Enlargement, Marta Kos"},"content":{"rendered":"<p>Yesterday, the President of the Republic of Kosovo, Vjosa Osmani, during her visit to Brussels met with the new EU Commissioner for Enlargement, Marta Kos.<\/p>\n<p>During the meeting, they discussed Kosovo&#8217;s reforms and progress in the fields of democracy, rule of law, and security.<\/p>\n<p>President Osmani emphasized the importance of advancing Kosovo&#8217;s application to the EU, the immediate lifting of EU measures against Kosovo that are harming citizens, and emphasized the importance of accountability for the terrorist attacks and the act of aggression last year.<\/p>\n<p>&nbsp;<\/p>\n","protected":false},"excerpt":{"rendered":"<p>Yesterday, the President of the Republic of Kosovo, Vjosa Osmani, during her visit to Brussels met with the new EU Commissioner for Enlargement, Marta Kos. During the meeting, they discussed Kosovo&#8217;s reforms and progress in the fields of democracy, rule of law, and security. President Osmani emphasized the importance of advancing Kosovo&#8217;s application to the EU, the immediate lifting of EU measures against Kosovo that are harming citizens, and emphasized the importance of accountability for the terrorist attacks and the act of aggression last year. &nbsp;<\/p>\n","protected":false},"author":9,"featured_media":150059,"comment_status":"closed","ping_status":"closed","sticky":false,"template":"","format":"standard","meta":{"_eb_attr":"","footnotes":""},"categories":[111],"tags":[],"class_list":["post-150107","post","type-post","status-publish","format-standard","has-post-thumbnail","hentry","category-news"],"yoast_head":"<!-- This site is optimized with the Yoast SEO plugin v23.5 - https:\/\/yoast.com\/wordpress\/plugins\/seo\/ -->\n<title>President Osmani in Brussels meets with EU Commissioner for Enlargement, Marta Kos - President of the Republic of Kosovo - DR. VJOSA OSMANI - SADRIU<\/title>\n<meta name=\"description\" content=\"President Osmani in Brussels meets with EU Commissioner for Enlargement, Marta Kos - President of the Republic of Kosovo - DR. VJOSA OSMANI - SADRIU - News\" \/>\n<meta name=\"robots\" content=\"index, follow, max-snippet:-1, max-image-preview:large, max-video-preview:-1\" \/>\n<link rel=\"canonical\" href=\"https:\/\/president-ksgov.net\/en\/president-osmani-in-brussels-meets-with-eu-commissioner-for-enlargement-marta-kos\/\" \/>\n<meta property=\"og:locale\" content=\"en_US\" \/>\n<meta property=\"og:type\" content=\"article\" \/>\n<meta property=\"og:title\" content=\"President Osmani in Brussels meets with EU Commissioner for Enlargement, Marta Kos - President of the Republic of Kosovo - DR. VJOSA OSMANI - SADRIU\" \/>\n<meta property=\"og:description\" content=\"President Osmani in Brussels meets with EU Commissioner for Enlargement, Marta Kos - President of the Republic of Kosovo - DR. VJOSA OSMANI - SADRIU - News\" \/>\n<meta property=\"og:url\" content=\"https:\/\/president-ksgov.net\/en\/president-osmani-in-brussels-meets-with-eu-commissioner-for-enlargement-marta-kos\/\" \/>\n<meta property=\"og:site_name\" content=\"President of the Republic of Kosovo - DR. VJOSA OSMANI - SADRIU\" \/>\n<meta property=\"article:published_time\" content=\"2024-12-19T19:07:41+00:00\" \/>\n<meta property=\"article:modified_time\" content=\"2024-12-24T13:23:18+00:00\" \/>\n<meta property=\"og:image\" content=\"https:\/\/president-ksgov.net\/wp-content\/uploads\/Presidentja-Osmani-ne-Bruksel-dje-takoi-Komisioneren-e-BE-se-per-Zgjerim-Marta-Kos-1.jpg\" \/>\n\t<meta property=\"og:image:width\" content=\"2048\" \/>\n\t<meta property=\"og:image:height\" content=\"1364\" \/>\n\t<meta property=\"og:image:type\" content=\"image\/jpeg\" \/>\n<meta name=\"author\" content=\"Florent Rrahmani\" \/>\n<meta name=\"twitter:card\" content=\"summary_large_image\" \/>\n<meta name=\"twitter:label1\" content=\"Written by\" \/>\n\t<meta name=\"twitter:data1\" content=\"Florent Rrahmani\" \/>\n\t<meta name=\"twitter:label2\" content=\"Est. reading time\" \/>\n\t<meta name=\"twitter:data2\" content=\"1 minute\" \/>\n<script type=\"application\/ld+json\" class=\"yoast-schema-graph\">{\"@context\":\"https:\/\/schema.org\",\"@graph\":[{\"@type\":\"WebPage\",\"@id\":\"https:\/\/president-ksgov.net\/en\/president-osmani-in-brussels-meets-with-eu-commissioner-for-enlargement-marta-kos\/\",\"url\":\"https:\/\/president-ksgov.net\/en\/president-osmani-in-brussels-meets-with-eu-commissioner-for-enlargement-marta-kos\/\",\"name\":\"President Osmani in Brussels meets with EU Commissioner for Enlargement, Marta Kos - President of the Republic of Kosovo - DR. VJOSA OSMANI - SADRIU\",\"isPartOf\":{\"@id\":\"https:\/\/president-ksgov.net\/#website\"},\"primaryImageOfPage\":{\"@id\":\"https:\/\/president-ksgov.net\/en\/president-osmani-in-brussels-meets-with-eu-commissioner-for-enlargement-marta-kos\/#primaryimage\"},\"image\":{\"@id\":\"https:\/\/president-ksgov.net\/en\/president-osmani-in-brussels-meets-with-eu-commissioner-for-enlargement-marta-kos\/#primaryimage\"},\"thumbnailUrl\":\"https:\/\/president-ksgov.net\/wp-content\/uploads\/Presidentja-Osmani-ne-Bruksel-dje-takoi-Komisioneren-e-BE-se-per-Zgjerim-Marta-Kos-1.jpg\",\"datePublished\":\"2024-12-19T19:07:41+00:00\",\"dateModified\":\"2024-12-24T13:23:18+00:00\",\"author\":{\"@id\":\"https:\/\/president-ksgov.net\/#\/schema\/person\/7c46f744a99d3f1616b92658282aa934\"},\"description\":\"President Osmani in Brussels meets with EU Commissioner for Enlargement, Marta Kos - President of the Republic of Kosovo - DR. VJOSA OSMANI - SADRIU - News\",\"breadcrumb\":{\"@id\":\"https:\/\/president-ksgov.net\/en\/president-osmani-in-brussels-meets-with-eu-commissioner-for-enlargement-marta-kos\/#breadcrumb\"},\"inLanguage\":\"en-US\",\"potentialAction\":[{\"@type\":\"ReadAction\",\"target\":[\"https:\/\/president-ksgov.net\/en\/president-osmani-in-brussels-meets-with-eu-commissioner-for-enlargement-marta-kos\/\"]}]},{\"@type\":\"ImageObject\",\"inLanguage\":\"en-US\",\"@id\":\"https:\/\/president-ksgov.net\/en\/president-osmani-in-brussels-meets-with-eu-commissioner-for-enlargement-marta-kos\/#primaryimage\",\"url\":\"https:\/\/president-ksgov.net\/wp-content\/uploads\/Presidentja-Osmani-ne-Bruksel-dje-takoi-Komisioneren-e-BE-se-per-Zgjerim-Marta-Kos-1.jpg\",\"contentUrl\":\"https:\/\/president-ksgov.net\/wp-content\/uploads\/Presidentja-Osmani-ne-Bruksel-dje-takoi-Komisioneren-e-BE-se-per-Zgjerim-Marta-Kos-1.jpg\",\"width\":2048,\"height\":1364},{\"@type\":\"BreadcrumbList\",\"@id\":\"https:\/\/president-ksgov.net\/en\/president-osmani-in-brussels-meets-with-eu-commissioner-for-enlargement-marta-kos\/#breadcrumb\",\"itemListElement\":[{\"@type\":\"ListItem\",\"position\":1,\"name\":\"Home\",\"item\":\"https:\/\/president-ksgov.net\/en\/\"},{\"@type\":\"ListItem\",\"position\":2,\"name\":\"President Osmani in Brussels meets with EU Commissioner for Enlargement, Marta Kos\"}]},{\"@type\":\"WebSite\",\"@id\":\"https:\/\/president-ksgov.net\/#website\",\"url\":\"https:\/\/president-ksgov.net\/\",\"name\":\"Presidente e Republik\u00ebs s\u00eb Kosov\u00ebs\",\"description\":\"Presidente e Republik\u00ebs s\u00eb Kosov\u00ebs\",\"alternateName\":\"DR. VJOSA OSMANI - SADRIU\",\"potentialAction\":[{\"@type\":\"SearchAction\",\"target\":{\"@type\":\"EntryPoint\",\"urlTemplate\":\"https:\/\/president-ksgov.net\/?s={search_term_string}\"},\"query-input\":{\"@type\":\"PropertyValueSpecification\",\"valueRequired\":true,\"valueName\":\"search_term_string\"}}],\"inLanguage\":\"en-US\"},{\"@type\":\"Person\",\"@id\":\"https:\/\/president-ksgov.net\/#\/schema\/person\/7c46f744a99d3f1616b92658282aa934\",\"name\":\"Florent Rrahmani\",\"image\":{\"@type\":\"ImageObject\",\"inLanguage\":\"en-US\",\"@id\":\"https:\/\/president-ksgov.net\/#\/schema\/person\/image\/\",\"url\":\"https:\/\/secure.gravatar.com\/avatar\/2545924aa250de68ac8368367a79b663e59571cd131611f54c89b0613a94e230?s=96&d=mm&r=g\",\"contentUrl\":\"https:\/\/secure.gravatar.com\/avatar\/2545924aa250de68ac8368367a79b663e59571cd131611f54c89b0613a94e230?s=96&d=mm&r=g\",\"caption\":\"Florent Rrahmani\"}}]}<\/script>\n<!-- \/ Yoast SEO plugin. -->","yoast_head_json":{"title":"President Osmani in Brussels meets with EU Commissioner for Enlargement, Marta Kos - President of the Republic of Kosovo - DR. VJOSA OSMANI - SADRIU","description":"President Osmani in Brussels meets with EU Commissioner for Enlargement, Marta Kos - President of the Republic of Kosovo - DR. VJOSA OSMANI - SADRIU - News","robots":{"index":"index","follow":"follow","max-snippet":"max-snippet:-1","max-image-preview":"max-image-preview:large","max-video-preview":"max-video-preview:-1"},"canonical":"https:\/\/president-ksgov.net\/en\/president-osmani-in-brussels-meets-with-eu-commissioner-for-enlargement-marta-kos\/","og_locale":"en_US","og_type":"article","og_title":"President Osmani in Brussels meets with EU Commissioner for Enlargement, Marta Kos - President of the Republic of Kosovo - DR. VJOSA OSMANI - SADRIU","og_description":"President Osmani in Brussels meets with EU Commissioner for Enlargement, Marta Kos - President of the Republic of Kosovo - DR. VJOSA OSMANI - SADRIU - News","og_url":"https:\/\/president-ksgov.net\/en\/president-osmani-in-brussels-meets-with-eu-commissioner-for-enlargement-marta-kos\/","og_site_name":"President of the Republic of Kosovo - DR. VJOSA OSMANI - SADRIU","article_published_time":"2024-12-19T19:07:41+00:00","article_modified_time":"2024-12-24T13:23:18+00:00","og_image":[{"width":2048,"height":1364,"url":"https:\/\/president-ksgov.net\/wp-content\/uploads\/Presidentja-Osmani-ne-Bruksel-dje-takoi-Komisioneren-e-BE-se-per-Zgjerim-Marta-Kos-1.jpg","type":"image\/jpeg"}],"author":"Florent Rrahmani","twitter_card":"summary_large_image","twitter_misc":{"Written by":"Florent Rrahmani","Est. reading time":"1 minute"},"schema":{"@context":"https:\/\/schema.org","@graph":[{"@type":"WebPage","@id":"https:\/\/president-ksgov.net\/en\/president-osmani-in-brussels-meets-with-eu-commissioner-for-enlargement-marta-kos\/","url":"https:\/\/president-ksgov.net\/en\/president-osmani-in-brussels-meets-with-eu-commissioner-for-enlargement-marta-kos\/","name":"President Osmani in Brussels meets with EU Commissioner for Enlargement, Marta Kos - President of the Republic of Kosovo - DR. VJOSA OSMANI - SADRIU","isPartOf":{"@id":"https:\/\/president-ksgov.net\/#website"},"primaryImageOfPage":{"@id":"https:\/\/president-ksgov.net\/en\/president-osmani-in-brussels-meets-with-eu-commissioner-for-enlargement-marta-kos\/#primaryimage"},"image":{"@id":"https:\/\/president-ksgov.net\/en\/president-osmani-in-brussels-meets-with-eu-commissioner-for-enlargement-marta-kos\/#primaryimage"},"thumbnailUrl":"https:\/\/president-ksgov.net\/wp-content\/uploads\/Presidentja-Osmani-ne-Bruksel-dje-takoi-Komisioneren-e-BE-se-per-Zgjerim-Marta-Kos-1.jpg","datePublished":"2024-12-19T19:07:41+00:00","dateModified":"2024-12-24T13:23:18+00:00","author":{"@id":"https:\/\/president-ksgov.net\/#\/schema\/person\/7c46f744a99d3f1616b92658282aa934"},"description":"President Osmani in Brussels meets with EU Commissioner for Enlargement, Marta Kos - President of the Republic of Kosovo - DR. VJOSA OSMANI - SADRIU - News","breadcrumb":{"@id":"https:\/\/president-ksgov.net\/en\/president-osmani-in-brussels-meets-with-eu-commissioner-for-enlargement-marta-kos\/#breadcrumb"},"inLanguage":"en-US","potentialAction":[{"@type":"ReadAction","target":["https:\/\/president-ksgov.net\/en\/president-osmani-in-brussels-meets-with-eu-commissioner-for-enlargement-marta-kos\/"]}]},{"@type":"ImageObject","inLanguage":"en-US","@id":"https:\/\/president-ksgov.net\/en\/president-osmani-in-brussels-meets-with-eu-commissioner-for-enlargement-marta-kos\/#primaryimage","url":"https:\/\/president-ksgov.net\/wp-content\/uploads\/Presidentja-Osmani-ne-Bruksel-dje-takoi-Komisioneren-e-BE-se-per-Zgjerim-Marta-Kos-1.jpg","contentUrl":"https:\/\/president-ksgov.net\/wp-content\/uploads\/Presidentja-Osmani-ne-Bruksel-dje-takoi-Komisioneren-e-BE-se-per-Zgjerim-Marta-Kos-1.jpg","width":2048,"height":1364},{"@type":"BreadcrumbList","@id":"https:\/\/president-ksgov.net\/en\/president-osmani-in-brussels-meets-with-eu-commissioner-for-enlargement-marta-kos\/#breadcrumb","itemListElement":[{"@type":"ListItem","position":1,"name":"Home","item":"https:\/\/president-ksgov.net\/en\/"},{"@type":"ListItem","position":2,"name":"President Osmani in Brussels meets with EU Commissioner for Enlargement, Marta Kos"}]},{"@type":"WebSite","@id":"https:\/\/president-ksgov.net\/#website","url":"https:\/\/president-ksgov.net\/","name":"Presidente e Republik\u00ebs s\u00eb Kosov\u00ebs","description":"Presidente e Republik\u00ebs s\u00eb Kosov\u00ebs","alternateName":"DR. VJOSA OSMANI - SADRIU","potentialAction":[{"@type":"SearchAction","target":{"@type":"EntryPoint","urlTemplate":"https:\/\/president-ksgov.net\/?s={search_term_string}"},"query-input":{"@type":"PropertyValueSpecification","valueRequired":true,"valueName":"search_term_string"}}],"inLanguage":"en-US"},{"@type":"Person","@id":"https:\/\/president-ksgov.net\/#\/schema\/person\/7c46f744a99d3f1616b92658282aa934","name":"Florent Rrahmani","image":{"@type":"ImageObject","inLanguage":"en-US","@id":"https:\/\/president-ksgov.net\/#\/schema\/person\/image\/","url":"https:\/\/secure.gravatar.com\/avatar\/2545924aa250de68ac8368367a79b663e59571cd131611f54c89b0613a94e230?s=96&d=mm&r=g","contentUrl":"https:\/\/secure.gravatar.com\/avatar\/2545924aa250de68ac8368367a79b663e59571cd131611f54c89b0613a94e230?s=96&d=mm&r=g","caption":"Florent Rrahmani"}}]}},"_links":{"self":[{"href":"https:\/\/president-ksgov.net\/en\/wp-json\/wp\/v2\/posts\/150107","targetHints":{"allow":["GET"]}}],"collection":[{"href":"https:\/\/president-ksgov.net\/en\/wp-json\/wp\/v2\/posts"}],"about":[{"href":"https:\/\/president-ksgov.net\/en\/wp-json\/wp\/v2\/types\/post"}],"author":[{"embeddable":true,"href":"https:\/\/president-ksgov.net\/en\/wp-json\/wp\/v2\/users\/9"}],"replies":[{"embeddable":true,"href":"https:\/\/president-ksgov.net\/en\/wp-json\/wp\/v2\/comments?post=150107"}],"version-history":[{"count":1,"href":"https:\/\/president-ksgov.net\/en\/wp-json\/wp\/v2\/posts\/150107\/revisions"}],"predecessor-version":[{"id":150108,"href":"https:\/\/president-ksgov.net\/en\/wp-json\/wp\/v2\/posts\/150107\/revisions\/150108"}],"wp:featuredmedia":[{"embeddable":true,"href":"https:\/\/president-ksgov.net\/en\/wp-json\/wp\/v2\/media\/150059"}],"wp:attachment":[{"href":"https:\/\/president-ksgov.net\/en\/wp-json\/wp\/v2\/media?parent=150107"}],"wp:term":[{"taxonomy":"category","embeddable":true,"href":"https:\/\/president-ksgov.net\/en\/wp-json\/wp\/v2\/categories?post=150107"},{"taxonomy":"post_tag","embeddable":true,"href":"https:\/\/president-ksgov.net\/en\/wp-json\/wp\/v2\/tags?post=150107"}],"curies":[{"name":"wp","href":"https:\/\/api.w.org\/{rel}","templated":true}]}}