{"id":146779,"date":"2024-11-08T10:00:14","date_gmt":"2024-11-08T09:00:14","guid":{"rendered":"https:\/\/president-ksgov.net\/?p=146779"},"modified":"2024-11-08T14:27:00","modified_gmt":"2024-11-08T13:27:00","slug":"president-osmani-met-with-the-new-prime-minister-of-estonia-kristen-michal-grateful-for-estonias-strong-support","status":"publish","type":"post","link":"https:\/\/president-ksgov.net\/en\/president-osmani-met-with-the-new-prime-minister-of-estonia-kristen-michal-grateful-for-estonias-strong-support\/","title":{"rendered":"President Osmani met with the new Prime Minister of Estonia, Kristen Michal: Grateful for Estonia\u2019s strong support"},"content":{"rendered":"<p>President of the Republic of Kosovo, Vjosa Osmani, met with new Prime Minister of Estonia, Mr. Kristen Michal, during the European Political Community summit.<\/p>\n<p>President Osmani\u2019s full post:<\/p>\n<p>\u201cIt was a pleasure to meet the new Prime Minister of Estonia, Mr. Kristen Michal.<br \/>\nDuring the European Political Community summit, we discussed Kosovo\u2019s membership in the Council of Europe, the lifting of EU measures against Kosovo and advancing Kosovo\u2019s EU membership application.<br \/>\nGrateful for Estonia\u2019s strong support!\u201d<\/p>\n","protected":false},"excerpt":{"rendered":"<p>President of the Republic of Kosovo, Vjosa Osmani, met with new Prime Minister of Estonia, Mr. Kristen Michal, during the European Political Community summit. President Osmani\u2019s full post: \u201cIt was a pleasure to meet the new Prime Minister of Estonia, Mr. Kristen Michal. During the European Political Community summit, we discussed Kosovo\u2019s membership in the Council of Europe, the lifting of EU measures against Kosovo and advancing Kosovo\u2019s EU membership application. Grateful for Estonia\u2019s strong support!\u201d<\/p>\n","protected":false},"author":9,"featured_media":146729,"comment_status":"closed","ping_status":"closed","sticky":false,"template":"","format":"standard","meta":{"_eb_attr":"","footnotes":""},"categories":[113,111],"tags":[],"class_list":["post-146779","post","type-post","status-publish","format-standard","has-post-thumbnail","hentry","category-international-visits","category-news"],"yoast_head":"<!-- This site is optimized with the Yoast SEO plugin v23.5 - https:\/\/yoast.com\/wordpress\/plugins\/seo\/ -->\n<title>President Osmani met with the new Prime Minister of Estonia, Kristen Michal: Grateful for Estonia\u2019s strong support - President of the Republic of Kosovo - DR. VJOSA OSMANI - SADRIU<\/title>\n<meta name=\"description\" content=\"President Osmani met with the new Prime Minister of Estonia, Kristen Michal: Grateful for Estonia\u2019s strong support - President of the Republic of Kosovo - DR. VJOSA OSMANI - SADRIU -\" \/>\n<meta name=\"robots\" content=\"index, follow, max-snippet:-1, max-image-preview:large, max-video-preview:-1\" \/>\n<link rel=\"canonical\" href=\"https:\/\/president-ksgov.net\/en\/president-osmani-met-with-the-new-prime-minister-of-estonia-kristen-michal-grateful-for-estonias-strong-support\/\" \/>\n<meta property=\"og:locale\" content=\"en_US\" \/>\n<meta property=\"og:type\" content=\"article\" \/>\n<meta property=\"og:title\" content=\"President Osmani met with the new Prime Minister of Estonia, Kristen Michal: Grateful for Estonia\u2019s strong support - President of the Republic of Kosovo - DR. VJOSA OSMANI - SADRIU\" \/>\n<meta property=\"og:description\" content=\"President Osmani met with the new Prime Minister of Estonia, Kristen Michal: Grateful for Estonia\u2019s strong support - President of the Republic of Kosovo - DR. VJOSA OSMANI - SADRIU -\" \/>\n<meta property=\"og:url\" content=\"https:\/\/president-ksgov.net\/en\/president-osmani-met-with-the-new-prime-minister-of-estonia-kristen-michal-grateful-for-estonias-strong-support\/\" \/>\n<meta property=\"og:site_name\" content=\"President of the Republic of Kosovo - DR. VJOSA OSMANI - SADRIU\" \/>\n<meta property=\"article:published_time\" content=\"2024-11-08T09:00:14+00:00\" \/>\n<meta property=\"article:modified_time\" content=\"2024-11-08T13:27:00+00:00\" \/>\n<meta property=\"og:image\" content=\"https:\/\/president-ksgov.net\/wp-content\/uploads\/Presidentja-Osmani-takoi-Kryeministrin-e-ri-te-Estonis_1.jpg\" \/>\n\t<meta property=\"og:image:width\" content=\"2048\" \/>\n\t<meta property=\"og:image:height\" content=\"1366\" \/>\n\t<meta property=\"og:image:type\" content=\"image\/jpeg\" \/>\n<meta name=\"author\" content=\"Florent Rrahmani\" \/>\n<meta name=\"twitter:card\" content=\"summary_large_image\" \/>\n<meta name=\"twitter:label1\" content=\"Written by\" \/>\n\t<meta name=\"twitter:data1\" content=\"Florent Rrahmani\" \/>\n\t<meta name=\"twitter:label2\" content=\"Est. reading time\" \/>\n\t<meta name=\"twitter:data2\" content=\"1 minute\" \/>\n<script type=\"application\/ld+json\" class=\"yoast-schema-graph\">{\"@context\":\"https:\/\/schema.org\",\"@graph\":[{\"@type\":\"WebPage\",\"@id\":\"https:\/\/president-ksgov.net\/en\/president-osmani-met-with-the-new-prime-minister-of-estonia-kristen-michal-grateful-for-estonias-strong-support\/\",\"url\":\"https:\/\/president-ksgov.net\/en\/president-osmani-met-with-the-new-prime-minister-of-estonia-kristen-michal-grateful-for-estonias-strong-support\/\",\"name\":\"President Osmani met with the new Prime Minister of Estonia, Kristen Michal: Grateful for Estonia\u2019s strong support - President of the Republic of Kosovo - DR. VJOSA OSMANI - SADRIU\",\"isPartOf\":{\"@id\":\"https:\/\/president-ksgov.net\/#website\"},\"primaryImageOfPage\":{\"@id\":\"https:\/\/president-ksgov.net\/en\/president-osmani-met-with-the-new-prime-minister-of-estonia-kristen-michal-grateful-for-estonias-strong-support\/#primaryimage\"},\"image\":{\"@id\":\"https:\/\/president-ksgov.net\/en\/president-osmani-met-with-the-new-prime-minister-of-estonia-kristen-michal-grateful-for-estonias-strong-support\/#primaryimage\"},\"thumbnailUrl\":\"https:\/\/president-ksgov.net\/wp-content\/uploads\/Presidentja-Osmani-takoi-Kryeministrin-e-ri-te-Estonis_1.jpg\",\"datePublished\":\"2024-11-08T09:00:14+00:00\",\"dateModified\":\"2024-11-08T13:27:00+00:00\",\"author\":{\"@id\":\"https:\/\/president-ksgov.net\/#\/schema\/person\/7c46f744a99d3f1616b92658282aa934\"},\"description\":\"President Osmani met with the new Prime Minister of Estonia, Kristen Michal: Grateful for Estonia\u2019s strong support - President of the Republic of Kosovo - DR. VJOSA OSMANI - SADRIU -\",\"breadcrumb\":{\"@id\":\"https:\/\/president-ksgov.net\/en\/president-osmani-met-with-the-new-prime-minister-of-estonia-kristen-michal-grateful-for-estonias-strong-support\/#breadcrumb\"},\"inLanguage\":\"en-US\",\"potentialAction\":[{\"@type\":\"ReadAction\",\"target\":[\"https:\/\/president-ksgov.net\/en\/president-osmani-met-with-the-new-prime-minister-of-estonia-kristen-michal-grateful-for-estonias-strong-support\/\"]}]},{\"@type\":\"ImageObject\",\"inLanguage\":\"en-US\",\"@id\":\"https:\/\/president-ksgov.net\/en\/president-osmani-met-with-the-new-prime-minister-of-estonia-kristen-michal-grateful-for-estonias-strong-support\/#primaryimage\",\"url\":\"https:\/\/president-ksgov.net\/wp-content\/uploads\/Presidentja-Osmani-takoi-Kryeministrin-e-ri-te-Estonis_1.jpg\",\"contentUrl\":\"https:\/\/president-ksgov.net\/wp-content\/uploads\/Presidentja-Osmani-takoi-Kryeministrin-e-ri-te-Estonis_1.jpg\",\"width\":2048,\"height\":1366},{\"@type\":\"BreadcrumbList\",\"@id\":\"https:\/\/president-ksgov.net\/en\/president-osmani-met-with-the-new-prime-minister-of-estonia-kristen-michal-grateful-for-estonias-strong-support\/#breadcrumb\",\"itemListElement\":[{\"@type\":\"ListItem\",\"position\":1,\"name\":\"Home\",\"item\":\"https:\/\/president-ksgov.net\/en\/\"},{\"@type\":\"ListItem\",\"position\":2,\"name\":\"President Osmani met with the new Prime Minister of Estonia, Kristen Michal: Grateful for Estonia\u2019s strong support\"}]},{\"@type\":\"WebSite\",\"@id\":\"https:\/\/president-ksgov.net\/#website\",\"url\":\"https:\/\/president-ksgov.net\/\",\"name\":\"Presidente e Republik\u00ebs s\u00eb Kosov\u00ebs\",\"description\":\"Presidente e Republik\u00ebs s\u00eb Kosov\u00ebs\",\"alternateName\":\"DR. VJOSA OSMANI - SADRIU\",\"potentialAction\":[{\"@type\":\"SearchAction\",\"target\":{\"@type\":\"EntryPoint\",\"urlTemplate\":\"https:\/\/president-ksgov.net\/?s={search_term_string}\"},\"query-input\":{\"@type\":\"PropertyValueSpecification\",\"valueRequired\":true,\"valueName\":\"search_term_string\"}}],\"inLanguage\":\"en-US\"},{\"@type\":\"Person\",\"@id\":\"https:\/\/president-ksgov.net\/#\/schema\/person\/7c46f744a99d3f1616b92658282aa934\",\"name\":\"Florent Rrahmani\",\"image\":{\"@type\":\"ImageObject\",\"inLanguage\":\"en-US\",\"@id\":\"https:\/\/president-ksgov.net\/#\/schema\/person\/image\/\",\"url\":\"https:\/\/secure.gravatar.com\/avatar\/2545924aa250de68ac8368367a79b663e59571cd131611f54c89b0613a94e230?s=96&d=mm&r=g\",\"contentUrl\":\"https:\/\/secure.gravatar.com\/avatar\/2545924aa250de68ac8368367a79b663e59571cd131611f54c89b0613a94e230?s=96&d=mm&r=g\",\"caption\":\"Florent Rrahmani\"}}]}<\/script>\n<!-- \/ Yoast SEO plugin. -->","yoast_head_json":{"title":"President Osmani met with the new Prime Minister of Estonia, Kristen Michal: Grateful for Estonia\u2019s strong support - President of the Republic of Kosovo - DR. VJOSA OSMANI - SADRIU","description":"President Osmani met with the new Prime Minister of Estonia, Kristen Michal: Grateful for Estonia\u2019s strong support - President of the Republic of Kosovo - DR. VJOSA OSMANI - SADRIU -","robots":{"index":"index","follow":"follow","max-snippet":"max-snippet:-1","max-image-preview":"max-image-preview:large","max-video-preview":"max-video-preview:-1"},"canonical":"https:\/\/president-ksgov.net\/en\/president-osmani-met-with-the-new-prime-minister-of-estonia-kristen-michal-grateful-for-estonias-strong-support\/","og_locale":"en_US","og_type":"article","og_title":"President Osmani met with the new Prime Minister of Estonia, Kristen Michal: Grateful for Estonia\u2019s strong support - President of the Republic of Kosovo - DR. VJOSA OSMANI - SADRIU","og_description":"President Osmani met with the new Prime Minister of Estonia, Kristen Michal: Grateful for Estonia\u2019s strong support - President of the Republic of Kosovo - DR. VJOSA OSMANI - SADRIU -","og_url":"https:\/\/president-ksgov.net\/en\/president-osmani-met-with-the-new-prime-minister-of-estonia-kristen-michal-grateful-for-estonias-strong-support\/","og_site_name":"President of the Republic of Kosovo - DR. VJOSA OSMANI - SADRIU","article_published_time":"2024-11-08T09:00:14+00:00","article_modified_time":"2024-11-08T13:27:00+00:00","og_image":[{"width":2048,"height":1366,"url":"https:\/\/president-ksgov.net\/wp-content\/uploads\/Presidentja-Osmani-takoi-Kryeministrin-e-ri-te-Estonis_1.jpg","type":"image\/jpeg"}],"author":"Florent Rrahmani","twitter_card":"summary_large_image","twitter_misc":{"Written by":"Florent Rrahmani","Est. reading time":"1 minute"},"schema":{"@context":"https:\/\/schema.org","@graph":[{"@type":"WebPage","@id":"https:\/\/president-ksgov.net\/en\/president-osmani-met-with-the-new-prime-minister-of-estonia-kristen-michal-grateful-for-estonias-strong-support\/","url":"https:\/\/president-ksgov.net\/en\/president-osmani-met-with-the-new-prime-minister-of-estonia-kristen-michal-grateful-for-estonias-strong-support\/","name":"President Osmani met with the new Prime Minister of Estonia, Kristen Michal: Grateful for Estonia\u2019s strong support - President of the Republic of Kosovo - DR. VJOSA OSMANI - SADRIU","isPartOf":{"@id":"https:\/\/president-ksgov.net\/#website"},"primaryImageOfPage":{"@id":"https:\/\/president-ksgov.net\/en\/president-osmani-met-with-the-new-prime-minister-of-estonia-kristen-michal-grateful-for-estonias-strong-support\/#primaryimage"},"image":{"@id":"https:\/\/president-ksgov.net\/en\/president-osmani-met-with-the-new-prime-minister-of-estonia-kristen-michal-grateful-for-estonias-strong-support\/#primaryimage"},"thumbnailUrl":"https:\/\/president-ksgov.net\/wp-content\/uploads\/Presidentja-Osmani-takoi-Kryeministrin-e-ri-te-Estonis_1.jpg","datePublished":"2024-11-08T09:00:14+00:00","dateModified":"2024-11-08T13:27:00+00:00","author":{"@id":"https:\/\/president-ksgov.net\/#\/schema\/person\/7c46f744a99d3f1616b92658282aa934"},"description":"President Osmani met with the new Prime Minister of Estonia, Kristen Michal: Grateful for Estonia\u2019s strong support - President of the Republic of Kosovo - DR. VJOSA OSMANI - SADRIU -","breadcrumb":{"@id":"https:\/\/president-ksgov.net\/en\/president-osmani-met-with-the-new-prime-minister-of-estonia-kristen-michal-grateful-for-estonias-strong-support\/#breadcrumb"},"inLanguage":"en-US","potentialAction":[{"@type":"ReadAction","target":["https:\/\/president-ksgov.net\/en\/president-osmani-met-with-the-new-prime-minister-of-estonia-kristen-michal-grateful-for-estonias-strong-support\/"]}]},{"@type":"ImageObject","inLanguage":"en-US","@id":"https:\/\/president-ksgov.net\/en\/president-osmani-met-with-the-new-prime-minister-of-estonia-kristen-michal-grateful-for-estonias-strong-support\/#primaryimage","url":"https:\/\/president-ksgov.net\/wp-content\/uploads\/Presidentja-Osmani-takoi-Kryeministrin-e-ri-te-Estonis_1.jpg","contentUrl":"https:\/\/president-ksgov.net\/wp-content\/uploads\/Presidentja-Osmani-takoi-Kryeministrin-e-ri-te-Estonis_1.jpg","width":2048,"height":1366},{"@type":"BreadcrumbList","@id":"https:\/\/president-ksgov.net\/en\/president-osmani-met-with-the-new-prime-minister-of-estonia-kristen-michal-grateful-for-estonias-strong-support\/#breadcrumb","itemListElement":[{"@type":"ListItem","position":1,"name":"Home","item":"https:\/\/president-ksgov.net\/en\/"},{"@type":"ListItem","position":2,"name":"President Osmani met with the new Prime Minister of Estonia, Kristen Michal: Grateful for Estonia\u2019s strong support"}]},{"@type":"WebSite","@id":"https:\/\/president-ksgov.net\/#website","url":"https:\/\/president-ksgov.net\/","name":"Presidente e Republik\u00ebs s\u00eb Kosov\u00ebs","description":"Presidente e Republik\u00ebs s\u00eb Kosov\u00ebs","alternateName":"DR. VJOSA OSMANI - SADRIU","potentialAction":[{"@type":"SearchAction","target":{"@type":"EntryPoint","urlTemplate":"https:\/\/president-ksgov.net\/?s={search_term_string}"},"query-input":{"@type":"PropertyValueSpecification","valueRequired":true,"valueName":"search_term_string"}}],"inLanguage":"en-US"},{"@type":"Person","@id":"https:\/\/president-ksgov.net\/#\/schema\/person\/7c46f744a99d3f1616b92658282aa934","name":"Florent Rrahmani","image":{"@type":"ImageObject","inLanguage":"en-US","@id":"https:\/\/president-ksgov.net\/#\/schema\/person\/image\/","url":"https:\/\/secure.gravatar.com\/avatar\/2545924aa250de68ac8368367a79b663e59571cd131611f54c89b0613a94e230?s=96&d=mm&r=g","contentUrl":"https:\/\/secure.gravatar.com\/avatar\/2545924aa250de68ac8368367a79b663e59571cd131611f54c89b0613a94e230?s=96&d=mm&r=g","caption":"Florent Rrahmani"}}]}},"_links":{"self":[{"href":"https:\/\/president-ksgov.net\/en\/wp-json\/wp\/v2\/posts\/146779","targetHints":{"allow":["GET"]}}],"collection":[{"href":"https:\/\/president-ksgov.net\/en\/wp-json\/wp\/v2\/posts"}],"about":[{"href":"https:\/\/president-ksgov.net\/en\/wp-json\/wp\/v2\/types\/post"}],"author":[{"embeddable":true,"href":"https:\/\/president-ksgov.net\/en\/wp-json\/wp\/v2\/users\/9"}],"replies":[{"embeddable":true,"href":"https:\/\/president-ksgov.net\/en\/wp-json\/wp\/v2\/comments?post=146779"}],"version-history":[{"count":1,"href":"https:\/\/president-ksgov.net\/en\/wp-json\/wp\/v2\/posts\/146779\/revisions"}],"predecessor-version":[{"id":146780,"href":"https:\/\/president-ksgov.net\/en\/wp-json\/wp\/v2\/posts\/146779\/revisions\/146780"}],"wp:featuredmedia":[{"embeddable":true,"href":"https:\/\/president-ksgov.net\/en\/wp-json\/wp\/v2\/media\/146729"}],"wp:attachment":[{"href":"https:\/\/president-ksgov.net\/en\/wp-json\/wp\/v2\/media?parent=146779"}],"wp:term":[{"taxonomy":"category","embeddable":true,"href":"https:\/\/president-ksgov.net\/en\/wp-json\/wp\/v2\/categories?post=146779"},{"taxonomy":"post_tag","embeddable":true,"href":"https:\/\/president-ksgov.net\/en\/wp-json\/wp\/v2\/tags?post=146779"}],"curies":[{"name":"wp","href":"https:\/\/api.w.org\/{rel}","templated":true}]}}