{"id":146556,"date":"2024-11-06T14:52:51","date_gmt":"2024-11-06T13:52:51","guid":{"rendered":"https:\/\/president-ksgov.net\/?p=146556"},"modified":"2024-11-07T14:47:32","modified_gmt":"2024-11-07T13:47:32","slug":"president-osmani-represents-the-republic-of-kosovo-at-the-european-political-community-summit-in-hungary","status":"publish","type":"post","link":"https:\/\/president-ksgov.net\/en\/president-osmani-represents-the-republic-of-kosovo-at-the-european-political-community-summit-in-hungary\/","title":{"rendered":"President Osmani represents the Republic of Kosovo at the European Political Community Summit in Hungary"},"content":{"rendered":"<p>The President of the Republic of Kosovo, Vjosa Osmani, has travelled to Hungary, where she will represent the Republic of Kosovo at the 5th European Political Community Summit (EPC) in Hungary.<\/p>\n<p>The upcoming meeting of the European Political Community will bring together leaders from 47 countries from the entire continent in Budapest.<\/p>\n<p>At the summit, President Osmani along with other leaders will discuss security challenges in Europe, caused by the war in Ukraine, escalation of the crisis in the Middle East, migration and economic challenges.<\/p>\n<p>President Osmani will participate in two plenary sessions of the EPC, and will deliver two speeches, one at the plenary session and the other at the roundtable on economic security.<\/p>\n<p>Under the framework of the Summit, President Osmani will have bilateral meetings with other European leaders.<\/p>\n<p>During her stay in Budapest, President Osmani is also expected to have a meeting with the Albanian diaspora in Hungary.<\/p>\n<p>The European Political Community is a platform for European leaders to discuss key issues facing the continent, from security and migration to economic stability and the environment. Launched in 2022, the EPC aims to strengthen political and economic ties across Europe, provide solutions to common challenges and deepen cooperation between EU countries and beyond.<\/p>\n","protected":false},"excerpt":{"rendered":"<p>The President of the Republic of Kosovo, Vjosa Osmani, has travelled to Hungary, where she will represent the Republic of Kosovo at the 5th European Political Community Summit (EPC) in Hungary. The upcoming meeting of the European Political Community will bring together leaders from 47 countries from the entire continent in Budapest. At the summit, President Osmani along with other leaders will discuss security challenges in Europe, caused by the war in Ukraine, escalation of the crisis in the Middle East, migration and economic challenges. President Osmani will participate in two plenary sessions of the EPC, and will deliver two speeches, one at the plenary session and the other at the roundtable on economic security. Under the framework of the Summit, President Osmani will have bilateral meetings with other European leaders. During her stay in Budapest, President Osmani is also expected to have a meeting with the Albanian diaspora in Hungary. The European Political Community is a platform for European leaders to discuss key issues facing the continent, from security and migration to economic stability and the environment. Launched in 2022, the EPC aims to strengthen political and economic ties across Europe, provide solutions to common challenges and deepen cooperation between EU countries and beyond.<\/p>\n","protected":false},"author":9,"featured_media":146528,"comment_status":"closed","ping_status":"closed","sticky":false,"template":"","format":"standard","meta":{"_eb_attr":"","footnotes":""},"categories":[113,111],"tags":[],"class_list":["post-146556","post","type-post","status-publish","format-standard","has-post-thumbnail","hentry","category-international-visits","category-news"],"yoast_head":"<!-- This site is optimized with the Yoast SEO plugin v23.5 - https:\/\/yoast.com\/wordpress\/plugins\/seo\/ -->\n<title>President Osmani represents the Republic of Kosovo at the European Political Community Summit in Hungary - President of the Republic of Kosovo - DR. VJOSA OSMANI - SADRIU<\/title>\n<meta name=\"description\" content=\"President Osmani represents the Republic of Kosovo at the European Political Community Summit in Hungary - President of the Republic of Kosovo - DR. VJOSA OSMANI - SADRIU -\" \/>\n<meta name=\"robots\" content=\"index, follow, max-snippet:-1, max-image-preview:large, max-video-preview:-1\" \/>\n<link rel=\"canonical\" href=\"https:\/\/president-ksgov.net\/en\/president-osmani-represents-the-republic-of-kosovo-at-the-european-political-community-summit-in-hungary\/\" \/>\n<meta property=\"og:locale\" content=\"en_US\" \/>\n<meta property=\"og:type\" content=\"article\" \/>\n<meta property=\"og:title\" content=\"President Osmani represents the Republic of Kosovo at the European Political Community Summit in Hungary - President of the Republic of Kosovo - DR. VJOSA OSMANI - SADRIU\" \/>\n<meta property=\"og:description\" content=\"President Osmani represents the Republic of Kosovo at the European Political Community Summit in Hungary - President of the Republic of Kosovo - DR. VJOSA OSMANI - SADRIU -\" \/>\n<meta property=\"og:url\" content=\"https:\/\/president-ksgov.net\/en\/president-osmani-represents-the-republic-of-kosovo-at-the-european-political-community-summit-in-hungary\/\" \/>\n<meta property=\"og:site_name\" content=\"President of the Republic of Kosovo - DR. VJOSA OSMANI - SADRIU\" \/>\n<meta property=\"article:published_time\" content=\"2024-11-06T13:52:51+00:00\" \/>\n<meta property=\"article:modified_time\" content=\"2024-11-07T13:47:32+00:00\" \/>\n<meta property=\"og:image\" content=\"https:\/\/president-ksgov.net\/wp-content\/uploads\/Presidentja-Osmani-perfaqeson-Republiken-e-Kosoves-ne-samitin-e-lidereve-te-Komunitetit-Politik-Evropian-ne.jpeg\" \/>\n\t<meta property=\"og:image:width\" content=\"1600\" \/>\n\t<meta property=\"og:image:height\" content=\"1066\" \/>\n\t<meta property=\"og:image:type\" content=\"image\/jpeg\" \/>\n<meta name=\"author\" content=\"Florent Rrahmani\" \/>\n<meta name=\"twitter:card\" content=\"summary_large_image\" \/>\n<meta name=\"twitter:label1\" content=\"Written by\" \/>\n\t<meta name=\"twitter:data1\" content=\"Florent Rrahmani\" \/>\n\t<meta name=\"twitter:label2\" content=\"Est. reading time\" \/>\n\t<meta name=\"twitter:data2\" content=\"2 minutes\" \/>\n<script type=\"application\/ld+json\" class=\"yoast-schema-graph\">{\"@context\":\"https:\/\/schema.org\",\"@graph\":[{\"@type\":\"WebPage\",\"@id\":\"https:\/\/president-ksgov.net\/en\/president-osmani-represents-the-republic-of-kosovo-at-the-european-political-community-summit-in-hungary\/\",\"url\":\"https:\/\/president-ksgov.net\/en\/president-osmani-represents-the-republic-of-kosovo-at-the-european-political-community-summit-in-hungary\/\",\"name\":\"President Osmani represents the Republic of Kosovo at the European Political Community Summit in Hungary - President of the Republic of Kosovo - DR. VJOSA OSMANI - SADRIU\",\"isPartOf\":{\"@id\":\"https:\/\/president-ksgov.net\/#website\"},\"primaryImageOfPage\":{\"@id\":\"https:\/\/president-ksgov.net\/en\/president-osmani-represents-the-republic-of-kosovo-at-the-european-political-community-summit-in-hungary\/#primaryimage\"},\"image\":{\"@id\":\"https:\/\/president-ksgov.net\/en\/president-osmani-represents-the-republic-of-kosovo-at-the-european-political-community-summit-in-hungary\/#primaryimage\"},\"thumbnailUrl\":\"https:\/\/president-ksgov.net\/wp-content\/uploads\/Presidentja-Osmani-perfaqeson-Republiken-e-Kosoves-ne-samitin-e-lidereve-te-Komunitetit-Politik-Evropian-ne.jpeg\",\"datePublished\":\"2024-11-06T13:52:51+00:00\",\"dateModified\":\"2024-11-07T13:47:32+00:00\",\"author\":{\"@id\":\"https:\/\/president-ksgov.net\/#\/schema\/person\/7c46f744a99d3f1616b92658282aa934\"},\"description\":\"President Osmani represents the Republic of Kosovo at the European Political Community Summit in Hungary - President of the Republic of Kosovo - DR. VJOSA OSMANI - SADRIU -\",\"breadcrumb\":{\"@id\":\"https:\/\/president-ksgov.net\/en\/president-osmani-represents-the-republic-of-kosovo-at-the-european-political-community-summit-in-hungary\/#breadcrumb\"},\"inLanguage\":\"en-US\",\"potentialAction\":[{\"@type\":\"ReadAction\",\"target\":[\"https:\/\/president-ksgov.net\/en\/president-osmani-represents-the-republic-of-kosovo-at-the-european-political-community-summit-in-hungary\/\"]}]},{\"@type\":\"ImageObject\",\"inLanguage\":\"en-US\",\"@id\":\"https:\/\/president-ksgov.net\/en\/president-osmani-represents-the-republic-of-kosovo-at-the-european-political-community-summit-in-hungary\/#primaryimage\",\"url\":\"https:\/\/president-ksgov.net\/wp-content\/uploads\/Presidentja-Osmani-perfaqeson-Republiken-e-Kosoves-ne-samitin-e-lidereve-te-Komunitetit-Politik-Evropian-ne.jpeg\",\"contentUrl\":\"https:\/\/president-ksgov.net\/wp-content\/uploads\/Presidentja-Osmani-perfaqeson-Republiken-e-Kosoves-ne-samitin-e-lidereve-te-Komunitetit-Politik-Evropian-ne.jpeg\",\"width\":1600,\"height\":1066},{\"@type\":\"BreadcrumbList\",\"@id\":\"https:\/\/president-ksgov.net\/en\/president-osmani-represents-the-republic-of-kosovo-at-the-european-political-community-summit-in-hungary\/#breadcrumb\",\"itemListElement\":[{\"@type\":\"ListItem\",\"position\":1,\"name\":\"Home\",\"item\":\"https:\/\/president-ksgov.net\/en\/\"},{\"@type\":\"ListItem\",\"position\":2,\"name\":\"President Osmani represents the Republic of Kosovo at the European Political Community Summit in Hungary\"}]},{\"@type\":\"WebSite\",\"@id\":\"https:\/\/president-ksgov.net\/#website\",\"url\":\"https:\/\/president-ksgov.net\/\",\"name\":\"Presidente e Republik\u00ebs s\u00eb Kosov\u00ebs\",\"description\":\"Presidente e Republik\u00ebs s\u00eb Kosov\u00ebs\",\"alternateName\":\"DR. VJOSA OSMANI - SADRIU\",\"potentialAction\":[{\"@type\":\"SearchAction\",\"target\":{\"@type\":\"EntryPoint\",\"urlTemplate\":\"https:\/\/president-ksgov.net\/?s={search_term_string}\"},\"query-input\":{\"@type\":\"PropertyValueSpecification\",\"valueRequired\":true,\"valueName\":\"search_term_string\"}}],\"inLanguage\":\"en-US\"},{\"@type\":\"Person\",\"@id\":\"https:\/\/president-ksgov.net\/#\/schema\/person\/7c46f744a99d3f1616b92658282aa934\",\"name\":\"Florent Rrahmani\",\"image\":{\"@type\":\"ImageObject\",\"inLanguage\":\"en-US\",\"@id\":\"https:\/\/president-ksgov.net\/#\/schema\/person\/image\/\",\"url\":\"https:\/\/secure.gravatar.com\/avatar\/2545924aa250de68ac8368367a79b663e59571cd131611f54c89b0613a94e230?s=96&d=mm&r=g\",\"contentUrl\":\"https:\/\/secure.gravatar.com\/avatar\/2545924aa250de68ac8368367a79b663e59571cd131611f54c89b0613a94e230?s=96&d=mm&r=g\",\"caption\":\"Florent Rrahmani\"}}]}<\/script>\n<!-- \/ Yoast SEO plugin. -->","yoast_head_json":{"title":"President Osmani represents the Republic of Kosovo at the European Political Community Summit in Hungary - President of the Republic of Kosovo - DR. VJOSA OSMANI - SADRIU","description":"President Osmani represents the Republic of Kosovo at the European Political Community Summit in Hungary - President of the Republic of Kosovo - DR. VJOSA OSMANI - SADRIU -","robots":{"index":"index","follow":"follow","max-snippet":"max-snippet:-1","max-image-preview":"max-image-preview:large","max-video-preview":"max-video-preview:-1"},"canonical":"https:\/\/president-ksgov.net\/en\/president-osmani-represents-the-republic-of-kosovo-at-the-european-political-community-summit-in-hungary\/","og_locale":"en_US","og_type":"article","og_title":"President Osmani represents the Republic of Kosovo at the European Political Community Summit in Hungary - President of the Republic of Kosovo - DR. VJOSA OSMANI - SADRIU","og_description":"President Osmani represents the Republic of Kosovo at the European Political Community Summit in Hungary - President of the Republic of Kosovo - DR. VJOSA OSMANI - SADRIU -","og_url":"https:\/\/president-ksgov.net\/en\/president-osmani-represents-the-republic-of-kosovo-at-the-european-political-community-summit-in-hungary\/","og_site_name":"President of the Republic of Kosovo - DR. VJOSA OSMANI - SADRIU","article_published_time":"2024-11-06T13:52:51+00:00","article_modified_time":"2024-11-07T13:47:32+00:00","og_image":[{"width":1600,"height":1066,"url":"https:\/\/president-ksgov.net\/wp-content\/uploads\/Presidentja-Osmani-perfaqeson-Republiken-e-Kosoves-ne-samitin-e-lidereve-te-Komunitetit-Politik-Evropian-ne.jpeg","type":"image\/jpeg"}],"author":"Florent Rrahmani","twitter_card":"summary_large_image","twitter_misc":{"Written by":"Florent Rrahmani","Est. reading time":"2 minutes"},"schema":{"@context":"https:\/\/schema.org","@graph":[{"@type":"WebPage","@id":"https:\/\/president-ksgov.net\/en\/president-osmani-represents-the-republic-of-kosovo-at-the-european-political-community-summit-in-hungary\/","url":"https:\/\/president-ksgov.net\/en\/president-osmani-represents-the-republic-of-kosovo-at-the-european-political-community-summit-in-hungary\/","name":"President Osmani represents the Republic of Kosovo at the European Political Community Summit in Hungary - President of the Republic of Kosovo - DR. VJOSA OSMANI - SADRIU","isPartOf":{"@id":"https:\/\/president-ksgov.net\/#website"},"primaryImageOfPage":{"@id":"https:\/\/president-ksgov.net\/en\/president-osmani-represents-the-republic-of-kosovo-at-the-european-political-community-summit-in-hungary\/#primaryimage"},"image":{"@id":"https:\/\/president-ksgov.net\/en\/president-osmani-represents-the-republic-of-kosovo-at-the-european-political-community-summit-in-hungary\/#primaryimage"},"thumbnailUrl":"https:\/\/president-ksgov.net\/wp-content\/uploads\/Presidentja-Osmani-perfaqeson-Republiken-e-Kosoves-ne-samitin-e-lidereve-te-Komunitetit-Politik-Evropian-ne.jpeg","datePublished":"2024-11-06T13:52:51+00:00","dateModified":"2024-11-07T13:47:32+00:00","author":{"@id":"https:\/\/president-ksgov.net\/#\/schema\/person\/7c46f744a99d3f1616b92658282aa934"},"description":"President Osmani represents the Republic of Kosovo at the European Political Community Summit in Hungary - President of the Republic of Kosovo - DR. VJOSA OSMANI - SADRIU -","breadcrumb":{"@id":"https:\/\/president-ksgov.net\/en\/president-osmani-represents-the-republic-of-kosovo-at-the-european-political-community-summit-in-hungary\/#breadcrumb"},"inLanguage":"en-US","potentialAction":[{"@type":"ReadAction","target":["https:\/\/president-ksgov.net\/en\/president-osmani-represents-the-republic-of-kosovo-at-the-european-political-community-summit-in-hungary\/"]}]},{"@type":"ImageObject","inLanguage":"en-US","@id":"https:\/\/president-ksgov.net\/en\/president-osmani-represents-the-republic-of-kosovo-at-the-european-political-community-summit-in-hungary\/#primaryimage","url":"https:\/\/president-ksgov.net\/wp-content\/uploads\/Presidentja-Osmani-perfaqeson-Republiken-e-Kosoves-ne-samitin-e-lidereve-te-Komunitetit-Politik-Evropian-ne.jpeg","contentUrl":"https:\/\/president-ksgov.net\/wp-content\/uploads\/Presidentja-Osmani-perfaqeson-Republiken-e-Kosoves-ne-samitin-e-lidereve-te-Komunitetit-Politik-Evropian-ne.jpeg","width":1600,"height":1066},{"@type":"BreadcrumbList","@id":"https:\/\/president-ksgov.net\/en\/president-osmani-represents-the-republic-of-kosovo-at-the-european-political-community-summit-in-hungary\/#breadcrumb","itemListElement":[{"@type":"ListItem","position":1,"name":"Home","item":"https:\/\/president-ksgov.net\/en\/"},{"@type":"ListItem","position":2,"name":"President Osmani represents the Republic of Kosovo at the European Political Community Summit in Hungary"}]},{"@type":"WebSite","@id":"https:\/\/president-ksgov.net\/#website","url":"https:\/\/president-ksgov.net\/","name":"Presidente e Republik\u00ebs s\u00eb Kosov\u00ebs","description":"Presidente e Republik\u00ebs s\u00eb Kosov\u00ebs","alternateName":"DR. VJOSA OSMANI - SADRIU","potentialAction":[{"@type":"SearchAction","target":{"@type":"EntryPoint","urlTemplate":"https:\/\/president-ksgov.net\/?s={search_term_string}"},"query-input":{"@type":"PropertyValueSpecification","valueRequired":true,"valueName":"search_term_string"}}],"inLanguage":"en-US"},{"@type":"Person","@id":"https:\/\/president-ksgov.net\/#\/schema\/person\/7c46f744a99d3f1616b92658282aa934","name":"Florent Rrahmani","image":{"@type":"ImageObject","inLanguage":"en-US","@id":"https:\/\/president-ksgov.net\/#\/schema\/person\/image\/","url":"https:\/\/secure.gravatar.com\/avatar\/2545924aa250de68ac8368367a79b663e59571cd131611f54c89b0613a94e230?s=96&d=mm&r=g","contentUrl":"https:\/\/secure.gravatar.com\/avatar\/2545924aa250de68ac8368367a79b663e59571cd131611f54c89b0613a94e230?s=96&d=mm&r=g","caption":"Florent Rrahmani"}}]}},"_links":{"self":[{"href":"https:\/\/president-ksgov.net\/en\/wp-json\/wp\/v2\/posts\/146556","targetHints":{"allow":["GET"]}}],"collection":[{"href":"https:\/\/president-ksgov.net\/en\/wp-json\/wp\/v2\/posts"}],"about":[{"href":"https:\/\/president-ksgov.net\/en\/wp-json\/wp\/v2\/types\/post"}],"author":[{"embeddable":true,"href":"https:\/\/president-ksgov.net\/en\/wp-json\/wp\/v2\/users\/9"}],"replies":[{"embeddable":true,"href":"https:\/\/president-ksgov.net\/en\/wp-json\/wp\/v2\/comments?post=146556"}],"version-history":[{"count":1,"href":"https:\/\/president-ksgov.net\/en\/wp-json\/wp\/v2\/posts\/146556\/revisions"}],"predecessor-version":[{"id":146557,"href":"https:\/\/president-ksgov.net\/en\/wp-json\/wp\/v2\/posts\/146556\/revisions\/146557"}],"wp:featuredmedia":[{"embeddable":true,"href":"https:\/\/president-ksgov.net\/en\/wp-json\/wp\/v2\/media\/146528"}],"wp:attachment":[{"href":"https:\/\/president-ksgov.net\/en\/wp-json\/wp\/v2\/media?parent=146556"}],"wp:term":[{"taxonomy":"category","embeddable":true,"href":"https:\/\/president-ksgov.net\/en\/wp-json\/wp\/v2\/categories?post=146556"},{"taxonomy":"post_tag","embeddable":true,"href":"https:\/\/president-ksgov.net\/en\/wp-json\/wp\/v2\/tags?post=146556"}],"curies":[{"name":"wp","href":"https:\/\/api.w.org\/{rel}","templated":true}]}}