{"id":146549,"date":"2024-11-07T14:07:16","date_gmt":"2024-11-07T13:07:16","guid":{"rendered":"https:\/\/president-ksgov.net\/?p=146549"},"modified":"2026-01-22T10:45:05","modified_gmt":"2026-01-22T09:45:05","slug":"president-osmanis-arrival-at-the-european-political-community-summit-in-budapest-and-media-statement","status":"publish","type":"post","link":"https:\/\/president-ksgov.net\/en\/president-osmanis-arrival-at-the-european-political-community-summit-in-budapest-and-media-statement\/","title":{"rendered":"President Osmani&#8217;s arrival at the European Political Community Summit in Budapest and media statement"},"content":{"rendered":"<p><iframe width=\"1396\" height=\"785\" src=\"https:\/\/www.youtube.com\/embed\/rFHkXSRC7iM\" title=\"Arritja e Presidentes n\u00eb Samitin e Komunitetit Politik Evropian n\u00eb Budapest dhe deklarimi per media\" frameborder=\"0\" allow=\"accelerometer; autoplay; clipboard-write; encrypted-media; gyroscope; picture-in-picture; web-share\" referrerpolicy=\"strict-origin-when-cross-origin\" allowfullscreen><\/iframe><\/p>\n","protected":false},"excerpt":{"rendered":"","protected":false},"author":15,"featured_media":146542,"comment_status":"closed","ping_status":"closed","sticky":false,"template":"","format":"standard","meta":{"_eb_attr":"","footnotes":""},"categories":[113,111,105],"tags":[],"class_list":["post-146549","post","type-post","status-publish","format-standard","has-post-thumbnail","hentry","category-international-visits","category-news","category-speeches"],"yoast_head":"<!-- This site is optimized with the Yoast SEO plugin v23.5 - https:\/\/yoast.com\/wordpress\/plugins\/seo\/ -->\n<title>President Osmani&#039;s arrival at the European Political Community Summit in Budapest and media statement - President of the Republic of Kosovo - DR. VJOSA OSMANI - SADRIU<\/title>\n<meta name=\"description\" content=\"President Osmani&#039;s arrival at the European Political Community Summit in Budapest and media statement - President of the Republic of Kosovo - DR. VJOSA OSMANI - SADRIU -\" \/>\n<meta name=\"robots\" content=\"index, follow, max-snippet:-1, max-image-preview:large, max-video-preview:-1\" \/>\n<link rel=\"canonical\" href=\"https:\/\/president-ksgov.net\/en\/president-osmanis-arrival-at-the-european-political-community-summit-in-budapest-and-media-statement\/\" \/>\n<meta property=\"og:locale\" content=\"en_US\" \/>\n<meta property=\"og:type\" content=\"article\" \/>\n<meta property=\"og:title\" content=\"President Osmani&#039;s arrival at the European Political Community Summit in Budapest and media statement - President of the Republic of Kosovo - DR. VJOSA OSMANI - SADRIU\" \/>\n<meta property=\"og:description\" content=\"President Osmani&#039;s arrival at the European Political Community Summit in Budapest and media statement - President of the Republic of Kosovo - DR. VJOSA OSMANI - SADRIU -\" \/>\n<meta property=\"og:url\" content=\"https:\/\/president-ksgov.net\/en\/president-osmanis-arrival-at-the-european-political-community-summit-in-budapest-and-media-statement\/\" \/>\n<meta property=\"og:site_name\" content=\"President of the Republic of Kosovo - DR. VJOSA OSMANI - SADRIU\" \/>\n<meta property=\"article:published_time\" content=\"2024-11-07T13:07:16+00:00\" \/>\n<meta property=\"article:modified_time\" content=\"2026-01-22T09:45:05+00:00\" \/>\n<meta property=\"og:image\" content=\"https:\/\/president-ksgov.net\/wp-content\/uploads\/e2f34308-3d18-42bf-96f7-cc6a2410b69d.jpeg\" \/>\n\t<meta property=\"og:image:width\" content=\"2560\" \/>\n\t<meta property=\"og:image:height\" content=\"1821\" \/>\n\t<meta property=\"og:image:type\" content=\"image\/jpeg\" \/>\n<meta name=\"author\" content=\"Elza Haxhiu\" \/>\n<meta name=\"twitter:card\" content=\"summary_large_image\" \/>\n<meta name=\"twitter:label1\" content=\"Written by\" \/>\n\t<meta name=\"twitter:data1\" content=\"Elza Haxhiu\" \/>\n\t<meta name=\"twitter:label2\" content=\"Est. reading time\" \/>\n\t<meta name=\"twitter:data2\" content=\"1 minute\" \/>\n<script type=\"application\/ld+json\" class=\"yoast-schema-graph\">{\"@context\":\"https:\/\/schema.org\",\"@graph\":[{\"@type\":\"WebPage\",\"@id\":\"https:\/\/president-ksgov.net\/en\/president-osmanis-arrival-at-the-european-political-community-summit-in-budapest-and-media-statement\/\",\"url\":\"https:\/\/president-ksgov.net\/en\/president-osmanis-arrival-at-the-european-political-community-summit-in-budapest-and-media-statement\/\",\"name\":\"President Osmani's arrival at the European Political Community Summit in Budapest and media statement - President of the Republic of Kosovo - DR. VJOSA OSMANI - SADRIU\",\"isPartOf\":{\"@id\":\"https:\/\/president-ksgov.net\/#website\"},\"primaryImageOfPage\":{\"@id\":\"https:\/\/president-ksgov.net\/en\/president-osmanis-arrival-at-the-european-political-community-summit-in-budapest-and-media-statement\/#primaryimage\"},\"image\":{\"@id\":\"https:\/\/president-ksgov.net\/en\/president-osmanis-arrival-at-the-european-political-community-summit-in-budapest-and-media-statement\/#primaryimage\"},\"thumbnailUrl\":\"https:\/\/president-ksgov.net\/wp-content\/uploads\/e2f34308-3d18-42bf-96f7-cc6a2410b69d.jpeg\",\"datePublished\":\"2024-11-07T13:07:16+00:00\",\"dateModified\":\"2026-01-22T09:45:05+00:00\",\"author\":{\"@id\":\"https:\/\/president-ksgov.net\/#\/schema\/person\/75ba04a42c4bb79cfdc00931b1a2304c\"},\"description\":\"President Osmani's arrival at the European Political Community Summit in Budapest and media statement - President of the Republic of Kosovo - DR. VJOSA OSMANI - SADRIU -\",\"breadcrumb\":{\"@id\":\"https:\/\/president-ksgov.net\/en\/president-osmanis-arrival-at-the-european-political-community-summit-in-budapest-and-media-statement\/#breadcrumb\"},\"inLanguage\":\"en-US\",\"potentialAction\":[{\"@type\":\"ReadAction\",\"target\":[\"https:\/\/president-ksgov.net\/en\/president-osmanis-arrival-at-the-european-political-community-summit-in-budapest-and-media-statement\/\"]}]},{\"@type\":\"ImageObject\",\"inLanguage\":\"en-US\",\"@id\":\"https:\/\/president-ksgov.net\/en\/president-osmanis-arrival-at-the-european-political-community-summit-in-budapest-and-media-statement\/#primaryimage\",\"url\":\"https:\/\/president-ksgov.net\/wp-content\/uploads\/e2f34308-3d18-42bf-96f7-cc6a2410b69d.jpeg\",\"contentUrl\":\"https:\/\/president-ksgov.net\/wp-content\/uploads\/e2f34308-3d18-42bf-96f7-cc6a2410b69d.jpeg\",\"width\":2560,\"height\":1821},{\"@type\":\"BreadcrumbList\",\"@id\":\"https:\/\/president-ksgov.net\/en\/president-osmanis-arrival-at-the-european-political-community-summit-in-budapest-and-media-statement\/#breadcrumb\",\"itemListElement\":[{\"@type\":\"ListItem\",\"position\":1,\"name\":\"Home\",\"item\":\"https:\/\/president-ksgov.net\/en\/\"},{\"@type\":\"ListItem\",\"position\":2,\"name\":\"President Osmani&#8217;s arrival at the European Political Community Summit in Budapest and media statement\"}]},{\"@type\":\"WebSite\",\"@id\":\"https:\/\/president-ksgov.net\/#website\",\"url\":\"https:\/\/president-ksgov.net\/\",\"name\":\"Presidente e Republik\u00ebs s\u00eb Kosov\u00ebs\",\"description\":\"Presidente e Republik\u00ebs s\u00eb Kosov\u00ebs\",\"alternateName\":\"DR. VJOSA OSMANI - SADRIU\",\"potentialAction\":[{\"@type\":\"SearchAction\",\"target\":{\"@type\":\"EntryPoint\",\"urlTemplate\":\"https:\/\/president-ksgov.net\/?s={search_term_string}\"},\"query-input\":{\"@type\":\"PropertyValueSpecification\",\"valueRequired\":true,\"valueName\":\"search_term_string\"}}],\"inLanguage\":\"en-US\"},{\"@type\":\"Person\",\"@id\":\"https:\/\/president-ksgov.net\/#\/schema\/person\/75ba04a42c4bb79cfdc00931b1a2304c\",\"name\":\"Elza Haxhiu\",\"image\":{\"@type\":\"ImageObject\",\"inLanguage\":\"en-US\",\"@id\":\"https:\/\/president-ksgov.net\/#\/schema\/person\/image\/\",\"url\":\"https:\/\/secure.gravatar.com\/avatar\/3a24df7fd6c47bcca39e7d7e0c3a2451758793491bc7c276ec3a9b2a49af2cf2?s=96&d=mm&r=g\",\"contentUrl\":\"https:\/\/secure.gravatar.com\/avatar\/3a24df7fd6c47bcca39e7d7e0c3a2451758793491bc7c276ec3a9b2a49af2cf2?s=96&d=mm&r=g\",\"caption\":\"Elza Haxhiu\"}}]}<\/script>\n<!-- \/ Yoast SEO plugin. -->","yoast_head_json":{"title":"President Osmani's arrival at the European Political Community Summit in Budapest and media statement - President of the Republic of Kosovo - DR. VJOSA OSMANI - SADRIU","description":"President Osmani's arrival at the European Political Community Summit in Budapest and media statement - President of the Republic of Kosovo - DR. VJOSA OSMANI - SADRIU -","robots":{"index":"index","follow":"follow","max-snippet":"max-snippet:-1","max-image-preview":"max-image-preview:large","max-video-preview":"max-video-preview:-1"},"canonical":"https:\/\/president-ksgov.net\/en\/president-osmanis-arrival-at-the-european-political-community-summit-in-budapest-and-media-statement\/","og_locale":"en_US","og_type":"article","og_title":"President Osmani's arrival at the European Political Community Summit in Budapest and media statement - President of the Republic of Kosovo - DR. VJOSA OSMANI - SADRIU","og_description":"President Osmani's arrival at the European Political Community Summit in Budapest and media statement - President of the Republic of Kosovo - DR. VJOSA OSMANI - SADRIU -","og_url":"https:\/\/president-ksgov.net\/en\/president-osmanis-arrival-at-the-european-political-community-summit-in-budapest-and-media-statement\/","og_site_name":"President of the Republic of Kosovo - DR. VJOSA OSMANI - SADRIU","article_published_time":"2024-11-07T13:07:16+00:00","article_modified_time":"2026-01-22T09:45:05+00:00","og_image":[{"width":2560,"height":1821,"url":"https:\/\/president-ksgov.net\/wp-content\/uploads\/e2f34308-3d18-42bf-96f7-cc6a2410b69d.jpeg","type":"image\/jpeg"}],"author":"Elza Haxhiu","twitter_card":"summary_large_image","twitter_misc":{"Written by":"Elza Haxhiu","Est. reading time":"1 minute"},"schema":{"@context":"https:\/\/schema.org","@graph":[{"@type":"WebPage","@id":"https:\/\/president-ksgov.net\/en\/president-osmanis-arrival-at-the-european-political-community-summit-in-budapest-and-media-statement\/","url":"https:\/\/president-ksgov.net\/en\/president-osmanis-arrival-at-the-european-political-community-summit-in-budapest-and-media-statement\/","name":"President Osmani's arrival at the European Political Community Summit in Budapest and media statement - President of the Republic of Kosovo - DR. VJOSA OSMANI - SADRIU","isPartOf":{"@id":"https:\/\/president-ksgov.net\/#website"},"primaryImageOfPage":{"@id":"https:\/\/president-ksgov.net\/en\/president-osmanis-arrival-at-the-european-political-community-summit-in-budapest-and-media-statement\/#primaryimage"},"image":{"@id":"https:\/\/president-ksgov.net\/en\/president-osmanis-arrival-at-the-european-political-community-summit-in-budapest-and-media-statement\/#primaryimage"},"thumbnailUrl":"https:\/\/president-ksgov.net\/wp-content\/uploads\/e2f34308-3d18-42bf-96f7-cc6a2410b69d.jpeg","datePublished":"2024-11-07T13:07:16+00:00","dateModified":"2026-01-22T09:45:05+00:00","author":{"@id":"https:\/\/president-ksgov.net\/#\/schema\/person\/75ba04a42c4bb79cfdc00931b1a2304c"},"description":"President Osmani's arrival at the European Political Community Summit in Budapest and media statement - President of the Republic of Kosovo - DR. VJOSA OSMANI - SADRIU -","breadcrumb":{"@id":"https:\/\/president-ksgov.net\/en\/president-osmanis-arrival-at-the-european-political-community-summit-in-budapest-and-media-statement\/#breadcrumb"},"inLanguage":"en-US","potentialAction":[{"@type":"ReadAction","target":["https:\/\/president-ksgov.net\/en\/president-osmanis-arrival-at-the-european-political-community-summit-in-budapest-and-media-statement\/"]}]},{"@type":"ImageObject","inLanguage":"en-US","@id":"https:\/\/president-ksgov.net\/en\/president-osmanis-arrival-at-the-european-political-community-summit-in-budapest-and-media-statement\/#primaryimage","url":"https:\/\/president-ksgov.net\/wp-content\/uploads\/e2f34308-3d18-42bf-96f7-cc6a2410b69d.jpeg","contentUrl":"https:\/\/president-ksgov.net\/wp-content\/uploads\/e2f34308-3d18-42bf-96f7-cc6a2410b69d.jpeg","width":2560,"height":1821},{"@type":"BreadcrumbList","@id":"https:\/\/president-ksgov.net\/en\/president-osmanis-arrival-at-the-european-political-community-summit-in-budapest-and-media-statement\/#breadcrumb","itemListElement":[{"@type":"ListItem","position":1,"name":"Home","item":"https:\/\/president-ksgov.net\/en\/"},{"@type":"ListItem","position":2,"name":"President Osmani&#8217;s arrival at the European Political Community Summit in Budapest and media statement"}]},{"@type":"WebSite","@id":"https:\/\/president-ksgov.net\/#website","url":"https:\/\/president-ksgov.net\/","name":"Presidente e Republik\u00ebs s\u00eb Kosov\u00ebs","description":"Presidente e Republik\u00ebs s\u00eb Kosov\u00ebs","alternateName":"DR. VJOSA OSMANI - SADRIU","potentialAction":[{"@type":"SearchAction","target":{"@type":"EntryPoint","urlTemplate":"https:\/\/president-ksgov.net\/?s={search_term_string}"},"query-input":{"@type":"PropertyValueSpecification","valueRequired":true,"valueName":"search_term_string"}}],"inLanguage":"en-US"},{"@type":"Person","@id":"https:\/\/president-ksgov.net\/#\/schema\/person\/75ba04a42c4bb79cfdc00931b1a2304c","name":"Elza Haxhiu","image":{"@type":"ImageObject","inLanguage":"en-US","@id":"https:\/\/president-ksgov.net\/#\/schema\/person\/image\/","url":"https:\/\/secure.gravatar.com\/avatar\/3a24df7fd6c47bcca39e7d7e0c3a2451758793491bc7c276ec3a9b2a49af2cf2?s=96&d=mm&r=g","contentUrl":"https:\/\/secure.gravatar.com\/avatar\/3a24df7fd6c47bcca39e7d7e0c3a2451758793491bc7c276ec3a9b2a49af2cf2?s=96&d=mm&r=g","caption":"Elza Haxhiu"}}]}},"_links":{"self":[{"href":"https:\/\/president-ksgov.net\/en\/wp-json\/wp\/v2\/posts\/146549","targetHints":{"allow":["GET"]}}],"collection":[{"href":"https:\/\/president-ksgov.net\/en\/wp-json\/wp\/v2\/posts"}],"about":[{"href":"https:\/\/president-ksgov.net\/en\/wp-json\/wp\/v2\/types\/post"}],"author":[{"embeddable":true,"href":"https:\/\/president-ksgov.net\/en\/wp-json\/wp\/v2\/users\/15"}],"replies":[{"embeddable":true,"href":"https:\/\/president-ksgov.net\/en\/wp-json\/wp\/v2\/comments?post=146549"}],"version-history":[{"count":2,"href":"https:\/\/president-ksgov.net\/en\/wp-json\/wp\/v2\/posts\/146549\/revisions"}],"predecessor-version":[{"id":180510,"href":"https:\/\/president-ksgov.net\/en\/wp-json\/wp\/v2\/posts\/146549\/revisions\/180510"}],"wp:featuredmedia":[{"embeddable":true,"href":"https:\/\/president-ksgov.net\/en\/wp-json\/wp\/v2\/media\/146542"}],"wp:attachment":[{"href":"https:\/\/president-ksgov.net\/en\/wp-json\/wp\/v2\/media?parent=146549"}],"wp:term":[{"taxonomy":"category","embeddable":true,"href":"https:\/\/president-ksgov.net\/en\/wp-json\/wp\/v2\/categories?post=146549"},{"taxonomy":"post_tag","embeddable":true,"href":"https:\/\/president-ksgov.net\/en\/wp-json\/wp\/v2\/tags?post=146549"}],"curies":[{"name":"wp","href":"https:\/\/api.w.org\/{rel}","templated":true}]}}