{"id":145881,"date":"2024-10-22T17:25:52","date_gmt":"2024-10-22T15:25:52","guid":{"rendered":"https:\/\/president-ksgov.net\/?p=145881"},"modified":"2024-10-23T09:29:31","modified_gmt":"2024-10-23T07:29:31","slug":"the-first-gentleman-of-the-republic-of-kosovo-prindon-sadriu-participated-at-the-change-of-the-kfor-regional-command-east-ceremony","status":"publish","type":"post","link":"https:\/\/president-ksgov.net\/en\/the-first-gentleman-of-the-republic-of-kosovo-prindon-sadriu-participated-at-the-change-of-the-kfor-regional-command-east-ceremony\/","title":{"rendered":"The First Gentleman of the Republic of Kosovo Prindon Sadriu, participated at the change of the KFOR Regional Command &#8211; East ceremony"},"content":{"rendered":"<p>The First Gentleman of the Republic of Kosovo Prindon Sadriu, at the invitation of the Commander of the Bondsteel military camp, respectively the Commander of the Regional Command &#8211; East, participated at the Ceremony of the change of the Regional Command &#8211; East of the NATO mission in Kosovo- KFOR, which was held at the US military Camp Bondsteel. On this occasion, the First Gentleman expressed the appreciation and gratitude to the outgoing Commander of the American armed forces, Colonel Baker, and wished the new Commander Colonel Helzer, a warm welcome and great success in accomplishment of his important task.<\/p>\n","protected":false},"excerpt":{"rendered":"<p>The First Gentleman of the Republic of Kosovo Prindon Sadriu, at the invitation of the Commander of the Bondsteel military camp, respectively the Commander of the Regional Command &#8211; East, participated at the Ceremony of the change of the Regional Command &#8211; East of the NATO mission in Kosovo- KFOR, which was held at the US military Camp Bondsteel. On this occasion, the First Gentleman expressed the appreciation and gratitude to the outgoing Commander of the American armed forces, Colonel Baker, and wished the new Commander Colonel Helzer, a warm welcome and great success in accomplishment of his important task.<\/p>\n","protected":false},"author":9,"featured_media":145785,"comment_status":"closed","ping_status":"closed","sticky":false,"template":"","format":"standard","meta":{"_eb_attr":"","footnotes":""},"categories":[111],"tags":[],"class_list":["post-145881","post","type-post","status-publish","format-standard","has-post-thumbnail","hentry","category-news"],"yoast_head":"<!-- This site is optimized with the Yoast SEO plugin v23.5 - https:\/\/yoast.com\/wordpress\/plugins\/seo\/ -->\n<title>The First Gentleman of the Republic of Kosovo Prindon Sadriu, participated at the change of the KFOR Regional Command - East ceremony - President of the Republic of Kosovo - DR. VJOSA OSMANI - SADRIU<\/title>\n<meta name=\"description\" content=\"The First Gentleman of the Republic of Kosovo Prindon Sadriu, participated at the change of the KFOR Regional Command - East ceremony - President of the Republic of Kosovo - DR. VJOSA OSMANI - SADRIU -\" \/>\n<meta name=\"robots\" content=\"index, follow, max-snippet:-1, max-image-preview:large, max-video-preview:-1\" \/>\n<link rel=\"canonical\" href=\"https:\/\/president-ksgov.net\/en\/the-first-gentleman-of-the-republic-of-kosovo-prindon-sadriu-participated-at-the-change-of-the-kfor-regional-command-east-ceremony\/\" \/>\n<meta property=\"og:locale\" content=\"en_US\" \/>\n<meta property=\"og:type\" content=\"article\" \/>\n<meta property=\"og:title\" content=\"The First Gentleman of the Republic of Kosovo Prindon Sadriu, participated at the change of the KFOR Regional Command - East ceremony - President of the Republic of Kosovo - DR. VJOSA OSMANI - SADRIU\" \/>\n<meta property=\"og:description\" content=\"The First Gentleman of the Republic of Kosovo Prindon Sadriu, participated at the change of the KFOR Regional Command - East ceremony - President of the Republic of Kosovo - DR. VJOSA OSMANI - SADRIU -\" \/>\n<meta property=\"og:url\" content=\"https:\/\/president-ksgov.net\/en\/the-first-gentleman-of-the-republic-of-kosovo-prindon-sadriu-participated-at-the-change-of-the-kfor-regional-command-east-ceremony\/\" \/>\n<meta property=\"og:site_name\" content=\"President of the Republic of Kosovo - DR. VJOSA OSMANI - SADRIU\" \/>\n<meta property=\"article:published_time\" content=\"2024-10-22T15:25:52+00:00\" \/>\n<meta property=\"article:modified_time\" content=\"2024-10-23T07:29:31+00:00\" \/>\n<meta property=\"og:image\" content=\"https:\/\/president-ksgov.net\/wp-content\/uploads\/1-12.jpeg\" \/>\n\t<meta property=\"og:image:width\" content=\"1600\" \/>\n\t<meta property=\"og:image:height\" content=\"1136\" \/>\n\t<meta property=\"og:image:type\" content=\"image\/jpeg\" \/>\n<meta name=\"author\" content=\"Florent Rrahmani\" \/>\n<meta name=\"twitter:card\" content=\"summary_large_image\" \/>\n<meta name=\"twitter:label1\" content=\"Written by\" \/>\n\t<meta name=\"twitter:data1\" content=\"Florent Rrahmani\" \/>\n\t<meta name=\"twitter:label2\" content=\"Est. reading time\" \/>\n\t<meta name=\"twitter:data2\" content=\"1 minute\" \/>\n<script type=\"application\/ld+json\" class=\"yoast-schema-graph\">{\"@context\":\"https:\/\/schema.org\",\"@graph\":[{\"@type\":\"WebPage\",\"@id\":\"https:\/\/president-ksgov.net\/en\/the-first-gentleman-of-the-republic-of-kosovo-prindon-sadriu-participated-at-the-change-of-the-kfor-regional-command-east-ceremony\/\",\"url\":\"https:\/\/president-ksgov.net\/en\/the-first-gentleman-of-the-republic-of-kosovo-prindon-sadriu-participated-at-the-change-of-the-kfor-regional-command-east-ceremony\/\",\"name\":\"The First Gentleman of the Republic of Kosovo Prindon Sadriu, participated at the change of the KFOR Regional Command - East ceremony - President of the Republic of Kosovo - DR. VJOSA OSMANI - SADRIU\",\"isPartOf\":{\"@id\":\"https:\/\/president-ksgov.net\/#website\"},\"primaryImageOfPage\":{\"@id\":\"https:\/\/president-ksgov.net\/en\/the-first-gentleman-of-the-republic-of-kosovo-prindon-sadriu-participated-at-the-change-of-the-kfor-regional-command-east-ceremony\/#primaryimage\"},\"image\":{\"@id\":\"https:\/\/president-ksgov.net\/en\/the-first-gentleman-of-the-republic-of-kosovo-prindon-sadriu-participated-at-the-change-of-the-kfor-regional-command-east-ceremony\/#primaryimage\"},\"thumbnailUrl\":\"https:\/\/president-ksgov.net\/wp-content\/uploads\/1-12.jpeg\",\"datePublished\":\"2024-10-22T15:25:52+00:00\",\"dateModified\":\"2024-10-23T07:29:31+00:00\",\"author\":{\"@id\":\"https:\/\/president-ksgov.net\/#\/schema\/person\/7c46f744a99d3f1616b92658282aa934\"},\"description\":\"The First Gentleman of the Republic of Kosovo Prindon Sadriu, participated at the change of the KFOR Regional Command - East ceremony - President of the Republic of Kosovo - DR. VJOSA OSMANI - SADRIU -\",\"breadcrumb\":{\"@id\":\"https:\/\/president-ksgov.net\/en\/the-first-gentleman-of-the-republic-of-kosovo-prindon-sadriu-participated-at-the-change-of-the-kfor-regional-command-east-ceremony\/#breadcrumb\"},\"inLanguage\":\"en-US\",\"potentialAction\":[{\"@type\":\"ReadAction\",\"target\":[\"https:\/\/president-ksgov.net\/en\/the-first-gentleman-of-the-republic-of-kosovo-prindon-sadriu-participated-at-the-change-of-the-kfor-regional-command-east-ceremony\/\"]}]},{\"@type\":\"ImageObject\",\"inLanguage\":\"en-US\",\"@id\":\"https:\/\/president-ksgov.net\/en\/the-first-gentleman-of-the-republic-of-kosovo-prindon-sadriu-participated-at-the-change-of-the-kfor-regional-command-east-ceremony\/#primaryimage\",\"url\":\"https:\/\/president-ksgov.net\/wp-content\/uploads\/1-12.jpeg\",\"contentUrl\":\"https:\/\/president-ksgov.net\/wp-content\/uploads\/1-12.jpeg\",\"width\":1600,\"height\":1136},{\"@type\":\"BreadcrumbList\",\"@id\":\"https:\/\/president-ksgov.net\/en\/the-first-gentleman-of-the-republic-of-kosovo-prindon-sadriu-participated-at-the-change-of-the-kfor-regional-command-east-ceremony\/#breadcrumb\",\"itemListElement\":[{\"@type\":\"ListItem\",\"position\":1,\"name\":\"Home\",\"item\":\"https:\/\/president-ksgov.net\/en\/\"},{\"@type\":\"ListItem\",\"position\":2,\"name\":\"The First Gentleman of the Republic of Kosovo Prindon Sadriu, participated at the change of the KFOR Regional Command &#8211; East ceremony\"}]},{\"@type\":\"WebSite\",\"@id\":\"https:\/\/president-ksgov.net\/#website\",\"url\":\"https:\/\/president-ksgov.net\/\",\"name\":\"Presidente e Republik\u00ebs s\u00eb Kosov\u00ebs\",\"description\":\"Presidente e Republik\u00ebs s\u00eb Kosov\u00ebs\",\"alternateName\":\"DR. VJOSA OSMANI - SADRIU\",\"potentialAction\":[{\"@type\":\"SearchAction\",\"target\":{\"@type\":\"EntryPoint\",\"urlTemplate\":\"https:\/\/president-ksgov.net\/?s={search_term_string}\"},\"query-input\":{\"@type\":\"PropertyValueSpecification\",\"valueRequired\":true,\"valueName\":\"search_term_string\"}}],\"inLanguage\":\"en-US\"},{\"@type\":\"Person\",\"@id\":\"https:\/\/president-ksgov.net\/#\/schema\/person\/7c46f744a99d3f1616b92658282aa934\",\"name\":\"Florent Rrahmani\",\"image\":{\"@type\":\"ImageObject\",\"inLanguage\":\"en-US\",\"@id\":\"https:\/\/president-ksgov.net\/#\/schema\/person\/image\/\",\"url\":\"https:\/\/secure.gravatar.com\/avatar\/2545924aa250de68ac8368367a79b663e59571cd131611f54c89b0613a94e230?s=96&d=mm&r=g\",\"contentUrl\":\"https:\/\/secure.gravatar.com\/avatar\/2545924aa250de68ac8368367a79b663e59571cd131611f54c89b0613a94e230?s=96&d=mm&r=g\",\"caption\":\"Florent Rrahmani\"}}]}<\/script>\n<!-- \/ Yoast SEO plugin. -->","yoast_head_json":{"title":"The First Gentleman of the Republic of Kosovo Prindon Sadriu, participated at the change of the KFOR Regional Command - East ceremony - President of the Republic of Kosovo - DR. VJOSA OSMANI - SADRIU","description":"The First Gentleman of the Republic of Kosovo Prindon Sadriu, participated at the change of the KFOR Regional Command - East ceremony - President of the Republic of Kosovo - DR. VJOSA OSMANI - SADRIU -","robots":{"index":"index","follow":"follow","max-snippet":"max-snippet:-1","max-image-preview":"max-image-preview:large","max-video-preview":"max-video-preview:-1"},"canonical":"https:\/\/president-ksgov.net\/en\/the-first-gentleman-of-the-republic-of-kosovo-prindon-sadriu-participated-at-the-change-of-the-kfor-regional-command-east-ceremony\/","og_locale":"en_US","og_type":"article","og_title":"The First Gentleman of the Republic of Kosovo Prindon Sadriu, participated at the change of the KFOR Regional Command - East ceremony - President of the Republic of Kosovo - DR. VJOSA OSMANI - SADRIU","og_description":"The First Gentleman of the Republic of Kosovo Prindon Sadriu, participated at the change of the KFOR Regional Command - East ceremony - President of the Republic of Kosovo - DR. VJOSA OSMANI - SADRIU -","og_url":"https:\/\/president-ksgov.net\/en\/the-first-gentleman-of-the-republic-of-kosovo-prindon-sadriu-participated-at-the-change-of-the-kfor-regional-command-east-ceremony\/","og_site_name":"President of the Republic of Kosovo - DR. VJOSA OSMANI - SADRIU","article_published_time":"2024-10-22T15:25:52+00:00","article_modified_time":"2024-10-23T07:29:31+00:00","og_image":[{"width":1600,"height":1136,"url":"https:\/\/president-ksgov.net\/wp-content\/uploads\/1-12.jpeg","type":"image\/jpeg"}],"author":"Florent Rrahmani","twitter_card":"summary_large_image","twitter_misc":{"Written by":"Florent Rrahmani","Est. reading time":"1 minute"},"schema":{"@context":"https:\/\/schema.org","@graph":[{"@type":"WebPage","@id":"https:\/\/president-ksgov.net\/en\/the-first-gentleman-of-the-republic-of-kosovo-prindon-sadriu-participated-at-the-change-of-the-kfor-regional-command-east-ceremony\/","url":"https:\/\/president-ksgov.net\/en\/the-first-gentleman-of-the-republic-of-kosovo-prindon-sadriu-participated-at-the-change-of-the-kfor-regional-command-east-ceremony\/","name":"The First Gentleman of the Republic of Kosovo Prindon Sadriu, participated at the change of the KFOR Regional Command - East ceremony - President of the Republic of Kosovo - DR. VJOSA OSMANI - SADRIU","isPartOf":{"@id":"https:\/\/president-ksgov.net\/#website"},"primaryImageOfPage":{"@id":"https:\/\/president-ksgov.net\/en\/the-first-gentleman-of-the-republic-of-kosovo-prindon-sadriu-participated-at-the-change-of-the-kfor-regional-command-east-ceremony\/#primaryimage"},"image":{"@id":"https:\/\/president-ksgov.net\/en\/the-first-gentleman-of-the-republic-of-kosovo-prindon-sadriu-participated-at-the-change-of-the-kfor-regional-command-east-ceremony\/#primaryimage"},"thumbnailUrl":"https:\/\/president-ksgov.net\/wp-content\/uploads\/1-12.jpeg","datePublished":"2024-10-22T15:25:52+00:00","dateModified":"2024-10-23T07:29:31+00:00","author":{"@id":"https:\/\/president-ksgov.net\/#\/schema\/person\/7c46f744a99d3f1616b92658282aa934"},"description":"The First Gentleman of the Republic of Kosovo Prindon Sadriu, participated at the change of the KFOR Regional Command - East ceremony - President of the Republic of Kosovo - DR. VJOSA OSMANI - SADRIU -","breadcrumb":{"@id":"https:\/\/president-ksgov.net\/en\/the-first-gentleman-of-the-republic-of-kosovo-prindon-sadriu-participated-at-the-change-of-the-kfor-regional-command-east-ceremony\/#breadcrumb"},"inLanguage":"en-US","potentialAction":[{"@type":"ReadAction","target":["https:\/\/president-ksgov.net\/en\/the-first-gentleman-of-the-republic-of-kosovo-prindon-sadriu-participated-at-the-change-of-the-kfor-regional-command-east-ceremony\/"]}]},{"@type":"ImageObject","inLanguage":"en-US","@id":"https:\/\/president-ksgov.net\/en\/the-first-gentleman-of-the-republic-of-kosovo-prindon-sadriu-participated-at-the-change-of-the-kfor-regional-command-east-ceremony\/#primaryimage","url":"https:\/\/president-ksgov.net\/wp-content\/uploads\/1-12.jpeg","contentUrl":"https:\/\/president-ksgov.net\/wp-content\/uploads\/1-12.jpeg","width":1600,"height":1136},{"@type":"BreadcrumbList","@id":"https:\/\/president-ksgov.net\/en\/the-first-gentleman-of-the-republic-of-kosovo-prindon-sadriu-participated-at-the-change-of-the-kfor-regional-command-east-ceremony\/#breadcrumb","itemListElement":[{"@type":"ListItem","position":1,"name":"Home","item":"https:\/\/president-ksgov.net\/en\/"},{"@type":"ListItem","position":2,"name":"The First Gentleman of the Republic of Kosovo Prindon Sadriu, participated at the change of the KFOR Regional Command &#8211; East ceremony"}]},{"@type":"WebSite","@id":"https:\/\/president-ksgov.net\/#website","url":"https:\/\/president-ksgov.net\/","name":"Presidente e Republik\u00ebs s\u00eb Kosov\u00ebs","description":"Presidente e Republik\u00ebs s\u00eb Kosov\u00ebs","alternateName":"DR. VJOSA OSMANI - SADRIU","potentialAction":[{"@type":"SearchAction","target":{"@type":"EntryPoint","urlTemplate":"https:\/\/president-ksgov.net\/?s={search_term_string}"},"query-input":{"@type":"PropertyValueSpecification","valueRequired":true,"valueName":"search_term_string"}}],"inLanguage":"en-US"},{"@type":"Person","@id":"https:\/\/president-ksgov.net\/#\/schema\/person\/7c46f744a99d3f1616b92658282aa934","name":"Florent Rrahmani","image":{"@type":"ImageObject","inLanguage":"en-US","@id":"https:\/\/president-ksgov.net\/#\/schema\/person\/image\/","url":"https:\/\/secure.gravatar.com\/avatar\/2545924aa250de68ac8368367a79b663e59571cd131611f54c89b0613a94e230?s=96&d=mm&r=g","contentUrl":"https:\/\/secure.gravatar.com\/avatar\/2545924aa250de68ac8368367a79b663e59571cd131611f54c89b0613a94e230?s=96&d=mm&r=g","caption":"Florent Rrahmani"}}]}},"_links":{"self":[{"href":"https:\/\/president-ksgov.net\/en\/wp-json\/wp\/v2\/posts\/145881","targetHints":{"allow":["GET"]}}],"collection":[{"href":"https:\/\/president-ksgov.net\/en\/wp-json\/wp\/v2\/posts"}],"about":[{"href":"https:\/\/president-ksgov.net\/en\/wp-json\/wp\/v2\/types\/post"}],"author":[{"embeddable":true,"href":"https:\/\/president-ksgov.net\/en\/wp-json\/wp\/v2\/users\/9"}],"replies":[{"embeddable":true,"href":"https:\/\/president-ksgov.net\/en\/wp-json\/wp\/v2\/comments?post=145881"}],"version-history":[{"count":1,"href":"https:\/\/president-ksgov.net\/en\/wp-json\/wp\/v2\/posts\/145881\/revisions"}],"predecessor-version":[{"id":145882,"href":"https:\/\/president-ksgov.net\/en\/wp-json\/wp\/v2\/posts\/145881\/revisions\/145882"}],"wp:featuredmedia":[{"embeddable":true,"href":"https:\/\/president-ksgov.net\/en\/wp-json\/wp\/v2\/media\/145785"}],"wp:attachment":[{"href":"https:\/\/president-ksgov.net\/en\/wp-json\/wp\/v2\/media?parent=145881"}],"wp:term":[{"taxonomy":"category","embeddable":true,"href":"https:\/\/president-ksgov.net\/en\/wp-json\/wp\/v2\/categories?post=145881"},{"taxonomy":"post_tag","embeddable":true,"href":"https:\/\/president-ksgov.net\/en\/wp-json\/wp\/v2\/tags?post=145881"}],"curies":[{"name":"wp","href":"https:\/\/api.w.org\/{rel}","templated":true}]}}