{"id":145286,"date":"2024-10-11T16:41:47","date_gmt":"2024-10-11T14:41:47","guid":{"rendered":"https:\/\/president-ksgov.net\/?p=145286"},"modified":"2024-10-14T15:00:51","modified_gmt":"2024-10-14T13:00:51","slug":"president-osmanis-address-at-the-kfor-change-of-command-ceremony","status":"publish","type":"post","link":"https:\/\/president-ksgov.net\/en\/president-osmanis-address-at-the-kfor-change-of-command-ceremony\/","title":{"rendered":"President Osmani&#8217;s address at the KFOR change of command ceremony"},"content":{"rendered":"<p>The address of the President of the Republic of Kosovo Vjosa Osmani at the KFOR command change ceremony.<\/p>\n<p><iframe src=\"https:\/\/president-ksgov.net\/wp-content\/uploads\/Fjalimi-KFOR.mp4\" width=\"560\" height=\"560\" frameborder=\"0\" allowfullscreen=\"allowfullscreen\"><\/iframe><\/p>\n","protected":false},"excerpt":{"rendered":"<p>The address of the President of the Republic of Kosovo Vjosa Osmani at the KFOR command change ceremony.<\/p>\n","protected":false},"author":15,"featured_media":145288,"comment_status":"closed","ping_status":"closed","sticky":false,"template":"","format":"standard","meta":{"_eb_attr":"","footnotes":""},"categories":[111,105],"tags":[],"class_list":["post-145286","post","type-post","status-publish","format-standard","has-post-thumbnail","hentry","category-news","category-speeches"],"yoast_head":"<!-- This site is optimized with the Yoast SEO plugin v23.5 - https:\/\/yoast.com\/wordpress\/plugins\/seo\/ -->\n<title>President Osmani&#039;s address at the KFOR change of command ceremony - President of the Republic of Kosovo - DR. VJOSA OSMANI - SADRIU<\/title>\n<meta name=\"description\" content=\"President Osmani&#039;s address at the KFOR change of command ceremony - President of the Republic of Kosovo - DR. VJOSA OSMANI - SADRIU -\" \/>\n<meta name=\"robots\" content=\"index, follow, max-snippet:-1, max-image-preview:large, max-video-preview:-1\" \/>\n<link rel=\"canonical\" href=\"https:\/\/president-ksgov.net\/en\/president-osmanis-address-at-the-kfor-change-of-command-ceremony\/\" \/>\n<meta property=\"og:locale\" content=\"en_US\" \/>\n<meta property=\"og:type\" content=\"article\" \/>\n<meta property=\"og:title\" content=\"President Osmani&#039;s address at the KFOR change of command ceremony - President of the Republic of Kosovo - DR. VJOSA OSMANI - SADRIU\" \/>\n<meta property=\"og:description\" content=\"President Osmani&#039;s address at the KFOR change of command ceremony - President of the Republic of Kosovo - DR. VJOSA OSMANI - SADRIU -\" \/>\n<meta property=\"og:url\" content=\"https:\/\/president-ksgov.net\/en\/president-osmanis-address-at-the-kfor-change-of-command-ceremony\/\" \/>\n<meta property=\"og:site_name\" content=\"President of the Republic of Kosovo - DR. VJOSA OSMANI - SADRIU\" \/>\n<meta property=\"article:published_time\" content=\"2024-10-11T14:41:47+00:00\" \/>\n<meta property=\"article:modified_time\" content=\"2024-10-14T13:00:51+00:00\" \/>\n<meta property=\"og:image\" content=\"https:\/\/president-ksgov.net\/wp-content\/uploads\/Fjalimi-i-Presidentes-ne-KFOR-scaled.jpg\" \/>\n\t<meta property=\"og:image:width\" content=\"2560\" \/>\n\t<meta property=\"og:image:height\" content=\"1847\" \/>\n\t<meta property=\"og:image:type\" content=\"image\/jpeg\" \/>\n<meta name=\"author\" content=\"Elza Haxhiu\" \/>\n<meta name=\"twitter:card\" content=\"summary_large_image\" \/>\n<meta name=\"twitter:label1\" content=\"Written by\" \/>\n\t<meta name=\"twitter:data1\" content=\"Elza Haxhiu\" \/>\n\t<meta name=\"twitter:label2\" content=\"Est. reading time\" \/>\n\t<meta name=\"twitter:data2\" content=\"1 minute\" \/>\n<script type=\"application\/ld+json\" class=\"yoast-schema-graph\">{\"@context\":\"https:\/\/schema.org\",\"@graph\":[{\"@type\":\"WebPage\",\"@id\":\"https:\/\/president-ksgov.net\/en\/president-osmanis-address-at-the-kfor-change-of-command-ceremony\/\",\"url\":\"https:\/\/president-ksgov.net\/en\/president-osmanis-address-at-the-kfor-change-of-command-ceremony\/\",\"name\":\"President Osmani's address at the KFOR change of command ceremony - President of the Republic of Kosovo - DR. VJOSA OSMANI - SADRIU\",\"isPartOf\":{\"@id\":\"https:\/\/president-ksgov.net\/#website\"},\"primaryImageOfPage\":{\"@id\":\"https:\/\/president-ksgov.net\/en\/president-osmanis-address-at-the-kfor-change-of-command-ceremony\/#primaryimage\"},\"image\":{\"@id\":\"https:\/\/president-ksgov.net\/en\/president-osmanis-address-at-the-kfor-change-of-command-ceremony\/#primaryimage\"},\"thumbnailUrl\":\"https:\/\/president-ksgov.net\/wp-content\/uploads\/Fjalimi-i-Presidentes-ne-KFOR-scaled.jpg\",\"datePublished\":\"2024-10-11T14:41:47+00:00\",\"dateModified\":\"2024-10-14T13:00:51+00:00\",\"author\":{\"@id\":\"https:\/\/president-ksgov.net\/#\/schema\/person\/75ba04a42c4bb79cfdc00931b1a2304c\"},\"description\":\"President Osmani's address at the KFOR change of command ceremony - President of the Republic of Kosovo - DR. VJOSA OSMANI - SADRIU -\",\"breadcrumb\":{\"@id\":\"https:\/\/president-ksgov.net\/en\/president-osmanis-address-at-the-kfor-change-of-command-ceremony\/#breadcrumb\"},\"inLanguage\":\"en-US\",\"potentialAction\":[{\"@type\":\"ReadAction\",\"target\":[\"https:\/\/president-ksgov.net\/en\/president-osmanis-address-at-the-kfor-change-of-command-ceremony\/\"]}]},{\"@type\":\"ImageObject\",\"inLanguage\":\"en-US\",\"@id\":\"https:\/\/president-ksgov.net\/en\/president-osmanis-address-at-the-kfor-change-of-command-ceremony\/#primaryimage\",\"url\":\"https:\/\/president-ksgov.net\/wp-content\/uploads\/Fjalimi-i-Presidentes-ne-KFOR-scaled.jpg\",\"contentUrl\":\"https:\/\/president-ksgov.net\/wp-content\/uploads\/Fjalimi-i-Presidentes-ne-KFOR-scaled.jpg\",\"width\":2560,\"height\":1847},{\"@type\":\"BreadcrumbList\",\"@id\":\"https:\/\/president-ksgov.net\/en\/president-osmanis-address-at-the-kfor-change-of-command-ceremony\/#breadcrumb\",\"itemListElement\":[{\"@type\":\"ListItem\",\"position\":1,\"name\":\"Home\",\"item\":\"https:\/\/president-ksgov.net\/en\/\"},{\"@type\":\"ListItem\",\"position\":2,\"name\":\"President Osmani&#8217;s address at the KFOR change of command ceremony\"}]},{\"@type\":\"WebSite\",\"@id\":\"https:\/\/president-ksgov.net\/#website\",\"url\":\"https:\/\/president-ksgov.net\/\",\"name\":\"Presidente e Republik\u00ebs s\u00eb Kosov\u00ebs\",\"description\":\"Presidente e Republik\u00ebs s\u00eb Kosov\u00ebs\",\"alternateName\":\"DR. VJOSA OSMANI - SADRIU\",\"potentialAction\":[{\"@type\":\"SearchAction\",\"target\":{\"@type\":\"EntryPoint\",\"urlTemplate\":\"https:\/\/president-ksgov.net\/?s={search_term_string}\"},\"query-input\":{\"@type\":\"PropertyValueSpecification\",\"valueRequired\":true,\"valueName\":\"search_term_string\"}}],\"inLanguage\":\"en-US\"},{\"@type\":\"Person\",\"@id\":\"https:\/\/president-ksgov.net\/#\/schema\/person\/75ba04a42c4bb79cfdc00931b1a2304c\",\"name\":\"Elza Haxhiu\",\"image\":{\"@type\":\"ImageObject\",\"inLanguage\":\"en-US\",\"@id\":\"https:\/\/president-ksgov.net\/#\/schema\/person\/image\/\",\"url\":\"https:\/\/secure.gravatar.com\/avatar\/3a24df7fd6c47bcca39e7d7e0c3a2451758793491bc7c276ec3a9b2a49af2cf2?s=96&d=mm&r=g\",\"contentUrl\":\"https:\/\/secure.gravatar.com\/avatar\/3a24df7fd6c47bcca39e7d7e0c3a2451758793491bc7c276ec3a9b2a49af2cf2?s=96&d=mm&r=g\",\"caption\":\"Elza Haxhiu\"}}]}<\/script>\n<!-- \/ Yoast SEO plugin. -->","yoast_head_json":{"title":"President Osmani's address at the KFOR change of command ceremony - President of the Republic of Kosovo - DR. VJOSA OSMANI - SADRIU","description":"President Osmani's address at the KFOR change of command ceremony - President of the Republic of Kosovo - DR. VJOSA OSMANI - SADRIU -","robots":{"index":"index","follow":"follow","max-snippet":"max-snippet:-1","max-image-preview":"max-image-preview:large","max-video-preview":"max-video-preview:-1"},"canonical":"https:\/\/president-ksgov.net\/en\/president-osmanis-address-at-the-kfor-change-of-command-ceremony\/","og_locale":"en_US","og_type":"article","og_title":"President Osmani's address at the KFOR change of command ceremony - President of the Republic of Kosovo - DR. VJOSA OSMANI - SADRIU","og_description":"President Osmani's address at the KFOR change of command ceremony - President of the Republic of Kosovo - DR. VJOSA OSMANI - SADRIU -","og_url":"https:\/\/president-ksgov.net\/en\/president-osmanis-address-at-the-kfor-change-of-command-ceremony\/","og_site_name":"President of the Republic of Kosovo - DR. VJOSA OSMANI - SADRIU","article_published_time":"2024-10-11T14:41:47+00:00","article_modified_time":"2024-10-14T13:00:51+00:00","og_image":[{"width":2560,"height":1847,"url":"https:\/\/president-ksgov.net\/wp-content\/uploads\/Fjalimi-i-Presidentes-ne-KFOR-scaled.jpg","type":"image\/jpeg"}],"author":"Elza Haxhiu","twitter_card":"summary_large_image","twitter_misc":{"Written by":"Elza Haxhiu","Est. reading time":"1 minute"},"schema":{"@context":"https:\/\/schema.org","@graph":[{"@type":"WebPage","@id":"https:\/\/president-ksgov.net\/en\/president-osmanis-address-at-the-kfor-change-of-command-ceremony\/","url":"https:\/\/president-ksgov.net\/en\/president-osmanis-address-at-the-kfor-change-of-command-ceremony\/","name":"President Osmani's address at the KFOR change of command ceremony - President of the Republic of Kosovo - DR. VJOSA OSMANI - SADRIU","isPartOf":{"@id":"https:\/\/president-ksgov.net\/#website"},"primaryImageOfPage":{"@id":"https:\/\/president-ksgov.net\/en\/president-osmanis-address-at-the-kfor-change-of-command-ceremony\/#primaryimage"},"image":{"@id":"https:\/\/president-ksgov.net\/en\/president-osmanis-address-at-the-kfor-change-of-command-ceremony\/#primaryimage"},"thumbnailUrl":"https:\/\/president-ksgov.net\/wp-content\/uploads\/Fjalimi-i-Presidentes-ne-KFOR-scaled.jpg","datePublished":"2024-10-11T14:41:47+00:00","dateModified":"2024-10-14T13:00:51+00:00","author":{"@id":"https:\/\/president-ksgov.net\/#\/schema\/person\/75ba04a42c4bb79cfdc00931b1a2304c"},"description":"President Osmani's address at the KFOR change of command ceremony - President of the Republic of Kosovo - DR. VJOSA OSMANI - SADRIU -","breadcrumb":{"@id":"https:\/\/president-ksgov.net\/en\/president-osmanis-address-at-the-kfor-change-of-command-ceremony\/#breadcrumb"},"inLanguage":"en-US","potentialAction":[{"@type":"ReadAction","target":["https:\/\/president-ksgov.net\/en\/president-osmanis-address-at-the-kfor-change-of-command-ceremony\/"]}]},{"@type":"ImageObject","inLanguage":"en-US","@id":"https:\/\/president-ksgov.net\/en\/president-osmanis-address-at-the-kfor-change-of-command-ceremony\/#primaryimage","url":"https:\/\/president-ksgov.net\/wp-content\/uploads\/Fjalimi-i-Presidentes-ne-KFOR-scaled.jpg","contentUrl":"https:\/\/president-ksgov.net\/wp-content\/uploads\/Fjalimi-i-Presidentes-ne-KFOR-scaled.jpg","width":2560,"height":1847},{"@type":"BreadcrumbList","@id":"https:\/\/president-ksgov.net\/en\/president-osmanis-address-at-the-kfor-change-of-command-ceremony\/#breadcrumb","itemListElement":[{"@type":"ListItem","position":1,"name":"Home","item":"https:\/\/president-ksgov.net\/en\/"},{"@type":"ListItem","position":2,"name":"President Osmani&#8217;s address at the KFOR change of command ceremony"}]},{"@type":"WebSite","@id":"https:\/\/president-ksgov.net\/#website","url":"https:\/\/president-ksgov.net\/","name":"Presidente e Republik\u00ebs s\u00eb Kosov\u00ebs","description":"Presidente e Republik\u00ebs s\u00eb Kosov\u00ebs","alternateName":"DR. VJOSA OSMANI - SADRIU","potentialAction":[{"@type":"SearchAction","target":{"@type":"EntryPoint","urlTemplate":"https:\/\/president-ksgov.net\/?s={search_term_string}"},"query-input":{"@type":"PropertyValueSpecification","valueRequired":true,"valueName":"search_term_string"}}],"inLanguage":"en-US"},{"@type":"Person","@id":"https:\/\/president-ksgov.net\/#\/schema\/person\/75ba04a42c4bb79cfdc00931b1a2304c","name":"Elza Haxhiu","image":{"@type":"ImageObject","inLanguage":"en-US","@id":"https:\/\/president-ksgov.net\/#\/schema\/person\/image\/","url":"https:\/\/secure.gravatar.com\/avatar\/3a24df7fd6c47bcca39e7d7e0c3a2451758793491bc7c276ec3a9b2a49af2cf2?s=96&d=mm&r=g","contentUrl":"https:\/\/secure.gravatar.com\/avatar\/3a24df7fd6c47bcca39e7d7e0c3a2451758793491bc7c276ec3a9b2a49af2cf2?s=96&d=mm&r=g","caption":"Elza Haxhiu"}}]}},"_links":{"self":[{"href":"https:\/\/president-ksgov.net\/en\/wp-json\/wp\/v2\/posts\/145286","targetHints":{"allow":["GET"]}}],"collection":[{"href":"https:\/\/president-ksgov.net\/en\/wp-json\/wp\/v2\/posts"}],"about":[{"href":"https:\/\/president-ksgov.net\/en\/wp-json\/wp\/v2\/types\/post"}],"author":[{"embeddable":true,"href":"https:\/\/president-ksgov.net\/en\/wp-json\/wp\/v2\/users\/15"}],"replies":[{"embeddable":true,"href":"https:\/\/president-ksgov.net\/en\/wp-json\/wp\/v2\/comments?post=145286"}],"version-history":[{"count":1,"href":"https:\/\/president-ksgov.net\/en\/wp-json\/wp\/v2\/posts\/145286\/revisions"}],"predecessor-version":[{"id":145292,"href":"https:\/\/president-ksgov.net\/en\/wp-json\/wp\/v2\/posts\/145286\/revisions\/145292"}],"wp:featuredmedia":[{"embeddable":true,"href":"https:\/\/president-ksgov.net\/en\/wp-json\/wp\/v2\/media\/145288"}],"wp:attachment":[{"href":"https:\/\/president-ksgov.net\/en\/wp-json\/wp\/v2\/media?parent=145286"}],"wp:term":[{"taxonomy":"category","embeddable":true,"href":"https:\/\/president-ksgov.net\/en\/wp-json\/wp\/v2\/categories?post=145286"},{"taxonomy":"post_tag","embeddable":true,"href":"https:\/\/president-ksgov.net\/en\/wp-json\/wp\/v2\/tags?post=145286"}],"curies":[{"name":"wp","href":"https:\/\/api.w.org\/{rel}","templated":true}]}}