{"id":144320,"date":"2024-10-02T13:54:41","date_gmt":"2024-10-02T11:54:41","guid":{"rendered":"https:\/\/president-ksgov.net\/?p=144320"},"modified":"2024-10-02T14:23:01","modified_gmt":"2024-10-02T12:23:01","slug":"president-osmani-met-with-the-president-of-the-federal-republic-of-germany-frank-walter-steinmeier","status":"publish","type":"post","link":"https:\/\/president-ksgov.net\/en\/president-osmani-met-with-the-president-of-the-federal-republic-of-germany-frank-walter-steinmeier\/","title":{"rendered":"President Osmani met with the President of the Federal Republic of Germany Frank-Walter Steinmeier"},"content":{"rendered":"<p>The President of the Republic of Kosovo Vjosa Osmani, on the second day of her working visit to Germany, met with the President of the Federal Republic of Germany, Frank-Walter Steinmeier.<\/p>\n<p>The discussions focused on the expansion of bilateral relations, current developments in Kosovo and the Western Balkans, as well as on the advancement of Kosovo&#8217;s integration in international organizations.<\/p>\n<p>President Osmani expressed her deep praise for Germany&#8217;s support to Kosovo in the process of liberation and state building, as well as in its Euro-Atlantic path.<\/p>\n<p>&#8220;Kosovo and Germany have a strong and stable partnership based on the common values of democracy, peace and progress. Germany is a strategic ally in Kosovo&#8217;s journey towards empowerment and international integration, and we expect to strengthen this partnership even further during the coming years&#8221; emphasized President Osmani.<\/p>\n<p>President Osmani has described the Berlin process as a powerful impetus for the European perspective of the Western Balkans.<\/p>\n<p>In this context, President Osmani has reiterated her full support for the agreements stemming from this process.<\/p>\n<p>At the meeting with President Steinmeier, President Osmani also pointed out the role and contribution of the Albanian diaspora in Germany, which is a powerful bridge for the relations between the two countries.<\/p>\n<p>The two presidents also discussed the potential for expansion of cooperation in areas of mutual interest.<\/p>\n","protected":false},"excerpt":{"rendered":"<p>The President of the Republic of Kosovo Vjosa Osmani, on the second day of her working visit to Germany, met with the President of the Federal Republic of Germany, Frank-Walter Steinmeier. The discussions focused on the expansion of bilateral relations, current developments in Kosovo and the Western Balkans, as well as on the advancement of Kosovo&#8217;s integration in international organizations. President Osmani expressed her deep praise for Germany&#8217;s support to Kosovo in the process of liberation and state building, as well as in its Euro-Atlantic path. &#8220;Kosovo and Germany have a strong and stable partnership based on the common values of democracy, peace and progress. Germany is a strategic ally in Kosovo&#8217;s journey towards empowerment and international integration, and we expect to strengthen this partnership even further during the coming years&#8221; emphasized President Osmani. President Osmani has described the Berlin process as a powerful impetus for the European perspective of the Western Balkans. In this context, President Osmani has reiterated her full support for the agreements stemming from this process. At the meeting with President Steinmeier, President Osmani also pointed out the role and contribution of the Albanian diaspora in Germany, which is a powerful bridge for the relations between the two countries. The two presidents also discussed the potential for expansion of cooperation in areas of mutual interest.<\/p>\n","protected":false},"author":9,"featured_media":144276,"comment_status":"closed","ping_status":"closed","sticky":false,"template":"","format":"standard","meta":{"_eb_attr":"","footnotes":""},"categories":[113,111],"tags":[],"class_list":["post-144320","post","type-post","status-publish","format-standard","has-post-thumbnail","hentry","category-international-visits","category-news"],"yoast_head":"<!-- This site is optimized with the Yoast SEO plugin v23.5 - https:\/\/yoast.com\/wordpress\/plugins\/seo\/ -->\n<title>President Osmani met with the President of the Federal Republic of Germany Frank-Walter Steinmeier - President of the Republic of Kosovo - DR. VJOSA OSMANI - SADRIU<\/title>\n<meta name=\"description\" content=\"President Osmani met with the President of the Federal Republic of Germany Frank-Walter Steinmeier - President of the Republic of Kosovo - DR. VJOSA OSMANI - SADRIU -\" \/>\n<meta name=\"robots\" content=\"index, follow, max-snippet:-1, max-image-preview:large, max-video-preview:-1\" \/>\n<link rel=\"canonical\" href=\"https:\/\/president-ksgov.net\/en\/president-osmani-met-with-the-president-of-the-federal-republic-of-germany-frank-walter-steinmeier\/\" \/>\n<meta property=\"og:locale\" content=\"en_US\" \/>\n<meta property=\"og:type\" content=\"article\" \/>\n<meta property=\"og:title\" content=\"President Osmani met with the President of the Federal Republic of Germany Frank-Walter Steinmeier - President of the Republic of Kosovo - DR. VJOSA OSMANI - SADRIU\" \/>\n<meta property=\"og:description\" content=\"President Osmani met with the President of the Federal Republic of Germany Frank-Walter Steinmeier - President of the Republic of Kosovo - DR. VJOSA OSMANI - SADRIU -\" \/>\n<meta property=\"og:url\" content=\"https:\/\/president-ksgov.net\/en\/president-osmani-met-with-the-president-of-the-federal-republic-of-germany-frank-walter-steinmeier\/\" \/>\n<meta property=\"og:site_name\" content=\"President of the Republic of Kosovo - DR. VJOSA OSMANI - SADRIU\" \/>\n<meta property=\"article:published_time\" content=\"2024-10-02T11:54:41+00:00\" \/>\n<meta property=\"article:modified_time\" content=\"2024-10-02T12:23:01+00:00\" \/>\n<meta property=\"og:image\" content=\"https:\/\/president-ksgov.net\/wp-content\/uploads\/Presidentja-Osmani-takoi-presidentin-e-Republikes-Federale-te-Gjermanise-Frank-Walter-Steinmeier_1.jpg\" \/>\n\t<meta property=\"og:image:width\" content=\"2048\" \/>\n\t<meta property=\"og:image:height\" content=\"1366\" \/>\n\t<meta property=\"og:image:type\" content=\"image\/jpeg\" \/>\n<meta name=\"author\" content=\"Florent Rrahmani\" \/>\n<meta name=\"twitter:card\" content=\"summary_large_image\" \/>\n<meta name=\"twitter:label1\" content=\"Written by\" \/>\n\t<meta name=\"twitter:data1\" content=\"Florent Rrahmani\" \/>\n\t<meta name=\"twitter:label2\" content=\"Est. reading time\" \/>\n\t<meta name=\"twitter:data2\" content=\"2 minutes\" \/>\n<script type=\"application\/ld+json\" class=\"yoast-schema-graph\">{\"@context\":\"https:\/\/schema.org\",\"@graph\":[{\"@type\":\"WebPage\",\"@id\":\"https:\/\/president-ksgov.net\/en\/president-osmani-met-with-the-president-of-the-federal-republic-of-germany-frank-walter-steinmeier\/\",\"url\":\"https:\/\/president-ksgov.net\/en\/president-osmani-met-with-the-president-of-the-federal-republic-of-germany-frank-walter-steinmeier\/\",\"name\":\"President Osmani met with the President of the Federal Republic of Germany Frank-Walter Steinmeier - President of the Republic of Kosovo - DR. VJOSA OSMANI - SADRIU\",\"isPartOf\":{\"@id\":\"https:\/\/president-ksgov.net\/#website\"},\"primaryImageOfPage\":{\"@id\":\"https:\/\/president-ksgov.net\/en\/president-osmani-met-with-the-president-of-the-federal-republic-of-germany-frank-walter-steinmeier\/#primaryimage\"},\"image\":{\"@id\":\"https:\/\/president-ksgov.net\/en\/president-osmani-met-with-the-president-of-the-federal-republic-of-germany-frank-walter-steinmeier\/#primaryimage\"},\"thumbnailUrl\":\"https:\/\/president-ksgov.net\/wp-content\/uploads\/Presidentja-Osmani-takoi-presidentin-e-Republikes-Federale-te-Gjermanise-Frank-Walter-Steinmeier_1.jpg\",\"datePublished\":\"2024-10-02T11:54:41+00:00\",\"dateModified\":\"2024-10-02T12:23:01+00:00\",\"author\":{\"@id\":\"https:\/\/president-ksgov.net\/#\/schema\/person\/7c46f744a99d3f1616b92658282aa934\"},\"description\":\"President Osmani met with the President of the Federal Republic of Germany Frank-Walter Steinmeier - President of the Republic of Kosovo - DR. VJOSA OSMANI - SADRIU -\",\"breadcrumb\":{\"@id\":\"https:\/\/president-ksgov.net\/en\/president-osmani-met-with-the-president-of-the-federal-republic-of-germany-frank-walter-steinmeier\/#breadcrumb\"},\"inLanguage\":\"en-US\",\"potentialAction\":[{\"@type\":\"ReadAction\",\"target\":[\"https:\/\/president-ksgov.net\/en\/president-osmani-met-with-the-president-of-the-federal-republic-of-germany-frank-walter-steinmeier\/\"]}]},{\"@type\":\"ImageObject\",\"inLanguage\":\"en-US\",\"@id\":\"https:\/\/president-ksgov.net\/en\/president-osmani-met-with-the-president-of-the-federal-republic-of-germany-frank-walter-steinmeier\/#primaryimage\",\"url\":\"https:\/\/president-ksgov.net\/wp-content\/uploads\/Presidentja-Osmani-takoi-presidentin-e-Republikes-Federale-te-Gjermanise-Frank-Walter-Steinmeier_1.jpg\",\"contentUrl\":\"https:\/\/president-ksgov.net\/wp-content\/uploads\/Presidentja-Osmani-takoi-presidentin-e-Republikes-Federale-te-Gjermanise-Frank-Walter-Steinmeier_1.jpg\",\"width\":2048,\"height\":1366},{\"@type\":\"BreadcrumbList\",\"@id\":\"https:\/\/president-ksgov.net\/en\/president-osmani-met-with-the-president-of-the-federal-republic-of-germany-frank-walter-steinmeier\/#breadcrumb\",\"itemListElement\":[{\"@type\":\"ListItem\",\"position\":1,\"name\":\"Home\",\"item\":\"https:\/\/president-ksgov.net\/en\/\"},{\"@type\":\"ListItem\",\"position\":2,\"name\":\"President Osmani met with the President of the Federal Republic of Germany Frank-Walter Steinmeier\"}]},{\"@type\":\"WebSite\",\"@id\":\"https:\/\/president-ksgov.net\/#website\",\"url\":\"https:\/\/president-ksgov.net\/\",\"name\":\"Presidente e Republik\u00ebs s\u00eb Kosov\u00ebs\",\"description\":\"Presidente e Republik\u00ebs s\u00eb Kosov\u00ebs\",\"alternateName\":\"DR. VJOSA OSMANI - SADRIU\",\"potentialAction\":[{\"@type\":\"SearchAction\",\"target\":{\"@type\":\"EntryPoint\",\"urlTemplate\":\"https:\/\/president-ksgov.net\/?s={search_term_string}\"},\"query-input\":{\"@type\":\"PropertyValueSpecification\",\"valueRequired\":true,\"valueName\":\"search_term_string\"}}],\"inLanguage\":\"en-US\"},{\"@type\":\"Person\",\"@id\":\"https:\/\/president-ksgov.net\/#\/schema\/person\/7c46f744a99d3f1616b92658282aa934\",\"name\":\"Florent Rrahmani\",\"image\":{\"@type\":\"ImageObject\",\"inLanguage\":\"en-US\",\"@id\":\"https:\/\/president-ksgov.net\/#\/schema\/person\/image\/\",\"url\":\"https:\/\/secure.gravatar.com\/avatar\/2545924aa250de68ac8368367a79b663e59571cd131611f54c89b0613a94e230?s=96&d=mm&r=g\",\"contentUrl\":\"https:\/\/secure.gravatar.com\/avatar\/2545924aa250de68ac8368367a79b663e59571cd131611f54c89b0613a94e230?s=96&d=mm&r=g\",\"caption\":\"Florent Rrahmani\"}}]}<\/script>\n<!-- \/ Yoast SEO plugin. -->","yoast_head_json":{"title":"President Osmani met with the President of the Federal Republic of Germany Frank-Walter Steinmeier - President of the Republic of Kosovo - DR. VJOSA OSMANI - SADRIU","description":"President Osmani met with the President of the Federal Republic of Germany Frank-Walter Steinmeier - President of the Republic of Kosovo - DR. VJOSA OSMANI - SADRIU -","robots":{"index":"index","follow":"follow","max-snippet":"max-snippet:-1","max-image-preview":"max-image-preview:large","max-video-preview":"max-video-preview:-1"},"canonical":"https:\/\/president-ksgov.net\/en\/president-osmani-met-with-the-president-of-the-federal-republic-of-germany-frank-walter-steinmeier\/","og_locale":"en_US","og_type":"article","og_title":"President Osmani met with the President of the Federal Republic of Germany Frank-Walter Steinmeier - President of the Republic of Kosovo - DR. VJOSA OSMANI - SADRIU","og_description":"President Osmani met with the President of the Federal Republic of Germany Frank-Walter Steinmeier - President of the Republic of Kosovo - DR. VJOSA OSMANI - SADRIU -","og_url":"https:\/\/president-ksgov.net\/en\/president-osmani-met-with-the-president-of-the-federal-republic-of-germany-frank-walter-steinmeier\/","og_site_name":"President of the Republic of Kosovo - DR. VJOSA OSMANI - SADRIU","article_published_time":"2024-10-02T11:54:41+00:00","article_modified_time":"2024-10-02T12:23:01+00:00","og_image":[{"width":2048,"height":1366,"url":"https:\/\/president-ksgov.net\/wp-content\/uploads\/Presidentja-Osmani-takoi-presidentin-e-Republikes-Federale-te-Gjermanise-Frank-Walter-Steinmeier_1.jpg","type":"image\/jpeg"}],"author":"Florent Rrahmani","twitter_card":"summary_large_image","twitter_misc":{"Written by":"Florent Rrahmani","Est. reading time":"2 minutes"},"schema":{"@context":"https:\/\/schema.org","@graph":[{"@type":"WebPage","@id":"https:\/\/president-ksgov.net\/en\/president-osmani-met-with-the-president-of-the-federal-republic-of-germany-frank-walter-steinmeier\/","url":"https:\/\/president-ksgov.net\/en\/president-osmani-met-with-the-president-of-the-federal-republic-of-germany-frank-walter-steinmeier\/","name":"President Osmani met with the President of the Federal Republic of Germany Frank-Walter Steinmeier - President of the Republic of Kosovo - DR. VJOSA OSMANI - SADRIU","isPartOf":{"@id":"https:\/\/president-ksgov.net\/#website"},"primaryImageOfPage":{"@id":"https:\/\/president-ksgov.net\/en\/president-osmani-met-with-the-president-of-the-federal-republic-of-germany-frank-walter-steinmeier\/#primaryimage"},"image":{"@id":"https:\/\/president-ksgov.net\/en\/president-osmani-met-with-the-president-of-the-federal-republic-of-germany-frank-walter-steinmeier\/#primaryimage"},"thumbnailUrl":"https:\/\/president-ksgov.net\/wp-content\/uploads\/Presidentja-Osmani-takoi-presidentin-e-Republikes-Federale-te-Gjermanise-Frank-Walter-Steinmeier_1.jpg","datePublished":"2024-10-02T11:54:41+00:00","dateModified":"2024-10-02T12:23:01+00:00","author":{"@id":"https:\/\/president-ksgov.net\/#\/schema\/person\/7c46f744a99d3f1616b92658282aa934"},"description":"President Osmani met with the President of the Federal Republic of Germany Frank-Walter Steinmeier - President of the Republic of Kosovo - DR. VJOSA OSMANI - SADRIU -","breadcrumb":{"@id":"https:\/\/president-ksgov.net\/en\/president-osmani-met-with-the-president-of-the-federal-republic-of-germany-frank-walter-steinmeier\/#breadcrumb"},"inLanguage":"en-US","potentialAction":[{"@type":"ReadAction","target":["https:\/\/president-ksgov.net\/en\/president-osmani-met-with-the-president-of-the-federal-republic-of-germany-frank-walter-steinmeier\/"]}]},{"@type":"ImageObject","inLanguage":"en-US","@id":"https:\/\/president-ksgov.net\/en\/president-osmani-met-with-the-president-of-the-federal-republic-of-germany-frank-walter-steinmeier\/#primaryimage","url":"https:\/\/president-ksgov.net\/wp-content\/uploads\/Presidentja-Osmani-takoi-presidentin-e-Republikes-Federale-te-Gjermanise-Frank-Walter-Steinmeier_1.jpg","contentUrl":"https:\/\/president-ksgov.net\/wp-content\/uploads\/Presidentja-Osmani-takoi-presidentin-e-Republikes-Federale-te-Gjermanise-Frank-Walter-Steinmeier_1.jpg","width":2048,"height":1366},{"@type":"BreadcrumbList","@id":"https:\/\/president-ksgov.net\/en\/president-osmani-met-with-the-president-of-the-federal-republic-of-germany-frank-walter-steinmeier\/#breadcrumb","itemListElement":[{"@type":"ListItem","position":1,"name":"Home","item":"https:\/\/president-ksgov.net\/en\/"},{"@type":"ListItem","position":2,"name":"President Osmani met with the President of the Federal Republic of Germany Frank-Walter Steinmeier"}]},{"@type":"WebSite","@id":"https:\/\/president-ksgov.net\/#website","url":"https:\/\/president-ksgov.net\/","name":"Presidente e Republik\u00ebs s\u00eb Kosov\u00ebs","description":"Presidente e Republik\u00ebs s\u00eb Kosov\u00ebs","alternateName":"DR. VJOSA OSMANI - SADRIU","potentialAction":[{"@type":"SearchAction","target":{"@type":"EntryPoint","urlTemplate":"https:\/\/president-ksgov.net\/?s={search_term_string}"},"query-input":{"@type":"PropertyValueSpecification","valueRequired":true,"valueName":"search_term_string"}}],"inLanguage":"en-US"},{"@type":"Person","@id":"https:\/\/president-ksgov.net\/#\/schema\/person\/7c46f744a99d3f1616b92658282aa934","name":"Florent Rrahmani","image":{"@type":"ImageObject","inLanguage":"en-US","@id":"https:\/\/president-ksgov.net\/#\/schema\/person\/image\/","url":"https:\/\/secure.gravatar.com\/avatar\/2545924aa250de68ac8368367a79b663e59571cd131611f54c89b0613a94e230?s=96&d=mm&r=g","contentUrl":"https:\/\/secure.gravatar.com\/avatar\/2545924aa250de68ac8368367a79b663e59571cd131611f54c89b0613a94e230?s=96&d=mm&r=g","caption":"Florent Rrahmani"}}]}},"_links":{"self":[{"href":"https:\/\/president-ksgov.net\/en\/wp-json\/wp\/v2\/posts\/144320","targetHints":{"allow":["GET"]}}],"collection":[{"href":"https:\/\/president-ksgov.net\/en\/wp-json\/wp\/v2\/posts"}],"about":[{"href":"https:\/\/president-ksgov.net\/en\/wp-json\/wp\/v2\/types\/post"}],"author":[{"embeddable":true,"href":"https:\/\/president-ksgov.net\/en\/wp-json\/wp\/v2\/users\/9"}],"replies":[{"embeddable":true,"href":"https:\/\/president-ksgov.net\/en\/wp-json\/wp\/v2\/comments?post=144320"}],"version-history":[{"count":1,"href":"https:\/\/president-ksgov.net\/en\/wp-json\/wp\/v2\/posts\/144320\/revisions"}],"predecessor-version":[{"id":144321,"href":"https:\/\/president-ksgov.net\/en\/wp-json\/wp\/v2\/posts\/144320\/revisions\/144321"}],"wp:featuredmedia":[{"embeddable":true,"href":"https:\/\/president-ksgov.net\/en\/wp-json\/wp\/v2\/media\/144276"}],"wp:attachment":[{"href":"https:\/\/president-ksgov.net\/en\/wp-json\/wp\/v2\/media?parent=144320"}],"wp:term":[{"taxonomy":"category","embeddable":true,"href":"https:\/\/president-ksgov.net\/en\/wp-json\/wp\/v2\/categories?post=144320"},{"taxonomy":"post_tag","embeddable":true,"href":"https:\/\/president-ksgov.net\/en\/wp-json\/wp\/v2\/tags?post=144320"}],"curies":[{"name":"wp","href":"https:\/\/api.w.org\/{rel}","templated":true}]}}