{"id":144146,"date":"2024-09-30T11:47:47","date_gmt":"2024-09-30T09:47:47","guid":{"rendered":"https:\/\/president-ksgov.net\/?p=144146"},"modified":"2024-09-30T13:42:23","modified_gmt":"2024-09-30T11:42:23","slug":"the-album-of-president-osmanis-visit-to-new-york-during-the-79th-un-general-assembly-high-level-week","status":"publish","type":"post","link":"https:\/\/president-ksgov.net\/en\/the-album-of-president-osmanis-visit-to-new-york-during-the-79th-un-general-assembly-high-level-week\/","title":{"rendered":"The album of President Osmani&#8217;s visit to New York during the 79th UN General Assembly high-level week"},"content":{"rendered":"<p>A week full of activities in the interest of the Republic of Kosovo in New York, which, including among other things:<br \/>\nThe discussion with President Biden during the participation at the White House annual leaders annual reception, in honor of the high-level week of the United Nations;<br \/>\nParticipation in the Summit for Ukraine, at the invitation of the White House, where Kosovo was ranked among the world powers in defense of democratic values;<br \/>\nParticipation in the global summit on the fight against synthetic drugs, upon an invitation from the White House;<br \/>\nVisit, meetings and discussions at West Point military academy<br \/>\nParticipation at the working lunch organized by the High Representative of the European Union in New York, for the Western Balkan leaders.<br \/>\nDiscussion held at the Council on Foreign Relations on Kosovo&#8217;s vision towards its Euro-Atlantic future<br \/>\nThe discussion held at the Clinton Global Initiative, on our efforts in Kosovo and beyond, to advance the agenda for Women, Peace and Security<br \/>\nMeeting with the former President of the USA &#8211; Bill Clinton<br \/>\nMeeting with the President of Brunei &#8211; Sultan Hassanal Bolkiah<br \/>\nMeeting with the President of Mauritania &#8211; Mohamed Ould Ghazouani<br \/>\nMeeting with the President of Guinea-Bissau &#8211; Umaro Sissoco Embal\u00f3<br \/>\nMeeting with the President of Malawi &#8211; Lazarus Chakwera<br \/>\nMeeting with the President of Gambia &#8211; Adama Barrow<br \/>\nMeeting with the Secretary of State of the Holy See &#8211; Pietro Parolin<br \/>\nMeeting with the Senior Director for Europe at the White House, Michael Carpenter<br \/>\nMeeting with Assistant Secretary of State &#8211; Jim O&#8217;Brien<br \/>\nMeeting with the Assistant Secretary of State &#8211; Dafna Rand<br \/>\nMeeting with MCC Chief Executive Officer &#8211; Alice Albright<br \/>\nConversation with US Secretary of State &#8211; Antony Blinken<br \/>\nConversation with former Secretary of State &#8211; Hillary Clinton<br \/>\nConversation with President Biden&#8217;s Adviser on International Organizations, Joshua Black<br \/>\nConversation with the President of Bulgaria &#8211; Rumen Radev<br \/>\nConversation with the Prime Minister of Albania &#8211; Edi Rama<br \/>\nConversation with the President of Poland &#8211; Andrzej Duda<br \/>\nConversation with the Chairman of the Presidency of Bosnia and Herzegovina &#8211; Denis Be\u0107irovi\u0107<br \/>\nConversation with the President of Estonia &#8211; Alar Karis<br \/>\nConversation with the President of Latvia &#8211; Edgars Rink\u0113vi\u010ds<br \/>\nConversation with the President of Panama &#8211; Jos\u00e9 Ra\u00fal Mulino<br \/>\nConversation with the President of the Dominican Republic &#8211; Luis Abinader<br \/>\nConversation with the President of Fiji &#8211; Wiliame Katonivere<br \/>\nConversation with the President of Gabon &#8211; Brice Oligui Nguema<br \/>\nConversation with the President of Suriname &#8211; Chan Santokhi<br \/>\nConversation with the President of Namibia &#8211; Hage Geingob<br \/>\nConversation with the President of Mauritius \u2013 Prithvirajsing Roopun<br \/>\nConversation with the President of the EU Council &#8211; Charles Michel<br \/>\nConversation with the Prime Minister of Italy &#8211; Giorgia Meloni<br \/>\nConversation with the Prime Minister of the Netherlands &#8211; Dick Schoof<br \/>\nConversation with the Prime Minister of Armenia &#8211; Nikol Pashinyan<br \/>\nConversation with the Prime Minister of Slovenia &#8211; Robert Golob<br \/>\nConversation with the Prime Minister of Ireland &#8211; Simon Harris<br \/>\nConversation with the Prime Minister of Malta &#8211; Robert Abela<br \/>\nConversation with the Prime Minister of Portugal &#8211; Lu\u00eds Montenegro<br \/>\nConversation with the Prime Minister of Iceland &#8211; Bjarni Benediktsson<br \/>\nConversation with the Prime Minister of Liechtenstein &#8211; Daniel Risch<br \/>\nConversation with the Prime Minister of St. Kitts and Nevis &#8211; Terrance Drew<br \/>\nConversation with the Prime Minister of Greece &#8211; Kyriakos Mitsotakis<br \/>\nMeeting with the Foreign Minister of Tanzania &#8211; Mahmoud Thabit Komb<br \/>\nConversation with the Foreign Minister of T\u00fcrkiye, Hakan Fidan,<br \/>\nConversation with the Foreign Minister of Germany &#8211; Annalena Baerbock<br \/>\nConversation with the Foreign Minister of Canada &#8211; M\u00e9lanie Joly<br \/>\nConversation with the Foreign Minister of the Netherlands &#8211; Caspar Veldkamp<br \/>\nConversation with the Deputy Prime Minister and Foreign Minister of Luxembourg &#8211; Xavier Bettel<br \/>\nConversation with the Foreign Minister of Benin, Shegun Adjadi Bakari<br \/>\nConversation with the Foreign Minister of Azerbaijan, Jeyhun Bayramov<br \/>\nGeneral Secretary of the Council of Europe &#8211; Alain Berset<br \/>\nSecretary of the Organization of American States &#8211; Luis Almagro<br \/>\nMeeting with the EU Special Envoy &#8211; Miroslav Lajcak<br \/>\nConversation with the Governor of Pennsylvania &#8211; Josh Shapiro<br \/>\nOrganization of numerous events with our extraordinary diaspora, including:<br \/>\n&#8211; Meeting organized in Staten Island by the Ulqini association and other Albanian associations<br \/>\n&#8211; Meeting organized with the community in the Albanian church in NY<br \/>\n&#8211; The visit to the Vatra Albanian-American association<br \/>\n&#8211; Dinner with Albanian entrepreneurs and activists<br \/>\n&#8211; Meeting with students of the most prestigious &#8220;Ivy League&#8221; universities<br \/>\n&#8211; Meeting with students and teachers of Albanian schools in New York, organised by Mark Gjonaj<br \/>\nMeeting with the head of the International Crisis Group, Dr. Comfort Ero<br \/>\nParticipation in other activities within the United Nations high-level week, including the leaders reception by the Clinton Global Initiative; Dinner organized by the Atlantic Council; Dinner organized by the Deputy Prime Minister of Luxembourg; speech at the events organized by Germany, Australia, Canada, and the Netherlands dedicated to women&#8217;s fundamental rights; the participation of the presidency at the activity organized by the United Kingdom regarding survivors of sexual violence; the participation of the presidency in the discussion organized by the President of Kenya; the participation of the presidency at the event organised by the Department of State for the agenda for Women, Peace and Security; the participation of the presidency at the event organized by Denmark dedicated to sustainable development, as well as other activities, meetings and discussions.<\/p>\n","protected":false},"excerpt":{"rendered":"<p>A week full of activities in the interest of the Republic of Kosovo in New York, which, including among other things: The discussion with President Biden during the participation at the White House annual leaders annual reception, in honor of the high-level week of the United Nations; Participation in the Summit for Ukraine, at the invitation of the White House, where Kosovo was ranked among the world powers in defense of democratic values; Participation in the global summit on the fight against synthetic drugs, upon an invitation from the White House; Visit, meetings and discussions at West Point military academy Participation at the working lunch organized by the High Representative of the European Union in New York, for the Western Balkan leaders. Discussion held at the Council on Foreign Relations on Kosovo&#8217;s vision towards its Euro-Atlantic future The discussion held at the Clinton Global Initiative, on our efforts in Kosovo and beyond, to advance the agenda for Women, Peace and Security Meeting with the former President of the USA &#8211; Bill Clinton Meeting with the President of Brunei &#8211; Sultan Hassanal Bolkiah Meeting with the President of Mauritania &#8211; Mohamed Ould Ghazouani Meeting with the President of Guinea-Bissau &#8211; Umaro Sissoco Embal\u00f3 Meeting with the President of Malawi &#8211; Lazarus Chakwera Meeting with the President of Gambia &#8211; Adama Barrow Meeting with the Secretary of State of the Holy See &#8211; Pietro Parolin Meeting with the Senior Director for Europe at the White House, Michael Carpenter Meeting with Assistant Secretary of State &#8211; Jim O&#8217;Brien Meeting with the Assistant Secretary of State &#8211; Dafna Rand Meeting with MCC Chief Executive Officer &#8211; Alice Albright Conversation with US Secretary of State &#8211; Antony Blinken Conversation with former Secretary of State &#8211; Hillary Clinton Conversation with President Biden&#8217;s Adviser on International Organizations, Joshua Black Conversation with the President of Bulgaria &#8211; Rumen Radev Conversation with the Prime Minister of Albania &#8211; Edi Rama Conversation with the President of Poland &#8211; Andrzej Duda Conversation with the Chairman of the Presidency of Bosnia and Herzegovina &#8211; Denis Be\u0107irovi\u0107 Conversation with the President of Estonia &#8211; Alar Karis Conversation with the President of Latvia &#8211; Edgars Rink\u0113vi\u010ds Conversation with the President of Panama &#8211; Jos\u00e9 Ra\u00fal Mulino Conversation with the President of the Dominican Republic &#8211; Luis Abinader Conversation with the President of Fiji &#8211; Wiliame Katonivere Conversation with the President of Gabon &#8211; Brice Oligui Nguema Conversation with the President of Suriname &#8211; Chan Santokhi Conversation with the President of Namibia &#8211; Hage Geingob Conversation with the President of Mauritius \u2013 Prithvirajsing Roopun Conversation with the President of the EU Council &#8211; Charles Michel Conversation with the Prime Minister of Italy &#8211; Giorgia Meloni Conversation with the Prime Minister of the Netherlands &#8211; Dick Schoof Conversation with the Prime Minister of Armenia &#8211; Nikol Pashinyan Conversation with the Prime Minister of Slovenia &#8211; Robert Golob Conversation with the Prime Minister of Ireland &#8211; Simon Harris Conversation with the Prime Minister of Malta &#8211; Robert Abela Conversation with the Prime Minister of Portugal &#8211; Lu\u00eds Montenegro Conversation with the Prime Minister of Iceland &#8211; Bjarni Benediktsson Conversation with the Prime Minister of Liechtenstein &#8211; Daniel Risch Conversation with the Prime Minister of St. Kitts and Nevis &#8211; Terrance Drew Conversation with the Prime Minister of Greece &#8211; Kyriakos Mitsotakis Meeting with the Foreign Minister of Tanzania &#8211; Mahmoud Thabit Komb Conversation with the Foreign Minister of T\u00fcrkiye, Hakan Fidan, Conversation with the Foreign Minister of Germany &#8211; Annalena Baerbock Conversation with the Foreign Minister of Canada &#8211; M\u00e9lanie Joly Conversation with the Foreign Minister of the Netherlands &#8211; Caspar Veldkamp Conversation with the Deputy Prime Minister and Foreign Minister of Luxembourg &#8211; Xavier Bettel Conversation with the Foreign Minister of Benin, Shegun Adjadi Bakari Conversation with the Foreign Minister of Azerbaijan, Jeyhun Bayramov General Secretary of the Council of Europe &#8211; Alain Berset Secretary of the Organization of American States &#8211; Luis Almagro Meeting with the EU Special Envoy &#8211; Miroslav Lajcak Conversation with the Governor of Pennsylvania &#8211; Josh Shapiro Organization of numerous events with our extraordinary diaspora, including: &#8211; Meeting organized in Staten Island by the Ulqini association and other Albanian associations &#8211; Meeting organized with the community in the Albanian church in NY &#8211; The visit to the Vatra Albanian-American association &#8211; Dinner with Albanian entrepreneurs and activists &#8211; Meeting with students of the most prestigious &#8220;Ivy League&#8221; universities &#8211; Meeting with students and teachers of Albanian schools in New York, organised by Mark Gjonaj Meeting with the head of the International Crisis Group, Dr. Comfort Ero Participation in other activities within the United Nations high-level week, including the leaders reception by the Clinton Global Initiative; Dinner organized by the Atlantic Council; Dinner organized by the Deputy Prime Minister of Luxembourg; speech at the events organized by Germany, Australia, Canada, and the Netherlands dedicated to women&#8217;s fundamental rights; the participation of the presidency at the activity organized by the United Kingdom regarding survivors of sexual violence; the participation of the presidency in the discussion organized by the President of Kenya; the participation of the presidency at the event organised by the Department of State for the agenda for Women, Peace and Security; the participation of the presidency at the event organized by Denmark dedicated to sustainable development, as well as other activities, meetings and discussions.<\/p>\n","protected":false},"author":9,"featured_media":143862,"comment_status":"closed","ping_status":"closed","sticky":false,"template":"","format":"standard","meta":{"_eb_attr":"","footnotes":""},"categories":[113,111],"tags":[],"class_list":["post-144146","post","type-post","status-publish","format-standard","has-post-thumbnail","hentry","category-international-visits","category-news"],"yoast_head":"<!-- This site is optimized with the Yoast SEO plugin v23.5 - https:\/\/yoast.com\/wordpress\/plugins\/seo\/ -->\n<title>The album of President Osmani&#039;s visit to New York during the 79th UN General Assembly high-level week - President of the Republic of Kosovo - DR. VJOSA OSMANI - SADRIU<\/title>\n<meta name=\"description\" content=\"The album of President Osmani&#039;s visit to New York during the 79th UN General Assembly high-level week - President of the Republic of Kosovo - DR. VJOSA OSMANI - SADRIU -\" \/>\n<meta name=\"robots\" content=\"index, follow, max-snippet:-1, max-image-preview:large, max-video-preview:-1\" \/>\n<link rel=\"canonical\" href=\"https:\/\/president-ksgov.net\/en\/the-album-of-president-osmanis-visit-to-new-york-during-the-79th-un-general-assembly-high-level-week\/\" \/>\n<meta property=\"og:locale\" content=\"en_US\" \/>\n<meta property=\"og:type\" content=\"article\" \/>\n<meta property=\"og:title\" content=\"The album of President Osmani&#039;s visit to New York during the 79th UN General Assembly high-level week - President of the Republic of Kosovo - DR. VJOSA OSMANI - SADRIU\" \/>\n<meta property=\"og:description\" content=\"The album of President Osmani&#039;s visit to New York during the 79th UN General Assembly high-level week - President of the Republic of Kosovo - DR. VJOSA OSMANI - SADRIU -\" \/>\n<meta property=\"og:url\" content=\"https:\/\/president-ksgov.net\/en\/the-album-of-president-osmanis-visit-to-new-york-during-the-79th-un-general-assembly-high-level-week\/\" \/>\n<meta property=\"og:site_name\" content=\"President of the Republic of Kosovo - DR. VJOSA OSMANI - SADRIU\" \/>\n<meta property=\"article:published_time\" content=\"2024-09-30T09:47:47+00:00\" \/>\n<meta property=\"article:modified_time\" content=\"2024-09-30T11:42:23+00:00\" \/>\n<meta property=\"og:image\" content=\"https:\/\/president-ksgov.net\/wp-content\/uploads\/albumi-1.jpg\" \/>\n\t<meta property=\"og:image:width\" content=\"2048\" \/>\n\t<meta property=\"og:image:height\" content=\"1365\" \/>\n\t<meta property=\"og:image:type\" content=\"image\/jpeg\" \/>\n<meta name=\"author\" content=\"Florent Rrahmani\" \/>\n<meta name=\"twitter:card\" content=\"summary_large_image\" \/>\n<meta name=\"twitter:label1\" content=\"Written by\" \/>\n\t<meta name=\"twitter:data1\" content=\"Florent Rrahmani\" \/>\n\t<meta name=\"twitter:label2\" content=\"Est. reading time\" \/>\n\t<meta name=\"twitter:data2\" content=\"5 minutes\" \/>\n<script type=\"application\/ld+json\" class=\"yoast-schema-graph\">{\"@context\":\"https:\/\/schema.org\",\"@graph\":[{\"@type\":\"WebPage\",\"@id\":\"https:\/\/president-ksgov.net\/en\/the-album-of-president-osmanis-visit-to-new-york-during-the-79th-un-general-assembly-high-level-week\/\",\"url\":\"https:\/\/president-ksgov.net\/en\/the-album-of-president-osmanis-visit-to-new-york-during-the-79th-un-general-assembly-high-level-week\/\",\"name\":\"The album of President Osmani's visit to New York during the 79th UN General Assembly high-level week - President of the Republic of Kosovo - DR. VJOSA OSMANI - SADRIU\",\"isPartOf\":{\"@id\":\"https:\/\/president-ksgov.net\/#website\"},\"primaryImageOfPage\":{\"@id\":\"https:\/\/president-ksgov.net\/en\/the-album-of-president-osmanis-visit-to-new-york-during-the-79th-un-general-assembly-high-level-week\/#primaryimage\"},\"image\":{\"@id\":\"https:\/\/president-ksgov.net\/en\/the-album-of-president-osmanis-visit-to-new-york-during-the-79th-un-general-assembly-high-level-week\/#primaryimage\"},\"thumbnailUrl\":\"https:\/\/president-ksgov.net\/wp-content\/uploads\/albumi-1.jpg\",\"datePublished\":\"2024-09-30T09:47:47+00:00\",\"dateModified\":\"2024-09-30T11:42:23+00:00\",\"author\":{\"@id\":\"https:\/\/president-ksgov.net\/#\/schema\/person\/7c46f744a99d3f1616b92658282aa934\"},\"description\":\"The album of President Osmani's visit to New York during the 79th UN General Assembly high-level week - President of the Republic of Kosovo - DR. VJOSA OSMANI - SADRIU -\",\"breadcrumb\":{\"@id\":\"https:\/\/president-ksgov.net\/en\/the-album-of-president-osmanis-visit-to-new-york-during-the-79th-un-general-assembly-high-level-week\/#breadcrumb\"},\"inLanguage\":\"en-US\",\"potentialAction\":[{\"@type\":\"ReadAction\",\"target\":[\"https:\/\/president-ksgov.net\/en\/the-album-of-president-osmanis-visit-to-new-york-during-the-79th-un-general-assembly-high-level-week\/\"]}]},{\"@type\":\"ImageObject\",\"inLanguage\":\"en-US\",\"@id\":\"https:\/\/president-ksgov.net\/en\/the-album-of-president-osmanis-visit-to-new-york-during-the-79th-un-general-assembly-high-level-week\/#primaryimage\",\"url\":\"https:\/\/president-ksgov.net\/wp-content\/uploads\/albumi-1.jpg\",\"contentUrl\":\"https:\/\/president-ksgov.net\/wp-content\/uploads\/albumi-1.jpg\",\"width\":2048,\"height\":1365,\"caption\":\"President Joe Biden and First Lady Jill Biden participate in a photo line at a reception for United Nations General Assembly leaders, Wednesday, September 25, 2024, at the Metropolitan Museum of Art in New York City (Official White House Photo by Adam Schultz)\"},{\"@type\":\"BreadcrumbList\",\"@id\":\"https:\/\/president-ksgov.net\/en\/the-album-of-president-osmanis-visit-to-new-york-during-the-79th-un-general-assembly-high-level-week\/#breadcrumb\",\"itemListElement\":[{\"@type\":\"ListItem\",\"position\":1,\"name\":\"Home\",\"item\":\"https:\/\/president-ksgov.net\/en\/\"},{\"@type\":\"ListItem\",\"position\":2,\"name\":\"The album of President Osmani&#8217;s visit to New York during the 79th UN General Assembly high-level week\"}]},{\"@type\":\"WebSite\",\"@id\":\"https:\/\/president-ksgov.net\/#website\",\"url\":\"https:\/\/president-ksgov.net\/\",\"name\":\"Presidente e Republik\u00ebs s\u00eb Kosov\u00ebs\",\"description\":\"Presidente e Republik\u00ebs s\u00eb Kosov\u00ebs\",\"alternateName\":\"DR. VJOSA OSMANI - SADRIU\",\"potentialAction\":[{\"@type\":\"SearchAction\",\"target\":{\"@type\":\"EntryPoint\",\"urlTemplate\":\"https:\/\/president-ksgov.net\/?s={search_term_string}\"},\"query-input\":{\"@type\":\"PropertyValueSpecification\",\"valueRequired\":true,\"valueName\":\"search_term_string\"}}],\"inLanguage\":\"en-US\"},{\"@type\":\"Person\",\"@id\":\"https:\/\/president-ksgov.net\/#\/schema\/person\/7c46f744a99d3f1616b92658282aa934\",\"name\":\"Florent Rrahmani\",\"image\":{\"@type\":\"ImageObject\",\"inLanguage\":\"en-US\",\"@id\":\"https:\/\/president-ksgov.net\/#\/schema\/person\/image\/\",\"url\":\"https:\/\/secure.gravatar.com\/avatar\/2545924aa250de68ac8368367a79b663e59571cd131611f54c89b0613a94e230?s=96&d=mm&r=g\",\"contentUrl\":\"https:\/\/secure.gravatar.com\/avatar\/2545924aa250de68ac8368367a79b663e59571cd131611f54c89b0613a94e230?s=96&d=mm&r=g\",\"caption\":\"Florent Rrahmani\"}}]}<\/script>\n<!-- \/ Yoast SEO plugin. -->","yoast_head_json":{"title":"The album of President Osmani's visit to New York during the 79th UN General Assembly high-level week - President of the Republic of Kosovo - DR. VJOSA OSMANI - SADRIU","description":"The album of President Osmani's visit to New York during the 79th UN General Assembly high-level week - President of the Republic of Kosovo - DR. VJOSA OSMANI - SADRIU -","robots":{"index":"index","follow":"follow","max-snippet":"max-snippet:-1","max-image-preview":"max-image-preview:large","max-video-preview":"max-video-preview:-1"},"canonical":"https:\/\/president-ksgov.net\/en\/the-album-of-president-osmanis-visit-to-new-york-during-the-79th-un-general-assembly-high-level-week\/","og_locale":"en_US","og_type":"article","og_title":"The album of President Osmani's visit to New York during the 79th UN General Assembly high-level week - President of the Republic of Kosovo - DR. VJOSA OSMANI - SADRIU","og_description":"The album of President Osmani's visit to New York during the 79th UN General Assembly high-level week - President of the Republic of Kosovo - DR. VJOSA OSMANI - SADRIU -","og_url":"https:\/\/president-ksgov.net\/en\/the-album-of-president-osmanis-visit-to-new-york-during-the-79th-un-general-assembly-high-level-week\/","og_site_name":"President of the Republic of Kosovo - DR. VJOSA OSMANI - SADRIU","article_published_time":"2024-09-30T09:47:47+00:00","article_modified_time":"2024-09-30T11:42:23+00:00","og_image":[{"width":2048,"height":1365,"url":"https:\/\/president-ksgov.net\/wp-content\/uploads\/albumi-1.jpg","type":"image\/jpeg"}],"author":"Florent Rrahmani","twitter_card":"summary_large_image","twitter_misc":{"Written by":"Florent Rrahmani","Est. reading time":"5 minutes"},"schema":{"@context":"https:\/\/schema.org","@graph":[{"@type":"WebPage","@id":"https:\/\/president-ksgov.net\/en\/the-album-of-president-osmanis-visit-to-new-york-during-the-79th-un-general-assembly-high-level-week\/","url":"https:\/\/president-ksgov.net\/en\/the-album-of-president-osmanis-visit-to-new-york-during-the-79th-un-general-assembly-high-level-week\/","name":"The album of President Osmani's visit to New York during the 79th UN General Assembly high-level week - President of the Republic of Kosovo - DR. VJOSA OSMANI - SADRIU","isPartOf":{"@id":"https:\/\/president-ksgov.net\/#website"},"primaryImageOfPage":{"@id":"https:\/\/president-ksgov.net\/en\/the-album-of-president-osmanis-visit-to-new-york-during-the-79th-un-general-assembly-high-level-week\/#primaryimage"},"image":{"@id":"https:\/\/president-ksgov.net\/en\/the-album-of-president-osmanis-visit-to-new-york-during-the-79th-un-general-assembly-high-level-week\/#primaryimage"},"thumbnailUrl":"https:\/\/president-ksgov.net\/wp-content\/uploads\/albumi-1.jpg","datePublished":"2024-09-30T09:47:47+00:00","dateModified":"2024-09-30T11:42:23+00:00","author":{"@id":"https:\/\/president-ksgov.net\/#\/schema\/person\/7c46f744a99d3f1616b92658282aa934"},"description":"The album of President Osmani's visit to New York during the 79th UN General Assembly high-level week - President of the Republic of Kosovo - DR. VJOSA OSMANI - SADRIU -","breadcrumb":{"@id":"https:\/\/president-ksgov.net\/en\/the-album-of-president-osmanis-visit-to-new-york-during-the-79th-un-general-assembly-high-level-week\/#breadcrumb"},"inLanguage":"en-US","potentialAction":[{"@type":"ReadAction","target":["https:\/\/president-ksgov.net\/en\/the-album-of-president-osmanis-visit-to-new-york-during-the-79th-un-general-assembly-high-level-week\/"]}]},{"@type":"ImageObject","inLanguage":"en-US","@id":"https:\/\/president-ksgov.net\/en\/the-album-of-president-osmanis-visit-to-new-york-during-the-79th-un-general-assembly-high-level-week\/#primaryimage","url":"https:\/\/president-ksgov.net\/wp-content\/uploads\/albumi-1.jpg","contentUrl":"https:\/\/president-ksgov.net\/wp-content\/uploads\/albumi-1.jpg","width":2048,"height":1365,"caption":"President Joe Biden and First Lady Jill Biden participate in a photo line at a reception for United Nations General Assembly leaders, Wednesday, September 25, 2024, at the Metropolitan Museum of Art in New York City (Official White House Photo by Adam Schultz)"},{"@type":"BreadcrumbList","@id":"https:\/\/president-ksgov.net\/en\/the-album-of-president-osmanis-visit-to-new-york-during-the-79th-un-general-assembly-high-level-week\/#breadcrumb","itemListElement":[{"@type":"ListItem","position":1,"name":"Home","item":"https:\/\/president-ksgov.net\/en\/"},{"@type":"ListItem","position":2,"name":"The album of President Osmani&#8217;s visit to New York during the 79th UN General Assembly high-level week"}]},{"@type":"WebSite","@id":"https:\/\/president-ksgov.net\/#website","url":"https:\/\/president-ksgov.net\/","name":"Presidente e Republik\u00ebs s\u00eb Kosov\u00ebs","description":"Presidente e Republik\u00ebs s\u00eb Kosov\u00ebs","alternateName":"DR. VJOSA OSMANI - SADRIU","potentialAction":[{"@type":"SearchAction","target":{"@type":"EntryPoint","urlTemplate":"https:\/\/president-ksgov.net\/?s={search_term_string}"},"query-input":{"@type":"PropertyValueSpecification","valueRequired":true,"valueName":"search_term_string"}}],"inLanguage":"en-US"},{"@type":"Person","@id":"https:\/\/president-ksgov.net\/#\/schema\/person\/7c46f744a99d3f1616b92658282aa934","name":"Florent Rrahmani","image":{"@type":"ImageObject","inLanguage":"en-US","@id":"https:\/\/president-ksgov.net\/#\/schema\/person\/image\/","url":"https:\/\/secure.gravatar.com\/avatar\/2545924aa250de68ac8368367a79b663e59571cd131611f54c89b0613a94e230?s=96&d=mm&r=g","contentUrl":"https:\/\/secure.gravatar.com\/avatar\/2545924aa250de68ac8368367a79b663e59571cd131611f54c89b0613a94e230?s=96&d=mm&r=g","caption":"Florent Rrahmani"}}]}},"_links":{"self":[{"href":"https:\/\/president-ksgov.net\/en\/wp-json\/wp\/v2\/posts\/144146","targetHints":{"allow":["GET"]}}],"collection":[{"href":"https:\/\/president-ksgov.net\/en\/wp-json\/wp\/v2\/posts"}],"about":[{"href":"https:\/\/president-ksgov.net\/en\/wp-json\/wp\/v2\/types\/post"}],"author":[{"embeddable":true,"href":"https:\/\/president-ksgov.net\/en\/wp-json\/wp\/v2\/users\/9"}],"replies":[{"embeddable":true,"href":"https:\/\/president-ksgov.net\/en\/wp-json\/wp\/v2\/comments?post=144146"}],"version-history":[{"count":1,"href":"https:\/\/president-ksgov.net\/en\/wp-json\/wp\/v2\/posts\/144146\/revisions"}],"predecessor-version":[{"id":144147,"href":"https:\/\/president-ksgov.net\/en\/wp-json\/wp\/v2\/posts\/144146\/revisions\/144147"}],"wp:featuredmedia":[{"embeddable":true,"href":"https:\/\/president-ksgov.net\/en\/wp-json\/wp\/v2\/media\/143862"}],"wp:attachment":[{"href":"https:\/\/president-ksgov.net\/en\/wp-json\/wp\/v2\/media?parent=144146"}],"wp:term":[{"taxonomy":"category","embeddable":true,"href":"https:\/\/president-ksgov.net\/en\/wp-json\/wp\/v2\/categories?post=144146"},{"taxonomy":"post_tag","embeddable":true,"href":"https:\/\/president-ksgov.net\/en\/wp-json\/wp\/v2\/tags?post=144146"}],"curies":[{"name":"wp","href":"https:\/\/api.w.org\/{rel}","templated":true}]}}