{"id":143575,"date":"2024-09-27T09:18:51","date_gmt":"2024-09-27T07:18:51","guid":{"rendered":"https:\/\/president-ksgov.net\/?p=143575"},"modified":"2024-09-27T09:43:39","modified_gmt":"2024-09-27T07:43:39","slug":"president-osmani-at-president-bidens-reception-an-alliance-that-stands-at-the-very-foundations-of-our-republic","status":"publish","type":"post","link":"https:\/\/president-ksgov.net\/en\/president-osmani-at-president-bidens-reception-an-alliance-that-stands-at-the-very-foundations-of-our-republic\/","title":{"rendered":"President Osmani at President Biden&#8217;s reception: An Alliance that stands at the very foundations of our Republic!"},"content":{"rendered":"<p>The President of the Republic of Kosovo Vjosa Osmani together with the First gentleman Prindon Sadriu, participated at the official reception held by President Biden and the First Lady Dr. Biden.<\/p>\n<p>&#8220;An Alliance that stands at the very foundations of our Republic! Thank you, President Biden and First Lady Dr. Biden, for the hospitality and the meaningful conversation!&#8221; wrote President Osmani.<\/p>\n","protected":false},"excerpt":{"rendered":"<p>The President of the Republic of Kosovo Vjosa Osmani together with the First gentleman Prindon Sadriu, participated at the official reception held by President Biden and the First Lady Dr. Biden. &#8220;An Alliance that stands at the very foundations of our Republic! Thank you, President Biden and First Lady Dr. Biden, for the hospitality and the meaningful conversation!&#8221; wrote President Osmani.<\/p>\n","protected":false},"author":9,"featured_media":143571,"comment_status":"closed","ping_status":"closed","sticky":false,"template":"","format":"standard","meta":{"_eb_attr":"","footnotes":""},"categories":[113,111],"tags":[],"class_list":["post-143575","post","type-post","status-publish","format-standard","has-post-thumbnail","hentry","category-international-visits","category-news"],"yoast_head":"<!-- This site is optimized with the Yoast SEO plugin v23.5 - https:\/\/yoast.com\/wordpress\/plugins\/seo\/ -->\n<title>President Osmani at President Biden&#039;s reception: An Alliance that stands at the very foundations of our Republic! - President of the Republic of Kosovo - DR. VJOSA OSMANI - SADRIU<\/title>\n<meta name=\"description\" content=\"President Osmani at President Biden&#039;s reception: An Alliance that stands at the very foundations of our Republic! - President of the Republic of Kosovo - DR. VJOSA OSMANI - SADRIU -\" \/>\n<meta name=\"robots\" content=\"index, follow, max-snippet:-1, max-image-preview:large, max-video-preview:-1\" \/>\n<link rel=\"canonical\" href=\"https:\/\/president-ksgov.net\/en\/president-osmani-at-president-bidens-reception-an-alliance-that-stands-at-the-very-foundations-of-our-republic\/\" \/>\n<meta property=\"og:locale\" content=\"en_US\" \/>\n<meta property=\"og:type\" content=\"article\" \/>\n<meta property=\"og:title\" content=\"President Osmani at President Biden&#039;s reception: An Alliance that stands at the very foundations of our Republic! - President of the Republic of Kosovo - DR. VJOSA OSMANI - SADRIU\" \/>\n<meta property=\"og:description\" content=\"President Osmani at President Biden&#039;s reception: An Alliance that stands at the very foundations of our Republic! - President of the Republic of Kosovo - DR. VJOSA OSMANI - SADRIU -\" \/>\n<meta property=\"og:url\" content=\"https:\/\/president-ksgov.net\/en\/president-osmani-at-president-bidens-reception-an-alliance-that-stands-at-the-very-foundations-of-our-republic\/\" \/>\n<meta property=\"og:site_name\" content=\"President of the Republic of Kosovo - DR. VJOSA OSMANI - SADRIU\" \/>\n<meta property=\"article:published_time\" content=\"2024-09-27T07:18:51+00:00\" \/>\n<meta property=\"article:modified_time\" content=\"2024-09-27T07:43:39+00:00\" \/>\n<meta property=\"og:image\" content=\"https:\/\/president-ksgov.net\/wp-content\/uploads\/Presidentja-Osmani-ne-pritjen-e-Presidentit-Biden_1.jpg\" \/>\n\t<meta property=\"og:image:width\" content=\"2048\" \/>\n\t<meta property=\"og:image:height\" content=\"1365\" \/>\n\t<meta property=\"og:image:type\" content=\"image\/jpeg\" \/>\n<meta name=\"author\" content=\"Florent Rrahmani\" \/>\n<meta name=\"twitter:card\" content=\"summary_large_image\" \/>\n<meta name=\"twitter:label1\" content=\"Written by\" \/>\n\t<meta name=\"twitter:data1\" content=\"Florent Rrahmani\" \/>\n\t<meta name=\"twitter:label2\" content=\"Est. reading time\" \/>\n\t<meta name=\"twitter:data2\" content=\"1 minute\" \/>\n<script type=\"application\/ld+json\" class=\"yoast-schema-graph\">{\"@context\":\"https:\/\/schema.org\",\"@graph\":[{\"@type\":\"WebPage\",\"@id\":\"https:\/\/president-ksgov.net\/en\/president-osmani-at-president-bidens-reception-an-alliance-that-stands-at-the-very-foundations-of-our-republic\/\",\"url\":\"https:\/\/president-ksgov.net\/en\/president-osmani-at-president-bidens-reception-an-alliance-that-stands-at-the-very-foundations-of-our-republic\/\",\"name\":\"President Osmani at President Biden's reception: An Alliance that stands at the very foundations of our Republic! - President of the Republic of Kosovo - DR. VJOSA OSMANI - SADRIU\",\"isPartOf\":{\"@id\":\"https:\/\/president-ksgov.net\/#website\"},\"primaryImageOfPage\":{\"@id\":\"https:\/\/president-ksgov.net\/en\/president-osmani-at-president-bidens-reception-an-alliance-that-stands-at-the-very-foundations-of-our-republic\/#primaryimage\"},\"image\":{\"@id\":\"https:\/\/president-ksgov.net\/en\/president-osmani-at-president-bidens-reception-an-alliance-that-stands-at-the-very-foundations-of-our-republic\/#primaryimage\"},\"thumbnailUrl\":\"https:\/\/president-ksgov.net\/wp-content\/uploads\/Presidentja-Osmani-ne-pritjen-e-Presidentit-Biden_1.jpg\",\"datePublished\":\"2024-09-27T07:18:51+00:00\",\"dateModified\":\"2024-09-27T07:43:39+00:00\",\"author\":{\"@id\":\"https:\/\/president-ksgov.net\/#\/schema\/person\/7c46f744a99d3f1616b92658282aa934\"},\"description\":\"President Osmani at President Biden's reception: An Alliance that stands at the very foundations of our Republic! - President of the Republic of Kosovo - DR. VJOSA OSMANI - SADRIU -\",\"breadcrumb\":{\"@id\":\"https:\/\/president-ksgov.net\/en\/president-osmani-at-president-bidens-reception-an-alliance-that-stands-at-the-very-foundations-of-our-republic\/#breadcrumb\"},\"inLanguage\":\"en-US\",\"potentialAction\":[{\"@type\":\"ReadAction\",\"target\":[\"https:\/\/president-ksgov.net\/en\/president-osmani-at-president-bidens-reception-an-alliance-that-stands-at-the-very-foundations-of-our-republic\/\"]}]},{\"@type\":\"ImageObject\",\"inLanguage\":\"en-US\",\"@id\":\"https:\/\/president-ksgov.net\/en\/president-osmani-at-president-bidens-reception-an-alliance-that-stands-at-the-very-foundations-of-our-republic\/#primaryimage\",\"url\":\"https:\/\/president-ksgov.net\/wp-content\/uploads\/Presidentja-Osmani-ne-pritjen-e-Presidentit-Biden_1.jpg\",\"contentUrl\":\"https:\/\/president-ksgov.net\/wp-content\/uploads\/Presidentja-Osmani-ne-pritjen-e-Presidentit-Biden_1.jpg\",\"width\":2048,\"height\":1365,\"caption\":\"President Joe Biden and First Lady Jill Biden participate in a photo line at a reception for United Nations General Assembly leaders, Wednesday, September 25, 2024, at the Metropolitan Museum of Art in New York City (Official White House Photo by Adam Schultz)\"},{\"@type\":\"BreadcrumbList\",\"@id\":\"https:\/\/president-ksgov.net\/en\/president-osmani-at-president-bidens-reception-an-alliance-that-stands-at-the-very-foundations-of-our-republic\/#breadcrumb\",\"itemListElement\":[{\"@type\":\"ListItem\",\"position\":1,\"name\":\"Home\",\"item\":\"https:\/\/president-ksgov.net\/en\/\"},{\"@type\":\"ListItem\",\"position\":2,\"name\":\"President Osmani at President Biden&#8217;s reception: An Alliance that stands at the very foundations of our Republic!\"}]},{\"@type\":\"WebSite\",\"@id\":\"https:\/\/president-ksgov.net\/#website\",\"url\":\"https:\/\/president-ksgov.net\/\",\"name\":\"Presidente e Republik\u00ebs s\u00eb Kosov\u00ebs\",\"description\":\"Presidente e Republik\u00ebs s\u00eb Kosov\u00ebs\",\"alternateName\":\"DR. VJOSA OSMANI - SADRIU\",\"potentialAction\":[{\"@type\":\"SearchAction\",\"target\":{\"@type\":\"EntryPoint\",\"urlTemplate\":\"https:\/\/president-ksgov.net\/?s={search_term_string}\"},\"query-input\":{\"@type\":\"PropertyValueSpecification\",\"valueRequired\":true,\"valueName\":\"search_term_string\"}}],\"inLanguage\":\"en-US\"},{\"@type\":\"Person\",\"@id\":\"https:\/\/president-ksgov.net\/#\/schema\/person\/7c46f744a99d3f1616b92658282aa934\",\"name\":\"Florent Rrahmani\",\"image\":{\"@type\":\"ImageObject\",\"inLanguage\":\"en-US\",\"@id\":\"https:\/\/president-ksgov.net\/#\/schema\/person\/image\/\",\"url\":\"https:\/\/secure.gravatar.com\/avatar\/2545924aa250de68ac8368367a79b663e59571cd131611f54c89b0613a94e230?s=96&d=mm&r=g\",\"contentUrl\":\"https:\/\/secure.gravatar.com\/avatar\/2545924aa250de68ac8368367a79b663e59571cd131611f54c89b0613a94e230?s=96&d=mm&r=g\",\"caption\":\"Florent Rrahmani\"}}]}<\/script>\n<!-- \/ Yoast SEO plugin. -->","yoast_head_json":{"title":"President Osmani at President Biden's reception: An Alliance that stands at the very foundations of our Republic! - President of the Republic of Kosovo - DR. VJOSA OSMANI - SADRIU","description":"President Osmani at President Biden's reception: An Alliance that stands at the very foundations of our Republic! - President of the Republic of Kosovo - DR. VJOSA OSMANI - SADRIU -","robots":{"index":"index","follow":"follow","max-snippet":"max-snippet:-1","max-image-preview":"max-image-preview:large","max-video-preview":"max-video-preview:-1"},"canonical":"https:\/\/president-ksgov.net\/en\/president-osmani-at-president-bidens-reception-an-alliance-that-stands-at-the-very-foundations-of-our-republic\/","og_locale":"en_US","og_type":"article","og_title":"President Osmani at President Biden's reception: An Alliance that stands at the very foundations of our Republic! - President of the Republic of Kosovo - DR. VJOSA OSMANI - SADRIU","og_description":"President Osmani at President Biden's reception: An Alliance that stands at the very foundations of our Republic! - President of the Republic of Kosovo - DR. VJOSA OSMANI - SADRIU -","og_url":"https:\/\/president-ksgov.net\/en\/president-osmani-at-president-bidens-reception-an-alliance-that-stands-at-the-very-foundations-of-our-republic\/","og_site_name":"President of the Republic of Kosovo - DR. VJOSA OSMANI - SADRIU","article_published_time":"2024-09-27T07:18:51+00:00","article_modified_time":"2024-09-27T07:43:39+00:00","og_image":[{"width":2048,"height":1365,"url":"https:\/\/president-ksgov.net\/wp-content\/uploads\/Presidentja-Osmani-ne-pritjen-e-Presidentit-Biden_1.jpg","type":"image\/jpeg"}],"author":"Florent Rrahmani","twitter_card":"summary_large_image","twitter_misc":{"Written by":"Florent Rrahmani","Est. reading time":"1 minute"},"schema":{"@context":"https:\/\/schema.org","@graph":[{"@type":"WebPage","@id":"https:\/\/president-ksgov.net\/en\/president-osmani-at-president-bidens-reception-an-alliance-that-stands-at-the-very-foundations-of-our-republic\/","url":"https:\/\/president-ksgov.net\/en\/president-osmani-at-president-bidens-reception-an-alliance-that-stands-at-the-very-foundations-of-our-republic\/","name":"President Osmani at President Biden's reception: An Alliance that stands at the very foundations of our Republic! - President of the Republic of Kosovo - DR. VJOSA OSMANI - SADRIU","isPartOf":{"@id":"https:\/\/president-ksgov.net\/#website"},"primaryImageOfPage":{"@id":"https:\/\/president-ksgov.net\/en\/president-osmani-at-president-bidens-reception-an-alliance-that-stands-at-the-very-foundations-of-our-republic\/#primaryimage"},"image":{"@id":"https:\/\/president-ksgov.net\/en\/president-osmani-at-president-bidens-reception-an-alliance-that-stands-at-the-very-foundations-of-our-republic\/#primaryimage"},"thumbnailUrl":"https:\/\/president-ksgov.net\/wp-content\/uploads\/Presidentja-Osmani-ne-pritjen-e-Presidentit-Biden_1.jpg","datePublished":"2024-09-27T07:18:51+00:00","dateModified":"2024-09-27T07:43:39+00:00","author":{"@id":"https:\/\/president-ksgov.net\/#\/schema\/person\/7c46f744a99d3f1616b92658282aa934"},"description":"President Osmani at President Biden's reception: An Alliance that stands at the very foundations of our Republic! - President of the Republic of Kosovo - DR. VJOSA OSMANI - SADRIU -","breadcrumb":{"@id":"https:\/\/president-ksgov.net\/en\/president-osmani-at-president-bidens-reception-an-alliance-that-stands-at-the-very-foundations-of-our-republic\/#breadcrumb"},"inLanguage":"en-US","potentialAction":[{"@type":"ReadAction","target":["https:\/\/president-ksgov.net\/en\/president-osmani-at-president-bidens-reception-an-alliance-that-stands-at-the-very-foundations-of-our-republic\/"]}]},{"@type":"ImageObject","inLanguage":"en-US","@id":"https:\/\/president-ksgov.net\/en\/president-osmani-at-president-bidens-reception-an-alliance-that-stands-at-the-very-foundations-of-our-republic\/#primaryimage","url":"https:\/\/president-ksgov.net\/wp-content\/uploads\/Presidentja-Osmani-ne-pritjen-e-Presidentit-Biden_1.jpg","contentUrl":"https:\/\/president-ksgov.net\/wp-content\/uploads\/Presidentja-Osmani-ne-pritjen-e-Presidentit-Biden_1.jpg","width":2048,"height":1365,"caption":"President Joe Biden and First Lady Jill Biden participate in a photo line at a reception for United Nations General Assembly leaders, Wednesday, September 25, 2024, at the Metropolitan Museum of Art in New York City (Official White House Photo by Adam Schultz)"},{"@type":"BreadcrumbList","@id":"https:\/\/president-ksgov.net\/en\/president-osmani-at-president-bidens-reception-an-alliance-that-stands-at-the-very-foundations-of-our-republic\/#breadcrumb","itemListElement":[{"@type":"ListItem","position":1,"name":"Home","item":"https:\/\/president-ksgov.net\/en\/"},{"@type":"ListItem","position":2,"name":"President Osmani at President Biden&#8217;s reception: An Alliance that stands at the very foundations of our Republic!"}]},{"@type":"WebSite","@id":"https:\/\/president-ksgov.net\/#website","url":"https:\/\/president-ksgov.net\/","name":"Presidente e Republik\u00ebs s\u00eb Kosov\u00ebs","description":"Presidente e Republik\u00ebs s\u00eb Kosov\u00ebs","alternateName":"DR. VJOSA OSMANI - SADRIU","potentialAction":[{"@type":"SearchAction","target":{"@type":"EntryPoint","urlTemplate":"https:\/\/president-ksgov.net\/?s={search_term_string}"},"query-input":{"@type":"PropertyValueSpecification","valueRequired":true,"valueName":"search_term_string"}}],"inLanguage":"en-US"},{"@type":"Person","@id":"https:\/\/president-ksgov.net\/#\/schema\/person\/7c46f744a99d3f1616b92658282aa934","name":"Florent Rrahmani","image":{"@type":"ImageObject","inLanguage":"en-US","@id":"https:\/\/president-ksgov.net\/#\/schema\/person\/image\/","url":"https:\/\/secure.gravatar.com\/avatar\/2545924aa250de68ac8368367a79b663e59571cd131611f54c89b0613a94e230?s=96&d=mm&r=g","contentUrl":"https:\/\/secure.gravatar.com\/avatar\/2545924aa250de68ac8368367a79b663e59571cd131611f54c89b0613a94e230?s=96&d=mm&r=g","caption":"Florent Rrahmani"}}]}},"_links":{"self":[{"href":"https:\/\/president-ksgov.net\/en\/wp-json\/wp\/v2\/posts\/143575","targetHints":{"allow":["GET"]}}],"collection":[{"href":"https:\/\/president-ksgov.net\/en\/wp-json\/wp\/v2\/posts"}],"about":[{"href":"https:\/\/president-ksgov.net\/en\/wp-json\/wp\/v2\/types\/post"}],"author":[{"embeddable":true,"href":"https:\/\/president-ksgov.net\/en\/wp-json\/wp\/v2\/users\/9"}],"replies":[{"embeddable":true,"href":"https:\/\/president-ksgov.net\/en\/wp-json\/wp\/v2\/comments?post=143575"}],"version-history":[{"count":1,"href":"https:\/\/president-ksgov.net\/en\/wp-json\/wp\/v2\/posts\/143575\/revisions"}],"predecessor-version":[{"id":143576,"href":"https:\/\/president-ksgov.net\/en\/wp-json\/wp\/v2\/posts\/143575\/revisions\/143576"}],"wp:featuredmedia":[{"embeddable":true,"href":"https:\/\/president-ksgov.net\/en\/wp-json\/wp\/v2\/media\/143571"}],"wp:attachment":[{"href":"https:\/\/president-ksgov.net\/en\/wp-json\/wp\/v2\/media?parent=143575"}],"wp:term":[{"taxonomy":"category","embeddable":true,"href":"https:\/\/president-ksgov.net\/en\/wp-json\/wp\/v2\/categories?post=143575"},{"taxonomy":"post_tag","embeddable":true,"href":"https:\/\/president-ksgov.net\/en\/wp-json\/wp\/v2\/tags?post=143575"}],"curies":[{"name":"wp","href":"https:\/\/api.w.org\/{rel}","templated":true}]}}