{"id":143150,"date":"2024-09-22T09:00:32","date_gmt":"2024-09-22T07:00:32","guid":{"rendered":"https:\/\/president-ksgov.net\/?p=143150"},"modified":"2024-09-23T09:21:02","modified_gmt":"2024-09-23T07:21:02","slug":"president-osmani-commemorates-xheve-and-fehmi-lladrovci-on-the-26th-anniversary-of-the-fall-they-are-the-eternal-guardians-of-freedom-and-of-the-republic-of-kosovo","status":"publish","type":"post","link":"https:\/\/president-ksgov.net\/en\/president-osmani-commemorates-xheve-and-fehmi-lladrovci-on-the-26th-anniversary-of-the-fall-they-are-the-eternal-guardians-of-freedom-and-of-the-republic-of-kosovo\/","title":{"rendered":"President Osmani commemorates Xhev\u00eb and Fehmi Lladrovci on the 26th anniversary of the fall: They are the eternal guardians of freedom and of the Republic of Kosovo"},"content":{"rendered":"<p>Xhev\u00eb and Fehmi Lladrovci are the eternal guardians of freedom and of the Republic of Kosovo.<\/p>\n<p>Today we mark the 26th anniversary of the heroic fall of two giants of our nation&#8217;s history, who sacrificed all for the freedom we enjoy today. They fell together on this very day, united in their unwavering commitment to the liberation of Kosovo.<\/p>\n<p>Xhev\u00eb and Fehmi were more than fighters &#8211; symbols of hope and strength for all those who dreamed and desired a free and independent Kosovo.<\/p>\n<p>The legacy left behind by Xheva and Fehmi transcends time. They crowned their patriotic activity with the act of heroism of falling at the peak of the battle.<\/p>\n<p>Their sacrifice is felt in every corner of Kosovo &#8211; in the freedom we live in, in the state we have built, and in the hope for a brighter future.<\/p>\n<p>Eternal glory to Xhev\u00eb and Fehmi Lladrovci!<\/p>\n","protected":false},"excerpt":{"rendered":"<p>Xhev\u00eb and Fehmi Lladrovci are the eternal guardians of freedom and of the Republic of Kosovo. Today we mark the 26th anniversary of the heroic fall of two giants of our nation&#8217;s history, who sacrificed all for the freedom we enjoy today. They fell together on this very day, united in their unwavering commitment to the liberation of Kosovo. Xhev\u00eb and Fehmi were more than fighters &#8211; symbols of hope and strength for all those who dreamed and desired a free and independent Kosovo. The legacy left behind by Xheva and Fehmi transcends time. They crowned their patriotic activity with the act of heroism of falling at the peak of the battle. Their sacrifice is felt in every corner of Kosovo &#8211; in the freedom we live in, in the state we have built, and in the hope for a brighter future. Eternal glory to Xhev\u00eb and Fehmi Lladrovci!<\/p>\n","protected":false},"author":9,"featured_media":142932,"comment_status":"closed","ping_status":"closed","sticky":false,"template":"","format":"standard","meta":{"_eb_attr":"","footnotes":""},"categories":[111],"tags":[],"class_list":["post-143150","post","type-post","status-publish","format-standard","has-post-thumbnail","hentry","category-news"],"yoast_head":"<!-- This site is optimized with the Yoast SEO plugin v23.5 - https:\/\/yoast.com\/wordpress\/plugins\/seo\/ -->\n<title>President Osmani commemorates Xhev\u00eb and Fehmi Lladrovci on the 26th anniversary of the fall: They are the eternal guardians of freedom and of the Republic of Kosovo - President of the Republic of Kosovo - DR. VJOSA OSMANI - SADRIU<\/title>\n<meta name=\"description\" content=\"President Osmani commemorates Xhev\u00eb and Fehmi Lladrovci on the 26th anniversary of the fall: They are the eternal guardians of freedom and of the Republic of Kosovo - President of the Republic of Kosovo - DR. VJOSA OSMANI - SADRIU -\" \/>\n<meta name=\"robots\" content=\"index, follow, max-snippet:-1, max-image-preview:large, max-video-preview:-1\" \/>\n<link rel=\"canonical\" href=\"https:\/\/president-ksgov.net\/en\/president-osmani-commemorates-xheve-and-fehmi-lladrovci-on-the-26th-anniversary-of-the-fall-they-are-the-eternal-guardians-of-freedom-and-of-the-republic-of-kosovo\/\" \/>\n<meta property=\"og:locale\" content=\"en_US\" \/>\n<meta property=\"og:type\" content=\"article\" \/>\n<meta property=\"og:title\" content=\"President Osmani commemorates Xhev\u00eb and Fehmi Lladrovci on the 26th anniversary of the fall: They are the eternal guardians of freedom and of the Republic of Kosovo - President of the Republic of Kosovo - DR. VJOSA OSMANI - SADRIU\" \/>\n<meta property=\"og:description\" content=\"President Osmani commemorates Xhev\u00eb and Fehmi Lladrovci on the 26th anniversary of the fall: They are the eternal guardians of freedom and of the Republic of Kosovo - President of the Republic of Kosovo - DR. VJOSA OSMANI - SADRIU -\" \/>\n<meta property=\"og:url\" content=\"https:\/\/president-ksgov.net\/en\/president-osmani-commemorates-xheve-and-fehmi-lladrovci-on-the-26th-anniversary-of-the-fall-they-are-the-eternal-guardians-of-freedom-and-of-the-republic-of-kosovo\/\" \/>\n<meta property=\"og:site_name\" content=\"President of the Republic of Kosovo - DR. VJOSA OSMANI - SADRIU\" \/>\n<meta property=\"article:published_time\" content=\"2024-09-22T07:00:32+00:00\" \/>\n<meta property=\"article:modified_time\" content=\"2024-09-23T07:21:02+00:00\" \/>\n<meta property=\"og:image\" content=\"https:\/\/president-ksgov.net\/wp-content\/uploads\/22_09_2022_8933149_300374690_446972094143968_3252144889893463555_n-1.jpg\" \/>\n\t<meta property=\"og:image:width\" content=\"765\" \/>\n\t<meta property=\"og:image:height\" content=\"638\" \/>\n\t<meta property=\"og:image:type\" content=\"image\/jpeg\" \/>\n<meta name=\"author\" content=\"Florent Rrahmani\" \/>\n<meta name=\"twitter:card\" content=\"summary_large_image\" \/>\n<meta name=\"twitter:label1\" content=\"Written by\" \/>\n\t<meta name=\"twitter:data1\" content=\"Florent Rrahmani\" \/>\n\t<meta name=\"twitter:label2\" content=\"Est. reading time\" \/>\n\t<meta name=\"twitter:data2\" content=\"2 minutes\" \/>\n<script type=\"application\/ld+json\" class=\"yoast-schema-graph\">{\"@context\":\"https:\/\/schema.org\",\"@graph\":[{\"@type\":\"WebPage\",\"@id\":\"https:\/\/president-ksgov.net\/en\/president-osmani-commemorates-xheve-and-fehmi-lladrovci-on-the-26th-anniversary-of-the-fall-they-are-the-eternal-guardians-of-freedom-and-of-the-republic-of-kosovo\/\",\"url\":\"https:\/\/president-ksgov.net\/en\/president-osmani-commemorates-xheve-and-fehmi-lladrovci-on-the-26th-anniversary-of-the-fall-they-are-the-eternal-guardians-of-freedom-and-of-the-republic-of-kosovo\/\",\"name\":\"President Osmani commemorates Xhev\u00eb and Fehmi Lladrovci on the 26th anniversary of the fall: They are the eternal guardians of freedom and of the Republic of Kosovo - President of the Republic of Kosovo - DR. VJOSA OSMANI - SADRIU\",\"isPartOf\":{\"@id\":\"https:\/\/president-ksgov.net\/#website\"},\"primaryImageOfPage\":{\"@id\":\"https:\/\/president-ksgov.net\/en\/president-osmani-commemorates-xheve-and-fehmi-lladrovci-on-the-26th-anniversary-of-the-fall-they-are-the-eternal-guardians-of-freedom-and-of-the-republic-of-kosovo\/#primaryimage\"},\"image\":{\"@id\":\"https:\/\/president-ksgov.net\/en\/president-osmani-commemorates-xheve-and-fehmi-lladrovci-on-the-26th-anniversary-of-the-fall-they-are-the-eternal-guardians-of-freedom-and-of-the-republic-of-kosovo\/#primaryimage\"},\"thumbnailUrl\":\"https:\/\/president-ksgov.net\/wp-content\/uploads\/22_09_2022_8933149_300374690_446972094143968_3252144889893463555_n-1.jpg\",\"datePublished\":\"2024-09-22T07:00:32+00:00\",\"dateModified\":\"2024-09-23T07:21:02+00:00\",\"author\":{\"@id\":\"https:\/\/president-ksgov.net\/#\/schema\/person\/7c46f744a99d3f1616b92658282aa934\"},\"description\":\"President Osmani commemorates Xhev\u00eb and Fehmi Lladrovci on the 26th anniversary of the fall: They are the eternal guardians of freedom and of the Republic of Kosovo - President of the Republic of Kosovo - DR. VJOSA OSMANI - SADRIU -\",\"breadcrumb\":{\"@id\":\"https:\/\/president-ksgov.net\/en\/president-osmani-commemorates-xheve-and-fehmi-lladrovci-on-the-26th-anniversary-of-the-fall-they-are-the-eternal-guardians-of-freedom-and-of-the-republic-of-kosovo\/#breadcrumb\"},\"inLanguage\":\"en-US\",\"potentialAction\":[{\"@type\":\"ReadAction\",\"target\":[\"https:\/\/president-ksgov.net\/en\/president-osmani-commemorates-xheve-and-fehmi-lladrovci-on-the-26th-anniversary-of-the-fall-they-are-the-eternal-guardians-of-freedom-and-of-the-republic-of-kosovo\/\"]}]},{\"@type\":\"ImageObject\",\"inLanguage\":\"en-US\",\"@id\":\"https:\/\/president-ksgov.net\/en\/president-osmani-commemorates-xheve-and-fehmi-lladrovci-on-the-26th-anniversary-of-the-fall-they-are-the-eternal-guardians-of-freedom-and-of-the-republic-of-kosovo\/#primaryimage\",\"url\":\"https:\/\/president-ksgov.net\/wp-content\/uploads\/22_09_2022_8933149_300374690_446972094143968_3252144889893463555_n-1.jpg\",\"contentUrl\":\"https:\/\/president-ksgov.net\/wp-content\/uploads\/22_09_2022_8933149_300374690_446972094143968_3252144889893463555_n-1.jpg\",\"width\":765,\"height\":638},{\"@type\":\"BreadcrumbList\",\"@id\":\"https:\/\/president-ksgov.net\/en\/president-osmani-commemorates-xheve-and-fehmi-lladrovci-on-the-26th-anniversary-of-the-fall-they-are-the-eternal-guardians-of-freedom-and-of-the-republic-of-kosovo\/#breadcrumb\",\"itemListElement\":[{\"@type\":\"ListItem\",\"position\":1,\"name\":\"Home\",\"item\":\"https:\/\/president-ksgov.net\/en\/\"},{\"@type\":\"ListItem\",\"position\":2,\"name\":\"President Osmani commemorates Xhev\u00eb and Fehmi Lladrovci on the 26th anniversary of the fall: They are the eternal guardians of freedom and of the Republic of Kosovo\"}]},{\"@type\":\"WebSite\",\"@id\":\"https:\/\/president-ksgov.net\/#website\",\"url\":\"https:\/\/president-ksgov.net\/\",\"name\":\"Presidente e Republik\u00ebs s\u00eb Kosov\u00ebs\",\"description\":\"Presidente e Republik\u00ebs s\u00eb Kosov\u00ebs\",\"alternateName\":\"DR. VJOSA OSMANI - SADRIU\",\"potentialAction\":[{\"@type\":\"SearchAction\",\"target\":{\"@type\":\"EntryPoint\",\"urlTemplate\":\"https:\/\/president-ksgov.net\/?s={search_term_string}\"},\"query-input\":{\"@type\":\"PropertyValueSpecification\",\"valueRequired\":true,\"valueName\":\"search_term_string\"}}],\"inLanguage\":\"en-US\"},{\"@type\":\"Person\",\"@id\":\"https:\/\/president-ksgov.net\/#\/schema\/person\/7c46f744a99d3f1616b92658282aa934\",\"name\":\"Florent Rrahmani\",\"image\":{\"@type\":\"ImageObject\",\"inLanguage\":\"en-US\",\"@id\":\"https:\/\/president-ksgov.net\/#\/schema\/person\/image\/\",\"url\":\"https:\/\/secure.gravatar.com\/avatar\/2545924aa250de68ac8368367a79b663e59571cd131611f54c89b0613a94e230?s=96&d=mm&r=g\",\"contentUrl\":\"https:\/\/secure.gravatar.com\/avatar\/2545924aa250de68ac8368367a79b663e59571cd131611f54c89b0613a94e230?s=96&d=mm&r=g\",\"caption\":\"Florent Rrahmani\"}}]}<\/script>\n<!-- \/ Yoast SEO plugin. -->","yoast_head_json":{"title":"President Osmani commemorates Xhev\u00eb and Fehmi Lladrovci on the 26th anniversary of the fall: They are the eternal guardians of freedom and of the Republic of Kosovo - President of the Republic of Kosovo - DR. VJOSA OSMANI - SADRIU","description":"President Osmani commemorates Xhev\u00eb and Fehmi Lladrovci on the 26th anniversary of the fall: They are the eternal guardians of freedom and of the Republic of Kosovo - President of the Republic of Kosovo - DR. VJOSA OSMANI - SADRIU -","robots":{"index":"index","follow":"follow","max-snippet":"max-snippet:-1","max-image-preview":"max-image-preview:large","max-video-preview":"max-video-preview:-1"},"canonical":"https:\/\/president-ksgov.net\/en\/president-osmani-commemorates-xheve-and-fehmi-lladrovci-on-the-26th-anniversary-of-the-fall-they-are-the-eternal-guardians-of-freedom-and-of-the-republic-of-kosovo\/","og_locale":"en_US","og_type":"article","og_title":"President Osmani commemorates Xhev\u00eb and Fehmi Lladrovci on the 26th anniversary of the fall: They are the eternal guardians of freedom and of the Republic of Kosovo - President of the Republic of Kosovo - DR. VJOSA OSMANI - SADRIU","og_description":"President Osmani commemorates Xhev\u00eb and Fehmi Lladrovci on the 26th anniversary of the fall: They are the eternal guardians of freedom and of the Republic of Kosovo - President of the Republic of Kosovo - DR. VJOSA OSMANI - SADRIU -","og_url":"https:\/\/president-ksgov.net\/en\/president-osmani-commemorates-xheve-and-fehmi-lladrovci-on-the-26th-anniversary-of-the-fall-they-are-the-eternal-guardians-of-freedom-and-of-the-republic-of-kosovo\/","og_site_name":"President of the Republic of Kosovo - DR. VJOSA OSMANI - SADRIU","article_published_time":"2024-09-22T07:00:32+00:00","article_modified_time":"2024-09-23T07:21:02+00:00","og_image":[{"width":765,"height":638,"url":"https:\/\/president-ksgov.net\/wp-content\/uploads\/22_09_2022_8933149_300374690_446972094143968_3252144889893463555_n-1.jpg","type":"image\/jpeg"}],"author":"Florent Rrahmani","twitter_card":"summary_large_image","twitter_misc":{"Written by":"Florent Rrahmani","Est. reading time":"2 minutes"},"schema":{"@context":"https:\/\/schema.org","@graph":[{"@type":"WebPage","@id":"https:\/\/president-ksgov.net\/en\/president-osmani-commemorates-xheve-and-fehmi-lladrovci-on-the-26th-anniversary-of-the-fall-they-are-the-eternal-guardians-of-freedom-and-of-the-republic-of-kosovo\/","url":"https:\/\/president-ksgov.net\/en\/president-osmani-commemorates-xheve-and-fehmi-lladrovci-on-the-26th-anniversary-of-the-fall-they-are-the-eternal-guardians-of-freedom-and-of-the-republic-of-kosovo\/","name":"President Osmani commemorates Xhev\u00eb and Fehmi Lladrovci on the 26th anniversary of the fall: They are the eternal guardians of freedom and of the Republic of Kosovo - President of the Republic of Kosovo - DR. VJOSA OSMANI - SADRIU","isPartOf":{"@id":"https:\/\/president-ksgov.net\/#website"},"primaryImageOfPage":{"@id":"https:\/\/president-ksgov.net\/en\/president-osmani-commemorates-xheve-and-fehmi-lladrovci-on-the-26th-anniversary-of-the-fall-they-are-the-eternal-guardians-of-freedom-and-of-the-republic-of-kosovo\/#primaryimage"},"image":{"@id":"https:\/\/president-ksgov.net\/en\/president-osmani-commemorates-xheve-and-fehmi-lladrovci-on-the-26th-anniversary-of-the-fall-they-are-the-eternal-guardians-of-freedom-and-of-the-republic-of-kosovo\/#primaryimage"},"thumbnailUrl":"https:\/\/president-ksgov.net\/wp-content\/uploads\/22_09_2022_8933149_300374690_446972094143968_3252144889893463555_n-1.jpg","datePublished":"2024-09-22T07:00:32+00:00","dateModified":"2024-09-23T07:21:02+00:00","author":{"@id":"https:\/\/president-ksgov.net\/#\/schema\/person\/7c46f744a99d3f1616b92658282aa934"},"description":"President Osmani commemorates Xhev\u00eb and Fehmi Lladrovci on the 26th anniversary of the fall: They are the eternal guardians of freedom and of the Republic of Kosovo - President of the Republic of Kosovo - DR. VJOSA OSMANI - SADRIU -","breadcrumb":{"@id":"https:\/\/president-ksgov.net\/en\/president-osmani-commemorates-xheve-and-fehmi-lladrovci-on-the-26th-anniversary-of-the-fall-they-are-the-eternal-guardians-of-freedom-and-of-the-republic-of-kosovo\/#breadcrumb"},"inLanguage":"en-US","potentialAction":[{"@type":"ReadAction","target":["https:\/\/president-ksgov.net\/en\/president-osmani-commemorates-xheve-and-fehmi-lladrovci-on-the-26th-anniversary-of-the-fall-they-are-the-eternal-guardians-of-freedom-and-of-the-republic-of-kosovo\/"]}]},{"@type":"ImageObject","inLanguage":"en-US","@id":"https:\/\/president-ksgov.net\/en\/president-osmani-commemorates-xheve-and-fehmi-lladrovci-on-the-26th-anniversary-of-the-fall-they-are-the-eternal-guardians-of-freedom-and-of-the-republic-of-kosovo\/#primaryimage","url":"https:\/\/president-ksgov.net\/wp-content\/uploads\/22_09_2022_8933149_300374690_446972094143968_3252144889893463555_n-1.jpg","contentUrl":"https:\/\/president-ksgov.net\/wp-content\/uploads\/22_09_2022_8933149_300374690_446972094143968_3252144889893463555_n-1.jpg","width":765,"height":638},{"@type":"BreadcrumbList","@id":"https:\/\/president-ksgov.net\/en\/president-osmani-commemorates-xheve-and-fehmi-lladrovci-on-the-26th-anniversary-of-the-fall-they-are-the-eternal-guardians-of-freedom-and-of-the-republic-of-kosovo\/#breadcrumb","itemListElement":[{"@type":"ListItem","position":1,"name":"Home","item":"https:\/\/president-ksgov.net\/en\/"},{"@type":"ListItem","position":2,"name":"President Osmani commemorates Xhev\u00eb and Fehmi Lladrovci on the 26th anniversary of the fall: They are the eternal guardians of freedom and of the Republic of Kosovo"}]},{"@type":"WebSite","@id":"https:\/\/president-ksgov.net\/#website","url":"https:\/\/president-ksgov.net\/","name":"Presidente e Republik\u00ebs s\u00eb Kosov\u00ebs","description":"Presidente e Republik\u00ebs s\u00eb Kosov\u00ebs","alternateName":"DR. VJOSA OSMANI - SADRIU","potentialAction":[{"@type":"SearchAction","target":{"@type":"EntryPoint","urlTemplate":"https:\/\/president-ksgov.net\/?s={search_term_string}"},"query-input":{"@type":"PropertyValueSpecification","valueRequired":true,"valueName":"search_term_string"}}],"inLanguage":"en-US"},{"@type":"Person","@id":"https:\/\/president-ksgov.net\/#\/schema\/person\/7c46f744a99d3f1616b92658282aa934","name":"Florent Rrahmani","image":{"@type":"ImageObject","inLanguage":"en-US","@id":"https:\/\/president-ksgov.net\/#\/schema\/person\/image\/","url":"https:\/\/secure.gravatar.com\/avatar\/2545924aa250de68ac8368367a79b663e59571cd131611f54c89b0613a94e230?s=96&d=mm&r=g","contentUrl":"https:\/\/secure.gravatar.com\/avatar\/2545924aa250de68ac8368367a79b663e59571cd131611f54c89b0613a94e230?s=96&d=mm&r=g","caption":"Florent Rrahmani"}}]}},"_links":{"self":[{"href":"https:\/\/president-ksgov.net\/en\/wp-json\/wp\/v2\/posts\/143150","targetHints":{"allow":["GET"]}}],"collection":[{"href":"https:\/\/president-ksgov.net\/en\/wp-json\/wp\/v2\/posts"}],"about":[{"href":"https:\/\/president-ksgov.net\/en\/wp-json\/wp\/v2\/types\/post"}],"author":[{"embeddable":true,"href":"https:\/\/president-ksgov.net\/en\/wp-json\/wp\/v2\/users\/9"}],"replies":[{"embeddable":true,"href":"https:\/\/president-ksgov.net\/en\/wp-json\/wp\/v2\/comments?post=143150"}],"version-history":[{"count":1,"href":"https:\/\/president-ksgov.net\/en\/wp-json\/wp\/v2\/posts\/143150\/revisions"}],"predecessor-version":[{"id":143151,"href":"https:\/\/president-ksgov.net\/en\/wp-json\/wp\/v2\/posts\/143150\/revisions\/143151"}],"wp:featuredmedia":[{"embeddable":true,"href":"https:\/\/president-ksgov.net\/en\/wp-json\/wp\/v2\/media\/142932"}],"wp:attachment":[{"href":"https:\/\/president-ksgov.net\/en\/wp-json\/wp\/v2\/media?parent=143150"}],"wp:term":[{"taxonomy":"category","embeddable":true,"href":"https:\/\/president-ksgov.net\/en\/wp-json\/wp\/v2\/categories?post=143150"},{"taxonomy":"post_tag","embeddable":true,"href":"https:\/\/president-ksgov.net\/en\/wp-json\/wp\/v2\/tags?post=143150"}],"curies":[{"name":"wp","href":"https:\/\/api.w.org\/{rel}","templated":true}]}}