{"id":141758,"date":"2024-09-11T09:16:53","date_gmt":"2024-09-11T07:16:53","guid":{"rendered":"https:\/\/president-ksgov.net\/?p=141758"},"modified":"2024-09-11T10:50:45","modified_gmt":"2024-09-11T08:50:45","slug":"president-osmani-commemorates-september-11th-today-as-always-we-stand-with-the-american-people-united-in-the-pursuit-of-peace-justice-and-a-brighter-future-for-all","status":"publish","type":"post","link":"https:\/\/president-ksgov.net\/en\/president-osmani-commemorates-september-11th-today-as-always-we-stand-with-the-american-people-united-in-the-pursuit-of-peace-justice-and-a-brighter-future-for-all\/","title":{"rendered":"President Osmani commemorates September 11th: Today, as always, we stand with the American people\u2014united in the pursuit of peace, justice, and a brighter future for all!"},"content":{"rendered":"<p>The President of the Republic of Kosovo Vjosa Osmani, recalled September 11th 2001, a day which according to President Osmani, forever changed the course of history and left an enduring wound on the hearts of the victims&#8217; families and the entire democratic world.<\/p>\n<p>President Osmani&#8217;s full post:<\/p>\n<p>&nbsp;<\/p>\n<p>September 11th &#8211; day of pain, memory and unwavering solidarity<br \/>\nToday marks the 23rd anniversary of the terrorist attack of 9\/11\u2014a day that forever changed history and left an enduring wound in the hearts of victims&#8217; families and the democratic world.<\/p>\n<p>The terror and senseless loss of nearly 3,000 lives remind us of the fragility of peace and the profound sorrow caused by this horrific attack. The images, grief, and anguish remain etched in our collective memory.<\/p>\n<p>Today, as always, we stand with the American people\u2014united in the pursuit of peace, justice, and a brighter future for all!<\/p>\n","protected":false},"excerpt":{"rendered":"<p>The President of the Republic of Kosovo Vjosa Osmani, recalled September 11th 2001, a day which according to President Osmani, forever changed the course of history and left an enduring wound on the hearts of the victims&#8217; families and the entire democratic world. President Osmani&#8217;s full post: &nbsp; September 11th &#8211; day of pain, memory and unwavering solidarity Today marks the 23rd anniversary of the terrorist attack of 9\/11\u2014a day that forever changed history and left an enduring wound in the hearts of victims&#8217; families and the democratic world. The terror and senseless loss of nearly 3,000 lives remind us of the fragility of peace and the profound sorrow caused by this horrific attack. The images, grief, and anguish remain etched in our collective memory. Today, as always, we stand with the American people\u2014united in the pursuit of peace, justice, and a brighter future for all!<\/p>\n","protected":false},"author":9,"featured_media":141752,"comment_status":"closed","ping_status":"closed","sticky":false,"template":"","format":"standard","meta":{"_eb_attr":"","footnotes":""},"categories":[111],"tags":[],"class_list":["post-141758","post","type-post","status-publish","format-standard","has-post-thumbnail","hentry","category-news"],"yoast_head":"<!-- This site is optimized with the Yoast SEO plugin v23.5 - https:\/\/yoast.com\/wordpress\/plugins\/seo\/ -->\n<title>President Osmani commemorates September 11th: Today, as always, we stand with the American people\u2014united in the pursuit of peace, justice, and a brighter future for all! - President of the Republic of Kosovo - DR. VJOSA OSMANI - SADRIU<\/title>\n<meta name=\"description\" content=\"President Osmani commemorates September 11th: Today, as always, we stand with the American people\u2014united in the pursuit of peace, justice, and a brighter future for all! - President of the Republic of Kosovo - DR. VJOSA OSMANI - SADRIU -\" \/>\n<meta name=\"robots\" content=\"index, follow, max-snippet:-1, max-image-preview:large, max-video-preview:-1\" \/>\n<link rel=\"canonical\" href=\"https:\/\/president-ksgov.net\/en\/president-osmani-commemorates-september-11th-today-as-always-we-stand-with-the-american-people-united-in-the-pursuit-of-peace-justice-and-a-brighter-future-for-all\/\" \/>\n<meta property=\"og:locale\" content=\"en_US\" \/>\n<meta property=\"og:type\" content=\"article\" \/>\n<meta property=\"og:title\" content=\"President Osmani commemorates September 11th: Today, as always, we stand with the American people\u2014united in the pursuit of peace, justice, and a brighter future for all! - President of the Republic of Kosovo - DR. VJOSA OSMANI - SADRIU\" \/>\n<meta property=\"og:description\" content=\"President Osmani commemorates September 11th: Today, as always, we stand with the American people\u2014united in the pursuit of peace, justice, and a brighter future for all! - President of the Republic of Kosovo - DR. VJOSA OSMANI - SADRIU -\" \/>\n<meta property=\"og:url\" content=\"https:\/\/president-ksgov.net\/en\/president-osmani-commemorates-september-11th-today-as-always-we-stand-with-the-american-people-united-in-the-pursuit-of-peace-justice-and-a-brighter-future-for-all\/\" \/>\n<meta property=\"og:site_name\" content=\"President of the Republic of Kosovo - DR. VJOSA OSMANI - SADRIU\" \/>\n<meta property=\"article:published_time\" content=\"2024-09-11T07:16:53+00:00\" \/>\n<meta property=\"article:modified_time\" content=\"2024-09-11T08:50:45+00:00\" \/>\n<meta property=\"og:image\" content=\"https:\/\/president-ksgov.net\/wp-content\/uploads\/IMG_9327.jpeg\" \/>\n\t<meta property=\"og:image:width\" content=\"2048\" \/>\n\t<meta property=\"og:image:height\" content=\"1367\" \/>\n\t<meta property=\"og:image:type\" content=\"image\/jpeg\" \/>\n<meta name=\"author\" content=\"Florent Rrahmani\" \/>\n<meta name=\"twitter:card\" content=\"summary_large_image\" \/>\n<meta name=\"twitter:label1\" content=\"Written by\" \/>\n\t<meta name=\"twitter:data1\" content=\"Florent Rrahmani\" \/>\n\t<meta name=\"twitter:label2\" content=\"Est. reading time\" \/>\n\t<meta name=\"twitter:data2\" content=\"1 minute\" \/>\n<script type=\"application\/ld+json\" class=\"yoast-schema-graph\">{\"@context\":\"https:\/\/schema.org\",\"@graph\":[{\"@type\":\"WebPage\",\"@id\":\"https:\/\/president-ksgov.net\/en\/president-osmani-commemorates-september-11th-today-as-always-we-stand-with-the-american-people-united-in-the-pursuit-of-peace-justice-and-a-brighter-future-for-all\/\",\"url\":\"https:\/\/president-ksgov.net\/en\/president-osmani-commemorates-september-11th-today-as-always-we-stand-with-the-american-people-united-in-the-pursuit-of-peace-justice-and-a-brighter-future-for-all\/\",\"name\":\"President Osmani commemorates September 11th: Today, as always, we stand with the American people\u2014united in the pursuit of peace, justice, and a brighter future for all! - President of the Republic of Kosovo - DR. VJOSA OSMANI - SADRIU\",\"isPartOf\":{\"@id\":\"https:\/\/president-ksgov.net\/#website\"},\"primaryImageOfPage\":{\"@id\":\"https:\/\/president-ksgov.net\/en\/president-osmani-commemorates-september-11th-today-as-always-we-stand-with-the-american-people-united-in-the-pursuit-of-peace-justice-and-a-brighter-future-for-all\/#primaryimage\"},\"image\":{\"@id\":\"https:\/\/president-ksgov.net\/en\/president-osmani-commemorates-september-11th-today-as-always-we-stand-with-the-american-people-united-in-the-pursuit-of-peace-justice-and-a-brighter-future-for-all\/#primaryimage\"},\"thumbnailUrl\":\"https:\/\/president-ksgov.net\/wp-content\/uploads\/IMG_9327.jpeg\",\"datePublished\":\"2024-09-11T07:16:53+00:00\",\"dateModified\":\"2024-09-11T08:50:45+00:00\",\"author\":{\"@id\":\"https:\/\/president-ksgov.net\/#\/schema\/person\/7c46f744a99d3f1616b92658282aa934\"},\"description\":\"President Osmani commemorates September 11th: Today, as always, we stand with the American people\u2014united in the pursuit of peace, justice, and a brighter future for all! - President of the Republic of Kosovo - DR. VJOSA OSMANI - SADRIU -\",\"breadcrumb\":{\"@id\":\"https:\/\/president-ksgov.net\/en\/president-osmani-commemorates-september-11th-today-as-always-we-stand-with-the-american-people-united-in-the-pursuit-of-peace-justice-and-a-brighter-future-for-all\/#breadcrumb\"},\"inLanguage\":\"en-US\",\"potentialAction\":[{\"@type\":\"ReadAction\",\"target\":[\"https:\/\/president-ksgov.net\/en\/president-osmani-commemorates-september-11th-today-as-always-we-stand-with-the-american-people-united-in-the-pursuit-of-peace-justice-and-a-brighter-future-for-all\/\"]}]},{\"@type\":\"ImageObject\",\"inLanguage\":\"en-US\",\"@id\":\"https:\/\/president-ksgov.net\/en\/president-osmani-commemorates-september-11th-today-as-always-we-stand-with-the-american-people-united-in-the-pursuit-of-peace-justice-and-a-brighter-future-for-all\/#primaryimage\",\"url\":\"https:\/\/president-ksgov.net\/wp-content\/uploads\/IMG_9327.jpeg\",\"contentUrl\":\"https:\/\/president-ksgov.net\/wp-content\/uploads\/IMG_9327.jpeg\",\"width\":2048,\"height\":1367},{\"@type\":\"BreadcrumbList\",\"@id\":\"https:\/\/president-ksgov.net\/en\/president-osmani-commemorates-september-11th-today-as-always-we-stand-with-the-american-people-united-in-the-pursuit-of-peace-justice-and-a-brighter-future-for-all\/#breadcrumb\",\"itemListElement\":[{\"@type\":\"ListItem\",\"position\":1,\"name\":\"Home\",\"item\":\"https:\/\/president-ksgov.net\/en\/\"},{\"@type\":\"ListItem\",\"position\":2,\"name\":\"President Osmani commemorates September 11th: Today, as always, we stand with the American people\u2014united in the pursuit of peace, justice, and a brighter future for all!\"}]},{\"@type\":\"WebSite\",\"@id\":\"https:\/\/president-ksgov.net\/#website\",\"url\":\"https:\/\/president-ksgov.net\/\",\"name\":\"Presidente e Republik\u00ebs s\u00eb Kosov\u00ebs\",\"description\":\"Presidente e Republik\u00ebs s\u00eb Kosov\u00ebs\",\"alternateName\":\"DR. VJOSA OSMANI - SADRIU\",\"potentialAction\":[{\"@type\":\"SearchAction\",\"target\":{\"@type\":\"EntryPoint\",\"urlTemplate\":\"https:\/\/president-ksgov.net\/?s={search_term_string}\"},\"query-input\":{\"@type\":\"PropertyValueSpecification\",\"valueRequired\":true,\"valueName\":\"search_term_string\"}}],\"inLanguage\":\"en-US\"},{\"@type\":\"Person\",\"@id\":\"https:\/\/president-ksgov.net\/#\/schema\/person\/7c46f744a99d3f1616b92658282aa934\",\"name\":\"Florent Rrahmani\",\"image\":{\"@type\":\"ImageObject\",\"inLanguage\":\"en-US\",\"@id\":\"https:\/\/president-ksgov.net\/#\/schema\/person\/image\/\",\"url\":\"https:\/\/secure.gravatar.com\/avatar\/2545924aa250de68ac8368367a79b663e59571cd131611f54c89b0613a94e230?s=96&d=mm&r=g\",\"contentUrl\":\"https:\/\/secure.gravatar.com\/avatar\/2545924aa250de68ac8368367a79b663e59571cd131611f54c89b0613a94e230?s=96&d=mm&r=g\",\"caption\":\"Florent Rrahmani\"}}]}<\/script>\n<!-- \/ Yoast SEO plugin. -->","yoast_head_json":{"title":"President Osmani commemorates September 11th: Today, as always, we stand with the American people\u2014united in the pursuit of peace, justice, and a brighter future for all! - President of the Republic of Kosovo - DR. VJOSA OSMANI - SADRIU","description":"President Osmani commemorates September 11th: Today, as always, we stand with the American people\u2014united in the pursuit of peace, justice, and a brighter future for all! - President of the Republic of Kosovo - DR. VJOSA OSMANI - SADRIU -","robots":{"index":"index","follow":"follow","max-snippet":"max-snippet:-1","max-image-preview":"max-image-preview:large","max-video-preview":"max-video-preview:-1"},"canonical":"https:\/\/president-ksgov.net\/en\/president-osmani-commemorates-september-11th-today-as-always-we-stand-with-the-american-people-united-in-the-pursuit-of-peace-justice-and-a-brighter-future-for-all\/","og_locale":"en_US","og_type":"article","og_title":"President Osmani commemorates September 11th: Today, as always, we stand with the American people\u2014united in the pursuit of peace, justice, and a brighter future for all! - President of the Republic of Kosovo - DR. VJOSA OSMANI - SADRIU","og_description":"President Osmani commemorates September 11th: Today, as always, we stand with the American people\u2014united in the pursuit of peace, justice, and a brighter future for all! - President of the Republic of Kosovo - DR. VJOSA OSMANI - SADRIU -","og_url":"https:\/\/president-ksgov.net\/en\/president-osmani-commemorates-september-11th-today-as-always-we-stand-with-the-american-people-united-in-the-pursuit-of-peace-justice-and-a-brighter-future-for-all\/","og_site_name":"President of the Republic of Kosovo - DR. VJOSA OSMANI - SADRIU","article_published_time":"2024-09-11T07:16:53+00:00","article_modified_time":"2024-09-11T08:50:45+00:00","og_image":[{"width":2048,"height":1367,"url":"https:\/\/president-ksgov.net\/wp-content\/uploads\/IMG_9327.jpeg","type":"image\/jpeg"}],"author":"Florent Rrahmani","twitter_card":"summary_large_image","twitter_misc":{"Written by":"Florent Rrahmani","Est. reading time":"1 minute"},"schema":{"@context":"https:\/\/schema.org","@graph":[{"@type":"WebPage","@id":"https:\/\/president-ksgov.net\/en\/president-osmani-commemorates-september-11th-today-as-always-we-stand-with-the-american-people-united-in-the-pursuit-of-peace-justice-and-a-brighter-future-for-all\/","url":"https:\/\/president-ksgov.net\/en\/president-osmani-commemorates-september-11th-today-as-always-we-stand-with-the-american-people-united-in-the-pursuit-of-peace-justice-and-a-brighter-future-for-all\/","name":"President Osmani commemorates September 11th: Today, as always, we stand with the American people\u2014united in the pursuit of peace, justice, and a brighter future for all! - President of the Republic of Kosovo - DR. VJOSA OSMANI - SADRIU","isPartOf":{"@id":"https:\/\/president-ksgov.net\/#website"},"primaryImageOfPage":{"@id":"https:\/\/president-ksgov.net\/en\/president-osmani-commemorates-september-11th-today-as-always-we-stand-with-the-american-people-united-in-the-pursuit-of-peace-justice-and-a-brighter-future-for-all\/#primaryimage"},"image":{"@id":"https:\/\/president-ksgov.net\/en\/president-osmani-commemorates-september-11th-today-as-always-we-stand-with-the-american-people-united-in-the-pursuit-of-peace-justice-and-a-brighter-future-for-all\/#primaryimage"},"thumbnailUrl":"https:\/\/president-ksgov.net\/wp-content\/uploads\/IMG_9327.jpeg","datePublished":"2024-09-11T07:16:53+00:00","dateModified":"2024-09-11T08:50:45+00:00","author":{"@id":"https:\/\/president-ksgov.net\/#\/schema\/person\/7c46f744a99d3f1616b92658282aa934"},"description":"President Osmani commemorates September 11th: Today, as always, we stand with the American people\u2014united in the pursuit of peace, justice, and a brighter future for all! - President of the Republic of Kosovo - DR. VJOSA OSMANI - SADRIU -","breadcrumb":{"@id":"https:\/\/president-ksgov.net\/en\/president-osmani-commemorates-september-11th-today-as-always-we-stand-with-the-american-people-united-in-the-pursuit-of-peace-justice-and-a-brighter-future-for-all\/#breadcrumb"},"inLanguage":"en-US","potentialAction":[{"@type":"ReadAction","target":["https:\/\/president-ksgov.net\/en\/president-osmani-commemorates-september-11th-today-as-always-we-stand-with-the-american-people-united-in-the-pursuit-of-peace-justice-and-a-brighter-future-for-all\/"]}]},{"@type":"ImageObject","inLanguage":"en-US","@id":"https:\/\/president-ksgov.net\/en\/president-osmani-commemorates-september-11th-today-as-always-we-stand-with-the-american-people-united-in-the-pursuit-of-peace-justice-and-a-brighter-future-for-all\/#primaryimage","url":"https:\/\/president-ksgov.net\/wp-content\/uploads\/IMG_9327.jpeg","contentUrl":"https:\/\/president-ksgov.net\/wp-content\/uploads\/IMG_9327.jpeg","width":2048,"height":1367},{"@type":"BreadcrumbList","@id":"https:\/\/president-ksgov.net\/en\/president-osmani-commemorates-september-11th-today-as-always-we-stand-with-the-american-people-united-in-the-pursuit-of-peace-justice-and-a-brighter-future-for-all\/#breadcrumb","itemListElement":[{"@type":"ListItem","position":1,"name":"Home","item":"https:\/\/president-ksgov.net\/en\/"},{"@type":"ListItem","position":2,"name":"President Osmani commemorates September 11th: Today, as always, we stand with the American people\u2014united in the pursuit of peace, justice, and a brighter future for all!"}]},{"@type":"WebSite","@id":"https:\/\/president-ksgov.net\/#website","url":"https:\/\/president-ksgov.net\/","name":"Presidente e Republik\u00ebs s\u00eb Kosov\u00ebs","description":"Presidente e Republik\u00ebs s\u00eb Kosov\u00ebs","alternateName":"DR. VJOSA OSMANI - SADRIU","potentialAction":[{"@type":"SearchAction","target":{"@type":"EntryPoint","urlTemplate":"https:\/\/president-ksgov.net\/?s={search_term_string}"},"query-input":{"@type":"PropertyValueSpecification","valueRequired":true,"valueName":"search_term_string"}}],"inLanguage":"en-US"},{"@type":"Person","@id":"https:\/\/president-ksgov.net\/#\/schema\/person\/7c46f744a99d3f1616b92658282aa934","name":"Florent Rrahmani","image":{"@type":"ImageObject","inLanguage":"en-US","@id":"https:\/\/president-ksgov.net\/#\/schema\/person\/image\/","url":"https:\/\/secure.gravatar.com\/avatar\/2545924aa250de68ac8368367a79b663e59571cd131611f54c89b0613a94e230?s=96&d=mm&r=g","contentUrl":"https:\/\/secure.gravatar.com\/avatar\/2545924aa250de68ac8368367a79b663e59571cd131611f54c89b0613a94e230?s=96&d=mm&r=g","caption":"Florent Rrahmani"}}]}},"_links":{"self":[{"href":"https:\/\/president-ksgov.net\/en\/wp-json\/wp\/v2\/posts\/141758","targetHints":{"allow":["GET"]}}],"collection":[{"href":"https:\/\/president-ksgov.net\/en\/wp-json\/wp\/v2\/posts"}],"about":[{"href":"https:\/\/president-ksgov.net\/en\/wp-json\/wp\/v2\/types\/post"}],"author":[{"embeddable":true,"href":"https:\/\/president-ksgov.net\/en\/wp-json\/wp\/v2\/users\/9"}],"replies":[{"embeddable":true,"href":"https:\/\/president-ksgov.net\/en\/wp-json\/wp\/v2\/comments?post=141758"}],"version-history":[{"count":1,"href":"https:\/\/president-ksgov.net\/en\/wp-json\/wp\/v2\/posts\/141758\/revisions"}],"predecessor-version":[{"id":141759,"href":"https:\/\/president-ksgov.net\/en\/wp-json\/wp\/v2\/posts\/141758\/revisions\/141759"}],"wp:featuredmedia":[{"embeddable":true,"href":"https:\/\/president-ksgov.net\/en\/wp-json\/wp\/v2\/media\/141752"}],"wp:attachment":[{"href":"https:\/\/president-ksgov.net\/en\/wp-json\/wp\/v2\/media?parent=141758"}],"wp:term":[{"taxonomy":"category","embeddable":true,"href":"https:\/\/president-ksgov.net\/en\/wp-json\/wp\/v2\/categories?post=141758"},{"taxonomy":"post_tag","embeddable":true,"href":"https:\/\/president-ksgov.net\/en\/wp-json\/wp\/v2\/tags?post=141758"}],"curies":[{"name":"wp","href":"https:\/\/api.w.org\/{rel}","templated":true}]}}