{"id":140250,"date":"2024-07-31T16:00:50","date_gmt":"2024-07-31T14:00:50","guid":{"rendered":"https:\/\/president-ksgov.net\/?p=140250"},"modified":"2024-08-02T09:21:07","modified_gmt":"2024-08-02T07:21:07","slug":"president-vjosa-osmanis-press-conference-following-the-consultative-meeting-with-the-leaders-of-the-political-parties-represented-in-the-assembly-on-setting-of-the-date-of-the-forthcoming-regular-e","status":"publish","type":"post","link":"https:\/\/president-ksgov.net\/en\/president-vjosa-osmanis-press-conference-following-the-consultative-meeting-with-the-leaders-of-the-political-parties-represented-in-the-assembly-on-setting-of-the-date-of-the-forthcoming-regular-e\/","title":{"rendered":"President Vjosa Osmani&#8217;s press conference following the consultative meeting with the leaders of the political parties represented in the Assembly, on setting of the date of the forthcoming regular elections in the Republic of Kosovo"},"content":{"rendered":"<p><iframe title=\"YouTube video player\" src=\"https:\/\/www.youtube.com\/embed\/rfzScpa59as?si=GT0_va8JqmkUonTa\" width=\"560\" height=\"560\" frameborder=\"0\" allowfullscreen=\"allowfullscreen\"><span data-mce-type=\"bookmark\" style=\"display: inline-block; width: 0px; overflow: hidden; line-height: 0;\" class=\"mce_SELRES_start\">\ufeff<\/span><\/iframe><\/p>\n","protected":false},"excerpt":{"rendered":"<p>\ufeff<\/p>\n","protected":false},"author":13,"featured_media":140231,"comment_status":"closed","ping_status":"closed","sticky":false,"template":"","format":"standard","meta":{"_eb_attr":"","footnotes":""},"categories":[111,105],"tags":[],"class_list":["post-140250","post","type-post","status-publish","format-standard","has-post-thumbnail","hentry","category-news","category-speeches"],"yoast_head":"<!-- This site is optimized with the Yoast SEO plugin v23.5 - https:\/\/yoast.com\/wordpress\/plugins\/seo\/ -->\n<title>President Vjosa Osmani&#039;s press conference following the consultative meeting with the leaders of the political parties represented in the Assembly, on setting of the date of the forthcoming regular elections in the Republic of Kosovo - President of the Republic of Kosovo - DR. VJOSA OSMANI - SADRIU<\/title>\n<meta name=\"description\" content=\"President Vjosa Osmani&#039;s press conference following the consultative meeting with the leaders of the political parties represented in the Assembly, on setting of the date of the forthcoming regular elections in the Republic of Kosovo - President of the Republic of Kosovo - DR. VJOSA OSMANI - SADRIU -\" \/>\n<meta name=\"robots\" content=\"index, follow, max-snippet:-1, max-image-preview:large, max-video-preview:-1\" \/>\n<link rel=\"canonical\" href=\"https:\/\/president-ksgov.net\/en\/president-vjosa-osmanis-press-conference-following-the-consultative-meeting-with-the-leaders-of-the-political-parties-represented-in-the-assembly-on-setting-of-the-date-of-the-forthcoming-regular-e\/\" \/>\n<meta property=\"og:locale\" content=\"en_US\" \/>\n<meta property=\"og:type\" content=\"article\" \/>\n<meta property=\"og:title\" content=\"President Vjosa Osmani&#039;s press conference following the consultative meeting with the leaders of the political parties represented in the Assembly, on setting of the date of the forthcoming regular elections in the Republic of Kosovo - President of the Republic of Kosovo - DR. VJOSA OSMANI - SADRIU\" \/>\n<meta property=\"og:description\" content=\"President Vjosa Osmani&#039;s press conference following the consultative meeting with the leaders of the political parties represented in the Assembly, on setting of the date of the forthcoming regular elections in the Republic of Kosovo - President of the Republic of Kosovo - DR. VJOSA OSMANI - SADRIU -\" \/>\n<meta property=\"og:url\" content=\"https:\/\/president-ksgov.net\/en\/president-vjosa-osmanis-press-conference-following-the-consultative-meeting-with-the-leaders-of-the-political-parties-represented-in-the-assembly-on-setting-of-the-date-of-the-forthcoming-regular-e\/\" \/>\n<meta property=\"og:site_name\" content=\"President of the Republic of Kosovo - DR. VJOSA OSMANI - SADRIU\" \/>\n<meta property=\"article:published_time\" content=\"2024-07-31T14:00:50+00:00\" \/>\n<meta property=\"article:modified_time\" content=\"2024-08-02T07:21:07+00:00\" \/>\n<meta property=\"og:image\" content=\"https:\/\/president-ksgov.net\/wp-content\/uploads\/NAR_5922-2.jpg\" \/>\n\t<meta property=\"og:image:width\" content=\"2000\" \/>\n\t<meta property=\"og:image:height\" content=\"1332\" \/>\n\t<meta property=\"og:image:type\" content=\"image\/jpeg\" \/>\n<meta name=\"author\" content=\"Edona Krasniqi\" \/>\n<meta name=\"twitter:card\" content=\"summary_large_image\" \/>\n<meta name=\"twitter:label1\" content=\"Written by\" \/>\n\t<meta name=\"twitter:data1\" content=\"Edona Krasniqi\" \/>\n\t<meta name=\"twitter:label2\" content=\"Est. reading time\" \/>\n\t<meta name=\"twitter:data2\" content=\"1 minute\" \/>\n<script type=\"application\/ld+json\" class=\"yoast-schema-graph\">{\"@context\":\"https:\/\/schema.org\",\"@graph\":[{\"@type\":\"WebPage\",\"@id\":\"https:\/\/president-ksgov.net\/en\/president-vjosa-osmanis-press-conference-following-the-consultative-meeting-with-the-leaders-of-the-political-parties-represented-in-the-assembly-on-setting-of-the-date-of-the-forthcoming-regular-e\/\",\"url\":\"https:\/\/president-ksgov.net\/en\/president-vjosa-osmanis-press-conference-following-the-consultative-meeting-with-the-leaders-of-the-political-parties-represented-in-the-assembly-on-setting-of-the-date-of-the-forthcoming-regular-e\/\",\"name\":\"President Vjosa Osmani's press conference following the consultative meeting with the leaders of the political parties represented in the Assembly, on setting of the date of the forthcoming regular elections in the Republic of Kosovo - President of the Republic of Kosovo - DR. VJOSA OSMANI - SADRIU\",\"isPartOf\":{\"@id\":\"https:\/\/president-ksgov.net\/#website\"},\"primaryImageOfPage\":{\"@id\":\"https:\/\/president-ksgov.net\/en\/president-vjosa-osmanis-press-conference-following-the-consultative-meeting-with-the-leaders-of-the-political-parties-represented-in-the-assembly-on-setting-of-the-date-of-the-forthcoming-regular-e\/#primaryimage\"},\"image\":{\"@id\":\"https:\/\/president-ksgov.net\/en\/president-vjosa-osmanis-press-conference-following-the-consultative-meeting-with-the-leaders-of-the-political-parties-represented-in-the-assembly-on-setting-of-the-date-of-the-forthcoming-regular-e\/#primaryimage\"},\"thumbnailUrl\":\"https:\/\/president-ksgov.net\/wp-content\/uploads\/NAR_5922-2.jpg\",\"datePublished\":\"2024-07-31T14:00:50+00:00\",\"dateModified\":\"2024-08-02T07:21:07+00:00\",\"author\":{\"@id\":\"https:\/\/president-ksgov.net\/#\/schema\/person\/b9740e15fff71a6f8f26a0e201572567\"},\"description\":\"President Vjosa Osmani's press conference following the consultative meeting with the leaders of the political parties represented in the Assembly, on setting of the date of the forthcoming regular elections in the Republic of Kosovo - President of the Republic of Kosovo - DR. VJOSA OSMANI - SADRIU -\",\"breadcrumb\":{\"@id\":\"https:\/\/president-ksgov.net\/en\/president-vjosa-osmanis-press-conference-following-the-consultative-meeting-with-the-leaders-of-the-political-parties-represented-in-the-assembly-on-setting-of-the-date-of-the-forthcoming-regular-e\/#breadcrumb\"},\"inLanguage\":\"en-US\",\"potentialAction\":[{\"@type\":\"ReadAction\",\"target\":[\"https:\/\/president-ksgov.net\/en\/president-vjosa-osmanis-press-conference-following-the-consultative-meeting-with-the-leaders-of-the-political-parties-represented-in-the-assembly-on-setting-of-the-date-of-the-forthcoming-regular-e\/\"]}]},{\"@type\":\"ImageObject\",\"inLanguage\":\"en-US\",\"@id\":\"https:\/\/president-ksgov.net\/en\/president-vjosa-osmanis-press-conference-following-the-consultative-meeting-with-the-leaders-of-the-political-parties-represented-in-the-assembly-on-setting-of-the-date-of-the-forthcoming-regular-e\/#primaryimage\",\"url\":\"https:\/\/president-ksgov.net\/wp-content\/uploads\/NAR_5922-2.jpg\",\"contentUrl\":\"https:\/\/president-ksgov.net\/wp-content\/uploads\/NAR_5922-2.jpg\",\"width\":2000,\"height\":1332},{\"@type\":\"BreadcrumbList\",\"@id\":\"https:\/\/president-ksgov.net\/en\/president-vjosa-osmanis-press-conference-following-the-consultative-meeting-with-the-leaders-of-the-political-parties-represented-in-the-assembly-on-setting-of-the-date-of-the-forthcoming-regular-e\/#breadcrumb\",\"itemListElement\":[{\"@type\":\"ListItem\",\"position\":1,\"name\":\"Home\",\"item\":\"https:\/\/president-ksgov.net\/en\/\"},{\"@type\":\"ListItem\",\"position\":2,\"name\":\"President Vjosa Osmani&#8217;s press conference following the consultative meeting with the leaders of the political parties represented in the Assembly, on setting of the date of the forthcoming regular elections in the Republic of Kosovo\"}]},{\"@type\":\"WebSite\",\"@id\":\"https:\/\/president-ksgov.net\/#website\",\"url\":\"https:\/\/president-ksgov.net\/\",\"name\":\"Presidente e Republik\u00ebs s\u00eb Kosov\u00ebs\",\"description\":\"Presidente e Republik\u00ebs s\u00eb Kosov\u00ebs\",\"alternateName\":\"DR. VJOSA OSMANI - SADRIU\",\"potentialAction\":[{\"@type\":\"SearchAction\",\"target\":{\"@type\":\"EntryPoint\",\"urlTemplate\":\"https:\/\/president-ksgov.net\/?s={search_term_string}\"},\"query-input\":{\"@type\":\"PropertyValueSpecification\",\"valueRequired\":true,\"valueName\":\"search_term_string\"}}],\"inLanguage\":\"en-US\"},{\"@type\":\"Person\",\"@id\":\"https:\/\/president-ksgov.net\/#\/schema\/person\/b9740e15fff71a6f8f26a0e201572567\",\"name\":\"Edona Krasniqi\",\"image\":{\"@type\":\"ImageObject\",\"inLanguage\":\"en-US\",\"@id\":\"https:\/\/president-ksgov.net\/#\/schema\/person\/image\/\",\"url\":\"https:\/\/secure.gravatar.com\/avatar\/1f0f749e4b80632decf95bd32db3f33277967a04dc5e29d46781d9c89b703cce?s=96&d=mm&r=g\",\"contentUrl\":\"https:\/\/secure.gravatar.com\/avatar\/1f0f749e4b80632decf95bd32db3f33277967a04dc5e29d46781d9c89b703cce?s=96&d=mm&r=g\",\"caption\":\"Edona Krasniqi\"},\"sameAs\":[\"https:\/\/president-ksgov.net\/\"]}]}<\/script>\n<!-- \/ Yoast SEO plugin. -->","yoast_head_json":{"title":"President Vjosa Osmani's press conference following the consultative meeting with the leaders of the political parties represented in the Assembly, on setting of the date of the forthcoming regular elections in the Republic of Kosovo - President of the Republic of Kosovo - DR. VJOSA OSMANI - SADRIU","description":"President Vjosa Osmani's press conference following the consultative meeting with the leaders of the political parties represented in the Assembly, on setting of the date of the forthcoming regular elections in the Republic of Kosovo - President of the Republic of Kosovo - DR. VJOSA OSMANI - SADRIU -","robots":{"index":"index","follow":"follow","max-snippet":"max-snippet:-1","max-image-preview":"max-image-preview:large","max-video-preview":"max-video-preview:-1"},"canonical":"https:\/\/president-ksgov.net\/en\/president-vjosa-osmanis-press-conference-following-the-consultative-meeting-with-the-leaders-of-the-political-parties-represented-in-the-assembly-on-setting-of-the-date-of-the-forthcoming-regular-e\/","og_locale":"en_US","og_type":"article","og_title":"President Vjosa Osmani's press conference following the consultative meeting with the leaders of the political parties represented in the Assembly, on setting of the date of the forthcoming regular elections in the Republic of Kosovo - President of the Republic of Kosovo - DR. VJOSA OSMANI - SADRIU","og_description":"President Vjosa Osmani's press conference following the consultative meeting with the leaders of the political parties represented in the Assembly, on setting of the date of the forthcoming regular elections in the Republic of Kosovo - President of the Republic of Kosovo - DR. VJOSA OSMANI - SADRIU -","og_url":"https:\/\/president-ksgov.net\/en\/president-vjosa-osmanis-press-conference-following-the-consultative-meeting-with-the-leaders-of-the-political-parties-represented-in-the-assembly-on-setting-of-the-date-of-the-forthcoming-regular-e\/","og_site_name":"President of the Republic of Kosovo - DR. VJOSA OSMANI - SADRIU","article_published_time":"2024-07-31T14:00:50+00:00","article_modified_time":"2024-08-02T07:21:07+00:00","og_image":[{"width":2000,"height":1332,"url":"https:\/\/president-ksgov.net\/wp-content\/uploads\/NAR_5922-2.jpg","type":"image\/jpeg"}],"author":"Edona Krasniqi","twitter_card":"summary_large_image","twitter_misc":{"Written by":"Edona Krasniqi","Est. reading time":"1 minute"},"schema":{"@context":"https:\/\/schema.org","@graph":[{"@type":"WebPage","@id":"https:\/\/president-ksgov.net\/en\/president-vjosa-osmanis-press-conference-following-the-consultative-meeting-with-the-leaders-of-the-political-parties-represented-in-the-assembly-on-setting-of-the-date-of-the-forthcoming-regular-e\/","url":"https:\/\/president-ksgov.net\/en\/president-vjosa-osmanis-press-conference-following-the-consultative-meeting-with-the-leaders-of-the-political-parties-represented-in-the-assembly-on-setting-of-the-date-of-the-forthcoming-regular-e\/","name":"President Vjosa Osmani's press conference following the consultative meeting with the leaders of the political parties represented in the Assembly, on setting of the date of the forthcoming regular elections in the Republic of Kosovo - President of the Republic of Kosovo - DR. VJOSA OSMANI - SADRIU","isPartOf":{"@id":"https:\/\/president-ksgov.net\/#website"},"primaryImageOfPage":{"@id":"https:\/\/president-ksgov.net\/en\/president-vjosa-osmanis-press-conference-following-the-consultative-meeting-with-the-leaders-of-the-political-parties-represented-in-the-assembly-on-setting-of-the-date-of-the-forthcoming-regular-e\/#primaryimage"},"image":{"@id":"https:\/\/president-ksgov.net\/en\/president-vjosa-osmanis-press-conference-following-the-consultative-meeting-with-the-leaders-of-the-political-parties-represented-in-the-assembly-on-setting-of-the-date-of-the-forthcoming-regular-e\/#primaryimage"},"thumbnailUrl":"https:\/\/president-ksgov.net\/wp-content\/uploads\/NAR_5922-2.jpg","datePublished":"2024-07-31T14:00:50+00:00","dateModified":"2024-08-02T07:21:07+00:00","author":{"@id":"https:\/\/president-ksgov.net\/#\/schema\/person\/b9740e15fff71a6f8f26a0e201572567"},"description":"President Vjosa Osmani's press conference following the consultative meeting with the leaders of the political parties represented in the Assembly, on setting of the date of the forthcoming regular elections in the Republic of Kosovo - President of the Republic of Kosovo - DR. VJOSA OSMANI - SADRIU -","breadcrumb":{"@id":"https:\/\/president-ksgov.net\/en\/president-vjosa-osmanis-press-conference-following-the-consultative-meeting-with-the-leaders-of-the-political-parties-represented-in-the-assembly-on-setting-of-the-date-of-the-forthcoming-regular-e\/#breadcrumb"},"inLanguage":"en-US","potentialAction":[{"@type":"ReadAction","target":["https:\/\/president-ksgov.net\/en\/president-vjosa-osmanis-press-conference-following-the-consultative-meeting-with-the-leaders-of-the-political-parties-represented-in-the-assembly-on-setting-of-the-date-of-the-forthcoming-regular-e\/"]}]},{"@type":"ImageObject","inLanguage":"en-US","@id":"https:\/\/president-ksgov.net\/en\/president-vjosa-osmanis-press-conference-following-the-consultative-meeting-with-the-leaders-of-the-political-parties-represented-in-the-assembly-on-setting-of-the-date-of-the-forthcoming-regular-e\/#primaryimage","url":"https:\/\/president-ksgov.net\/wp-content\/uploads\/NAR_5922-2.jpg","contentUrl":"https:\/\/president-ksgov.net\/wp-content\/uploads\/NAR_5922-2.jpg","width":2000,"height":1332},{"@type":"BreadcrumbList","@id":"https:\/\/president-ksgov.net\/en\/president-vjosa-osmanis-press-conference-following-the-consultative-meeting-with-the-leaders-of-the-political-parties-represented-in-the-assembly-on-setting-of-the-date-of-the-forthcoming-regular-e\/#breadcrumb","itemListElement":[{"@type":"ListItem","position":1,"name":"Home","item":"https:\/\/president-ksgov.net\/en\/"},{"@type":"ListItem","position":2,"name":"President Vjosa Osmani&#8217;s press conference following the consultative meeting with the leaders of the political parties represented in the Assembly, on setting of the date of the forthcoming regular elections in the Republic of Kosovo"}]},{"@type":"WebSite","@id":"https:\/\/president-ksgov.net\/#website","url":"https:\/\/president-ksgov.net\/","name":"Presidente e Republik\u00ebs s\u00eb Kosov\u00ebs","description":"Presidente e Republik\u00ebs s\u00eb Kosov\u00ebs","alternateName":"DR. VJOSA OSMANI - SADRIU","potentialAction":[{"@type":"SearchAction","target":{"@type":"EntryPoint","urlTemplate":"https:\/\/president-ksgov.net\/?s={search_term_string}"},"query-input":{"@type":"PropertyValueSpecification","valueRequired":true,"valueName":"search_term_string"}}],"inLanguage":"en-US"},{"@type":"Person","@id":"https:\/\/president-ksgov.net\/#\/schema\/person\/b9740e15fff71a6f8f26a0e201572567","name":"Edona Krasniqi","image":{"@type":"ImageObject","inLanguage":"en-US","@id":"https:\/\/president-ksgov.net\/#\/schema\/person\/image\/","url":"https:\/\/secure.gravatar.com\/avatar\/1f0f749e4b80632decf95bd32db3f33277967a04dc5e29d46781d9c89b703cce?s=96&d=mm&r=g","contentUrl":"https:\/\/secure.gravatar.com\/avatar\/1f0f749e4b80632decf95bd32db3f33277967a04dc5e29d46781d9c89b703cce?s=96&d=mm&r=g","caption":"Edona Krasniqi"},"sameAs":["https:\/\/president-ksgov.net\/"]}]}},"_links":{"self":[{"href":"https:\/\/president-ksgov.net\/en\/wp-json\/wp\/v2\/posts\/140250","targetHints":{"allow":["GET"]}}],"collection":[{"href":"https:\/\/president-ksgov.net\/en\/wp-json\/wp\/v2\/posts"}],"about":[{"href":"https:\/\/president-ksgov.net\/en\/wp-json\/wp\/v2\/types\/post"}],"author":[{"embeddable":true,"href":"https:\/\/president-ksgov.net\/en\/wp-json\/wp\/v2\/users\/13"}],"replies":[{"embeddable":true,"href":"https:\/\/president-ksgov.net\/en\/wp-json\/wp\/v2\/comments?post=140250"}],"version-history":[{"count":1,"href":"https:\/\/president-ksgov.net\/en\/wp-json\/wp\/v2\/posts\/140250\/revisions"}],"predecessor-version":[{"id":140251,"href":"https:\/\/president-ksgov.net\/en\/wp-json\/wp\/v2\/posts\/140250\/revisions\/140251"}],"wp:featuredmedia":[{"embeddable":true,"href":"https:\/\/president-ksgov.net\/en\/wp-json\/wp\/v2\/media\/140231"}],"wp:attachment":[{"href":"https:\/\/president-ksgov.net\/en\/wp-json\/wp\/v2\/media?parent=140250"}],"wp:term":[{"taxonomy":"category","embeddable":true,"href":"https:\/\/president-ksgov.net\/en\/wp-json\/wp\/v2\/categories?post=140250"},{"taxonomy":"post_tag","embeddable":true,"href":"https:\/\/president-ksgov.net\/en\/wp-json\/wp\/v2\/tags?post=140250"}],"curies":[{"name":"wp","href":"https:\/\/api.w.org\/{rel}","templated":true}]}}