{"id":138769,"date":"2024-07-12T16:29:18","date_gmt":"2024-07-12T14:29:18","guid":{"rendered":"https:\/\/president-ksgov.net\/?p=138769"},"modified":"2024-07-15T14:37:50","modified_gmt":"2024-07-15T12:37:50","slug":"president-osmani-met-with-president-macron-at-the-nato-summit-in-washington-d-c","status":"publish","type":"post","link":"https:\/\/president-ksgov.net\/en\/president-osmani-met-with-president-macron-at-the-nato-summit-in-washington-d-c\/","title":{"rendered":"President Osmani met with President Macron at the NATO Summit in Washington D.C."},"content":{"rendered":"<p>The President of the Republic of Kosovo, Vjosa Osmani, met with President Macron at the NATO Summit in Washington D.C.<\/p>\n<p>\u201cA substantive discussion with President Macron at the NATO Summit in Washington D.C. regarding Kosovo\u2019s Euro-Atlantic future, the rule of law reforms and strengthening bilateral relations between Kosovo and France\u201d, wrote the President.<\/p>\n<p>&nbsp;<\/p>\n","protected":false},"excerpt":{"rendered":"<p>The President of the Republic of Kosovo, Vjosa Osmani, met with President Macron at the NATO Summit in Washington D.C. \u201cA substantive discussion with President Macron at the NATO Summit in Washington D.C. regarding Kosovo\u2019s Euro-Atlantic future, the rule of law reforms and strengthening bilateral relations between Kosovo and France\u201d, wrote the President. &nbsp;<\/p>\n","protected":false},"author":13,"featured_media":138699,"comment_status":"closed","ping_status":"closed","sticky":false,"template":"","format":"standard","meta":{"_eb_attr":"","footnotes":""},"categories":[113,111],"tags":[],"class_list":["post-138769","post","type-post","status-publish","format-standard","has-post-thumbnail","hentry","category-international-visits","category-news"],"yoast_head":"<!-- This site is optimized with the Yoast SEO plugin v23.5 - https:\/\/yoast.com\/wordpress\/plugins\/seo\/ -->\n<title>President Osmani met with President Macron at the NATO Summit in Washington D.C. - President of the Republic of Kosovo - DR. VJOSA OSMANI - SADRIU<\/title>\n<meta name=\"description\" content=\"President Osmani met with President Macron at the NATO Summit in Washington D.C. - President of the Republic of Kosovo - DR. VJOSA OSMANI - SADRIU -\" \/>\n<meta name=\"robots\" content=\"index, follow, max-snippet:-1, max-image-preview:large, max-video-preview:-1\" \/>\n<link rel=\"canonical\" href=\"https:\/\/president-ksgov.net\/en\/president-osmani-met-with-president-macron-at-the-nato-summit-in-washington-d-c\/\" \/>\n<meta property=\"og:locale\" content=\"en_US\" \/>\n<meta property=\"og:type\" content=\"article\" \/>\n<meta property=\"og:title\" content=\"President Osmani met with President Macron at the NATO Summit in Washington D.C. - President of the Republic of Kosovo - DR. VJOSA OSMANI - SADRIU\" \/>\n<meta property=\"og:description\" content=\"President Osmani met with President Macron at the NATO Summit in Washington D.C. - President of the Republic of Kosovo - DR. VJOSA OSMANI - SADRIU -\" \/>\n<meta property=\"og:url\" content=\"https:\/\/president-ksgov.net\/en\/president-osmani-met-with-president-macron-at-the-nato-summit-in-washington-d-c\/\" \/>\n<meta property=\"og:site_name\" content=\"President of the Republic of Kosovo - DR. VJOSA OSMANI - SADRIU\" \/>\n<meta property=\"article:published_time\" content=\"2024-07-12T14:29:18+00:00\" \/>\n<meta property=\"article:modified_time\" content=\"2024-07-15T12:37:50+00:00\" \/>\n<meta property=\"og:image\" content=\"https:\/\/president-ksgov.net\/wp-content\/uploads\/FB_IMG_1720793553026-1.jpg\" \/>\n\t<meta property=\"og:image:width\" content=\"1080\" \/>\n\t<meta property=\"og:image:height\" content=\"1350\" \/>\n\t<meta property=\"og:image:type\" content=\"image\/jpeg\" \/>\n<meta name=\"author\" content=\"Edona Krasniqi\" \/>\n<meta name=\"twitter:card\" content=\"summary_large_image\" \/>\n<meta name=\"twitter:label1\" content=\"Written by\" \/>\n\t<meta name=\"twitter:data1\" content=\"Edona Krasniqi\" \/>\n\t<meta name=\"twitter:label2\" content=\"Est. reading time\" \/>\n\t<meta name=\"twitter:data2\" content=\"1 minute\" \/>\n<script type=\"application\/ld+json\" class=\"yoast-schema-graph\">{\"@context\":\"https:\/\/schema.org\",\"@graph\":[{\"@type\":\"WebPage\",\"@id\":\"https:\/\/president-ksgov.net\/en\/president-osmani-met-with-president-macron-at-the-nato-summit-in-washington-d-c\/\",\"url\":\"https:\/\/president-ksgov.net\/en\/president-osmani-met-with-president-macron-at-the-nato-summit-in-washington-d-c\/\",\"name\":\"President Osmani met with President Macron at the NATO Summit in Washington D.C. - President of the Republic of Kosovo - DR. VJOSA OSMANI - SADRIU\",\"isPartOf\":{\"@id\":\"https:\/\/president-ksgov.net\/#website\"},\"primaryImageOfPage\":{\"@id\":\"https:\/\/president-ksgov.net\/en\/president-osmani-met-with-president-macron-at-the-nato-summit-in-washington-d-c\/#primaryimage\"},\"image\":{\"@id\":\"https:\/\/president-ksgov.net\/en\/president-osmani-met-with-president-macron-at-the-nato-summit-in-washington-d-c\/#primaryimage\"},\"thumbnailUrl\":\"https:\/\/president-ksgov.net\/wp-content\/uploads\/FB_IMG_1720793553026-1.jpg\",\"datePublished\":\"2024-07-12T14:29:18+00:00\",\"dateModified\":\"2024-07-15T12:37:50+00:00\",\"author\":{\"@id\":\"https:\/\/president-ksgov.net\/#\/schema\/person\/b9740e15fff71a6f8f26a0e201572567\"},\"description\":\"President Osmani met with President Macron at the NATO Summit in Washington D.C. - President of the Republic of Kosovo - DR. VJOSA OSMANI - SADRIU -\",\"breadcrumb\":{\"@id\":\"https:\/\/president-ksgov.net\/en\/president-osmani-met-with-president-macron-at-the-nato-summit-in-washington-d-c\/#breadcrumb\"},\"inLanguage\":\"en-US\",\"potentialAction\":[{\"@type\":\"ReadAction\",\"target\":[\"https:\/\/president-ksgov.net\/en\/president-osmani-met-with-president-macron-at-the-nato-summit-in-washington-d-c\/\"]}]},{\"@type\":\"ImageObject\",\"inLanguage\":\"en-US\",\"@id\":\"https:\/\/president-ksgov.net\/en\/president-osmani-met-with-president-macron-at-the-nato-summit-in-washington-d-c\/#primaryimage\",\"url\":\"https:\/\/president-ksgov.net\/wp-content\/uploads\/FB_IMG_1720793553026-1.jpg\",\"contentUrl\":\"https:\/\/president-ksgov.net\/wp-content\/uploads\/FB_IMG_1720793553026-1.jpg\",\"width\":1080,\"height\":1350},{\"@type\":\"BreadcrumbList\",\"@id\":\"https:\/\/president-ksgov.net\/en\/president-osmani-met-with-president-macron-at-the-nato-summit-in-washington-d-c\/#breadcrumb\",\"itemListElement\":[{\"@type\":\"ListItem\",\"position\":1,\"name\":\"Home\",\"item\":\"https:\/\/president-ksgov.net\/en\/\"},{\"@type\":\"ListItem\",\"position\":2,\"name\":\"President Osmani met with President Macron at the NATO Summit in Washington D.C.\"}]},{\"@type\":\"WebSite\",\"@id\":\"https:\/\/president-ksgov.net\/#website\",\"url\":\"https:\/\/president-ksgov.net\/\",\"name\":\"Presidente e Republik\u00ebs s\u00eb Kosov\u00ebs\",\"description\":\"Presidente e Republik\u00ebs s\u00eb Kosov\u00ebs\",\"alternateName\":\"DR. VJOSA OSMANI - SADRIU\",\"potentialAction\":[{\"@type\":\"SearchAction\",\"target\":{\"@type\":\"EntryPoint\",\"urlTemplate\":\"https:\/\/president-ksgov.net\/?s={search_term_string}\"},\"query-input\":{\"@type\":\"PropertyValueSpecification\",\"valueRequired\":true,\"valueName\":\"search_term_string\"}}],\"inLanguage\":\"en-US\"},{\"@type\":\"Person\",\"@id\":\"https:\/\/president-ksgov.net\/#\/schema\/person\/b9740e15fff71a6f8f26a0e201572567\",\"name\":\"Edona Krasniqi\",\"image\":{\"@type\":\"ImageObject\",\"inLanguage\":\"en-US\",\"@id\":\"https:\/\/president-ksgov.net\/#\/schema\/person\/image\/\",\"url\":\"https:\/\/secure.gravatar.com\/avatar\/1f0f749e4b80632decf95bd32db3f33277967a04dc5e29d46781d9c89b703cce?s=96&d=mm&r=g\",\"contentUrl\":\"https:\/\/secure.gravatar.com\/avatar\/1f0f749e4b80632decf95bd32db3f33277967a04dc5e29d46781d9c89b703cce?s=96&d=mm&r=g\",\"caption\":\"Edona Krasniqi\"},\"sameAs\":[\"https:\/\/president-ksgov.net\/\"]}]}<\/script>\n<!-- \/ Yoast SEO plugin. -->","yoast_head_json":{"title":"President Osmani met with President Macron at the NATO Summit in Washington D.C. - President of the Republic of Kosovo - DR. VJOSA OSMANI - SADRIU","description":"President Osmani met with President Macron at the NATO Summit in Washington D.C. - President of the Republic of Kosovo - DR. VJOSA OSMANI - SADRIU -","robots":{"index":"index","follow":"follow","max-snippet":"max-snippet:-1","max-image-preview":"max-image-preview:large","max-video-preview":"max-video-preview:-1"},"canonical":"https:\/\/president-ksgov.net\/en\/president-osmani-met-with-president-macron-at-the-nato-summit-in-washington-d-c\/","og_locale":"en_US","og_type":"article","og_title":"President Osmani met with President Macron at the NATO Summit in Washington D.C. - President of the Republic of Kosovo - DR. VJOSA OSMANI - SADRIU","og_description":"President Osmani met with President Macron at the NATO Summit in Washington D.C. - President of the Republic of Kosovo - DR. VJOSA OSMANI - SADRIU -","og_url":"https:\/\/president-ksgov.net\/en\/president-osmani-met-with-president-macron-at-the-nato-summit-in-washington-d-c\/","og_site_name":"President of the Republic of Kosovo - DR. VJOSA OSMANI - SADRIU","article_published_time":"2024-07-12T14:29:18+00:00","article_modified_time":"2024-07-15T12:37:50+00:00","og_image":[{"width":1080,"height":1350,"url":"https:\/\/president-ksgov.net\/wp-content\/uploads\/FB_IMG_1720793553026-1.jpg","type":"image\/jpeg"}],"author":"Edona Krasniqi","twitter_card":"summary_large_image","twitter_misc":{"Written by":"Edona Krasniqi","Est. reading time":"1 minute"},"schema":{"@context":"https:\/\/schema.org","@graph":[{"@type":"WebPage","@id":"https:\/\/president-ksgov.net\/en\/president-osmani-met-with-president-macron-at-the-nato-summit-in-washington-d-c\/","url":"https:\/\/president-ksgov.net\/en\/president-osmani-met-with-president-macron-at-the-nato-summit-in-washington-d-c\/","name":"President Osmani met with President Macron at the NATO Summit in Washington D.C. - President of the Republic of Kosovo - DR. VJOSA OSMANI - SADRIU","isPartOf":{"@id":"https:\/\/president-ksgov.net\/#website"},"primaryImageOfPage":{"@id":"https:\/\/president-ksgov.net\/en\/president-osmani-met-with-president-macron-at-the-nato-summit-in-washington-d-c\/#primaryimage"},"image":{"@id":"https:\/\/president-ksgov.net\/en\/president-osmani-met-with-president-macron-at-the-nato-summit-in-washington-d-c\/#primaryimage"},"thumbnailUrl":"https:\/\/president-ksgov.net\/wp-content\/uploads\/FB_IMG_1720793553026-1.jpg","datePublished":"2024-07-12T14:29:18+00:00","dateModified":"2024-07-15T12:37:50+00:00","author":{"@id":"https:\/\/president-ksgov.net\/#\/schema\/person\/b9740e15fff71a6f8f26a0e201572567"},"description":"President Osmani met with President Macron at the NATO Summit in Washington D.C. - President of the Republic of Kosovo - DR. VJOSA OSMANI - SADRIU -","breadcrumb":{"@id":"https:\/\/president-ksgov.net\/en\/president-osmani-met-with-president-macron-at-the-nato-summit-in-washington-d-c\/#breadcrumb"},"inLanguage":"en-US","potentialAction":[{"@type":"ReadAction","target":["https:\/\/president-ksgov.net\/en\/president-osmani-met-with-president-macron-at-the-nato-summit-in-washington-d-c\/"]}]},{"@type":"ImageObject","inLanguage":"en-US","@id":"https:\/\/president-ksgov.net\/en\/president-osmani-met-with-president-macron-at-the-nato-summit-in-washington-d-c\/#primaryimage","url":"https:\/\/president-ksgov.net\/wp-content\/uploads\/FB_IMG_1720793553026-1.jpg","contentUrl":"https:\/\/president-ksgov.net\/wp-content\/uploads\/FB_IMG_1720793553026-1.jpg","width":1080,"height":1350},{"@type":"BreadcrumbList","@id":"https:\/\/president-ksgov.net\/en\/president-osmani-met-with-president-macron-at-the-nato-summit-in-washington-d-c\/#breadcrumb","itemListElement":[{"@type":"ListItem","position":1,"name":"Home","item":"https:\/\/president-ksgov.net\/en\/"},{"@type":"ListItem","position":2,"name":"President Osmani met with President Macron at the NATO Summit in Washington D.C."}]},{"@type":"WebSite","@id":"https:\/\/president-ksgov.net\/#website","url":"https:\/\/president-ksgov.net\/","name":"Presidente e Republik\u00ebs s\u00eb Kosov\u00ebs","description":"Presidente e Republik\u00ebs s\u00eb Kosov\u00ebs","alternateName":"DR. VJOSA OSMANI - SADRIU","potentialAction":[{"@type":"SearchAction","target":{"@type":"EntryPoint","urlTemplate":"https:\/\/president-ksgov.net\/?s={search_term_string}"},"query-input":{"@type":"PropertyValueSpecification","valueRequired":true,"valueName":"search_term_string"}}],"inLanguage":"en-US"},{"@type":"Person","@id":"https:\/\/president-ksgov.net\/#\/schema\/person\/b9740e15fff71a6f8f26a0e201572567","name":"Edona Krasniqi","image":{"@type":"ImageObject","inLanguage":"en-US","@id":"https:\/\/president-ksgov.net\/#\/schema\/person\/image\/","url":"https:\/\/secure.gravatar.com\/avatar\/1f0f749e4b80632decf95bd32db3f33277967a04dc5e29d46781d9c89b703cce?s=96&d=mm&r=g","contentUrl":"https:\/\/secure.gravatar.com\/avatar\/1f0f749e4b80632decf95bd32db3f33277967a04dc5e29d46781d9c89b703cce?s=96&d=mm&r=g","caption":"Edona Krasniqi"},"sameAs":["https:\/\/president-ksgov.net\/"]}]}},"_links":{"self":[{"href":"https:\/\/president-ksgov.net\/en\/wp-json\/wp\/v2\/posts\/138769","targetHints":{"allow":["GET"]}}],"collection":[{"href":"https:\/\/president-ksgov.net\/en\/wp-json\/wp\/v2\/posts"}],"about":[{"href":"https:\/\/president-ksgov.net\/en\/wp-json\/wp\/v2\/types\/post"}],"author":[{"embeddable":true,"href":"https:\/\/president-ksgov.net\/en\/wp-json\/wp\/v2\/users\/13"}],"replies":[{"embeddable":true,"href":"https:\/\/president-ksgov.net\/en\/wp-json\/wp\/v2\/comments?post=138769"}],"version-history":[{"count":1,"href":"https:\/\/president-ksgov.net\/en\/wp-json\/wp\/v2\/posts\/138769\/revisions"}],"predecessor-version":[{"id":138773,"href":"https:\/\/president-ksgov.net\/en\/wp-json\/wp\/v2\/posts\/138769\/revisions\/138773"}],"wp:featuredmedia":[{"embeddable":true,"href":"https:\/\/president-ksgov.net\/en\/wp-json\/wp\/v2\/media\/138699"}],"wp:attachment":[{"href":"https:\/\/president-ksgov.net\/en\/wp-json\/wp\/v2\/media?parent=138769"}],"wp:term":[{"taxonomy":"category","embeddable":true,"href":"https:\/\/president-ksgov.net\/en\/wp-json\/wp\/v2\/categories?post=138769"},{"taxonomy":"post_tag","embeddable":true,"href":"https:\/\/president-ksgov.net\/en\/wp-json\/wp\/v2\/tags?post=138769"}],"curies":[{"name":"wp","href":"https:\/\/api.w.org\/{rel}","templated":true}]}}