{"id":138747,"date":"2024-07-13T17:58:11","date_gmt":"2024-07-13T15:58:11","guid":{"rendered":"https:\/\/president-ksgov.net\/?p=138747"},"modified":"2024-07-15T13:46:15","modified_gmt":"2024-07-15T11:46:15","slug":"president-osmani-meets-the-german-foreign-minister-annalena-baerbock","status":"publish","type":"post","link":"https:\/\/president-ksgov.net\/en\/president-osmani-meets-the-german-foreign-minister-annalena-baerbock\/","title":{"rendered":"President Osmani meets the German Foreign Minister, Annalena Baerbock"},"content":{"rendered":"<p>The President of the Republic of Kosovo, Vjosa Osmani, on the sidelines of the NATO Summit in Washington D.C., met with the German Foreign Minister Annalena Baerbock. In this case, she expressed her gratitude for her steadfast support.<\/p>\n<p>President Osmani said that Germany has been a staunch supporter of Kosovo&#8217;s stable and irreversible Euro-Atlantic future.<\/p>\n","protected":false},"excerpt":{"rendered":"<p>The President of the Republic of Kosovo, Vjosa Osmani, on the sidelines of the NATO Summit in Washington D.C., met with the German Foreign Minister Annalena Baerbock. In this case, she expressed her gratitude for her steadfast support. President Osmani said that Germany has been a staunch supporter of Kosovo&#8217;s stable and irreversible Euro-Atlantic future.<\/p>\n","protected":false},"author":13,"featured_media":138743,"comment_status":"closed","ping_status":"closed","sticky":false,"template":"","format":"standard","meta":{"_eb_attr":"","footnotes":""},"categories":[113,111],"tags":[],"class_list":["post-138747","post","type-post","status-publish","format-standard","has-post-thumbnail","hentry","category-international-visits","category-news"],"yoast_head":"<!-- This site is optimized with the Yoast SEO plugin v23.5 - https:\/\/yoast.com\/wordpress\/plugins\/seo\/ -->\n<title>President Osmani meets the German Foreign Minister, Annalena Baerbock - President of the Republic of Kosovo - DR. VJOSA OSMANI - SADRIU<\/title>\n<meta name=\"description\" content=\"President Osmani meets the German Foreign Minister, Annalena Baerbock - President of the Republic of Kosovo - DR. VJOSA OSMANI - SADRIU -\" \/>\n<meta name=\"robots\" content=\"index, follow, max-snippet:-1, max-image-preview:large, max-video-preview:-1\" \/>\n<link rel=\"canonical\" href=\"https:\/\/president-ksgov.net\/en\/president-osmani-meets-the-german-foreign-minister-annalena-baerbock\/\" \/>\n<meta property=\"og:locale\" content=\"en_US\" \/>\n<meta property=\"og:type\" content=\"article\" \/>\n<meta property=\"og:title\" content=\"President Osmani meets the German Foreign Minister, Annalena Baerbock - President of the Republic of Kosovo - DR. VJOSA OSMANI - SADRIU\" \/>\n<meta property=\"og:description\" content=\"President Osmani meets the German Foreign Minister, Annalena Baerbock - President of the Republic of Kosovo - DR. VJOSA OSMANI - SADRIU -\" \/>\n<meta property=\"og:url\" content=\"https:\/\/president-ksgov.net\/en\/president-osmani-meets-the-german-foreign-minister-annalena-baerbock\/\" \/>\n<meta property=\"og:site_name\" content=\"President of the Republic of Kosovo - DR. VJOSA OSMANI - SADRIU\" \/>\n<meta property=\"article:published_time\" content=\"2024-07-13T15:58:11+00:00\" \/>\n<meta property=\"article:modified_time\" content=\"2024-07-15T11:46:15+00:00\" \/>\n<meta property=\"og:image\" content=\"https:\/\/president-ksgov.net\/wp-content\/uploads\/1111.jpeg\" \/>\n\t<meta property=\"og:image:width\" content=\"900\" \/>\n\t<meta property=\"og:image:height\" content=\"977\" \/>\n\t<meta property=\"og:image:type\" content=\"image\/jpeg\" \/>\n<meta name=\"author\" content=\"Edona Krasniqi\" \/>\n<meta name=\"twitter:card\" content=\"summary_large_image\" \/>\n<meta name=\"twitter:label1\" content=\"Written by\" \/>\n\t<meta name=\"twitter:data1\" content=\"Edona Krasniqi\" \/>\n\t<meta name=\"twitter:label2\" content=\"Est. reading time\" \/>\n\t<meta name=\"twitter:data2\" content=\"1 minute\" \/>\n<script type=\"application\/ld+json\" class=\"yoast-schema-graph\">{\"@context\":\"https:\/\/schema.org\",\"@graph\":[{\"@type\":\"WebPage\",\"@id\":\"https:\/\/president-ksgov.net\/en\/president-osmani-meets-the-german-foreign-minister-annalena-baerbock\/\",\"url\":\"https:\/\/president-ksgov.net\/en\/president-osmani-meets-the-german-foreign-minister-annalena-baerbock\/\",\"name\":\"President Osmani meets the German Foreign Minister, Annalena Baerbock - President of the Republic of Kosovo - DR. VJOSA OSMANI - SADRIU\",\"isPartOf\":{\"@id\":\"https:\/\/president-ksgov.net\/#website\"},\"primaryImageOfPage\":{\"@id\":\"https:\/\/president-ksgov.net\/en\/president-osmani-meets-the-german-foreign-minister-annalena-baerbock\/#primaryimage\"},\"image\":{\"@id\":\"https:\/\/president-ksgov.net\/en\/president-osmani-meets-the-german-foreign-minister-annalena-baerbock\/#primaryimage\"},\"thumbnailUrl\":\"https:\/\/president-ksgov.net\/wp-content\/uploads\/1111.jpeg\",\"datePublished\":\"2024-07-13T15:58:11+00:00\",\"dateModified\":\"2024-07-15T11:46:15+00:00\",\"author\":{\"@id\":\"https:\/\/president-ksgov.net\/#\/schema\/person\/b9740e15fff71a6f8f26a0e201572567\"},\"description\":\"President Osmani meets the German Foreign Minister, Annalena Baerbock - President of the Republic of Kosovo - DR. VJOSA OSMANI - SADRIU -\",\"breadcrumb\":{\"@id\":\"https:\/\/president-ksgov.net\/en\/president-osmani-meets-the-german-foreign-minister-annalena-baerbock\/#breadcrumb\"},\"inLanguage\":\"en-US\",\"potentialAction\":[{\"@type\":\"ReadAction\",\"target\":[\"https:\/\/president-ksgov.net\/en\/president-osmani-meets-the-german-foreign-minister-annalena-baerbock\/\"]}]},{\"@type\":\"ImageObject\",\"inLanguage\":\"en-US\",\"@id\":\"https:\/\/president-ksgov.net\/en\/president-osmani-meets-the-german-foreign-minister-annalena-baerbock\/#primaryimage\",\"url\":\"https:\/\/president-ksgov.net\/wp-content\/uploads\/1111.jpeg\",\"contentUrl\":\"https:\/\/president-ksgov.net\/wp-content\/uploads\/1111.jpeg\",\"width\":900,\"height\":977},{\"@type\":\"BreadcrumbList\",\"@id\":\"https:\/\/president-ksgov.net\/en\/president-osmani-meets-the-german-foreign-minister-annalena-baerbock\/#breadcrumb\",\"itemListElement\":[{\"@type\":\"ListItem\",\"position\":1,\"name\":\"Home\",\"item\":\"https:\/\/president-ksgov.net\/en\/\"},{\"@type\":\"ListItem\",\"position\":2,\"name\":\"President Osmani meets the German Foreign Minister, Annalena Baerbock\"}]},{\"@type\":\"WebSite\",\"@id\":\"https:\/\/president-ksgov.net\/#website\",\"url\":\"https:\/\/president-ksgov.net\/\",\"name\":\"Presidente e Republik\u00ebs s\u00eb Kosov\u00ebs\",\"description\":\"Presidente e Republik\u00ebs s\u00eb Kosov\u00ebs\",\"alternateName\":\"DR. VJOSA OSMANI - SADRIU\",\"potentialAction\":[{\"@type\":\"SearchAction\",\"target\":{\"@type\":\"EntryPoint\",\"urlTemplate\":\"https:\/\/president-ksgov.net\/?s={search_term_string}\"},\"query-input\":{\"@type\":\"PropertyValueSpecification\",\"valueRequired\":true,\"valueName\":\"search_term_string\"}}],\"inLanguage\":\"en-US\"},{\"@type\":\"Person\",\"@id\":\"https:\/\/president-ksgov.net\/#\/schema\/person\/b9740e15fff71a6f8f26a0e201572567\",\"name\":\"Edona Krasniqi\",\"image\":{\"@type\":\"ImageObject\",\"inLanguage\":\"en-US\",\"@id\":\"https:\/\/president-ksgov.net\/#\/schema\/person\/image\/\",\"url\":\"https:\/\/secure.gravatar.com\/avatar\/1f0f749e4b80632decf95bd32db3f33277967a04dc5e29d46781d9c89b703cce?s=96&d=mm&r=g\",\"contentUrl\":\"https:\/\/secure.gravatar.com\/avatar\/1f0f749e4b80632decf95bd32db3f33277967a04dc5e29d46781d9c89b703cce?s=96&d=mm&r=g\",\"caption\":\"Edona Krasniqi\"},\"sameAs\":[\"https:\/\/president-ksgov.net\/\"]}]}<\/script>\n<!-- \/ Yoast SEO plugin. -->","yoast_head_json":{"title":"President Osmani meets the German Foreign Minister, Annalena Baerbock - President of the Republic of Kosovo - DR. VJOSA OSMANI - SADRIU","description":"President Osmani meets the German Foreign Minister, Annalena Baerbock - President of the Republic of Kosovo - DR. VJOSA OSMANI - SADRIU -","robots":{"index":"index","follow":"follow","max-snippet":"max-snippet:-1","max-image-preview":"max-image-preview:large","max-video-preview":"max-video-preview:-1"},"canonical":"https:\/\/president-ksgov.net\/en\/president-osmani-meets-the-german-foreign-minister-annalena-baerbock\/","og_locale":"en_US","og_type":"article","og_title":"President Osmani meets the German Foreign Minister, Annalena Baerbock - President of the Republic of Kosovo - DR. VJOSA OSMANI - SADRIU","og_description":"President Osmani meets the German Foreign Minister, Annalena Baerbock - President of the Republic of Kosovo - DR. VJOSA OSMANI - SADRIU -","og_url":"https:\/\/president-ksgov.net\/en\/president-osmani-meets-the-german-foreign-minister-annalena-baerbock\/","og_site_name":"President of the Republic of Kosovo - DR. VJOSA OSMANI - SADRIU","article_published_time":"2024-07-13T15:58:11+00:00","article_modified_time":"2024-07-15T11:46:15+00:00","og_image":[{"width":900,"height":977,"url":"https:\/\/president-ksgov.net\/wp-content\/uploads\/1111.jpeg","type":"image\/jpeg"}],"author":"Edona Krasniqi","twitter_card":"summary_large_image","twitter_misc":{"Written by":"Edona Krasniqi","Est. reading time":"1 minute"},"schema":{"@context":"https:\/\/schema.org","@graph":[{"@type":"WebPage","@id":"https:\/\/president-ksgov.net\/en\/president-osmani-meets-the-german-foreign-minister-annalena-baerbock\/","url":"https:\/\/president-ksgov.net\/en\/president-osmani-meets-the-german-foreign-minister-annalena-baerbock\/","name":"President Osmani meets the German Foreign Minister, Annalena Baerbock - President of the Republic of Kosovo - DR. VJOSA OSMANI - SADRIU","isPartOf":{"@id":"https:\/\/president-ksgov.net\/#website"},"primaryImageOfPage":{"@id":"https:\/\/president-ksgov.net\/en\/president-osmani-meets-the-german-foreign-minister-annalena-baerbock\/#primaryimage"},"image":{"@id":"https:\/\/president-ksgov.net\/en\/president-osmani-meets-the-german-foreign-minister-annalena-baerbock\/#primaryimage"},"thumbnailUrl":"https:\/\/president-ksgov.net\/wp-content\/uploads\/1111.jpeg","datePublished":"2024-07-13T15:58:11+00:00","dateModified":"2024-07-15T11:46:15+00:00","author":{"@id":"https:\/\/president-ksgov.net\/#\/schema\/person\/b9740e15fff71a6f8f26a0e201572567"},"description":"President Osmani meets the German Foreign Minister, Annalena Baerbock - President of the Republic of Kosovo - DR. VJOSA OSMANI - SADRIU -","breadcrumb":{"@id":"https:\/\/president-ksgov.net\/en\/president-osmani-meets-the-german-foreign-minister-annalena-baerbock\/#breadcrumb"},"inLanguage":"en-US","potentialAction":[{"@type":"ReadAction","target":["https:\/\/president-ksgov.net\/en\/president-osmani-meets-the-german-foreign-minister-annalena-baerbock\/"]}]},{"@type":"ImageObject","inLanguage":"en-US","@id":"https:\/\/president-ksgov.net\/en\/president-osmani-meets-the-german-foreign-minister-annalena-baerbock\/#primaryimage","url":"https:\/\/president-ksgov.net\/wp-content\/uploads\/1111.jpeg","contentUrl":"https:\/\/president-ksgov.net\/wp-content\/uploads\/1111.jpeg","width":900,"height":977},{"@type":"BreadcrumbList","@id":"https:\/\/president-ksgov.net\/en\/president-osmani-meets-the-german-foreign-minister-annalena-baerbock\/#breadcrumb","itemListElement":[{"@type":"ListItem","position":1,"name":"Home","item":"https:\/\/president-ksgov.net\/en\/"},{"@type":"ListItem","position":2,"name":"President Osmani meets the German Foreign Minister, Annalena Baerbock"}]},{"@type":"WebSite","@id":"https:\/\/president-ksgov.net\/#website","url":"https:\/\/president-ksgov.net\/","name":"Presidente e Republik\u00ebs s\u00eb Kosov\u00ebs","description":"Presidente e Republik\u00ebs s\u00eb Kosov\u00ebs","alternateName":"DR. VJOSA OSMANI - SADRIU","potentialAction":[{"@type":"SearchAction","target":{"@type":"EntryPoint","urlTemplate":"https:\/\/president-ksgov.net\/?s={search_term_string}"},"query-input":{"@type":"PropertyValueSpecification","valueRequired":true,"valueName":"search_term_string"}}],"inLanguage":"en-US"},{"@type":"Person","@id":"https:\/\/president-ksgov.net\/#\/schema\/person\/b9740e15fff71a6f8f26a0e201572567","name":"Edona Krasniqi","image":{"@type":"ImageObject","inLanguage":"en-US","@id":"https:\/\/president-ksgov.net\/#\/schema\/person\/image\/","url":"https:\/\/secure.gravatar.com\/avatar\/1f0f749e4b80632decf95bd32db3f33277967a04dc5e29d46781d9c89b703cce?s=96&d=mm&r=g","contentUrl":"https:\/\/secure.gravatar.com\/avatar\/1f0f749e4b80632decf95bd32db3f33277967a04dc5e29d46781d9c89b703cce?s=96&d=mm&r=g","caption":"Edona Krasniqi"},"sameAs":["https:\/\/president-ksgov.net\/"]}]}},"_links":{"self":[{"href":"https:\/\/president-ksgov.net\/en\/wp-json\/wp\/v2\/posts\/138747","targetHints":{"allow":["GET"]}}],"collection":[{"href":"https:\/\/president-ksgov.net\/en\/wp-json\/wp\/v2\/posts"}],"about":[{"href":"https:\/\/president-ksgov.net\/en\/wp-json\/wp\/v2\/types\/post"}],"author":[{"embeddable":true,"href":"https:\/\/president-ksgov.net\/en\/wp-json\/wp\/v2\/users\/13"}],"replies":[{"embeddable":true,"href":"https:\/\/president-ksgov.net\/en\/wp-json\/wp\/v2\/comments?post=138747"}],"version-history":[{"count":1,"href":"https:\/\/president-ksgov.net\/en\/wp-json\/wp\/v2\/posts\/138747\/revisions"}],"predecessor-version":[{"id":138748,"href":"https:\/\/president-ksgov.net\/en\/wp-json\/wp\/v2\/posts\/138747\/revisions\/138748"}],"wp:featuredmedia":[{"embeddable":true,"href":"https:\/\/president-ksgov.net\/en\/wp-json\/wp\/v2\/media\/138743"}],"wp:attachment":[{"href":"https:\/\/president-ksgov.net\/en\/wp-json\/wp\/v2\/media?parent=138747"}],"wp:term":[{"taxonomy":"category","embeddable":true,"href":"https:\/\/president-ksgov.net\/en\/wp-json\/wp\/v2\/categories?post=138747"},{"taxonomy":"post_tag","embeddable":true,"href":"https:\/\/president-ksgov.net\/en\/wp-json\/wp\/v2\/tags?post=138747"}],"curies":[{"name":"wp","href":"https:\/\/api.w.org\/{rel}","templated":true}]}}