{"id":138531,"date":"2024-07-11T09:30:23","date_gmt":"2024-07-11T07:30:23","guid":{"rendered":"https:\/\/president-ksgov.net\/?p=138531"},"modified":"2024-07-11T15:37:37","modified_gmt":"2024-07-11T13:37:37","slug":"president-srebrenica-is-not-just-a-place-on-the-map-but-a-symbol-of-the-enduring-need-for-justice","status":"publish","type":"post","link":"https:\/\/president-ksgov.net\/en\/president-srebrenica-is-not-just-a-place-on-the-map-but-a-symbol-of-the-enduring-need-for-justice\/","title":{"rendered":"President: Srebrenica is not just a place on the map, but a symbol of the enduring need for justice"},"content":{"rendered":"<p>The President of the Republic of Kosovo, Vjosa Osmani, stated that Srebrenica is not just a place on the map, but a symbol of the enduring need for justice, the importance of truth, and the power of remembrance.<\/p>\n<p>President Osmani\u2019s full statement:<\/p>\n<p>Srebrenica is not just a place on the map, but a symbol of the enduring need for justice, the importance of truth, and the power of remembrance.<\/p>\n<p>The horrors of that dark chapter, when over 8,000 Bosniak boys and men were brutally killed by Milosevic\u2019s genocidal regime, are a reminder of human atrocities.<\/p>\n<p>Today, on Memorial Day in remembrance of the Srebrenica genocide, we honour the memory of the innocent lives lost and reiterate that lasting peace is possible only when there is justice for the victims.<\/p>\n","protected":false},"excerpt":{"rendered":"<p>The President of the Republic of Kosovo, Vjosa Osmani, stated that Srebrenica is not just a place on the map, but a symbol of the enduring need for justice, the importance of truth, and the power of remembrance. President Osmani\u2019s full statement: Srebrenica is not just a place on the map, but a symbol of the enduring need for justice, the importance of truth, and the power of remembrance. The horrors of that dark chapter, when over 8,000 Bosniak boys and men were brutally killed by Milosevic\u2019s genocidal regime, are a reminder of human atrocities. Today, on Memorial Day in remembrance of the Srebrenica genocide, we honour the memory of the innocent lives lost and reiterate that lasting peace is possible only when there is justice for the victims.<\/p>\n","protected":false},"author":13,"featured_media":138510,"comment_status":"closed","ping_status":"closed","sticky":false,"template":"","format":"standard","meta":{"_eb_attr":"","footnotes":""},"categories":[111],"tags":[],"class_list":["post-138531","post","type-post","status-publish","format-standard","has-post-thumbnail","hentry","category-news"],"yoast_head":"<!-- This site is optimized with the Yoast SEO plugin v23.5 - https:\/\/yoast.com\/wordpress\/plugins\/seo\/ -->\n<title>President: Srebrenica is not just a place on the map, but a symbol of the enduring need for justice - President of the Republic of Kosovo - DR. VJOSA OSMANI - SADRIU<\/title>\n<meta name=\"description\" content=\"President: Srebrenica is not just a place on the map, but a symbol of the enduring need for justice - President of the Republic of Kosovo - DR. VJOSA OSMANI - SADRIU -\" \/>\n<meta name=\"robots\" content=\"index, follow, max-snippet:-1, max-image-preview:large, max-video-preview:-1\" \/>\n<link rel=\"canonical\" href=\"https:\/\/president-ksgov.net\/en\/president-srebrenica-is-not-just-a-place-on-the-map-but-a-symbol-of-the-enduring-need-for-justice\/\" \/>\n<meta property=\"og:locale\" content=\"en_US\" \/>\n<meta property=\"og:type\" content=\"article\" \/>\n<meta property=\"og:title\" content=\"President: Srebrenica is not just a place on the map, but a symbol of the enduring need for justice - President of the Republic of Kosovo - DR. VJOSA OSMANI - SADRIU\" \/>\n<meta property=\"og:description\" content=\"President: Srebrenica is not just a place on the map, but a symbol of the enduring need for justice - President of the Republic of Kosovo - DR. VJOSA OSMANI - SADRIU -\" \/>\n<meta property=\"og:url\" content=\"https:\/\/president-ksgov.net\/en\/president-srebrenica-is-not-just-a-place-on-the-map-but-a-symbol-of-the-enduring-need-for-justice\/\" \/>\n<meta property=\"og:site_name\" content=\"President of the Republic of Kosovo - DR. VJOSA OSMANI - SADRIU\" \/>\n<meta property=\"article:published_time\" content=\"2024-07-11T07:30:23+00:00\" \/>\n<meta property=\"article:modified_time\" content=\"2024-07-11T13:37:37+00:00\" \/>\n<meta property=\"og:image\" content=\"https:\/\/president-ksgov.net\/wp-content\/uploads\/450543499_1019087486242457_2125999971223432940_n.jpg\" \/>\n\t<meta property=\"og:image:width\" content=\"2048\" \/>\n\t<meta property=\"og:image:height\" content=\"1152\" \/>\n\t<meta property=\"og:image:type\" content=\"image\/jpeg\" \/>\n<meta name=\"author\" content=\"Edona Krasniqi\" \/>\n<meta name=\"twitter:card\" content=\"summary_large_image\" \/>\n<meta name=\"twitter:label1\" content=\"Written by\" \/>\n\t<meta name=\"twitter:data1\" content=\"Edona Krasniqi\" \/>\n\t<meta name=\"twitter:label2\" content=\"Est. reading time\" \/>\n\t<meta name=\"twitter:data2\" content=\"1 minute\" \/>\n<script type=\"application\/ld+json\" class=\"yoast-schema-graph\">{\"@context\":\"https:\/\/schema.org\",\"@graph\":[{\"@type\":\"WebPage\",\"@id\":\"https:\/\/president-ksgov.net\/en\/president-srebrenica-is-not-just-a-place-on-the-map-but-a-symbol-of-the-enduring-need-for-justice\/\",\"url\":\"https:\/\/president-ksgov.net\/en\/president-srebrenica-is-not-just-a-place-on-the-map-but-a-symbol-of-the-enduring-need-for-justice\/\",\"name\":\"President: Srebrenica is not just a place on the map, but a symbol of the enduring need for justice - President of the Republic of Kosovo - DR. VJOSA OSMANI - SADRIU\",\"isPartOf\":{\"@id\":\"https:\/\/president-ksgov.net\/#website\"},\"primaryImageOfPage\":{\"@id\":\"https:\/\/president-ksgov.net\/en\/president-srebrenica-is-not-just-a-place-on-the-map-but-a-symbol-of-the-enduring-need-for-justice\/#primaryimage\"},\"image\":{\"@id\":\"https:\/\/president-ksgov.net\/en\/president-srebrenica-is-not-just-a-place-on-the-map-but-a-symbol-of-the-enduring-need-for-justice\/#primaryimage\"},\"thumbnailUrl\":\"https:\/\/president-ksgov.net\/wp-content\/uploads\/450543499_1019087486242457_2125999971223432940_n.jpg\",\"datePublished\":\"2024-07-11T07:30:23+00:00\",\"dateModified\":\"2024-07-11T13:37:37+00:00\",\"author\":{\"@id\":\"https:\/\/president-ksgov.net\/#\/schema\/person\/b9740e15fff71a6f8f26a0e201572567\"},\"description\":\"President: Srebrenica is not just a place on the map, but a symbol of the enduring need for justice - President of the Republic of Kosovo - DR. VJOSA OSMANI - SADRIU -\",\"breadcrumb\":{\"@id\":\"https:\/\/president-ksgov.net\/en\/president-srebrenica-is-not-just-a-place-on-the-map-but-a-symbol-of-the-enduring-need-for-justice\/#breadcrumb\"},\"inLanguage\":\"en-US\",\"potentialAction\":[{\"@type\":\"ReadAction\",\"target\":[\"https:\/\/president-ksgov.net\/en\/president-srebrenica-is-not-just-a-place-on-the-map-but-a-symbol-of-the-enduring-need-for-justice\/\"]}]},{\"@type\":\"ImageObject\",\"inLanguage\":\"en-US\",\"@id\":\"https:\/\/president-ksgov.net\/en\/president-srebrenica-is-not-just-a-place-on-the-map-but-a-symbol-of-the-enduring-need-for-justice\/#primaryimage\",\"url\":\"https:\/\/president-ksgov.net\/wp-content\/uploads\/450543499_1019087486242457_2125999971223432940_n.jpg\",\"contentUrl\":\"https:\/\/president-ksgov.net\/wp-content\/uploads\/450543499_1019087486242457_2125999971223432940_n.jpg\",\"width\":2048,\"height\":1152},{\"@type\":\"BreadcrumbList\",\"@id\":\"https:\/\/president-ksgov.net\/en\/president-srebrenica-is-not-just-a-place-on-the-map-but-a-symbol-of-the-enduring-need-for-justice\/#breadcrumb\",\"itemListElement\":[{\"@type\":\"ListItem\",\"position\":1,\"name\":\"Home\",\"item\":\"https:\/\/president-ksgov.net\/en\/\"},{\"@type\":\"ListItem\",\"position\":2,\"name\":\"President: Srebrenica is not just a place on the map, but a symbol of the enduring need for justice\"}]},{\"@type\":\"WebSite\",\"@id\":\"https:\/\/president-ksgov.net\/#website\",\"url\":\"https:\/\/president-ksgov.net\/\",\"name\":\"Presidente e Republik\u00ebs s\u00eb Kosov\u00ebs\",\"description\":\"Presidente e Republik\u00ebs s\u00eb Kosov\u00ebs\",\"alternateName\":\"DR. VJOSA OSMANI - SADRIU\",\"potentialAction\":[{\"@type\":\"SearchAction\",\"target\":{\"@type\":\"EntryPoint\",\"urlTemplate\":\"https:\/\/president-ksgov.net\/?s={search_term_string}\"},\"query-input\":{\"@type\":\"PropertyValueSpecification\",\"valueRequired\":true,\"valueName\":\"search_term_string\"}}],\"inLanguage\":\"en-US\"},{\"@type\":\"Person\",\"@id\":\"https:\/\/president-ksgov.net\/#\/schema\/person\/b9740e15fff71a6f8f26a0e201572567\",\"name\":\"Edona Krasniqi\",\"image\":{\"@type\":\"ImageObject\",\"inLanguage\":\"en-US\",\"@id\":\"https:\/\/president-ksgov.net\/#\/schema\/person\/image\/\",\"url\":\"https:\/\/secure.gravatar.com\/avatar\/1f0f749e4b80632decf95bd32db3f33277967a04dc5e29d46781d9c89b703cce?s=96&d=mm&r=g\",\"contentUrl\":\"https:\/\/secure.gravatar.com\/avatar\/1f0f749e4b80632decf95bd32db3f33277967a04dc5e29d46781d9c89b703cce?s=96&d=mm&r=g\",\"caption\":\"Edona Krasniqi\"},\"sameAs\":[\"https:\/\/president-ksgov.net\/\"]}]}<\/script>\n<!-- \/ Yoast SEO plugin. -->","yoast_head_json":{"title":"President: Srebrenica is not just a place on the map, but a symbol of the enduring need for justice - President of the Republic of Kosovo - DR. VJOSA OSMANI - SADRIU","description":"President: Srebrenica is not just a place on the map, but a symbol of the enduring need for justice - President of the Republic of Kosovo - DR. VJOSA OSMANI - SADRIU -","robots":{"index":"index","follow":"follow","max-snippet":"max-snippet:-1","max-image-preview":"max-image-preview:large","max-video-preview":"max-video-preview:-1"},"canonical":"https:\/\/president-ksgov.net\/en\/president-srebrenica-is-not-just-a-place-on-the-map-but-a-symbol-of-the-enduring-need-for-justice\/","og_locale":"en_US","og_type":"article","og_title":"President: Srebrenica is not just a place on the map, but a symbol of the enduring need for justice - President of the Republic of Kosovo - DR. VJOSA OSMANI - SADRIU","og_description":"President: Srebrenica is not just a place on the map, but a symbol of the enduring need for justice - President of the Republic of Kosovo - DR. VJOSA OSMANI - SADRIU -","og_url":"https:\/\/president-ksgov.net\/en\/president-srebrenica-is-not-just-a-place-on-the-map-but-a-symbol-of-the-enduring-need-for-justice\/","og_site_name":"President of the Republic of Kosovo - DR. VJOSA OSMANI - SADRIU","article_published_time":"2024-07-11T07:30:23+00:00","article_modified_time":"2024-07-11T13:37:37+00:00","og_image":[{"width":2048,"height":1152,"url":"https:\/\/president-ksgov.net\/wp-content\/uploads\/450543499_1019087486242457_2125999971223432940_n.jpg","type":"image\/jpeg"}],"author":"Edona Krasniqi","twitter_card":"summary_large_image","twitter_misc":{"Written by":"Edona Krasniqi","Est. reading time":"1 minute"},"schema":{"@context":"https:\/\/schema.org","@graph":[{"@type":"WebPage","@id":"https:\/\/president-ksgov.net\/en\/president-srebrenica-is-not-just-a-place-on-the-map-but-a-symbol-of-the-enduring-need-for-justice\/","url":"https:\/\/president-ksgov.net\/en\/president-srebrenica-is-not-just-a-place-on-the-map-but-a-symbol-of-the-enduring-need-for-justice\/","name":"President: Srebrenica is not just a place on the map, but a symbol of the enduring need for justice - President of the Republic of Kosovo - DR. VJOSA OSMANI - SADRIU","isPartOf":{"@id":"https:\/\/president-ksgov.net\/#website"},"primaryImageOfPage":{"@id":"https:\/\/president-ksgov.net\/en\/president-srebrenica-is-not-just-a-place-on-the-map-but-a-symbol-of-the-enduring-need-for-justice\/#primaryimage"},"image":{"@id":"https:\/\/president-ksgov.net\/en\/president-srebrenica-is-not-just-a-place-on-the-map-but-a-symbol-of-the-enduring-need-for-justice\/#primaryimage"},"thumbnailUrl":"https:\/\/president-ksgov.net\/wp-content\/uploads\/450543499_1019087486242457_2125999971223432940_n.jpg","datePublished":"2024-07-11T07:30:23+00:00","dateModified":"2024-07-11T13:37:37+00:00","author":{"@id":"https:\/\/president-ksgov.net\/#\/schema\/person\/b9740e15fff71a6f8f26a0e201572567"},"description":"President: Srebrenica is not just a place on the map, but a symbol of the enduring need for justice - President of the Republic of Kosovo - DR. VJOSA OSMANI - SADRIU -","breadcrumb":{"@id":"https:\/\/president-ksgov.net\/en\/president-srebrenica-is-not-just-a-place-on-the-map-but-a-symbol-of-the-enduring-need-for-justice\/#breadcrumb"},"inLanguage":"en-US","potentialAction":[{"@type":"ReadAction","target":["https:\/\/president-ksgov.net\/en\/president-srebrenica-is-not-just-a-place-on-the-map-but-a-symbol-of-the-enduring-need-for-justice\/"]}]},{"@type":"ImageObject","inLanguage":"en-US","@id":"https:\/\/president-ksgov.net\/en\/president-srebrenica-is-not-just-a-place-on-the-map-but-a-symbol-of-the-enduring-need-for-justice\/#primaryimage","url":"https:\/\/president-ksgov.net\/wp-content\/uploads\/450543499_1019087486242457_2125999971223432940_n.jpg","contentUrl":"https:\/\/president-ksgov.net\/wp-content\/uploads\/450543499_1019087486242457_2125999971223432940_n.jpg","width":2048,"height":1152},{"@type":"BreadcrumbList","@id":"https:\/\/president-ksgov.net\/en\/president-srebrenica-is-not-just-a-place-on-the-map-but-a-symbol-of-the-enduring-need-for-justice\/#breadcrumb","itemListElement":[{"@type":"ListItem","position":1,"name":"Home","item":"https:\/\/president-ksgov.net\/en\/"},{"@type":"ListItem","position":2,"name":"President: Srebrenica is not just a place on the map, but a symbol of the enduring need for justice"}]},{"@type":"WebSite","@id":"https:\/\/president-ksgov.net\/#website","url":"https:\/\/president-ksgov.net\/","name":"Presidente e Republik\u00ebs s\u00eb Kosov\u00ebs","description":"Presidente e Republik\u00ebs s\u00eb Kosov\u00ebs","alternateName":"DR. VJOSA OSMANI - SADRIU","potentialAction":[{"@type":"SearchAction","target":{"@type":"EntryPoint","urlTemplate":"https:\/\/president-ksgov.net\/?s={search_term_string}"},"query-input":{"@type":"PropertyValueSpecification","valueRequired":true,"valueName":"search_term_string"}}],"inLanguage":"en-US"},{"@type":"Person","@id":"https:\/\/president-ksgov.net\/#\/schema\/person\/b9740e15fff71a6f8f26a0e201572567","name":"Edona Krasniqi","image":{"@type":"ImageObject","inLanguage":"en-US","@id":"https:\/\/president-ksgov.net\/#\/schema\/person\/image\/","url":"https:\/\/secure.gravatar.com\/avatar\/1f0f749e4b80632decf95bd32db3f33277967a04dc5e29d46781d9c89b703cce?s=96&d=mm&r=g","contentUrl":"https:\/\/secure.gravatar.com\/avatar\/1f0f749e4b80632decf95bd32db3f33277967a04dc5e29d46781d9c89b703cce?s=96&d=mm&r=g","caption":"Edona Krasniqi"},"sameAs":["https:\/\/president-ksgov.net\/"]}]}},"_links":{"self":[{"href":"https:\/\/president-ksgov.net\/en\/wp-json\/wp\/v2\/posts\/138531","targetHints":{"allow":["GET"]}}],"collection":[{"href":"https:\/\/president-ksgov.net\/en\/wp-json\/wp\/v2\/posts"}],"about":[{"href":"https:\/\/president-ksgov.net\/en\/wp-json\/wp\/v2\/types\/post"}],"author":[{"embeddable":true,"href":"https:\/\/president-ksgov.net\/en\/wp-json\/wp\/v2\/users\/13"}],"replies":[{"embeddable":true,"href":"https:\/\/president-ksgov.net\/en\/wp-json\/wp\/v2\/comments?post=138531"}],"version-history":[{"count":1,"href":"https:\/\/president-ksgov.net\/en\/wp-json\/wp\/v2\/posts\/138531\/revisions"}],"predecessor-version":[{"id":138532,"href":"https:\/\/president-ksgov.net\/en\/wp-json\/wp\/v2\/posts\/138531\/revisions\/138532"}],"wp:featuredmedia":[{"embeddable":true,"href":"https:\/\/president-ksgov.net\/en\/wp-json\/wp\/v2\/media\/138510"}],"wp:attachment":[{"href":"https:\/\/president-ksgov.net\/en\/wp-json\/wp\/v2\/media?parent=138531"}],"wp:term":[{"taxonomy":"category","embeddable":true,"href":"https:\/\/president-ksgov.net\/en\/wp-json\/wp\/v2\/categories?post=138531"},{"taxonomy":"post_tag","embeddable":true,"href":"https:\/\/president-ksgov.net\/en\/wp-json\/wp\/v2\/tags?post=138531"}],"curies":[{"name":"wp","href":"https:\/\/api.w.org\/{rel}","templated":true}]}}