{"id":138520,"date":"2024-07-09T20:35:51","date_gmt":"2024-07-09T18:35:51","guid":{"rendered":"https:\/\/president-ksgov.net\/?p=138520"},"modified":"2026-01-19T14:49:22","modified_gmt":"2026-01-19T13:49:22","slug":"secretary-blinken-thanks-president-osmani-in-his-speech-at-the-nato-summit","status":"publish","type":"post","link":"https:\/\/president-ksgov.net\/en\/secretary-blinken-thanks-president-osmani-in-his-speech-at-the-nato-summit\/","title":{"rendered":"Secretary Blinken thanks President Osmani in his speech at the NATO Summit"},"content":{"rendered":"<p>US Secretary Antony Blinken thanked President Osmani in his speech at the NATO Summit.<\/p>\n<p>The full post of President Osmani:<\/p>\n<p>Thank you, Secretary Blinken for the strong support in his speech today at the NATO Summit!<\/p>\n<p>Together with the United States of America and other allies, we will continue to move forward!<\/p>\n<p><iframe style=\"border: none; overflow: hidden;\" src=\"https:\/\/www.facebook.com\/plugins\/video.php?height=200&amp;href=https%3A%2F%2Fwww.facebook.com%2Freel%2F1534311167496632%2F&amp;show_text=false&amp;width=267&amp;t=0\" width=\"514\" height=\"514\" frameborder=\"0\" scrolling=\"no\" allowfullscreen=\"allowfullscreen\"><span data-mce-type=\"bookmark\" style=\"display: inline-block; width: 0px; overflow: hidden; line-height: 0;\" class=\"mce_SELRES_start\">\ufeff<\/span><\/iframe><\/p>\n","protected":false},"excerpt":{"rendered":"<p>US Secretary Antony Blinken thanked President Osmani in his speech at the NATO Summit. The full post of President Osmani: Thank you, Secretary Blinken for the strong support in his speech today at the NATO Summit! Together with the United States of America and other allies, we will continue to move forward! \ufeff<\/p>\n","protected":false},"author":13,"featured_media":138408,"comment_status":"closed","ping_status":"closed","sticky":false,"template":"","format":"standard","meta":{"_eb_attr":"","footnotes":""},"categories":[113,111],"tags":[],"class_list":["post-138520","post","type-post","status-publish","format-standard","has-post-thumbnail","hentry","category-international-visits","category-news"],"yoast_head":"<!-- This site is optimized with the Yoast SEO plugin v23.5 - https:\/\/yoast.com\/wordpress\/plugins\/seo\/ -->\n<title>Secretary Blinken thanks President Osmani in his speech at the NATO Summit - President of the Republic of Kosovo - DR. VJOSA OSMANI - SADRIU<\/title>\n<meta name=\"description\" content=\"Secretary Blinken thanks President Osmani in his speech at the NATO Summit - President of the Republic of Kosovo - DR. VJOSA OSMANI - SADRIU -\" \/>\n<meta name=\"robots\" content=\"index, follow, max-snippet:-1, max-image-preview:large, max-video-preview:-1\" \/>\n<link rel=\"canonical\" href=\"https:\/\/president-ksgov.net\/en\/secretary-blinken-thanks-president-osmani-in-his-speech-at-the-nato-summit\/\" \/>\n<meta property=\"og:locale\" content=\"en_US\" \/>\n<meta property=\"og:type\" content=\"article\" \/>\n<meta property=\"og:title\" content=\"Secretary Blinken thanks President Osmani in his speech at the NATO Summit - President of the Republic of Kosovo - DR. VJOSA OSMANI - SADRIU\" \/>\n<meta property=\"og:description\" content=\"Secretary Blinken thanks President Osmani in his speech at the NATO Summit - President of the Republic of Kosovo - DR. VJOSA OSMANI - SADRIU -\" \/>\n<meta property=\"og:url\" content=\"https:\/\/president-ksgov.net\/en\/secretary-blinken-thanks-president-osmani-in-his-speech-at-the-nato-summit\/\" \/>\n<meta property=\"og:site_name\" content=\"President of the Republic of Kosovo - DR. VJOSA OSMANI - SADRIU\" \/>\n<meta property=\"article:published_time\" content=\"2024-07-09T18:35:51+00:00\" \/>\n<meta property=\"article:modified_time\" content=\"2026-01-19T13:49:22+00:00\" \/>\n<meta property=\"og:image\" content=\"https:\/\/president-ksgov.net\/wp-content\/uploads\/Blinken.jpg\" \/>\n\t<meta property=\"og:image:width\" content=\"526\" \/>\n\t<meta property=\"og:image:height\" content=\"526\" \/>\n\t<meta property=\"og:image:type\" content=\"image\/jpeg\" \/>\n<meta name=\"author\" content=\"Edona Krasniqi\" \/>\n<meta name=\"twitter:card\" content=\"summary_large_image\" \/>\n<meta name=\"twitter:label1\" content=\"Written by\" \/>\n\t<meta name=\"twitter:data1\" content=\"Edona Krasniqi\" \/>\n\t<meta name=\"twitter:label2\" content=\"Est. reading time\" \/>\n\t<meta name=\"twitter:data2\" content=\"1 minute\" \/>\n<script type=\"application\/ld+json\" class=\"yoast-schema-graph\">{\"@context\":\"https:\/\/schema.org\",\"@graph\":[{\"@type\":\"WebPage\",\"@id\":\"https:\/\/president-ksgov.net\/en\/secretary-blinken-thanks-president-osmani-in-his-speech-at-the-nato-summit\/\",\"url\":\"https:\/\/president-ksgov.net\/en\/secretary-blinken-thanks-president-osmani-in-his-speech-at-the-nato-summit\/\",\"name\":\"Secretary Blinken thanks President Osmani in his speech at the NATO Summit - President of the Republic of Kosovo - DR. VJOSA OSMANI - SADRIU\",\"isPartOf\":{\"@id\":\"https:\/\/president-ksgov.net\/#website\"},\"primaryImageOfPage\":{\"@id\":\"https:\/\/president-ksgov.net\/en\/secretary-blinken-thanks-president-osmani-in-his-speech-at-the-nato-summit\/#primaryimage\"},\"image\":{\"@id\":\"https:\/\/president-ksgov.net\/en\/secretary-blinken-thanks-president-osmani-in-his-speech-at-the-nato-summit\/#primaryimage\"},\"thumbnailUrl\":\"https:\/\/president-ksgov.net\/wp-content\/uploads\/Blinken.jpg\",\"datePublished\":\"2024-07-09T18:35:51+00:00\",\"dateModified\":\"2026-01-19T13:49:22+00:00\",\"author\":{\"@id\":\"https:\/\/president-ksgov.net\/#\/schema\/person\/b9740e15fff71a6f8f26a0e201572567\"},\"description\":\"Secretary Blinken thanks President Osmani in his speech at the NATO Summit - President of the Republic of Kosovo - DR. VJOSA OSMANI - SADRIU -\",\"breadcrumb\":{\"@id\":\"https:\/\/president-ksgov.net\/en\/secretary-blinken-thanks-president-osmani-in-his-speech-at-the-nato-summit\/#breadcrumb\"},\"inLanguage\":\"en-US\",\"potentialAction\":[{\"@type\":\"ReadAction\",\"target\":[\"https:\/\/president-ksgov.net\/en\/secretary-blinken-thanks-president-osmani-in-his-speech-at-the-nato-summit\/\"]}]},{\"@type\":\"ImageObject\",\"inLanguage\":\"en-US\",\"@id\":\"https:\/\/president-ksgov.net\/en\/secretary-blinken-thanks-president-osmani-in-his-speech-at-the-nato-summit\/#primaryimage\",\"url\":\"https:\/\/president-ksgov.net\/wp-content\/uploads\/Blinken.jpg\",\"contentUrl\":\"https:\/\/president-ksgov.net\/wp-content\/uploads\/Blinken.jpg\",\"width\":526,\"height\":526},{\"@type\":\"BreadcrumbList\",\"@id\":\"https:\/\/president-ksgov.net\/en\/secretary-blinken-thanks-president-osmani-in-his-speech-at-the-nato-summit\/#breadcrumb\",\"itemListElement\":[{\"@type\":\"ListItem\",\"position\":1,\"name\":\"Home\",\"item\":\"https:\/\/president-ksgov.net\/en\/\"},{\"@type\":\"ListItem\",\"position\":2,\"name\":\"Secretary Blinken thanks President Osmani in his speech at the NATO Summit\"}]},{\"@type\":\"WebSite\",\"@id\":\"https:\/\/president-ksgov.net\/#website\",\"url\":\"https:\/\/president-ksgov.net\/\",\"name\":\"Presidente e Republik\u00ebs s\u00eb Kosov\u00ebs\",\"description\":\"Presidente e Republik\u00ebs s\u00eb Kosov\u00ebs\",\"alternateName\":\"DR. VJOSA OSMANI - SADRIU\",\"potentialAction\":[{\"@type\":\"SearchAction\",\"target\":{\"@type\":\"EntryPoint\",\"urlTemplate\":\"https:\/\/president-ksgov.net\/?s={search_term_string}\"},\"query-input\":{\"@type\":\"PropertyValueSpecification\",\"valueRequired\":true,\"valueName\":\"search_term_string\"}}],\"inLanguage\":\"en-US\"},{\"@type\":\"Person\",\"@id\":\"https:\/\/president-ksgov.net\/#\/schema\/person\/b9740e15fff71a6f8f26a0e201572567\",\"name\":\"Edona Krasniqi\",\"image\":{\"@type\":\"ImageObject\",\"inLanguage\":\"en-US\",\"@id\":\"https:\/\/president-ksgov.net\/#\/schema\/person\/image\/\",\"url\":\"https:\/\/secure.gravatar.com\/avatar\/1f0f749e4b80632decf95bd32db3f33277967a04dc5e29d46781d9c89b703cce?s=96&d=mm&r=g\",\"contentUrl\":\"https:\/\/secure.gravatar.com\/avatar\/1f0f749e4b80632decf95bd32db3f33277967a04dc5e29d46781d9c89b703cce?s=96&d=mm&r=g\",\"caption\":\"Edona Krasniqi\"},\"sameAs\":[\"https:\/\/president-ksgov.net\/\"]}]}<\/script>\n<!-- \/ Yoast SEO plugin. -->","yoast_head_json":{"title":"Secretary Blinken thanks President Osmani in his speech at the NATO Summit - President of the Republic of Kosovo - DR. VJOSA OSMANI - SADRIU","description":"Secretary Blinken thanks President Osmani in his speech at the NATO Summit - President of the Republic of Kosovo - DR. VJOSA OSMANI - SADRIU -","robots":{"index":"index","follow":"follow","max-snippet":"max-snippet:-1","max-image-preview":"max-image-preview:large","max-video-preview":"max-video-preview:-1"},"canonical":"https:\/\/president-ksgov.net\/en\/secretary-blinken-thanks-president-osmani-in-his-speech-at-the-nato-summit\/","og_locale":"en_US","og_type":"article","og_title":"Secretary Blinken thanks President Osmani in his speech at the NATO Summit - President of the Republic of Kosovo - DR. VJOSA OSMANI - SADRIU","og_description":"Secretary Blinken thanks President Osmani in his speech at the NATO Summit - President of the Republic of Kosovo - DR. VJOSA OSMANI - SADRIU -","og_url":"https:\/\/president-ksgov.net\/en\/secretary-blinken-thanks-president-osmani-in-his-speech-at-the-nato-summit\/","og_site_name":"President of the Republic of Kosovo - DR. VJOSA OSMANI - SADRIU","article_published_time":"2024-07-09T18:35:51+00:00","article_modified_time":"2026-01-19T13:49:22+00:00","og_image":[{"width":526,"height":526,"url":"https:\/\/president-ksgov.net\/wp-content\/uploads\/Blinken.jpg","type":"image\/jpeg"}],"author":"Edona Krasniqi","twitter_card":"summary_large_image","twitter_misc":{"Written by":"Edona Krasniqi","Est. reading time":"1 minute"},"schema":{"@context":"https:\/\/schema.org","@graph":[{"@type":"WebPage","@id":"https:\/\/president-ksgov.net\/en\/secretary-blinken-thanks-president-osmani-in-his-speech-at-the-nato-summit\/","url":"https:\/\/president-ksgov.net\/en\/secretary-blinken-thanks-president-osmani-in-his-speech-at-the-nato-summit\/","name":"Secretary Blinken thanks President Osmani in his speech at the NATO Summit - President of the Republic of Kosovo - DR. VJOSA OSMANI - SADRIU","isPartOf":{"@id":"https:\/\/president-ksgov.net\/#website"},"primaryImageOfPage":{"@id":"https:\/\/president-ksgov.net\/en\/secretary-blinken-thanks-president-osmani-in-his-speech-at-the-nato-summit\/#primaryimage"},"image":{"@id":"https:\/\/president-ksgov.net\/en\/secretary-blinken-thanks-president-osmani-in-his-speech-at-the-nato-summit\/#primaryimage"},"thumbnailUrl":"https:\/\/president-ksgov.net\/wp-content\/uploads\/Blinken.jpg","datePublished":"2024-07-09T18:35:51+00:00","dateModified":"2026-01-19T13:49:22+00:00","author":{"@id":"https:\/\/president-ksgov.net\/#\/schema\/person\/b9740e15fff71a6f8f26a0e201572567"},"description":"Secretary Blinken thanks President Osmani in his speech at the NATO Summit - President of the Republic of Kosovo - DR. VJOSA OSMANI - SADRIU -","breadcrumb":{"@id":"https:\/\/president-ksgov.net\/en\/secretary-blinken-thanks-president-osmani-in-his-speech-at-the-nato-summit\/#breadcrumb"},"inLanguage":"en-US","potentialAction":[{"@type":"ReadAction","target":["https:\/\/president-ksgov.net\/en\/secretary-blinken-thanks-president-osmani-in-his-speech-at-the-nato-summit\/"]}]},{"@type":"ImageObject","inLanguage":"en-US","@id":"https:\/\/president-ksgov.net\/en\/secretary-blinken-thanks-president-osmani-in-his-speech-at-the-nato-summit\/#primaryimage","url":"https:\/\/president-ksgov.net\/wp-content\/uploads\/Blinken.jpg","contentUrl":"https:\/\/president-ksgov.net\/wp-content\/uploads\/Blinken.jpg","width":526,"height":526},{"@type":"BreadcrumbList","@id":"https:\/\/president-ksgov.net\/en\/secretary-blinken-thanks-president-osmani-in-his-speech-at-the-nato-summit\/#breadcrumb","itemListElement":[{"@type":"ListItem","position":1,"name":"Home","item":"https:\/\/president-ksgov.net\/en\/"},{"@type":"ListItem","position":2,"name":"Secretary Blinken thanks President Osmani in his speech at the NATO Summit"}]},{"@type":"WebSite","@id":"https:\/\/president-ksgov.net\/#website","url":"https:\/\/president-ksgov.net\/","name":"Presidente e Republik\u00ebs s\u00eb Kosov\u00ebs","description":"Presidente e Republik\u00ebs s\u00eb Kosov\u00ebs","alternateName":"DR. VJOSA OSMANI - SADRIU","potentialAction":[{"@type":"SearchAction","target":{"@type":"EntryPoint","urlTemplate":"https:\/\/president-ksgov.net\/?s={search_term_string}"},"query-input":{"@type":"PropertyValueSpecification","valueRequired":true,"valueName":"search_term_string"}}],"inLanguage":"en-US"},{"@type":"Person","@id":"https:\/\/president-ksgov.net\/#\/schema\/person\/b9740e15fff71a6f8f26a0e201572567","name":"Edona Krasniqi","image":{"@type":"ImageObject","inLanguage":"en-US","@id":"https:\/\/president-ksgov.net\/#\/schema\/person\/image\/","url":"https:\/\/secure.gravatar.com\/avatar\/1f0f749e4b80632decf95bd32db3f33277967a04dc5e29d46781d9c89b703cce?s=96&d=mm&r=g","contentUrl":"https:\/\/secure.gravatar.com\/avatar\/1f0f749e4b80632decf95bd32db3f33277967a04dc5e29d46781d9c89b703cce?s=96&d=mm&r=g","caption":"Edona Krasniqi"},"sameAs":["https:\/\/president-ksgov.net\/"]}]}},"_links":{"self":[{"href":"https:\/\/president-ksgov.net\/en\/wp-json\/wp\/v2\/posts\/138520","targetHints":{"allow":["GET"]}}],"collection":[{"href":"https:\/\/president-ksgov.net\/en\/wp-json\/wp\/v2\/posts"}],"about":[{"href":"https:\/\/president-ksgov.net\/en\/wp-json\/wp\/v2\/types\/post"}],"author":[{"embeddable":true,"href":"https:\/\/president-ksgov.net\/en\/wp-json\/wp\/v2\/users\/13"}],"replies":[{"embeddable":true,"href":"https:\/\/president-ksgov.net\/en\/wp-json\/wp\/v2\/comments?post=138520"}],"version-history":[{"count":2,"href":"https:\/\/president-ksgov.net\/en\/wp-json\/wp\/v2\/posts\/138520\/revisions"}],"predecessor-version":[{"id":180243,"href":"https:\/\/president-ksgov.net\/en\/wp-json\/wp\/v2\/posts\/138520\/revisions\/180243"}],"wp:featuredmedia":[{"embeddable":true,"href":"https:\/\/president-ksgov.net\/en\/wp-json\/wp\/v2\/media\/138408"}],"wp:attachment":[{"href":"https:\/\/president-ksgov.net\/en\/wp-json\/wp\/v2\/media?parent=138520"}],"wp:term":[{"taxonomy":"category","embeddable":true,"href":"https:\/\/president-ksgov.net\/en\/wp-json\/wp\/v2\/categories?post=138520"},{"taxonomy":"post_tag","embeddable":true,"href":"https:\/\/president-ksgov.net\/en\/wp-json\/wp\/v2\/tags?post=138520"}],"curies":[{"name":"wp","href":"https:\/\/api.w.org\/{rel}","templated":true}]}}