{"id":138369,"date":"2024-07-04T19:29:44","date_gmt":"2024-07-04T17:29:44","guid":{"rendered":"https:\/\/president-ksgov.net\/?p=138369"},"modified":"2024-07-08T15:19:13","modified_gmt":"2024-07-08T13:19:13","slug":"president-osmani-hosted-in-a-meeting-the-special-envoy-of-slovenia-anzej-franges","status":"publish","type":"post","link":"https:\/\/president-ksgov.net\/en\/president-osmani-hosted-in-a-meeting-the-special-envoy-of-slovenia-anzej-franges\/","title":{"rendered":"President Osmani hosted in a meeting the Special Envoy of Slovenia, An\u017eej Frange\u0161"},"content":{"rendered":"<p>Today, the President of the Republic of Kosovo, Vjosa Osmani, hosted in a meeting the Special Envoy of Slovenia for the Western Balkans, An\u017eej Frange\u0161.<\/p>\n<p>During the meeting, they discussed the latest developments in the country and the region, the dialogue with Serbia, and the bilateral relations between Kosovo and Slovenia.<\/p>\n<p>President Osmani emphasized once again that Slovenia is a friend and strong ally of Kosovo, so she expressed her gratitude for Slovenia&#8217;s continuous support in strengthening Kosovo&#8217;s international position.<\/p>\n<p>In light of this, President Osmani mentioned the need for the continuation of Slovenian support for membership in the EU, NATO, and international organizations.<\/p>\n","protected":false},"excerpt":{"rendered":"<p>Today, the President of the Republic of Kosovo, Vjosa Osmani, hosted in a meeting the Special Envoy of Slovenia for the Western Balkans, An\u017eej Frange\u0161. During the meeting, they discussed the latest developments in the country and the region, the dialogue with Serbia, and the bilateral relations between Kosovo and Slovenia. President Osmani emphasized once again that Slovenia is a friend and strong ally of Kosovo, so she expressed her gratitude for Slovenia&#8217;s continuous support in strengthening Kosovo&#8217;s international position. In light of this, President Osmani mentioned the need for the continuation of Slovenian support for membership in the EU, NATO, and international organizations.<\/p>\n","protected":false},"author":13,"featured_media":138313,"comment_status":"closed","ping_status":"closed","sticky":false,"template":"","format":"standard","meta":{"_eb_attr":"","footnotes":""},"categories":[111],"tags":[],"class_list":["post-138369","post","type-post","status-publish","format-standard","has-post-thumbnail","hentry","category-news"],"yoast_head":"<!-- This site is optimized with the Yoast SEO plugin v23.5 - https:\/\/yoast.com\/wordpress\/plugins\/seo\/ -->\n<title>President Osmani hosted in a meeting the Special Envoy of Slovenia, An\u017eej Frange\u0161 - President of the Republic of Kosovo - DR. VJOSA OSMANI - SADRIU<\/title>\n<meta name=\"description\" content=\"President Osmani hosted in a meeting the Special Envoy of Slovenia, An\u017eej Frange\u0161 - President of the Republic of Kosovo - DR. VJOSA OSMANI - SADRIU -\" \/>\n<meta name=\"robots\" content=\"index, follow, max-snippet:-1, max-image-preview:large, max-video-preview:-1\" \/>\n<link rel=\"canonical\" href=\"https:\/\/president-ksgov.net\/en\/president-osmani-hosted-in-a-meeting-the-special-envoy-of-slovenia-anzej-franges\/\" \/>\n<meta property=\"og:locale\" content=\"en_US\" \/>\n<meta property=\"og:type\" content=\"article\" \/>\n<meta property=\"og:title\" content=\"President Osmani hosted in a meeting the Special Envoy of Slovenia, An\u017eej Frange\u0161 - President of the Republic of Kosovo - DR. VJOSA OSMANI - SADRIU\" \/>\n<meta property=\"og:description\" content=\"President Osmani hosted in a meeting the Special Envoy of Slovenia, An\u017eej Frange\u0161 - President of the Republic of Kosovo - DR. VJOSA OSMANI - SADRIU -\" \/>\n<meta property=\"og:url\" content=\"https:\/\/president-ksgov.net\/en\/president-osmani-hosted-in-a-meeting-the-special-envoy-of-slovenia-anzej-franges\/\" \/>\n<meta property=\"og:site_name\" content=\"President of the Republic of Kosovo - DR. VJOSA OSMANI - SADRIU\" \/>\n<meta property=\"article:published_time\" content=\"2024-07-04T17:29:44+00:00\" \/>\n<meta property=\"article:modified_time\" content=\"2024-07-08T13:19:13+00:00\" \/>\n<meta property=\"og:image\" content=\"https:\/\/president-ksgov.net\/wp-content\/uploads\/DSC_8403.jpg\" \/>\n\t<meta property=\"og:image:width\" content=\"2000\" \/>\n\t<meta property=\"og:image:height\" content=\"1333\" \/>\n\t<meta property=\"og:image:type\" content=\"image\/jpeg\" \/>\n<meta name=\"author\" content=\"Edona Krasniqi\" \/>\n<meta name=\"twitter:card\" content=\"summary_large_image\" \/>\n<meta name=\"twitter:label1\" content=\"Written by\" \/>\n\t<meta name=\"twitter:data1\" content=\"Edona Krasniqi\" \/>\n\t<meta name=\"twitter:label2\" content=\"Est. reading time\" \/>\n\t<meta name=\"twitter:data2\" content=\"1 minute\" \/>\n<script type=\"application\/ld+json\" class=\"yoast-schema-graph\">{\"@context\":\"https:\/\/schema.org\",\"@graph\":[{\"@type\":\"WebPage\",\"@id\":\"https:\/\/president-ksgov.net\/en\/president-osmani-hosted-in-a-meeting-the-special-envoy-of-slovenia-anzej-franges\/\",\"url\":\"https:\/\/president-ksgov.net\/en\/president-osmani-hosted-in-a-meeting-the-special-envoy-of-slovenia-anzej-franges\/\",\"name\":\"President Osmani hosted in a meeting the Special Envoy of Slovenia, An\u017eej Frange\u0161 - President of the Republic of Kosovo - DR. VJOSA OSMANI - SADRIU\",\"isPartOf\":{\"@id\":\"https:\/\/president-ksgov.net\/#website\"},\"primaryImageOfPage\":{\"@id\":\"https:\/\/president-ksgov.net\/en\/president-osmani-hosted-in-a-meeting-the-special-envoy-of-slovenia-anzej-franges\/#primaryimage\"},\"image\":{\"@id\":\"https:\/\/president-ksgov.net\/en\/president-osmani-hosted-in-a-meeting-the-special-envoy-of-slovenia-anzej-franges\/#primaryimage\"},\"thumbnailUrl\":\"https:\/\/president-ksgov.net\/wp-content\/uploads\/DSC_8403.jpg\",\"datePublished\":\"2024-07-04T17:29:44+00:00\",\"dateModified\":\"2024-07-08T13:19:13+00:00\",\"author\":{\"@id\":\"https:\/\/president-ksgov.net\/#\/schema\/person\/b9740e15fff71a6f8f26a0e201572567\"},\"description\":\"President Osmani hosted in a meeting the Special Envoy of Slovenia, An\u017eej Frange\u0161 - President of the Republic of Kosovo - DR. VJOSA OSMANI - SADRIU -\",\"breadcrumb\":{\"@id\":\"https:\/\/president-ksgov.net\/en\/president-osmani-hosted-in-a-meeting-the-special-envoy-of-slovenia-anzej-franges\/#breadcrumb\"},\"inLanguage\":\"en-US\",\"potentialAction\":[{\"@type\":\"ReadAction\",\"target\":[\"https:\/\/president-ksgov.net\/en\/president-osmani-hosted-in-a-meeting-the-special-envoy-of-slovenia-anzej-franges\/\"]}]},{\"@type\":\"ImageObject\",\"inLanguage\":\"en-US\",\"@id\":\"https:\/\/president-ksgov.net\/en\/president-osmani-hosted-in-a-meeting-the-special-envoy-of-slovenia-anzej-franges\/#primaryimage\",\"url\":\"https:\/\/president-ksgov.net\/wp-content\/uploads\/DSC_8403.jpg\",\"contentUrl\":\"https:\/\/president-ksgov.net\/wp-content\/uploads\/DSC_8403.jpg\",\"width\":2000,\"height\":1333},{\"@type\":\"BreadcrumbList\",\"@id\":\"https:\/\/president-ksgov.net\/en\/president-osmani-hosted-in-a-meeting-the-special-envoy-of-slovenia-anzej-franges\/#breadcrumb\",\"itemListElement\":[{\"@type\":\"ListItem\",\"position\":1,\"name\":\"Home\",\"item\":\"https:\/\/president-ksgov.net\/en\/\"},{\"@type\":\"ListItem\",\"position\":2,\"name\":\"President Osmani hosted in a meeting the Special Envoy of Slovenia, An\u017eej Frange\u0161\"}]},{\"@type\":\"WebSite\",\"@id\":\"https:\/\/president-ksgov.net\/#website\",\"url\":\"https:\/\/president-ksgov.net\/\",\"name\":\"Presidente e Republik\u00ebs s\u00eb Kosov\u00ebs\",\"description\":\"Presidente e Republik\u00ebs s\u00eb Kosov\u00ebs\",\"alternateName\":\"DR. VJOSA OSMANI - SADRIU\",\"potentialAction\":[{\"@type\":\"SearchAction\",\"target\":{\"@type\":\"EntryPoint\",\"urlTemplate\":\"https:\/\/president-ksgov.net\/?s={search_term_string}\"},\"query-input\":{\"@type\":\"PropertyValueSpecification\",\"valueRequired\":true,\"valueName\":\"search_term_string\"}}],\"inLanguage\":\"en-US\"},{\"@type\":\"Person\",\"@id\":\"https:\/\/president-ksgov.net\/#\/schema\/person\/b9740e15fff71a6f8f26a0e201572567\",\"name\":\"Edona Krasniqi\",\"image\":{\"@type\":\"ImageObject\",\"inLanguage\":\"en-US\",\"@id\":\"https:\/\/president-ksgov.net\/#\/schema\/person\/image\/\",\"url\":\"https:\/\/secure.gravatar.com\/avatar\/1f0f749e4b80632decf95bd32db3f33277967a04dc5e29d46781d9c89b703cce?s=96&d=mm&r=g\",\"contentUrl\":\"https:\/\/secure.gravatar.com\/avatar\/1f0f749e4b80632decf95bd32db3f33277967a04dc5e29d46781d9c89b703cce?s=96&d=mm&r=g\",\"caption\":\"Edona Krasniqi\"},\"sameAs\":[\"https:\/\/president-ksgov.net\/\"]}]}<\/script>\n<!-- \/ Yoast SEO plugin. -->","yoast_head_json":{"title":"President Osmani hosted in a meeting the Special Envoy of Slovenia, An\u017eej Frange\u0161 - President of the Republic of Kosovo - DR. VJOSA OSMANI - SADRIU","description":"President Osmani hosted in a meeting the Special Envoy of Slovenia, An\u017eej Frange\u0161 - President of the Republic of Kosovo - DR. VJOSA OSMANI - SADRIU -","robots":{"index":"index","follow":"follow","max-snippet":"max-snippet:-1","max-image-preview":"max-image-preview:large","max-video-preview":"max-video-preview:-1"},"canonical":"https:\/\/president-ksgov.net\/en\/president-osmani-hosted-in-a-meeting-the-special-envoy-of-slovenia-anzej-franges\/","og_locale":"en_US","og_type":"article","og_title":"President Osmani hosted in a meeting the Special Envoy of Slovenia, An\u017eej Frange\u0161 - President of the Republic of Kosovo - DR. VJOSA OSMANI - SADRIU","og_description":"President Osmani hosted in a meeting the Special Envoy of Slovenia, An\u017eej Frange\u0161 - President of the Republic of Kosovo - DR. VJOSA OSMANI - SADRIU -","og_url":"https:\/\/president-ksgov.net\/en\/president-osmani-hosted-in-a-meeting-the-special-envoy-of-slovenia-anzej-franges\/","og_site_name":"President of the Republic of Kosovo - DR. VJOSA OSMANI - SADRIU","article_published_time":"2024-07-04T17:29:44+00:00","article_modified_time":"2024-07-08T13:19:13+00:00","og_image":[{"width":2000,"height":1333,"url":"https:\/\/president-ksgov.net\/wp-content\/uploads\/DSC_8403.jpg","type":"image\/jpeg"}],"author":"Edona Krasniqi","twitter_card":"summary_large_image","twitter_misc":{"Written by":"Edona Krasniqi","Est. reading time":"1 minute"},"schema":{"@context":"https:\/\/schema.org","@graph":[{"@type":"WebPage","@id":"https:\/\/president-ksgov.net\/en\/president-osmani-hosted-in-a-meeting-the-special-envoy-of-slovenia-anzej-franges\/","url":"https:\/\/president-ksgov.net\/en\/president-osmani-hosted-in-a-meeting-the-special-envoy-of-slovenia-anzej-franges\/","name":"President Osmani hosted in a meeting the Special Envoy of Slovenia, An\u017eej Frange\u0161 - President of the Republic of Kosovo - DR. VJOSA OSMANI - SADRIU","isPartOf":{"@id":"https:\/\/president-ksgov.net\/#website"},"primaryImageOfPage":{"@id":"https:\/\/president-ksgov.net\/en\/president-osmani-hosted-in-a-meeting-the-special-envoy-of-slovenia-anzej-franges\/#primaryimage"},"image":{"@id":"https:\/\/president-ksgov.net\/en\/president-osmani-hosted-in-a-meeting-the-special-envoy-of-slovenia-anzej-franges\/#primaryimage"},"thumbnailUrl":"https:\/\/president-ksgov.net\/wp-content\/uploads\/DSC_8403.jpg","datePublished":"2024-07-04T17:29:44+00:00","dateModified":"2024-07-08T13:19:13+00:00","author":{"@id":"https:\/\/president-ksgov.net\/#\/schema\/person\/b9740e15fff71a6f8f26a0e201572567"},"description":"President Osmani hosted in a meeting the Special Envoy of Slovenia, An\u017eej Frange\u0161 - President of the Republic of Kosovo - DR. VJOSA OSMANI - SADRIU -","breadcrumb":{"@id":"https:\/\/president-ksgov.net\/en\/president-osmani-hosted-in-a-meeting-the-special-envoy-of-slovenia-anzej-franges\/#breadcrumb"},"inLanguage":"en-US","potentialAction":[{"@type":"ReadAction","target":["https:\/\/president-ksgov.net\/en\/president-osmani-hosted-in-a-meeting-the-special-envoy-of-slovenia-anzej-franges\/"]}]},{"@type":"ImageObject","inLanguage":"en-US","@id":"https:\/\/president-ksgov.net\/en\/president-osmani-hosted-in-a-meeting-the-special-envoy-of-slovenia-anzej-franges\/#primaryimage","url":"https:\/\/president-ksgov.net\/wp-content\/uploads\/DSC_8403.jpg","contentUrl":"https:\/\/president-ksgov.net\/wp-content\/uploads\/DSC_8403.jpg","width":2000,"height":1333},{"@type":"BreadcrumbList","@id":"https:\/\/president-ksgov.net\/en\/president-osmani-hosted-in-a-meeting-the-special-envoy-of-slovenia-anzej-franges\/#breadcrumb","itemListElement":[{"@type":"ListItem","position":1,"name":"Home","item":"https:\/\/president-ksgov.net\/en\/"},{"@type":"ListItem","position":2,"name":"President Osmani hosted in a meeting the Special Envoy of Slovenia, An\u017eej Frange\u0161"}]},{"@type":"WebSite","@id":"https:\/\/president-ksgov.net\/#website","url":"https:\/\/president-ksgov.net\/","name":"Presidente e Republik\u00ebs s\u00eb Kosov\u00ebs","description":"Presidente e Republik\u00ebs s\u00eb Kosov\u00ebs","alternateName":"DR. VJOSA OSMANI - SADRIU","potentialAction":[{"@type":"SearchAction","target":{"@type":"EntryPoint","urlTemplate":"https:\/\/president-ksgov.net\/?s={search_term_string}"},"query-input":{"@type":"PropertyValueSpecification","valueRequired":true,"valueName":"search_term_string"}}],"inLanguage":"en-US"},{"@type":"Person","@id":"https:\/\/president-ksgov.net\/#\/schema\/person\/b9740e15fff71a6f8f26a0e201572567","name":"Edona Krasniqi","image":{"@type":"ImageObject","inLanguage":"en-US","@id":"https:\/\/president-ksgov.net\/#\/schema\/person\/image\/","url":"https:\/\/secure.gravatar.com\/avatar\/1f0f749e4b80632decf95bd32db3f33277967a04dc5e29d46781d9c89b703cce?s=96&d=mm&r=g","contentUrl":"https:\/\/secure.gravatar.com\/avatar\/1f0f749e4b80632decf95bd32db3f33277967a04dc5e29d46781d9c89b703cce?s=96&d=mm&r=g","caption":"Edona Krasniqi"},"sameAs":["https:\/\/president-ksgov.net\/"]}]}},"_links":{"self":[{"href":"https:\/\/president-ksgov.net\/en\/wp-json\/wp\/v2\/posts\/138369","targetHints":{"allow":["GET"]}}],"collection":[{"href":"https:\/\/president-ksgov.net\/en\/wp-json\/wp\/v2\/posts"}],"about":[{"href":"https:\/\/president-ksgov.net\/en\/wp-json\/wp\/v2\/types\/post"}],"author":[{"embeddable":true,"href":"https:\/\/president-ksgov.net\/en\/wp-json\/wp\/v2\/users\/13"}],"replies":[{"embeddable":true,"href":"https:\/\/president-ksgov.net\/en\/wp-json\/wp\/v2\/comments?post=138369"}],"version-history":[{"count":1,"href":"https:\/\/president-ksgov.net\/en\/wp-json\/wp\/v2\/posts\/138369\/revisions"}],"predecessor-version":[{"id":138370,"href":"https:\/\/president-ksgov.net\/en\/wp-json\/wp\/v2\/posts\/138369\/revisions\/138370"}],"wp:featuredmedia":[{"embeddable":true,"href":"https:\/\/president-ksgov.net\/en\/wp-json\/wp\/v2\/media\/138313"}],"wp:attachment":[{"href":"https:\/\/president-ksgov.net\/en\/wp-json\/wp\/v2\/media?parent=138369"}],"wp:term":[{"taxonomy":"category","embeddable":true,"href":"https:\/\/president-ksgov.net\/en\/wp-json\/wp\/v2\/categories?post=138369"},{"taxonomy":"post_tag","embeddable":true,"href":"https:\/\/president-ksgov.net\/en\/wp-json\/wp\/v2\/tags?post=138369"}],"curies":[{"name":"wp","href":"https:\/\/api.w.org\/{rel}","templated":true}]}}