{"id":138276,"date":"2024-07-03T14:36:50","date_gmt":"2024-07-03T12:36:50","guid":{"rendered":"https:\/\/president-ksgov.net\/?p=138276"},"modified":"2024-07-03T15:09:16","modified_gmt":"2024-07-03T13:09:16","slug":"the-president-to-kadare-the-freedom-of-kosovo-was-a-triumph-of-the-albanian-nation","status":"publish","type":"post","link":"https:\/\/president-ksgov.net\/en\/the-president-to-kadare-the-freedom-of-kosovo-was-a-triumph-of-the-albanian-nation\/","title":{"rendered":"The President: To Kadare, the freedom of Kosovo was a triumph of the Albanian nation"},"content":{"rendered":"<p>The President of the Republic of Kosovo, Vjosa Osmani, paid tribute to the writer Ismail Kadare.<\/p>\n<p>Below is President Osmani&#8217;s full post:<\/p>\n<p>With a heavy heart we said farewell to the outstanding writer and the inimitable colossus, whose words transcended borders, cultures and time.<\/p>\n<p>For decades, Ismail Kadare&#8217;s works illuminated the darkest corners of history and the human spirit. His ability to weave history, myth and reality made his voice one of the most unique and powerful in contemporary literature. For this, we are forever grateful for the works he bequeathed to us.<\/p>\n<p>To him, the freedom of Kosovo was a triumph of the Albanian nation. To the Albanian nation on the other hand, the very existence and work of Ismail Kadare is a triumph of culture over ignorance and freedom over dictatorship.<\/p>\n<p>Farewell to thee o titan of literature, Ismail Kadare!<\/p>\n<p><iframe style=\"border: none; overflow: hidden;\" src=\"https:\/\/www.facebook.com\/plugins\/video.php?height=314&amp;href=https%3A%2F%2Fwww.facebook.com%2FPresidencaRKS%2Fvideos%2F420949964272913%2F&amp;show_text=false&amp;width=560&amp;t=0\" width=\"560\" height=\"560\" frameborder=\"0\" scrolling=\"no\" allowfullscreen=\"allowfullscreen\"><span data-mce-type=\"bookmark\" style=\"display: inline-block; width: 0px; overflow: hidden; line-height: 0;\" class=\"mce_SELRES_start\">\ufeff<\/span><\/iframe><\/p>\n","protected":false},"excerpt":{"rendered":"<p>The President of the Republic of Kosovo, Vjosa Osmani, paid tribute to the writer Ismail Kadare. Below is President Osmani&#8217;s full post: With a heavy heart we said farewell to the outstanding writer and the inimitable colossus, whose words transcended borders, cultures and time. For decades, Ismail Kadare&#8217;s works illuminated the darkest corners of history and the human spirit. His ability to weave history, myth and reality made his voice one of the most unique and powerful in contemporary literature. For this, we are forever grateful for the works he bequeathed to us. To him, the freedom of Kosovo was a triumph of the Albanian nation. To the Albanian nation on the other hand, the very existence and work of Ismail Kadare is a triumph of culture over ignorance and freedom over dictatorship. Farewell to thee o titan of literature, Ismail Kadare! \ufeff<\/p>\n","protected":false},"author":13,"featured_media":138208,"comment_status":"closed","ping_status":"closed","sticky":false,"template":"","format":"standard","meta":{"_eb_attr":"","footnotes":""},"categories":[111],"tags":[],"class_list":["post-138276","post","type-post","status-publish","format-standard","has-post-thumbnail","hentry","category-news"],"yoast_head":"<!-- This site is optimized with the Yoast SEO plugin v23.5 - https:\/\/yoast.com\/wordpress\/plugins\/seo\/ -->\n<title>The President: To Kadare, the freedom of Kosovo was a triumph of the Albanian nation - President of the Republic of Kosovo - DR. VJOSA OSMANI - SADRIU<\/title>\n<meta name=\"description\" content=\"The President: To Kadare, the freedom of Kosovo was a triumph of the Albanian nation - President of the Republic of Kosovo - DR. VJOSA OSMANI - SADRIU -\" \/>\n<meta name=\"robots\" content=\"index, follow, max-snippet:-1, max-image-preview:large, max-video-preview:-1\" \/>\n<link rel=\"canonical\" href=\"https:\/\/president-ksgov.net\/en\/the-president-to-kadare-the-freedom-of-kosovo-was-a-triumph-of-the-albanian-nation\/\" \/>\n<meta property=\"og:locale\" content=\"en_US\" \/>\n<meta property=\"og:type\" content=\"article\" \/>\n<meta property=\"og:title\" content=\"The President: To Kadare, the freedom of Kosovo was a triumph of the Albanian nation - President of the Republic of Kosovo - DR. VJOSA OSMANI - SADRIU\" \/>\n<meta property=\"og:description\" content=\"The President: To Kadare, the freedom of Kosovo was a triumph of the Albanian nation - President of the Republic of Kosovo - DR. VJOSA OSMANI - SADRIU -\" \/>\n<meta property=\"og:url\" content=\"https:\/\/president-ksgov.net\/en\/the-president-to-kadare-the-freedom-of-kosovo-was-a-triumph-of-the-albanian-nation\/\" \/>\n<meta property=\"og:site_name\" content=\"President of the Republic of Kosovo - DR. VJOSA OSMANI - SADRIU\" \/>\n<meta property=\"article:published_time\" content=\"2024-07-03T12:36:50+00:00\" \/>\n<meta property=\"article:modified_time\" content=\"2024-07-03T13:09:16+00:00\" \/>\n<meta property=\"og:image\" content=\"https:\/\/president-ksgov.net\/wp-content\/uploads\/1-Copy-3-1.jpg\" \/>\n\t<meta property=\"og:image:width\" content=\"2000\" \/>\n\t<meta property=\"og:image:height\" content=\"1332\" \/>\n\t<meta property=\"og:image:type\" content=\"image\/jpeg\" \/>\n<meta name=\"author\" content=\"Edona Krasniqi\" \/>\n<meta name=\"twitter:card\" content=\"summary_large_image\" \/>\n<meta name=\"twitter:label1\" content=\"Written by\" \/>\n\t<meta name=\"twitter:data1\" content=\"Edona Krasniqi\" \/>\n\t<meta name=\"twitter:label2\" content=\"Est. reading time\" \/>\n\t<meta name=\"twitter:data2\" content=\"1 minute\" \/>\n<script type=\"application\/ld+json\" class=\"yoast-schema-graph\">{\"@context\":\"https:\/\/schema.org\",\"@graph\":[{\"@type\":\"WebPage\",\"@id\":\"https:\/\/president-ksgov.net\/en\/the-president-to-kadare-the-freedom-of-kosovo-was-a-triumph-of-the-albanian-nation\/\",\"url\":\"https:\/\/president-ksgov.net\/en\/the-president-to-kadare-the-freedom-of-kosovo-was-a-triumph-of-the-albanian-nation\/\",\"name\":\"The President: To Kadare, the freedom of Kosovo was a triumph of the Albanian nation - President of the Republic of Kosovo - DR. VJOSA OSMANI - SADRIU\",\"isPartOf\":{\"@id\":\"https:\/\/president-ksgov.net\/#website\"},\"primaryImageOfPage\":{\"@id\":\"https:\/\/president-ksgov.net\/en\/the-president-to-kadare-the-freedom-of-kosovo-was-a-triumph-of-the-albanian-nation\/#primaryimage\"},\"image\":{\"@id\":\"https:\/\/president-ksgov.net\/en\/the-president-to-kadare-the-freedom-of-kosovo-was-a-triumph-of-the-albanian-nation\/#primaryimage\"},\"thumbnailUrl\":\"https:\/\/president-ksgov.net\/wp-content\/uploads\/1-Copy-3-1.jpg\",\"datePublished\":\"2024-07-03T12:36:50+00:00\",\"dateModified\":\"2024-07-03T13:09:16+00:00\",\"author\":{\"@id\":\"https:\/\/president-ksgov.net\/#\/schema\/person\/b9740e15fff71a6f8f26a0e201572567\"},\"description\":\"The President: To Kadare, the freedom of Kosovo was a triumph of the Albanian nation - President of the Republic of Kosovo - DR. VJOSA OSMANI - SADRIU -\",\"breadcrumb\":{\"@id\":\"https:\/\/president-ksgov.net\/en\/the-president-to-kadare-the-freedom-of-kosovo-was-a-triumph-of-the-albanian-nation\/#breadcrumb\"},\"inLanguage\":\"en-US\",\"potentialAction\":[{\"@type\":\"ReadAction\",\"target\":[\"https:\/\/president-ksgov.net\/en\/the-president-to-kadare-the-freedom-of-kosovo-was-a-triumph-of-the-albanian-nation\/\"]}]},{\"@type\":\"ImageObject\",\"inLanguage\":\"en-US\",\"@id\":\"https:\/\/president-ksgov.net\/en\/the-president-to-kadare-the-freedom-of-kosovo-was-a-triumph-of-the-albanian-nation\/#primaryimage\",\"url\":\"https:\/\/president-ksgov.net\/wp-content\/uploads\/1-Copy-3-1.jpg\",\"contentUrl\":\"https:\/\/president-ksgov.net\/wp-content\/uploads\/1-Copy-3-1.jpg\",\"width\":2000,\"height\":1332},{\"@type\":\"BreadcrumbList\",\"@id\":\"https:\/\/president-ksgov.net\/en\/the-president-to-kadare-the-freedom-of-kosovo-was-a-triumph-of-the-albanian-nation\/#breadcrumb\",\"itemListElement\":[{\"@type\":\"ListItem\",\"position\":1,\"name\":\"Home\",\"item\":\"https:\/\/president-ksgov.net\/en\/\"},{\"@type\":\"ListItem\",\"position\":2,\"name\":\"The President: To Kadare, the freedom of Kosovo was a triumph of the Albanian nation\"}]},{\"@type\":\"WebSite\",\"@id\":\"https:\/\/president-ksgov.net\/#website\",\"url\":\"https:\/\/president-ksgov.net\/\",\"name\":\"Presidente e Republik\u00ebs s\u00eb Kosov\u00ebs\",\"description\":\"Presidente e Republik\u00ebs s\u00eb Kosov\u00ebs\",\"alternateName\":\"DR. VJOSA OSMANI - SADRIU\",\"potentialAction\":[{\"@type\":\"SearchAction\",\"target\":{\"@type\":\"EntryPoint\",\"urlTemplate\":\"https:\/\/president-ksgov.net\/?s={search_term_string}\"},\"query-input\":{\"@type\":\"PropertyValueSpecification\",\"valueRequired\":true,\"valueName\":\"search_term_string\"}}],\"inLanguage\":\"en-US\"},{\"@type\":\"Person\",\"@id\":\"https:\/\/president-ksgov.net\/#\/schema\/person\/b9740e15fff71a6f8f26a0e201572567\",\"name\":\"Edona Krasniqi\",\"image\":{\"@type\":\"ImageObject\",\"inLanguage\":\"en-US\",\"@id\":\"https:\/\/president-ksgov.net\/#\/schema\/person\/image\/\",\"url\":\"https:\/\/secure.gravatar.com\/avatar\/1f0f749e4b80632decf95bd32db3f33277967a04dc5e29d46781d9c89b703cce?s=96&d=mm&r=g\",\"contentUrl\":\"https:\/\/secure.gravatar.com\/avatar\/1f0f749e4b80632decf95bd32db3f33277967a04dc5e29d46781d9c89b703cce?s=96&d=mm&r=g\",\"caption\":\"Edona Krasniqi\"},\"sameAs\":[\"https:\/\/president-ksgov.net\/\"]}]}<\/script>\n<!-- \/ Yoast SEO plugin. -->","yoast_head_json":{"title":"The President: To Kadare, the freedom of Kosovo was a triumph of the Albanian nation - President of the Republic of Kosovo - DR. VJOSA OSMANI - SADRIU","description":"The President: To Kadare, the freedom of Kosovo was a triumph of the Albanian nation - President of the Republic of Kosovo - DR. VJOSA OSMANI - SADRIU -","robots":{"index":"index","follow":"follow","max-snippet":"max-snippet:-1","max-image-preview":"max-image-preview:large","max-video-preview":"max-video-preview:-1"},"canonical":"https:\/\/president-ksgov.net\/en\/the-president-to-kadare-the-freedom-of-kosovo-was-a-triumph-of-the-albanian-nation\/","og_locale":"en_US","og_type":"article","og_title":"The President: To Kadare, the freedom of Kosovo was a triumph of the Albanian nation - President of the Republic of Kosovo - DR. VJOSA OSMANI - SADRIU","og_description":"The President: To Kadare, the freedom of Kosovo was a triumph of the Albanian nation - President of the Republic of Kosovo - DR. VJOSA OSMANI - SADRIU -","og_url":"https:\/\/president-ksgov.net\/en\/the-president-to-kadare-the-freedom-of-kosovo-was-a-triumph-of-the-albanian-nation\/","og_site_name":"President of the Republic of Kosovo - DR. VJOSA OSMANI - SADRIU","article_published_time":"2024-07-03T12:36:50+00:00","article_modified_time":"2024-07-03T13:09:16+00:00","og_image":[{"width":2000,"height":1332,"url":"https:\/\/president-ksgov.net\/wp-content\/uploads\/1-Copy-3-1.jpg","type":"image\/jpeg"}],"author":"Edona Krasniqi","twitter_card":"summary_large_image","twitter_misc":{"Written by":"Edona Krasniqi","Est. reading time":"1 minute"},"schema":{"@context":"https:\/\/schema.org","@graph":[{"@type":"WebPage","@id":"https:\/\/president-ksgov.net\/en\/the-president-to-kadare-the-freedom-of-kosovo-was-a-triumph-of-the-albanian-nation\/","url":"https:\/\/president-ksgov.net\/en\/the-president-to-kadare-the-freedom-of-kosovo-was-a-triumph-of-the-albanian-nation\/","name":"The President: To Kadare, the freedom of Kosovo was a triumph of the Albanian nation - President of the Republic of Kosovo - DR. VJOSA OSMANI - SADRIU","isPartOf":{"@id":"https:\/\/president-ksgov.net\/#website"},"primaryImageOfPage":{"@id":"https:\/\/president-ksgov.net\/en\/the-president-to-kadare-the-freedom-of-kosovo-was-a-triumph-of-the-albanian-nation\/#primaryimage"},"image":{"@id":"https:\/\/president-ksgov.net\/en\/the-president-to-kadare-the-freedom-of-kosovo-was-a-triumph-of-the-albanian-nation\/#primaryimage"},"thumbnailUrl":"https:\/\/president-ksgov.net\/wp-content\/uploads\/1-Copy-3-1.jpg","datePublished":"2024-07-03T12:36:50+00:00","dateModified":"2024-07-03T13:09:16+00:00","author":{"@id":"https:\/\/president-ksgov.net\/#\/schema\/person\/b9740e15fff71a6f8f26a0e201572567"},"description":"The President: To Kadare, the freedom of Kosovo was a triumph of the Albanian nation - President of the Republic of Kosovo - DR. VJOSA OSMANI - SADRIU -","breadcrumb":{"@id":"https:\/\/president-ksgov.net\/en\/the-president-to-kadare-the-freedom-of-kosovo-was-a-triumph-of-the-albanian-nation\/#breadcrumb"},"inLanguage":"en-US","potentialAction":[{"@type":"ReadAction","target":["https:\/\/president-ksgov.net\/en\/the-president-to-kadare-the-freedom-of-kosovo-was-a-triumph-of-the-albanian-nation\/"]}]},{"@type":"ImageObject","inLanguage":"en-US","@id":"https:\/\/president-ksgov.net\/en\/the-president-to-kadare-the-freedom-of-kosovo-was-a-triumph-of-the-albanian-nation\/#primaryimage","url":"https:\/\/president-ksgov.net\/wp-content\/uploads\/1-Copy-3-1.jpg","contentUrl":"https:\/\/president-ksgov.net\/wp-content\/uploads\/1-Copy-3-1.jpg","width":2000,"height":1332},{"@type":"BreadcrumbList","@id":"https:\/\/president-ksgov.net\/en\/the-president-to-kadare-the-freedom-of-kosovo-was-a-triumph-of-the-albanian-nation\/#breadcrumb","itemListElement":[{"@type":"ListItem","position":1,"name":"Home","item":"https:\/\/president-ksgov.net\/en\/"},{"@type":"ListItem","position":2,"name":"The President: To Kadare, the freedom of Kosovo was a triumph of the Albanian nation"}]},{"@type":"WebSite","@id":"https:\/\/president-ksgov.net\/#website","url":"https:\/\/president-ksgov.net\/","name":"Presidente e Republik\u00ebs s\u00eb Kosov\u00ebs","description":"Presidente e Republik\u00ebs s\u00eb Kosov\u00ebs","alternateName":"DR. VJOSA OSMANI - SADRIU","potentialAction":[{"@type":"SearchAction","target":{"@type":"EntryPoint","urlTemplate":"https:\/\/president-ksgov.net\/?s={search_term_string}"},"query-input":{"@type":"PropertyValueSpecification","valueRequired":true,"valueName":"search_term_string"}}],"inLanguage":"en-US"},{"@type":"Person","@id":"https:\/\/president-ksgov.net\/#\/schema\/person\/b9740e15fff71a6f8f26a0e201572567","name":"Edona Krasniqi","image":{"@type":"ImageObject","inLanguage":"en-US","@id":"https:\/\/president-ksgov.net\/#\/schema\/person\/image\/","url":"https:\/\/secure.gravatar.com\/avatar\/1f0f749e4b80632decf95bd32db3f33277967a04dc5e29d46781d9c89b703cce?s=96&d=mm&r=g","contentUrl":"https:\/\/secure.gravatar.com\/avatar\/1f0f749e4b80632decf95bd32db3f33277967a04dc5e29d46781d9c89b703cce?s=96&d=mm&r=g","caption":"Edona Krasniqi"},"sameAs":["https:\/\/president-ksgov.net\/"]}]}},"_links":{"self":[{"href":"https:\/\/president-ksgov.net\/en\/wp-json\/wp\/v2\/posts\/138276","targetHints":{"allow":["GET"]}}],"collection":[{"href":"https:\/\/president-ksgov.net\/en\/wp-json\/wp\/v2\/posts"}],"about":[{"href":"https:\/\/president-ksgov.net\/en\/wp-json\/wp\/v2\/types\/post"}],"author":[{"embeddable":true,"href":"https:\/\/president-ksgov.net\/en\/wp-json\/wp\/v2\/users\/13"}],"replies":[{"embeddable":true,"href":"https:\/\/president-ksgov.net\/en\/wp-json\/wp\/v2\/comments?post=138276"}],"version-history":[{"count":1,"href":"https:\/\/president-ksgov.net\/en\/wp-json\/wp\/v2\/posts\/138276\/revisions"}],"predecessor-version":[{"id":138277,"href":"https:\/\/president-ksgov.net\/en\/wp-json\/wp\/v2\/posts\/138276\/revisions\/138277"}],"wp:featuredmedia":[{"embeddable":true,"href":"https:\/\/president-ksgov.net\/en\/wp-json\/wp\/v2\/media\/138208"}],"wp:attachment":[{"href":"https:\/\/president-ksgov.net\/en\/wp-json\/wp\/v2\/media?parent=138276"}],"wp:term":[{"taxonomy":"category","embeddable":true,"href":"https:\/\/president-ksgov.net\/en\/wp-json\/wp\/v2\/categories?post=138276"},{"taxonomy":"post_tag","embeddable":true,"href":"https:\/\/president-ksgov.net\/en\/wp-json\/wp\/v2\/tags?post=138276"}],"curies":[{"name":"wp","href":"https:\/\/api.w.org\/{rel}","templated":true}]}}