{"id":138133,"date":"2024-07-02T10:55:15","date_gmt":"2024-07-02T08:55:15","guid":{"rendered":"https:\/\/president-ksgov.net\/?p=138133"},"modified":"2024-07-02T11:12:58","modified_gmt":"2024-07-02T09:12:58","slug":"president-osmani-declares-wednesday-a-day-of-state-mourning","status":"publish","type":"post","link":"https:\/\/president-ksgov.net\/en\/president-osmani-declares-wednesday-a-day-of-state-mourning\/","title":{"rendered":"President Osmani declares Wednesday a day of state mourning"},"content":{"rendered":"<p>The President of the Republic of Kosovo Vjosa Osmani, pursuant to the Constitution of Kosovo, has decided that Wednesday, July 3rd 2024, will be declared a day of state mourning, in honour of the late colossus of Albanian letters, the world-famous Albanian writer Ismail Kadare.<\/p>\n<p>The state mourning will be observed all day on Wednesday, the day when the late Ismail Kadare will be buried, and the State Protocol is tasked with undertaking all the necessary acts in the implementation of this decision.<\/p>\n<p>President Osmani, in June of last year, bestowed the writer Ismail Kadare with the &#8220;Hasan Prishtina&#8221; Order, among the highest Orders given by the Republic of Kosovo to the most outstanding personalities of the nation. Meanwhile, in August, Madam President announced via a decree that the world-famous Albanian writer Ismail Kadare was granted the citizenship of the Republic of Kosovo.<\/p>\n","protected":false},"excerpt":{"rendered":"<p>The President of the Republic of Kosovo Vjosa Osmani, pursuant to the Constitution of Kosovo, has decided that Wednesday, July 3rd 2024, will be declared a day of state mourning, in honour of the late colossus of Albanian letters, the world-famous Albanian writer Ismail Kadare. The state mourning will be observed all day on Wednesday, the day when the late Ismail Kadare will be buried, and the State Protocol is tasked with undertaking all the necessary acts in the implementation of this decision. President Osmani, in June of last year, bestowed the writer Ismail Kadare with the &#8220;Hasan Prishtina&#8221; Order, among the highest Orders given by the Republic of Kosovo to the most outstanding personalities of the nation. Meanwhile, in August, Madam President announced via a decree that the world-famous Albanian writer Ismail Kadare was granted the citizenship of the Republic of Kosovo.<\/p>\n","protected":false},"author":13,"featured_media":138129,"comment_status":"closed","ping_status":"closed","sticky":false,"template":"","format":"standard","meta":{"_eb_attr":"","footnotes":""},"categories":[111],"tags":[],"class_list":["post-138133","post","type-post","status-publish","format-standard","has-post-thumbnail","hentry","category-news"],"yoast_head":"<!-- This site is optimized with the Yoast SEO plugin v23.5 - https:\/\/yoast.com\/wordpress\/plugins\/seo\/ -->\n<title>President Osmani declares Wednesday a day of state mourning - President of the Republic of Kosovo - DR. VJOSA OSMANI - SADRIU<\/title>\n<meta name=\"description\" content=\"President Osmani declares Wednesday a day of state mourning - President of the Republic of Kosovo - DR. VJOSA OSMANI - SADRIU -\" \/>\n<meta name=\"robots\" content=\"index, follow, max-snippet:-1, max-image-preview:large, max-video-preview:-1\" \/>\n<link rel=\"canonical\" href=\"https:\/\/president-ksgov.net\/en\/president-osmani-declares-wednesday-a-day-of-state-mourning\/\" \/>\n<meta property=\"og:locale\" content=\"en_US\" \/>\n<meta property=\"og:type\" content=\"article\" \/>\n<meta property=\"og:title\" content=\"President Osmani declares Wednesday a day of state mourning - President of the Republic of Kosovo - DR. VJOSA OSMANI - SADRIU\" \/>\n<meta property=\"og:description\" content=\"President Osmani declares Wednesday a day of state mourning - President of the Republic of Kosovo - DR. VJOSA OSMANI - SADRIU -\" \/>\n<meta property=\"og:url\" content=\"https:\/\/president-ksgov.net\/en\/president-osmani-declares-wednesday-a-day-of-state-mourning\/\" \/>\n<meta property=\"og:site_name\" content=\"President of the Republic of Kosovo - DR. VJOSA OSMANI - SADRIU\" \/>\n<meta property=\"article:published_time\" content=\"2024-07-02T08:55:15+00:00\" \/>\n<meta property=\"article:modified_time\" content=\"2024-07-02T09:12:58+00:00\" \/>\n<meta property=\"og:image\" content=\"https:\/\/president-ksgov.net\/wp-content\/uploads\/kadare-100.jpg\" \/>\n\t<meta property=\"og:image:width\" content=\"1920\" \/>\n\t<meta property=\"og:image:height\" content=\"1080\" \/>\n\t<meta property=\"og:image:type\" content=\"image\/jpeg\" \/>\n<meta name=\"author\" content=\"Edona Krasniqi\" \/>\n<meta name=\"twitter:card\" content=\"summary_large_image\" \/>\n<meta name=\"twitter:label1\" content=\"Written by\" \/>\n\t<meta name=\"twitter:data1\" content=\"Edona Krasniqi\" \/>\n\t<meta name=\"twitter:label2\" content=\"Est. reading time\" \/>\n\t<meta name=\"twitter:data2\" content=\"1 minute\" \/>\n<script type=\"application\/ld+json\" class=\"yoast-schema-graph\">{\"@context\":\"https:\/\/schema.org\",\"@graph\":[{\"@type\":\"WebPage\",\"@id\":\"https:\/\/president-ksgov.net\/en\/president-osmani-declares-wednesday-a-day-of-state-mourning\/\",\"url\":\"https:\/\/president-ksgov.net\/en\/president-osmani-declares-wednesday-a-day-of-state-mourning\/\",\"name\":\"President Osmani declares Wednesday a day of state mourning - President of the Republic of Kosovo - DR. VJOSA OSMANI - SADRIU\",\"isPartOf\":{\"@id\":\"https:\/\/president-ksgov.net\/#website\"},\"primaryImageOfPage\":{\"@id\":\"https:\/\/president-ksgov.net\/en\/president-osmani-declares-wednesday-a-day-of-state-mourning\/#primaryimage\"},\"image\":{\"@id\":\"https:\/\/president-ksgov.net\/en\/president-osmani-declares-wednesday-a-day-of-state-mourning\/#primaryimage\"},\"thumbnailUrl\":\"https:\/\/president-ksgov.net\/wp-content\/uploads\/kadare-100.jpg\",\"datePublished\":\"2024-07-02T08:55:15+00:00\",\"dateModified\":\"2024-07-02T09:12:58+00:00\",\"author\":{\"@id\":\"https:\/\/president-ksgov.net\/#\/schema\/person\/b9740e15fff71a6f8f26a0e201572567\"},\"description\":\"President Osmani declares Wednesday a day of state mourning - President of the Republic of Kosovo - DR. VJOSA OSMANI - SADRIU -\",\"breadcrumb\":{\"@id\":\"https:\/\/president-ksgov.net\/en\/president-osmani-declares-wednesday-a-day-of-state-mourning\/#breadcrumb\"},\"inLanguage\":\"en-US\",\"potentialAction\":[{\"@type\":\"ReadAction\",\"target\":[\"https:\/\/president-ksgov.net\/en\/president-osmani-declares-wednesday-a-day-of-state-mourning\/\"]}]},{\"@type\":\"ImageObject\",\"inLanguage\":\"en-US\",\"@id\":\"https:\/\/president-ksgov.net\/en\/president-osmani-declares-wednesday-a-day-of-state-mourning\/#primaryimage\",\"url\":\"https:\/\/president-ksgov.net\/wp-content\/uploads\/kadare-100.jpg\",\"contentUrl\":\"https:\/\/president-ksgov.net\/wp-content\/uploads\/kadare-100.jpg\",\"width\":1920,\"height\":1080,\"caption\":\"ARCHIV - Der albanische Schriftsteller Ismail Kadare, aufgenommen am 04.10.2012 in Barcelona (Spanien). (zu dpa-Literaturdienst vom 08.08.2017) Foto: Andreu Dalmau\/EFE\/dpa +++ dpa-Bildfunk +++\"},{\"@type\":\"BreadcrumbList\",\"@id\":\"https:\/\/president-ksgov.net\/en\/president-osmani-declares-wednesday-a-day-of-state-mourning\/#breadcrumb\",\"itemListElement\":[{\"@type\":\"ListItem\",\"position\":1,\"name\":\"Home\",\"item\":\"https:\/\/president-ksgov.net\/en\/\"},{\"@type\":\"ListItem\",\"position\":2,\"name\":\"President Osmani declares Wednesday a day of state mourning\"}]},{\"@type\":\"WebSite\",\"@id\":\"https:\/\/president-ksgov.net\/#website\",\"url\":\"https:\/\/president-ksgov.net\/\",\"name\":\"Presidente e Republik\u00ebs s\u00eb Kosov\u00ebs\",\"description\":\"Presidente e Republik\u00ebs s\u00eb Kosov\u00ebs\",\"alternateName\":\"DR. VJOSA OSMANI - SADRIU\",\"potentialAction\":[{\"@type\":\"SearchAction\",\"target\":{\"@type\":\"EntryPoint\",\"urlTemplate\":\"https:\/\/president-ksgov.net\/?s={search_term_string}\"},\"query-input\":{\"@type\":\"PropertyValueSpecification\",\"valueRequired\":true,\"valueName\":\"search_term_string\"}}],\"inLanguage\":\"en-US\"},{\"@type\":\"Person\",\"@id\":\"https:\/\/president-ksgov.net\/#\/schema\/person\/b9740e15fff71a6f8f26a0e201572567\",\"name\":\"Edona Krasniqi\",\"image\":{\"@type\":\"ImageObject\",\"inLanguage\":\"en-US\",\"@id\":\"https:\/\/president-ksgov.net\/#\/schema\/person\/image\/\",\"url\":\"https:\/\/secure.gravatar.com\/avatar\/1f0f749e4b80632decf95bd32db3f33277967a04dc5e29d46781d9c89b703cce?s=96&d=mm&r=g\",\"contentUrl\":\"https:\/\/secure.gravatar.com\/avatar\/1f0f749e4b80632decf95bd32db3f33277967a04dc5e29d46781d9c89b703cce?s=96&d=mm&r=g\",\"caption\":\"Edona Krasniqi\"},\"sameAs\":[\"https:\/\/president-ksgov.net\/\"]}]}<\/script>\n<!-- \/ Yoast SEO plugin. -->","yoast_head_json":{"title":"President Osmani declares Wednesday a day of state mourning - President of the Republic of Kosovo - DR. VJOSA OSMANI - SADRIU","description":"President Osmani declares Wednesday a day of state mourning - President of the Republic of Kosovo - DR. VJOSA OSMANI - SADRIU -","robots":{"index":"index","follow":"follow","max-snippet":"max-snippet:-1","max-image-preview":"max-image-preview:large","max-video-preview":"max-video-preview:-1"},"canonical":"https:\/\/president-ksgov.net\/en\/president-osmani-declares-wednesday-a-day-of-state-mourning\/","og_locale":"en_US","og_type":"article","og_title":"President Osmani declares Wednesday a day of state mourning - President of the Republic of Kosovo - DR. VJOSA OSMANI - SADRIU","og_description":"President Osmani declares Wednesday a day of state mourning - President of the Republic of Kosovo - DR. VJOSA OSMANI - SADRIU -","og_url":"https:\/\/president-ksgov.net\/en\/president-osmani-declares-wednesday-a-day-of-state-mourning\/","og_site_name":"President of the Republic of Kosovo - DR. VJOSA OSMANI - SADRIU","article_published_time":"2024-07-02T08:55:15+00:00","article_modified_time":"2024-07-02T09:12:58+00:00","og_image":[{"width":1920,"height":1080,"url":"https:\/\/president-ksgov.net\/wp-content\/uploads\/kadare-100.jpg","type":"image\/jpeg"}],"author":"Edona Krasniqi","twitter_card":"summary_large_image","twitter_misc":{"Written by":"Edona Krasniqi","Est. reading time":"1 minute"},"schema":{"@context":"https:\/\/schema.org","@graph":[{"@type":"WebPage","@id":"https:\/\/president-ksgov.net\/en\/president-osmani-declares-wednesday-a-day-of-state-mourning\/","url":"https:\/\/president-ksgov.net\/en\/president-osmani-declares-wednesday-a-day-of-state-mourning\/","name":"President Osmani declares Wednesday a day of state mourning - President of the Republic of Kosovo - DR. VJOSA OSMANI - SADRIU","isPartOf":{"@id":"https:\/\/president-ksgov.net\/#website"},"primaryImageOfPage":{"@id":"https:\/\/president-ksgov.net\/en\/president-osmani-declares-wednesday-a-day-of-state-mourning\/#primaryimage"},"image":{"@id":"https:\/\/president-ksgov.net\/en\/president-osmani-declares-wednesday-a-day-of-state-mourning\/#primaryimage"},"thumbnailUrl":"https:\/\/president-ksgov.net\/wp-content\/uploads\/kadare-100.jpg","datePublished":"2024-07-02T08:55:15+00:00","dateModified":"2024-07-02T09:12:58+00:00","author":{"@id":"https:\/\/president-ksgov.net\/#\/schema\/person\/b9740e15fff71a6f8f26a0e201572567"},"description":"President Osmani declares Wednesday a day of state mourning - President of the Republic of Kosovo - DR. VJOSA OSMANI - SADRIU -","breadcrumb":{"@id":"https:\/\/president-ksgov.net\/en\/president-osmani-declares-wednesday-a-day-of-state-mourning\/#breadcrumb"},"inLanguage":"en-US","potentialAction":[{"@type":"ReadAction","target":["https:\/\/president-ksgov.net\/en\/president-osmani-declares-wednesday-a-day-of-state-mourning\/"]}]},{"@type":"ImageObject","inLanguage":"en-US","@id":"https:\/\/president-ksgov.net\/en\/president-osmani-declares-wednesday-a-day-of-state-mourning\/#primaryimage","url":"https:\/\/president-ksgov.net\/wp-content\/uploads\/kadare-100.jpg","contentUrl":"https:\/\/president-ksgov.net\/wp-content\/uploads\/kadare-100.jpg","width":1920,"height":1080,"caption":"ARCHIV - Der albanische Schriftsteller Ismail Kadare, aufgenommen am 04.10.2012 in Barcelona (Spanien). (zu dpa-Literaturdienst vom 08.08.2017) Foto: Andreu Dalmau\/EFE\/dpa +++ dpa-Bildfunk +++"},{"@type":"BreadcrumbList","@id":"https:\/\/president-ksgov.net\/en\/president-osmani-declares-wednesday-a-day-of-state-mourning\/#breadcrumb","itemListElement":[{"@type":"ListItem","position":1,"name":"Home","item":"https:\/\/president-ksgov.net\/en\/"},{"@type":"ListItem","position":2,"name":"President Osmani declares Wednesday a day of state mourning"}]},{"@type":"WebSite","@id":"https:\/\/president-ksgov.net\/#website","url":"https:\/\/president-ksgov.net\/","name":"Presidente e Republik\u00ebs s\u00eb Kosov\u00ebs","description":"Presidente e Republik\u00ebs s\u00eb Kosov\u00ebs","alternateName":"DR. VJOSA OSMANI - SADRIU","potentialAction":[{"@type":"SearchAction","target":{"@type":"EntryPoint","urlTemplate":"https:\/\/president-ksgov.net\/?s={search_term_string}"},"query-input":{"@type":"PropertyValueSpecification","valueRequired":true,"valueName":"search_term_string"}}],"inLanguage":"en-US"},{"@type":"Person","@id":"https:\/\/president-ksgov.net\/#\/schema\/person\/b9740e15fff71a6f8f26a0e201572567","name":"Edona Krasniqi","image":{"@type":"ImageObject","inLanguage":"en-US","@id":"https:\/\/president-ksgov.net\/#\/schema\/person\/image\/","url":"https:\/\/secure.gravatar.com\/avatar\/1f0f749e4b80632decf95bd32db3f33277967a04dc5e29d46781d9c89b703cce?s=96&d=mm&r=g","contentUrl":"https:\/\/secure.gravatar.com\/avatar\/1f0f749e4b80632decf95bd32db3f33277967a04dc5e29d46781d9c89b703cce?s=96&d=mm&r=g","caption":"Edona Krasniqi"},"sameAs":["https:\/\/president-ksgov.net\/"]}]}},"_links":{"self":[{"href":"https:\/\/president-ksgov.net\/en\/wp-json\/wp\/v2\/posts\/138133","targetHints":{"allow":["GET"]}}],"collection":[{"href":"https:\/\/president-ksgov.net\/en\/wp-json\/wp\/v2\/posts"}],"about":[{"href":"https:\/\/president-ksgov.net\/en\/wp-json\/wp\/v2\/types\/post"}],"author":[{"embeddable":true,"href":"https:\/\/president-ksgov.net\/en\/wp-json\/wp\/v2\/users\/13"}],"replies":[{"embeddable":true,"href":"https:\/\/president-ksgov.net\/en\/wp-json\/wp\/v2\/comments?post=138133"}],"version-history":[{"count":1,"href":"https:\/\/president-ksgov.net\/en\/wp-json\/wp\/v2\/posts\/138133\/revisions"}],"predecessor-version":[{"id":138134,"href":"https:\/\/president-ksgov.net\/en\/wp-json\/wp\/v2\/posts\/138133\/revisions\/138134"}],"wp:featuredmedia":[{"embeddable":true,"href":"https:\/\/president-ksgov.net\/en\/wp-json\/wp\/v2\/media\/138129"}],"wp:attachment":[{"href":"https:\/\/president-ksgov.net\/en\/wp-json\/wp\/v2\/media?parent=138133"}],"wp:term":[{"taxonomy":"category","embeddable":true,"href":"https:\/\/president-ksgov.net\/en\/wp-json\/wp\/v2\/categories?post=138133"},{"taxonomy":"post_tag","embeddable":true,"href":"https:\/\/president-ksgov.net\/en\/wp-json\/wp\/v2\/tags?post=138133"}],"curies":[{"name":"wp","href":"https:\/\/api.w.org\/{rel}","templated":true}]}}