{"id":106968,"date":"2024-06-20T11:51:49","date_gmt":"2024-06-20T09:51:49","guid":{"rendered":"https:\/\/president-ksgov.net\/?p=106968"},"modified":"2024-06-25T10:09:41","modified_gmt":"2024-06-25T08:09:41","slug":"president-osmani-expresses-condolences-on-the-passing-of-antonio-belushi","status":"publish","type":"post","link":"https:\/\/president-ksgov.net\/en\/president-osmani-expresses-condolences-on-the-passing-of-antonio-belushi\/","title":{"rendered":"President Osmani expresses condolences on the passing of Antonio Belushi"},"content":{"rendered":"<p>With deep sorrow, I received the news of the passing of Antonio Belushi, an unparalleled personality in the Albanian cause, who passionately cultivated the Arb\u00ebresh language since the 1990s and, alongside President Rugova and other activists, defended the rights of Albanians for freedom.<\/p>\n<p>His passing is a great loss for his family and friends, the Arb\u00ebresh church, institutions and the Arb\u00ebresh people of Calabria and all of Southern Italy.<\/p>\n<p>I had the honour of meeting him in his rich library, which he created and maintained with such dedication until his death.<\/p>\n<p>As President of the country, when I granted him Kosovo citizenship, he was deeply moved, as his lifelong wish was fulfilled.<\/p>\n<p>May the memory of Antonio Belushi be eternal!<\/p>\n","protected":false},"excerpt":{"rendered":"<p>With deep sorrow, I received the news of the passing of Antonio Belushi, an unparalleled personality in the Albanian cause, who passionately cultivated the Arb\u00ebresh language since the 1990s and, alongside President Rugova and other activists, defended the rights of Albanians for freedom. His passing is a great loss for his family and friends, the Arb\u00ebresh church, institutions and the Arb\u00ebresh people of Calabria and all of Southern Italy. I had the honour of meeting him in his rich library, which he created and maintained with such dedication until his death. As President of the country, when I granted him Kosovo citizenship, he was deeply moved, as his lifelong wish was fulfilled. May the memory of Antonio Belushi be eternal!<\/p>\n","protected":false},"author":13,"featured_media":106929,"comment_status":"closed","ping_status":"closed","sticky":false,"template":"","format":"standard","meta":{"_eb_attr":"","footnotes":""},"categories":[111],"tags":[],"class_list":["post-106968","post","type-post","status-publish","format-standard","has-post-thumbnail","hentry","category-news"],"yoast_head":"<!-- This site is optimized with the Yoast SEO plugin v23.5 - https:\/\/yoast.com\/wordpress\/plugins\/seo\/ -->\n<title>President Osmani expresses condolences on the passing of Antonio Belushi - President of the Republic of Kosovo - DR. VJOSA OSMANI - SADRIU<\/title>\n<meta name=\"description\" content=\"President Osmani expresses condolences on the passing of Antonio Belushi - President of the Republic of Kosovo - DR. VJOSA OSMANI - SADRIU -\" \/>\n<meta name=\"robots\" content=\"index, follow, max-snippet:-1, max-image-preview:large, max-video-preview:-1\" \/>\n<link rel=\"canonical\" href=\"https:\/\/president-ksgov.net\/en\/president-osmani-expresses-condolences-on-the-passing-of-antonio-belushi\/\" \/>\n<meta property=\"og:locale\" content=\"en_US\" \/>\n<meta property=\"og:type\" content=\"article\" \/>\n<meta property=\"og:title\" content=\"President Osmani expresses condolences on the passing of Antonio Belushi - President of the Republic of Kosovo - DR. VJOSA OSMANI - SADRIU\" \/>\n<meta property=\"og:description\" content=\"President Osmani expresses condolences on the passing of Antonio Belushi - President of the Republic of Kosovo - DR. VJOSA OSMANI - SADRIU -\" \/>\n<meta property=\"og:url\" content=\"https:\/\/president-ksgov.net\/en\/president-osmani-expresses-condolences-on-the-passing-of-antonio-belushi\/\" \/>\n<meta property=\"og:site_name\" content=\"President of the Republic of Kosovo - DR. VJOSA OSMANI - SADRIU\" \/>\n<meta property=\"article:published_time\" content=\"2024-06-20T09:51:49+00:00\" \/>\n<meta property=\"article:modified_time\" content=\"2024-06-25T08:09:41+00:00\" \/>\n<meta property=\"og:image\" content=\"https:\/\/president-ksgov.net\/wp-content\/uploads\/2888.jpg\" \/>\n\t<meta property=\"og:image:width\" content=\"759\" \/>\n\t<meta property=\"og:image:height\" content=\"754\" \/>\n\t<meta property=\"og:image:type\" content=\"image\/jpeg\" \/>\n<meta name=\"author\" content=\"Edona Krasniqi\" \/>\n<meta name=\"twitter:card\" content=\"summary_large_image\" \/>\n<meta name=\"twitter:label1\" content=\"Written by\" \/>\n\t<meta name=\"twitter:data1\" content=\"Edona Krasniqi\" \/>\n\t<meta name=\"twitter:label2\" content=\"Est. reading time\" \/>\n\t<meta name=\"twitter:data2\" content=\"1 minute\" \/>\n<script type=\"application\/ld+json\" class=\"yoast-schema-graph\">{\"@context\":\"https:\/\/schema.org\",\"@graph\":[{\"@type\":\"WebPage\",\"@id\":\"https:\/\/president-ksgov.net\/en\/president-osmani-expresses-condolences-on-the-passing-of-antonio-belushi\/\",\"url\":\"https:\/\/president-ksgov.net\/en\/president-osmani-expresses-condolences-on-the-passing-of-antonio-belushi\/\",\"name\":\"President Osmani expresses condolences on the passing of Antonio Belushi - President of the Republic of Kosovo - DR. VJOSA OSMANI - SADRIU\",\"isPartOf\":{\"@id\":\"https:\/\/president-ksgov.net\/#website\"},\"primaryImageOfPage\":{\"@id\":\"https:\/\/president-ksgov.net\/en\/president-osmani-expresses-condolences-on-the-passing-of-antonio-belushi\/#primaryimage\"},\"image\":{\"@id\":\"https:\/\/president-ksgov.net\/en\/president-osmani-expresses-condolences-on-the-passing-of-antonio-belushi\/#primaryimage\"},\"thumbnailUrl\":\"https:\/\/president-ksgov.net\/wp-content\/uploads\/2888.jpg\",\"datePublished\":\"2024-06-20T09:51:49+00:00\",\"dateModified\":\"2024-06-25T08:09:41+00:00\",\"author\":{\"@id\":\"https:\/\/president-ksgov.net\/#\/schema\/person\/b9740e15fff71a6f8f26a0e201572567\"},\"description\":\"President Osmani expresses condolences on the passing of Antonio Belushi - President of the Republic of Kosovo - DR. VJOSA OSMANI - SADRIU -\",\"breadcrumb\":{\"@id\":\"https:\/\/president-ksgov.net\/en\/president-osmani-expresses-condolences-on-the-passing-of-antonio-belushi\/#breadcrumb\"},\"inLanguage\":\"en-US\",\"potentialAction\":[{\"@type\":\"ReadAction\",\"target\":[\"https:\/\/president-ksgov.net\/en\/president-osmani-expresses-condolences-on-the-passing-of-antonio-belushi\/\"]}]},{\"@type\":\"ImageObject\",\"inLanguage\":\"en-US\",\"@id\":\"https:\/\/president-ksgov.net\/en\/president-osmani-expresses-condolences-on-the-passing-of-antonio-belushi\/#primaryimage\",\"url\":\"https:\/\/president-ksgov.net\/wp-content\/uploads\/2888.jpg\",\"contentUrl\":\"https:\/\/president-ksgov.net\/wp-content\/uploads\/2888.jpg\",\"width\":759,\"height\":754},{\"@type\":\"BreadcrumbList\",\"@id\":\"https:\/\/president-ksgov.net\/en\/president-osmani-expresses-condolences-on-the-passing-of-antonio-belushi\/#breadcrumb\",\"itemListElement\":[{\"@type\":\"ListItem\",\"position\":1,\"name\":\"Home\",\"item\":\"https:\/\/president-ksgov.net\/en\/\"},{\"@type\":\"ListItem\",\"position\":2,\"name\":\"President Osmani expresses condolences on the passing of Antonio Belushi\"}]},{\"@type\":\"WebSite\",\"@id\":\"https:\/\/president-ksgov.net\/#website\",\"url\":\"https:\/\/president-ksgov.net\/\",\"name\":\"Presidente e Republik\u00ebs s\u00eb Kosov\u00ebs\",\"description\":\"Presidente e Republik\u00ebs s\u00eb Kosov\u00ebs\",\"alternateName\":\"DR. VJOSA OSMANI - SADRIU\",\"potentialAction\":[{\"@type\":\"SearchAction\",\"target\":{\"@type\":\"EntryPoint\",\"urlTemplate\":\"https:\/\/president-ksgov.net\/?s={search_term_string}\"},\"query-input\":{\"@type\":\"PropertyValueSpecification\",\"valueRequired\":true,\"valueName\":\"search_term_string\"}}],\"inLanguage\":\"en-US\"},{\"@type\":\"Person\",\"@id\":\"https:\/\/president-ksgov.net\/#\/schema\/person\/b9740e15fff71a6f8f26a0e201572567\",\"name\":\"Edona Krasniqi\",\"image\":{\"@type\":\"ImageObject\",\"inLanguage\":\"en-US\",\"@id\":\"https:\/\/president-ksgov.net\/#\/schema\/person\/image\/\",\"url\":\"https:\/\/secure.gravatar.com\/avatar\/1f0f749e4b80632decf95bd32db3f33277967a04dc5e29d46781d9c89b703cce?s=96&d=mm&r=g\",\"contentUrl\":\"https:\/\/secure.gravatar.com\/avatar\/1f0f749e4b80632decf95bd32db3f33277967a04dc5e29d46781d9c89b703cce?s=96&d=mm&r=g\",\"caption\":\"Edona Krasniqi\"},\"sameAs\":[\"https:\/\/president-ksgov.net\/\"]}]}<\/script>\n<!-- \/ Yoast SEO plugin. -->","yoast_head_json":{"title":"President Osmani expresses condolences on the passing of Antonio Belushi - President of the Republic of Kosovo - DR. VJOSA OSMANI - SADRIU","description":"President Osmani expresses condolences on the passing of Antonio Belushi - President of the Republic of Kosovo - DR. VJOSA OSMANI - SADRIU -","robots":{"index":"index","follow":"follow","max-snippet":"max-snippet:-1","max-image-preview":"max-image-preview:large","max-video-preview":"max-video-preview:-1"},"canonical":"https:\/\/president-ksgov.net\/en\/president-osmani-expresses-condolences-on-the-passing-of-antonio-belushi\/","og_locale":"en_US","og_type":"article","og_title":"President Osmani expresses condolences on the passing of Antonio Belushi - President of the Republic of Kosovo - DR. VJOSA OSMANI - SADRIU","og_description":"President Osmani expresses condolences on the passing of Antonio Belushi - President of the Republic of Kosovo - DR. VJOSA OSMANI - SADRIU -","og_url":"https:\/\/president-ksgov.net\/en\/president-osmani-expresses-condolences-on-the-passing-of-antonio-belushi\/","og_site_name":"President of the Republic of Kosovo - DR. VJOSA OSMANI - SADRIU","article_published_time":"2024-06-20T09:51:49+00:00","article_modified_time":"2024-06-25T08:09:41+00:00","og_image":[{"width":759,"height":754,"url":"https:\/\/president-ksgov.net\/wp-content\/uploads\/2888.jpg","type":"image\/jpeg"}],"author":"Edona Krasniqi","twitter_card":"summary_large_image","twitter_misc":{"Written by":"Edona Krasniqi","Est. reading time":"1 minute"},"schema":{"@context":"https:\/\/schema.org","@graph":[{"@type":"WebPage","@id":"https:\/\/president-ksgov.net\/en\/president-osmani-expresses-condolences-on-the-passing-of-antonio-belushi\/","url":"https:\/\/president-ksgov.net\/en\/president-osmani-expresses-condolences-on-the-passing-of-antonio-belushi\/","name":"President Osmani expresses condolences on the passing of Antonio Belushi - President of the Republic of Kosovo - DR. VJOSA OSMANI - SADRIU","isPartOf":{"@id":"https:\/\/president-ksgov.net\/#website"},"primaryImageOfPage":{"@id":"https:\/\/president-ksgov.net\/en\/president-osmani-expresses-condolences-on-the-passing-of-antonio-belushi\/#primaryimage"},"image":{"@id":"https:\/\/president-ksgov.net\/en\/president-osmani-expresses-condolences-on-the-passing-of-antonio-belushi\/#primaryimage"},"thumbnailUrl":"https:\/\/president-ksgov.net\/wp-content\/uploads\/2888.jpg","datePublished":"2024-06-20T09:51:49+00:00","dateModified":"2024-06-25T08:09:41+00:00","author":{"@id":"https:\/\/president-ksgov.net\/#\/schema\/person\/b9740e15fff71a6f8f26a0e201572567"},"description":"President Osmani expresses condolences on the passing of Antonio Belushi - President of the Republic of Kosovo - DR. VJOSA OSMANI - SADRIU -","breadcrumb":{"@id":"https:\/\/president-ksgov.net\/en\/president-osmani-expresses-condolences-on-the-passing-of-antonio-belushi\/#breadcrumb"},"inLanguage":"en-US","potentialAction":[{"@type":"ReadAction","target":["https:\/\/president-ksgov.net\/en\/president-osmani-expresses-condolences-on-the-passing-of-antonio-belushi\/"]}]},{"@type":"ImageObject","inLanguage":"en-US","@id":"https:\/\/president-ksgov.net\/en\/president-osmani-expresses-condolences-on-the-passing-of-antonio-belushi\/#primaryimage","url":"https:\/\/president-ksgov.net\/wp-content\/uploads\/2888.jpg","contentUrl":"https:\/\/president-ksgov.net\/wp-content\/uploads\/2888.jpg","width":759,"height":754},{"@type":"BreadcrumbList","@id":"https:\/\/president-ksgov.net\/en\/president-osmani-expresses-condolences-on-the-passing-of-antonio-belushi\/#breadcrumb","itemListElement":[{"@type":"ListItem","position":1,"name":"Home","item":"https:\/\/president-ksgov.net\/en\/"},{"@type":"ListItem","position":2,"name":"President Osmani expresses condolences on the passing of Antonio Belushi"}]},{"@type":"WebSite","@id":"https:\/\/president-ksgov.net\/#website","url":"https:\/\/president-ksgov.net\/","name":"Presidente e Republik\u00ebs s\u00eb Kosov\u00ebs","description":"Presidente e Republik\u00ebs s\u00eb Kosov\u00ebs","alternateName":"DR. VJOSA OSMANI - SADRIU","potentialAction":[{"@type":"SearchAction","target":{"@type":"EntryPoint","urlTemplate":"https:\/\/president-ksgov.net\/?s={search_term_string}"},"query-input":{"@type":"PropertyValueSpecification","valueRequired":true,"valueName":"search_term_string"}}],"inLanguage":"en-US"},{"@type":"Person","@id":"https:\/\/president-ksgov.net\/#\/schema\/person\/b9740e15fff71a6f8f26a0e201572567","name":"Edona Krasniqi","image":{"@type":"ImageObject","inLanguage":"en-US","@id":"https:\/\/president-ksgov.net\/#\/schema\/person\/image\/","url":"https:\/\/secure.gravatar.com\/avatar\/1f0f749e4b80632decf95bd32db3f33277967a04dc5e29d46781d9c89b703cce?s=96&d=mm&r=g","contentUrl":"https:\/\/secure.gravatar.com\/avatar\/1f0f749e4b80632decf95bd32db3f33277967a04dc5e29d46781d9c89b703cce?s=96&d=mm&r=g","caption":"Edona Krasniqi"},"sameAs":["https:\/\/president-ksgov.net\/"]}]}},"_links":{"self":[{"href":"https:\/\/president-ksgov.net\/en\/wp-json\/wp\/v2\/posts\/106968","targetHints":{"allow":["GET"]}}],"collection":[{"href":"https:\/\/president-ksgov.net\/en\/wp-json\/wp\/v2\/posts"}],"about":[{"href":"https:\/\/president-ksgov.net\/en\/wp-json\/wp\/v2\/types\/post"}],"author":[{"embeddable":true,"href":"https:\/\/president-ksgov.net\/en\/wp-json\/wp\/v2\/users\/13"}],"replies":[{"embeddable":true,"href":"https:\/\/president-ksgov.net\/en\/wp-json\/wp\/v2\/comments?post=106968"}],"version-history":[{"count":1,"href":"https:\/\/president-ksgov.net\/en\/wp-json\/wp\/v2\/posts\/106968\/revisions"}],"predecessor-version":[{"id":106969,"href":"https:\/\/president-ksgov.net\/en\/wp-json\/wp\/v2\/posts\/106968\/revisions\/106969"}],"wp:featuredmedia":[{"embeddable":true,"href":"https:\/\/president-ksgov.net\/en\/wp-json\/wp\/v2\/media\/106929"}],"wp:attachment":[{"href":"https:\/\/president-ksgov.net\/en\/wp-json\/wp\/v2\/media?parent=106968"}],"wp:term":[{"taxonomy":"category","embeddable":true,"href":"https:\/\/president-ksgov.net\/en\/wp-json\/wp\/v2\/categories?post=106968"},{"taxonomy":"post_tag","embeddable":true,"href":"https:\/\/president-ksgov.net\/en\/wp-json\/wp\/v2\/tags?post=106968"}],"curies":[{"name":"wp","href":"https:\/\/api.w.org\/{rel}","templated":true}]}}