{"id":106966,"date":"2024-06-19T16:04:59","date_gmt":"2024-06-19T14:04:59","guid":{"rendered":"https:\/\/president-ksgov.net\/?p=106966"},"modified":"2024-06-25T10:04:33","modified_gmt":"2024-06-25T08:04:33","slug":"president-vjosa-osmani-commemorated-nekibe-kelmendi-on-the-13th-anniversary-of-her-passing","status":"publish","type":"post","link":"https:\/\/president-ksgov.net\/en\/president-vjosa-osmani-commemorated-nekibe-kelmendi-on-the-13th-anniversary-of-her-passing\/","title":{"rendered":"President Vjosa Osmani commemorated Nekibe Kelmendi on the 13th anniversary of her passing"},"content":{"rendered":"<p>Today, on the 13<sup>th<\/sup> anniversary of her passing, we respectfully remember the collaborator of the historical President, Dr. Ibrahim Rugova, the stoic woman, lawyer, political activist, and former Minister, Nekibe Kelmendi, whose legacy continues to inspire and guide us.<\/p>\n<p>She dedicated her entire life to the profession of law and political engagement for a free and independent Kosovo, bravely facing the murder of her husband and her two sons by Milosevic\u2019s genocidal regime.<\/p>\n<p>Her determination, courage and commitment remain a reference for current and future generations.<\/p>\n","protected":false},"excerpt":{"rendered":"<p>Today, on the 13th anniversary of her passing, we respectfully remember the collaborator of the historical President, Dr. Ibrahim Rugova, the stoic woman, lawyer, political activist, and former Minister, Nekibe Kelmendi, whose legacy continues to inspire and guide us. She dedicated her entire life to the profession of law and political engagement for a free and independent Kosovo, bravely facing the murder of her husband and her two sons by Milosevic\u2019s genocidal regime. Her determination, courage and commitment remain a reference for current and future generations.<\/p>\n","protected":false},"author":13,"featured_media":106922,"comment_status":"closed","ping_status":"closed","sticky":false,"template":"","format":"standard","meta":{"_eb_attr":"","footnotes":""},"categories":[111],"tags":[],"class_list":["post-106966","post","type-post","status-publish","format-standard","has-post-thumbnail","hentry","category-news"],"yoast_head":"<!-- This site is optimized with the Yoast SEO plugin v23.5 - https:\/\/yoast.com\/wordpress\/plugins\/seo\/ -->\n<title>President Vjosa Osmani commemorated Nekibe Kelmendi on the 13th anniversary of her passing - President of the Republic of Kosovo - DR. VJOSA OSMANI - SADRIU<\/title>\n<meta name=\"description\" content=\"President Vjosa Osmani commemorated Nekibe Kelmendi on the 13th anniversary of her passing - President of the Republic of Kosovo - DR. VJOSA OSMANI - SADRIU -\" \/>\n<meta name=\"robots\" content=\"index, follow, max-snippet:-1, max-image-preview:large, max-video-preview:-1\" \/>\n<link rel=\"canonical\" href=\"https:\/\/president-ksgov.net\/en\/president-vjosa-osmani-commemorated-nekibe-kelmendi-on-the-13th-anniversary-of-her-passing\/\" \/>\n<meta property=\"og:locale\" content=\"en_US\" \/>\n<meta property=\"og:type\" content=\"article\" \/>\n<meta property=\"og:title\" content=\"President Vjosa Osmani commemorated Nekibe Kelmendi on the 13th anniversary of her passing - President of the Republic of Kosovo - DR. VJOSA OSMANI - SADRIU\" \/>\n<meta property=\"og:description\" content=\"President Vjosa Osmani commemorated Nekibe Kelmendi on the 13th anniversary of her passing - President of the Republic of Kosovo - DR. VJOSA OSMANI - SADRIU -\" \/>\n<meta property=\"og:url\" content=\"https:\/\/president-ksgov.net\/en\/president-vjosa-osmani-commemorated-nekibe-kelmendi-on-the-13th-anniversary-of-her-passing\/\" \/>\n<meta property=\"og:site_name\" content=\"President of the Republic of Kosovo - DR. VJOSA OSMANI - SADRIU\" \/>\n<meta property=\"article:published_time\" content=\"2024-06-19T14:04:59+00:00\" \/>\n<meta property=\"article:modified_time\" content=\"2024-06-25T08:04:33+00:00\" \/>\n<meta property=\"og:image\" content=\"https:\/\/president-ksgov.net\/wp-content\/uploads\/nekibe-kelmendi.jpeg\" \/>\n\t<meta property=\"og:image:width\" content=\"913\" \/>\n\t<meta property=\"og:image:height\" content=\"600\" \/>\n\t<meta property=\"og:image:type\" content=\"image\/jpeg\" \/>\n<meta name=\"author\" content=\"Edona Krasniqi\" \/>\n<meta name=\"twitter:card\" content=\"summary_large_image\" \/>\n<meta name=\"twitter:label1\" content=\"Written by\" \/>\n\t<meta name=\"twitter:data1\" content=\"Edona Krasniqi\" \/>\n\t<meta name=\"twitter:label2\" content=\"Est. reading time\" \/>\n\t<meta name=\"twitter:data2\" content=\"1 minute\" \/>\n<script type=\"application\/ld+json\" class=\"yoast-schema-graph\">{\"@context\":\"https:\/\/schema.org\",\"@graph\":[{\"@type\":\"WebPage\",\"@id\":\"https:\/\/president-ksgov.net\/en\/president-vjosa-osmani-commemorated-nekibe-kelmendi-on-the-13th-anniversary-of-her-passing\/\",\"url\":\"https:\/\/president-ksgov.net\/en\/president-vjosa-osmani-commemorated-nekibe-kelmendi-on-the-13th-anniversary-of-her-passing\/\",\"name\":\"President Vjosa Osmani commemorated Nekibe Kelmendi on the 13th anniversary of her passing - President of the Republic of Kosovo - DR. VJOSA OSMANI - SADRIU\",\"isPartOf\":{\"@id\":\"https:\/\/president-ksgov.net\/#website\"},\"primaryImageOfPage\":{\"@id\":\"https:\/\/president-ksgov.net\/en\/president-vjosa-osmani-commemorated-nekibe-kelmendi-on-the-13th-anniversary-of-her-passing\/#primaryimage\"},\"image\":{\"@id\":\"https:\/\/president-ksgov.net\/en\/president-vjosa-osmani-commemorated-nekibe-kelmendi-on-the-13th-anniversary-of-her-passing\/#primaryimage\"},\"thumbnailUrl\":\"https:\/\/president-ksgov.net\/wp-content\/uploads\/nekibe-kelmendi.jpeg\",\"datePublished\":\"2024-06-19T14:04:59+00:00\",\"dateModified\":\"2024-06-25T08:04:33+00:00\",\"author\":{\"@id\":\"https:\/\/president-ksgov.net\/#\/schema\/person\/b9740e15fff71a6f8f26a0e201572567\"},\"description\":\"President Vjosa Osmani commemorated Nekibe Kelmendi on the 13th anniversary of her passing - President of the Republic of Kosovo - DR. VJOSA OSMANI - SADRIU -\",\"breadcrumb\":{\"@id\":\"https:\/\/president-ksgov.net\/en\/president-vjosa-osmani-commemorated-nekibe-kelmendi-on-the-13th-anniversary-of-her-passing\/#breadcrumb\"},\"inLanguage\":\"en-US\",\"potentialAction\":[{\"@type\":\"ReadAction\",\"target\":[\"https:\/\/president-ksgov.net\/en\/president-vjosa-osmani-commemorated-nekibe-kelmendi-on-the-13th-anniversary-of-her-passing\/\"]}]},{\"@type\":\"ImageObject\",\"inLanguage\":\"en-US\",\"@id\":\"https:\/\/president-ksgov.net\/en\/president-vjosa-osmani-commemorated-nekibe-kelmendi-on-the-13th-anniversary-of-her-passing\/#primaryimage\",\"url\":\"https:\/\/president-ksgov.net\/wp-content\/uploads\/nekibe-kelmendi.jpeg\",\"contentUrl\":\"https:\/\/president-ksgov.net\/wp-content\/uploads\/nekibe-kelmendi.jpeg\",\"width\":913,\"height\":600},{\"@type\":\"BreadcrumbList\",\"@id\":\"https:\/\/president-ksgov.net\/en\/president-vjosa-osmani-commemorated-nekibe-kelmendi-on-the-13th-anniversary-of-her-passing\/#breadcrumb\",\"itemListElement\":[{\"@type\":\"ListItem\",\"position\":1,\"name\":\"Home\",\"item\":\"https:\/\/president-ksgov.net\/en\/\"},{\"@type\":\"ListItem\",\"position\":2,\"name\":\"President Vjosa Osmani commemorated Nekibe Kelmendi on the 13th anniversary of her passing\"}]},{\"@type\":\"WebSite\",\"@id\":\"https:\/\/president-ksgov.net\/#website\",\"url\":\"https:\/\/president-ksgov.net\/\",\"name\":\"Presidente e Republik\u00ebs s\u00eb Kosov\u00ebs\",\"description\":\"Presidente e Republik\u00ebs s\u00eb Kosov\u00ebs\",\"alternateName\":\"DR. VJOSA OSMANI - SADRIU\",\"potentialAction\":[{\"@type\":\"SearchAction\",\"target\":{\"@type\":\"EntryPoint\",\"urlTemplate\":\"https:\/\/president-ksgov.net\/?s={search_term_string}\"},\"query-input\":{\"@type\":\"PropertyValueSpecification\",\"valueRequired\":true,\"valueName\":\"search_term_string\"}}],\"inLanguage\":\"en-US\"},{\"@type\":\"Person\",\"@id\":\"https:\/\/president-ksgov.net\/#\/schema\/person\/b9740e15fff71a6f8f26a0e201572567\",\"name\":\"Edona Krasniqi\",\"image\":{\"@type\":\"ImageObject\",\"inLanguage\":\"en-US\",\"@id\":\"https:\/\/president-ksgov.net\/#\/schema\/person\/image\/\",\"url\":\"https:\/\/secure.gravatar.com\/avatar\/1f0f749e4b80632decf95bd32db3f33277967a04dc5e29d46781d9c89b703cce?s=96&d=mm&r=g\",\"contentUrl\":\"https:\/\/secure.gravatar.com\/avatar\/1f0f749e4b80632decf95bd32db3f33277967a04dc5e29d46781d9c89b703cce?s=96&d=mm&r=g\",\"caption\":\"Edona Krasniqi\"},\"sameAs\":[\"https:\/\/president-ksgov.net\/\"]}]}<\/script>\n<!-- \/ Yoast SEO plugin. -->","yoast_head_json":{"title":"President Vjosa Osmani commemorated Nekibe Kelmendi on the 13th anniversary of her passing - President of the Republic of Kosovo - DR. VJOSA OSMANI - SADRIU","description":"President Vjosa Osmani commemorated Nekibe Kelmendi on the 13th anniversary of her passing - President of the Republic of Kosovo - DR. VJOSA OSMANI - SADRIU -","robots":{"index":"index","follow":"follow","max-snippet":"max-snippet:-1","max-image-preview":"max-image-preview:large","max-video-preview":"max-video-preview:-1"},"canonical":"https:\/\/president-ksgov.net\/en\/president-vjosa-osmani-commemorated-nekibe-kelmendi-on-the-13th-anniversary-of-her-passing\/","og_locale":"en_US","og_type":"article","og_title":"President Vjosa Osmani commemorated Nekibe Kelmendi on the 13th anniversary of her passing - President of the Republic of Kosovo - DR. VJOSA OSMANI - SADRIU","og_description":"President Vjosa Osmani commemorated Nekibe Kelmendi on the 13th anniversary of her passing - President of the Republic of Kosovo - DR. VJOSA OSMANI - SADRIU -","og_url":"https:\/\/president-ksgov.net\/en\/president-vjosa-osmani-commemorated-nekibe-kelmendi-on-the-13th-anniversary-of-her-passing\/","og_site_name":"President of the Republic of Kosovo - DR. VJOSA OSMANI - SADRIU","article_published_time":"2024-06-19T14:04:59+00:00","article_modified_time":"2024-06-25T08:04:33+00:00","og_image":[{"width":913,"height":600,"url":"https:\/\/president-ksgov.net\/wp-content\/uploads\/nekibe-kelmendi.jpeg","type":"image\/jpeg"}],"author":"Edona Krasniqi","twitter_card":"summary_large_image","twitter_misc":{"Written by":"Edona Krasniqi","Est. reading time":"1 minute"},"schema":{"@context":"https:\/\/schema.org","@graph":[{"@type":"WebPage","@id":"https:\/\/president-ksgov.net\/en\/president-vjosa-osmani-commemorated-nekibe-kelmendi-on-the-13th-anniversary-of-her-passing\/","url":"https:\/\/president-ksgov.net\/en\/president-vjosa-osmani-commemorated-nekibe-kelmendi-on-the-13th-anniversary-of-her-passing\/","name":"President Vjosa Osmani commemorated Nekibe Kelmendi on the 13th anniversary of her passing - President of the Republic of Kosovo - DR. VJOSA OSMANI - SADRIU","isPartOf":{"@id":"https:\/\/president-ksgov.net\/#website"},"primaryImageOfPage":{"@id":"https:\/\/president-ksgov.net\/en\/president-vjosa-osmani-commemorated-nekibe-kelmendi-on-the-13th-anniversary-of-her-passing\/#primaryimage"},"image":{"@id":"https:\/\/president-ksgov.net\/en\/president-vjosa-osmani-commemorated-nekibe-kelmendi-on-the-13th-anniversary-of-her-passing\/#primaryimage"},"thumbnailUrl":"https:\/\/president-ksgov.net\/wp-content\/uploads\/nekibe-kelmendi.jpeg","datePublished":"2024-06-19T14:04:59+00:00","dateModified":"2024-06-25T08:04:33+00:00","author":{"@id":"https:\/\/president-ksgov.net\/#\/schema\/person\/b9740e15fff71a6f8f26a0e201572567"},"description":"President Vjosa Osmani commemorated Nekibe Kelmendi on the 13th anniversary of her passing - President of the Republic of Kosovo - DR. VJOSA OSMANI - SADRIU -","breadcrumb":{"@id":"https:\/\/president-ksgov.net\/en\/president-vjosa-osmani-commemorated-nekibe-kelmendi-on-the-13th-anniversary-of-her-passing\/#breadcrumb"},"inLanguage":"en-US","potentialAction":[{"@type":"ReadAction","target":["https:\/\/president-ksgov.net\/en\/president-vjosa-osmani-commemorated-nekibe-kelmendi-on-the-13th-anniversary-of-her-passing\/"]}]},{"@type":"ImageObject","inLanguage":"en-US","@id":"https:\/\/president-ksgov.net\/en\/president-vjosa-osmani-commemorated-nekibe-kelmendi-on-the-13th-anniversary-of-her-passing\/#primaryimage","url":"https:\/\/president-ksgov.net\/wp-content\/uploads\/nekibe-kelmendi.jpeg","contentUrl":"https:\/\/president-ksgov.net\/wp-content\/uploads\/nekibe-kelmendi.jpeg","width":913,"height":600},{"@type":"BreadcrumbList","@id":"https:\/\/president-ksgov.net\/en\/president-vjosa-osmani-commemorated-nekibe-kelmendi-on-the-13th-anniversary-of-her-passing\/#breadcrumb","itemListElement":[{"@type":"ListItem","position":1,"name":"Home","item":"https:\/\/president-ksgov.net\/en\/"},{"@type":"ListItem","position":2,"name":"President Vjosa Osmani commemorated Nekibe Kelmendi on the 13th anniversary of her passing"}]},{"@type":"WebSite","@id":"https:\/\/president-ksgov.net\/#website","url":"https:\/\/president-ksgov.net\/","name":"Presidente e Republik\u00ebs s\u00eb Kosov\u00ebs","description":"Presidente e Republik\u00ebs s\u00eb Kosov\u00ebs","alternateName":"DR. VJOSA OSMANI - SADRIU","potentialAction":[{"@type":"SearchAction","target":{"@type":"EntryPoint","urlTemplate":"https:\/\/president-ksgov.net\/?s={search_term_string}"},"query-input":{"@type":"PropertyValueSpecification","valueRequired":true,"valueName":"search_term_string"}}],"inLanguage":"en-US"},{"@type":"Person","@id":"https:\/\/president-ksgov.net\/#\/schema\/person\/b9740e15fff71a6f8f26a0e201572567","name":"Edona Krasniqi","image":{"@type":"ImageObject","inLanguage":"en-US","@id":"https:\/\/president-ksgov.net\/#\/schema\/person\/image\/","url":"https:\/\/secure.gravatar.com\/avatar\/1f0f749e4b80632decf95bd32db3f33277967a04dc5e29d46781d9c89b703cce?s=96&d=mm&r=g","contentUrl":"https:\/\/secure.gravatar.com\/avatar\/1f0f749e4b80632decf95bd32db3f33277967a04dc5e29d46781d9c89b703cce?s=96&d=mm&r=g","caption":"Edona Krasniqi"},"sameAs":["https:\/\/president-ksgov.net\/"]}]}},"_links":{"self":[{"href":"https:\/\/president-ksgov.net\/en\/wp-json\/wp\/v2\/posts\/106966","targetHints":{"allow":["GET"]}}],"collection":[{"href":"https:\/\/president-ksgov.net\/en\/wp-json\/wp\/v2\/posts"}],"about":[{"href":"https:\/\/president-ksgov.net\/en\/wp-json\/wp\/v2\/types\/post"}],"author":[{"embeddable":true,"href":"https:\/\/president-ksgov.net\/en\/wp-json\/wp\/v2\/users\/13"}],"replies":[{"embeddable":true,"href":"https:\/\/president-ksgov.net\/en\/wp-json\/wp\/v2\/comments?post=106966"}],"version-history":[{"count":1,"href":"https:\/\/president-ksgov.net\/en\/wp-json\/wp\/v2\/posts\/106966\/revisions"}],"predecessor-version":[{"id":106967,"href":"https:\/\/president-ksgov.net\/en\/wp-json\/wp\/v2\/posts\/106966\/revisions\/106967"}],"wp:featuredmedia":[{"embeddable":true,"href":"https:\/\/president-ksgov.net\/en\/wp-json\/wp\/v2\/media\/106922"}],"wp:attachment":[{"href":"https:\/\/president-ksgov.net\/en\/wp-json\/wp\/v2\/media?parent=106966"}],"wp:term":[{"taxonomy":"category","embeddable":true,"href":"https:\/\/president-ksgov.net\/en\/wp-json\/wp\/v2\/categories?post=106966"},{"taxonomy":"post_tag","embeddable":true,"href":"https:\/\/president-ksgov.net\/en\/wp-json\/wp\/v2\/tags?post=106966"}],"curies":[{"name":"wp","href":"https:\/\/api.w.org\/{rel}","templated":true}]}}