{"id":106494,"date":"2024-06-11T19:40:23","date_gmt":"2024-06-11T17:40:23","guid":{"rendered":"https:\/\/president-ksgov.net\/?p=106494"},"modified":"2024-06-12T09:54:37","modified_gmt":"2024-06-12T07:54:37","slug":"upon-the-initiative-of-the-first-gentleman-prindon-sadriu-and-as-part-of-the-state-visit-of-president-osmani-to-slovenia-in-2022-the-corner-of-the-albanian-poet-ali-podrimja-was-inaugurated-today-in","status":"publish","type":"post","link":"https:\/\/president-ksgov.net\/en\/upon-the-initiative-of-the-first-gentleman-prindon-sadriu-and-as-part-of-the-state-visit-of-president-osmani-to-slovenia-in-2022-the-corner-of-the-albanian-poet-ali-podrimja-was-inaugurated-today-in\/","title":{"rendered":"Upon the initiative of the First Gentleman Prindon Sadriu, and as part of the state visit of President Osmani to Slovenia in 2022, the corner of the Albanian poet Ali Podrimja was inaugurated today in the Navje park in Ljubljana"},"content":{"rendered":"<p>This latest expansion of &#8220;United Books on the Rise of the World&#8221;, within the &#8220;Rise Book Project&#8221;, which has been in place for 15 years now, aims to promote the culture of the state of Kosovo through the well-known work of the poet Podrimja , &#8220;I, your son Kosovo&#8221;. From today, this poem will be engraved in the Navje park in Slovenian and English.<\/p>\n<p>Through literary creativity, this initiative aims to build bridges between different cultures in the world, facilitate scientific dialogue and strengthen peaceful coexistence, creating opportunities for the growth of cultural and scientific knowledge. To honor the Albanian poet and to congratulate the continuation of this initiative, many other important figures accompanied the First Gentleman Sadriu at the event, such as the First Gentleman of Slovenia, the President of the National Council of Slovenia, the vice-mayor of the city of Ljubljana, and many others.<\/p>\n<p>In addition to this event, yesterday the First Gentleman Sadriu also visited the city of Koper, where he had the opportunity to hear more about the anthropological studies that are being carried out within the Central Library of this city.<\/p>\n","protected":false},"excerpt":{"rendered":"<p>This latest expansion of &#8220;United Books on the Rise of the World&#8221;, within the &#8220;Rise Book Project&#8221;, which has been in place for 15 years now, aims to promote the culture of the state of Kosovo through the well-known work of the poet Podrimja , &#8220;I, your son Kosovo&#8221;. From today, this poem will be engraved in the Navje park in Slovenian and English. Through literary creativity, this initiative aims to build bridges between different cultures in the world, facilitate scientific dialogue and strengthen peaceful coexistence, creating opportunities for the growth of cultural and scientific knowledge. To honor the Albanian poet and to congratulate the continuation of this initiative, many other important figures accompanied the First Gentleman Sadriu at the event, such as the First Gentleman of Slovenia, the President of the National Council of Slovenia, the vice-mayor of the city of Ljubljana, and many others. In addition to this event, yesterday the First Gentleman Sadriu also visited the city of Koper, where he had the opportunity to hear more about the anthropological studies that are being carried out within the Central Library of this city.<\/p>\n","protected":false},"author":11,"featured_media":106497,"comment_status":"open","ping_status":"closed","sticky":false,"template":"","format":"standard","meta":{"_eb_attr":"","footnotes":""},"categories":[111],"tags":[],"class_list":["post-106494","post","type-post","status-publish","format-standard","has-post-thumbnail","hentry","category-news"],"yoast_head":"<!-- This site is optimized with the Yoast SEO plugin v23.5 - https:\/\/yoast.com\/wordpress\/plugins\/seo\/ -->\n<title>Upon the initiative of the First Gentleman Prindon Sadriu, and as part of the state visit of President Osmani to Slovenia in 2022, the corner of the Albanian poet Ali Podrimja was inaugurated today in the Navje park in Ljubljana - President of the Republic of Kosovo - DR. VJOSA OSMANI - SADRIU<\/title>\n<meta name=\"description\" content=\"Upon the initiative of the First Gentleman Prindon Sadriu, and as part of the state visit of President Osmani to Slovenia in 2022, the corner of the Albanian poet Ali Podrimja was inaugurated today in the Navje park in Ljubljana - President of the Republic of Kosovo - DR. VJOSA OSMANI - SADRIU - News\" \/>\n<meta name=\"robots\" content=\"index, follow, max-snippet:-1, max-image-preview:large, max-video-preview:-1\" \/>\n<link rel=\"canonical\" href=\"https:\/\/president-ksgov.net\/en\/upon-the-initiative-of-the-first-gentleman-prindon-sadriu-and-as-part-of-the-state-visit-of-president-osmani-to-slovenia-in-2022-the-corner-of-the-albanian-poet-ali-podrimja-was-inaugurated-today-in\/\" \/>\n<meta property=\"og:locale\" content=\"en_US\" \/>\n<meta property=\"og:type\" content=\"article\" \/>\n<meta property=\"og:title\" content=\"Upon the initiative of the First Gentleman Prindon Sadriu, and as part of the state visit of President Osmani to Slovenia in 2022, the corner of the Albanian poet Ali Podrimja was inaugurated today in the Navje park in Ljubljana - President of the Republic of Kosovo - DR. VJOSA OSMANI - SADRIU\" \/>\n<meta property=\"og:description\" content=\"Upon the initiative of the First Gentleman Prindon Sadriu, and as part of the state visit of President Osmani to Slovenia in 2022, the corner of the Albanian poet Ali Podrimja was inaugurated today in the Navje park in Ljubljana - President of the Republic of Kosovo - DR. VJOSA OSMANI - SADRIU - News\" \/>\n<meta property=\"og:url\" content=\"https:\/\/president-ksgov.net\/en\/upon-the-initiative-of-the-first-gentleman-prindon-sadriu-and-as-part-of-the-state-visit-of-president-osmani-to-slovenia-in-2022-the-corner-of-the-albanian-poet-ali-podrimja-was-inaugurated-today-in\/\" \/>\n<meta property=\"og:site_name\" content=\"President of the Republic of Kosovo - DR. VJOSA OSMANI - SADRIU\" \/>\n<meta property=\"article:published_time\" content=\"2024-06-11T17:40:23+00:00\" \/>\n<meta property=\"article:modified_time\" content=\"2024-06-12T07:54:37+00:00\" \/>\n<meta property=\"og:image\" content=\"https:\/\/president-ksgov.net\/wp-content\/uploads\/1-6-scaled.jpeg\" \/>\n\t<meta property=\"og:image:width\" content=\"2560\" \/>\n\t<meta property=\"og:image:height\" content=\"1920\" \/>\n\t<meta property=\"og:image:type\" content=\"image\/jpeg\" \/>\n<meta name=\"author\" content=\"presidentlogin\" \/>\n<meta name=\"twitter:card\" content=\"summary_large_image\" \/>\n<meta name=\"twitter:label1\" content=\"Written by\" \/>\n\t<meta name=\"twitter:data1\" content=\"presidentlogin\" \/>\n\t<meta name=\"twitter:label2\" content=\"Est. reading time\" \/>\n\t<meta name=\"twitter:data2\" content=\"2 minutes\" \/>\n<script type=\"application\/ld+json\" class=\"yoast-schema-graph\">{\"@context\":\"https:\/\/schema.org\",\"@graph\":[{\"@type\":\"WebPage\",\"@id\":\"https:\/\/president-ksgov.net\/en\/upon-the-initiative-of-the-first-gentleman-prindon-sadriu-and-as-part-of-the-state-visit-of-president-osmani-to-slovenia-in-2022-the-corner-of-the-albanian-poet-ali-podrimja-was-inaugurated-today-in\/\",\"url\":\"https:\/\/president-ksgov.net\/en\/upon-the-initiative-of-the-first-gentleman-prindon-sadriu-and-as-part-of-the-state-visit-of-president-osmani-to-slovenia-in-2022-the-corner-of-the-albanian-poet-ali-podrimja-was-inaugurated-today-in\/\",\"name\":\"Upon the initiative of the First Gentleman Prindon Sadriu, and as part of the state visit of President Osmani to Slovenia in 2022, the corner of the Albanian poet Ali Podrimja was inaugurated today in the Navje park in Ljubljana - President of the Republic of Kosovo - DR. VJOSA OSMANI - SADRIU\",\"isPartOf\":{\"@id\":\"https:\/\/president-ksgov.net\/#website\"},\"primaryImageOfPage\":{\"@id\":\"https:\/\/president-ksgov.net\/en\/upon-the-initiative-of-the-first-gentleman-prindon-sadriu-and-as-part-of-the-state-visit-of-president-osmani-to-slovenia-in-2022-the-corner-of-the-albanian-poet-ali-podrimja-was-inaugurated-today-in\/#primaryimage\"},\"image\":{\"@id\":\"https:\/\/president-ksgov.net\/en\/upon-the-initiative-of-the-first-gentleman-prindon-sadriu-and-as-part-of-the-state-visit-of-president-osmani-to-slovenia-in-2022-the-corner-of-the-albanian-poet-ali-podrimja-was-inaugurated-today-in\/#primaryimage\"},\"thumbnailUrl\":\"https:\/\/president-ksgov.net\/wp-content\/uploads\/1-6-scaled.jpeg\",\"datePublished\":\"2024-06-11T17:40:23+00:00\",\"dateModified\":\"2024-06-12T07:54:37+00:00\",\"author\":{\"@id\":\"https:\/\/president-ksgov.net\/#\/schema\/person\/1a2c014cffc81ec60d5a452a36d08d92\"},\"description\":\"Upon the initiative of the First Gentleman Prindon Sadriu, and as part of the state visit of President Osmani to Slovenia in 2022, the corner of the Albanian poet Ali Podrimja was inaugurated today in the Navje park in Ljubljana - President of the Republic of Kosovo - DR. VJOSA OSMANI - SADRIU - News\",\"breadcrumb\":{\"@id\":\"https:\/\/president-ksgov.net\/en\/upon-the-initiative-of-the-first-gentleman-prindon-sadriu-and-as-part-of-the-state-visit-of-president-osmani-to-slovenia-in-2022-the-corner-of-the-albanian-poet-ali-podrimja-was-inaugurated-today-in\/#breadcrumb\"},\"inLanguage\":\"en-US\",\"potentialAction\":[{\"@type\":\"ReadAction\",\"target\":[\"https:\/\/president-ksgov.net\/en\/upon-the-initiative-of-the-first-gentleman-prindon-sadriu-and-as-part-of-the-state-visit-of-president-osmani-to-slovenia-in-2022-the-corner-of-the-albanian-poet-ali-podrimja-was-inaugurated-today-in\/\"]}]},{\"@type\":\"ImageObject\",\"inLanguage\":\"en-US\",\"@id\":\"https:\/\/president-ksgov.net\/en\/upon-the-initiative-of-the-first-gentleman-prindon-sadriu-and-as-part-of-the-state-visit-of-president-osmani-to-slovenia-in-2022-the-corner-of-the-albanian-poet-ali-podrimja-was-inaugurated-today-in\/#primaryimage\",\"url\":\"https:\/\/president-ksgov.net\/wp-content\/uploads\/1-6-scaled.jpeg\",\"contentUrl\":\"https:\/\/president-ksgov.net\/wp-content\/uploads\/1-6-scaled.jpeg\",\"width\":2560,\"height\":1920},{\"@type\":\"BreadcrumbList\",\"@id\":\"https:\/\/president-ksgov.net\/en\/upon-the-initiative-of-the-first-gentleman-prindon-sadriu-and-as-part-of-the-state-visit-of-president-osmani-to-slovenia-in-2022-the-corner-of-the-albanian-poet-ali-podrimja-was-inaugurated-today-in\/#breadcrumb\",\"itemListElement\":[{\"@type\":\"ListItem\",\"position\":1,\"name\":\"Home\",\"item\":\"https:\/\/president-ksgov.net\/en\/\"},{\"@type\":\"ListItem\",\"position\":2,\"name\":\"Upon the initiative of the First Gentleman Prindon Sadriu, and as part of the state visit of President Osmani to Slovenia in 2022, the corner of the Albanian poet Ali Podrimja was inaugurated today in the Navje park in Ljubljana\"}]},{\"@type\":\"WebSite\",\"@id\":\"https:\/\/president-ksgov.net\/#website\",\"url\":\"https:\/\/president-ksgov.net\/\",\"name\":\"Presidente e Republik\u00ebs s\u00eb Kosov\u00ebs\",\"description\":\"Presidente e Republik\u00ebs s\u00eb Kosov\u00ebs\",\"alternateName\":\"DR. VJOSA OSMANI - SADRIU\",\"potentialAction\":[{\"@type\":\"SearchAction\",\"target\":{\"@type\":\"EntryPoint\",\"urlTemplate\":\"https:\/\/president-ksgov.net\/?s={search_term_string}\"},\"query-input\":{\"@type\":\"PropertyValueSpecification\",\"valueRequired\":true,\"valueName\":\"search_term_string\"}}],\"inLanguage\":\"en-US\"},{\"@type\":\"Person\",\"@id\":\"https:\/\/president-ksgov.net\/#\/schema\/person\/1a2c014cffc81ec60d5a452a36d08d92\",\"name\":\"presidentlogin\",\"image\":{\"@type\":\"ImageObject\",\"inLanguage\":\"en-US\",\"@id\":\"https:\/\/president-ksgov.net\/#\/schema\/person\/image\/\",\"url\":\"https:\/\/secure.gravatar.com\/avatar\/339f00ab0a8a0d5ce1ecff10aa2b4a1f51f58bbd5a57793f8cd6ad624080d807?s=96&d=mm&r=g\",\"contentUrl\":\"https:\/\/secure.gravatar.com\/avatar\/339f00ab0a8a0d5ce1ecff10aa2b4a1f51f58bbd5a57793f8cd6ad624080d807?s=96&d=mm&r=g\",\"caption\":\"presidentlogin\"}}]}<\/script>\n<!-- \/ Yoast SEO plugin. -->","yoast_head_json":{"title":"Upon the initiative of the First Gentleman Prindon Sadriu, and as part of the state visit of President Osmani to Slovenia in 2022, the corner of the Albanian poet Ali Podrimja was inaugurated today in the Navje park in Ljubljana - President of the Republic of Kosovo - DR. VJOSA OSMANI - SADRIU","description":"Upon the initiative of the First Gentleman Prindon Sadriu, and as part of the state visit of President Osmani to Slovenia in 2022, the corner of the Albanian poet Ali Podrimja was inaugurated today in the Navje park in Ljubljana - President of the Republic of Kosovo - DR. VJOSA OSMANI - SADRIU - News","robots":{"index":"index","follow":"follow","max-snippet":"max-snippet:-1","max-image-preview":"max-image-preview:large","max-video-preview":"max-video-preview:-1"},"canonical":"https:\/\/president-ksgov.net\/en\/upon-the-initiative-of-the-first-gentleman-prindon-sadriu-and-as-part-of-the-state-visit-of-president-osmani-to-slovenia-in-2022-the-corner-of-the-albanian-poet-ali-podrimja-was-inaugurated-today-in\/","og_locale":"en_US","og_type":"article","og_title":"Upon the initiative of the First Gentleman Prindon Sadriu, and as part of the state visit of President Osmani to Slovenia in 2022, the corner of the Albanian poet Ali Podrimja was inaugurated today in the Navje park in Ljubljana - President of the Republic of Kosovo - DR. VJOSA OSMANI - SADRIU","og_description":"Upon the initiative of the First Gentleman Prindon Sadriu, and as part of the state visit of President Osmani to Slovenia in 2022, the corner of the Albanian poet Ali Podrimja was inaugurated today in the Navje park in Ljubljana - President of the Republic of Kosovo - DR. VJOSA OSMANI - SADRIU - News","og_url":"https:\/\/president-ksgov.net\/en\/upon-the-initiative-of-the-first-gentleman-prindon-sadriu-and-as-part-of-the-state-visit-of-president-osmani-to-slovenia-in-2022-the-corner-of-the-albanian-poet-ali-podrimja-was-inaugurated-today-in\/","og_site_name":"President of the Republic of Kosovo - DR. VJOSA OSMANI - SADRIU","article_published_time":"2024-06-11T17:40:23+00:00","article_modified_time":"2024-06-12T07:54:37+00:00","og_image":[{"width":2560,"height":1920,"url":"https:\/\/president-ksgov.net\/wp-content\/uploads\/1-6-scaled.jpeg","type":"image\/jpeg"}],"author":"presidentlogin","twitter_card":"summary_large_image","twitter_misc":{"Written by":"presidentlogin","Est. reading time":"2 minutes"},"schema":{"@context":"https:\/\/schema.org","@graph":[{"@type":"WebPage","@id":"https:\/\/president-ksgov.net\/en\/upon-the-initiative-of-the-first-gentleman-prindon-sadriu-and-as-part-of-the-state-visit-of-president-osmani-to-slovenia-in-2022-the-corner-of-the-albanian-poet-ali-podrimja-was-inaugurated-today-in\/","url":"https:\/\/president-ksgov.net\/en\/upon-the-initiative-of-the-first-gentleman-prindon-sadriu-and-as-part-of-the-state-visit-of-president-osmani-to-slovenia-in-2022-the-corner-of-the-albanian-poet-ali-podrimja-was-inaugurated-today-in\/","name":"Upon the initiative of the First Gentleman Prindon Sadriu, and as part of the state visit of President Osmani to Slovenia in 2022, the corner of the Albanian poet Ali Podrimja was inaugurated today in the Navje park in Ljubljana - President of the Republic of Kosovo - DR. VJOSA OSMANI - SADRIU","isPartOf":{"@id":"https:\/\/president-ksgov.net\/#website"},"primaryImageOfPage":{"@id":"https:\/\/president-ksgov.net\/en\/upon-the-initiative-of-the-first-gentleman-prindon-sadriu-and-as-part-of-the-state-visit-of-president-osmani-to-slovenia-in-2022-the-corner-of-the-albanian-poet-ali-podrimja-was-inaugurated-today-in\/#primaryimage"},"image":{"@id":"https:\/\/president-ksgov.net\/en\/upon-the-initiative-of-the-first-gentleman-prindon-sadriu-and-as-part-of-the-state-visit-of-president-osmani-to-slovenia-in-2022-the-corner-of-the-albanian-poet-ali-podrimja-was-inaugurated-today-in\/#primaryimage"},"thumbnailUrl":"https:\/\/president-ksgov.net\/wp-content\/uploads\/1-6-scaled.jpeg","datePublished":"2024-06-11T17:40:23+00:00","dateModified":"2024-06-12T07:54:37+00:00","author":{"@id":"https:\/\/president-ksgov.net\/#\/schema\/person\/1a2c014cffc81ec60d5a452a36d08d92"},"description":"Upon the initiative of the First Gentleman Prindon Sadriu, and as part of the state visit of President Osmani to Slovenia in 2022, the corner of the Albanian poet Ali Podrimja was inaugurated today in the Navje park in Ljubljana - President of the Republic of Kosovo - DR. VJOSA OSMANI - SADRIU - News","breadcrumb":{"@id":"https:\/\/president-ksgov.net\/en\/upon-the-initiative-of-the-first-gentleman-prindon-sadriu-and-as-part-of-the-state-visit-of-president-osmani-to-slovenia-in-2022-the-corner-of-the-albanian-poet-ali-podrimja-was-inaugurated-today-in\/#breadcrumb"},"inLanguage":"en-US","potentialAction":[{"@type":"ReadAction","target":["https:\/\/president-ksgov.net\/en\/upon-the-initiative-of-the-first-gentleman-prindon-sadriu-and-as-part-of-the-state-visit-of-president-osmani-to-slovenia-in-2022-the-corner-of-the-albanian-poet-ali-podrimja-was-inaugurated-today-in\/"]}]},{"@type":"ImageObject","inLanguage":"en-US","@id":"https:\/\/president-ksgov.net\/en\/upon-the-initiative-of-the-first-gentleman-prindon-sadriu-and-as-part-of-the-state-visit-of-president-osmani-to-slovenia-in-2022-the-corner-of-the-albanian-poet-ali-podrimja-was-inaugurated-today-in\/#primaryimage","url":"https:\/\/president-ksgov.net\/wp-content\/uploads\/1-6-scaled.jpeg","contentUrl":"https:\/\/president-ksgov.net\/wp-content\/uploads\/1-6-scaled.jpeg","width":2560,"height":1920},{"@type":"BreadcrumbList","@id":"https:\/\/president-ksgov.net\/en\/upon-the-initiative-of-the-first-gentleman-prindon-sadriu-and-as-part-of-the-state-visit-of-president-osmani-to-slovenia-in-2022-the-corner-of-the-albanian-poet-ali-podrimja-was-inaugurated-today-in\/#breadcrumb","itemListElement":[{"@type":"ListItem","position":1,"name":"Home","item":"https:\/\/president-ksgov.net\/en\/"},{"@type":"ListItem","position":2,"name":"Upon the initiative of the First Gentleman Prindon Sadriu, and as part of the state visit of President Osmani to Slovenia in 2022, the corner of the Albanian poet Ali Podrimja was inaugurated today in the Navje park in Ljubljana"}]},{"@type":"WebSite","@id":"https:\/\/president-ksgov.net\/#website","url":"https:\/\/president-ksgov.net\/","name":"Presidente e Republik\u00ebs s\u00eb Kosov\u00ebs","description":"Presidente e Republik\u00ebs s\u00eb Kosov\u00ebs","alternateName":"DR. VJOSA OSMANI - SADRIU","potentialAction":[{"@type":"SearchAction","target":{"@type":"EntryPoint","urlTemplate":"https:\/\/president-ksgov.net\/?s={search_term_string}"},"query-input":{"@type":"PropertyValueSpecification","valueRequired":true,"valueName":"search_term_string"}}],"inLanguage":"en-US"},{"@type":"Person","@id":"https:\/\/president-ksgov.net\/#\/schema\/person\/1a2c014cffc81ec60d5a452a36d08d92","name":"presidentlogin","image":{"@type":"ImageObject","inLanguage":"en-US","@id":"https:\/\/president-ksgov.net\/#\/schema\/person\/image\/","url":"https:\/\/secure.gravatar.com\/avatar\/339f00ab0a8a0d5ce1ecff10aa2b4a1f51f58bbd5a57793f8cd6ad624080d807?s=96&d=mm&r=g","contentUrl":"https:\/\/secure.gravatar.com\/avatar\/339f00ab0a8a0d5ce1ecff10aa2b4a1f51f58bbd5a57793f8cd6ad624080d807?s=96&d=mm&r=g","caption":"presidentlogin"}}]}},"_links":{"self":[{"href":"https:\/\/president-ksgov.net\/en\/wp-json\/wp\/v2\/posts\/106494","targetHints":{"allow":["GET"]}}],"collection":[{"href":"https:\/\/president-ksgov.net\/en\/wp-json\/wp\/v2\/posts"}],"about":[{"href":"https:\/\/president-ksgov.net\/en\/wp-json\/wp\/v2\/types\/post"}],"author":[{"embeddable":true,"href":"https:\/\/president-ksgov.net\/en\/wp-json\/wp\/v2\/users\/11"}],"replies":[{"embeddable":true,"href":"https:\/\/president-ksgov.net\/en\/wp-json\/wp\/v2\/comments?post=106494"}],"version-history":[{"count":2,"href":"https:\/\/president-ksgov.net\/en\/wp-json\/wp\/v2\/posts\/106494\/revisions"}],"predecessor-version":[{"id":106640,"href":"https:\/\/president-ksgov.net\/en\/wp-json\/wp\/v2\/posts\/106494\/revisions\/106640"}],"wp:featuredmedia":[{"embeddable":true,"href":"https:\/\/president-ksgov.net\/en\/wp-json\/wp\/v2\/media\/106497"}],"wp:attachment":[{"href":"https:\/\/president-ksgov.net\/en\/wp-json\/wp\/v2\/media?parent=106494"}],"wp:term":[{"taxonomy":"category","embeddable":true,"href":"https:\/\/president-ksgov.net\/en\/wp-json\/wp\/v2\/categories?post=106494"},{"taxonomy":"post_tag","embeddable":true,"href":"https:\/\/president-ksgov.net\/en\/wp-json\/wp\/v2\/tags?post=106494"}],"curies":[{"name":"wp","href":"https:\/\/api.w.org\/{rel}","templated":true}]}}